{"id":11058,"date":"2022-05-30T05:20:16","date_gmt":"2022-05-30T03:20:16","guid":{"rendered":"http:\/\/www.infokuryr.cz\/n\/?p=11058"},"modified":"2022-05-30T05:20:16","modified_gmt":"2022-05-30T03:20:16","slug":"v-cine-vysvetlili-jak-nato-rozpoutala-konflikt-na-ukrajine","status":"publish","type":"post","link":"https:\/\/www.infokuryr.cz\/n\/2022\/05\/30\/v-cine-vysvetlili-jak-nato-rozpoutala-konflikt-na-ukrajine\/","title":{"rendered":"V \u010c\u00edn\u011b vysv\u011btlili, jak NATO rozpoutala konflikt na Ukrajin\u011b"},"content":{"rendered":"<div id=\"fb-root\"><\/div>\n<div class=\"article__header\">\n<div class=\"article__announce-text\">Politika NATO zam\u011b\u0159en\u00e1 na roz\u0161\u00ed\u0159en\u00ed na v\u00fdchod byla p\u0159\u00ed\u010dinou rusk\u00e9 speci\u00e1ln\u00ed operace na Ukrajin\u011b, prohl\u00e1sil v \u010dl\u00e1nku novin South China Morning Post star\u0161\u00ed plukovn\u00edk Lidov\u00e9 osvobozeneck\u00e9 arm\u00e1dy \u010c\u00edny ve v\u00fdslu\u017eb\u011b Zhou Bo.<\/p>\n<\/div>\n<\/div>\n<div class=\"article__body\">\n<div class=\"article__block\" data-type=\"text\">\n<div class=\"article__text\">\u201eKonflikt na Ukrajin\u011b vypukl kv\u016fli tomu, \u017ee NATO ignorovala varov\u00e1n\u00ed Ruska a pokra\u010dovala v roz\u0161\u00ed\u0159en\u00ed,\u201c napsal Bo.<\/p>\n<\/div>\n<\/div>\n<div class=\"article__block\" data-type=\"text\">\n<div class=\"article__text\">D\u016fstojn\u00edk poznamenal, \u017ee dal\u0161\u00ed eskalace sv\u011btov\u00e9ho nap\u011bt\u00ed m\u016f\u017ee v\u00e9st k v\u00e1le\u010dn\u00e9mu konfliktu s pou\u017eit\u00edm jadern\u00fdch zbran\u00ed. Proto m\u00e1 Bo za to, \u017ee se NATO mus\u00ed zav\u00e1zat, \u017ee za jak\u00fdchkoli okolnost\u00ed nepodnikne jako prvn\u00ed jadern\u00fd \u00fatok na Rusko, \u017ee zastav\u00ed dal\u0161\u00ed roz\u0161\u00ed\u0159en\u00ed na v\u00fdchod za podm\u00ednky, \u017ee se Moskva z\u0159ekne pr\u00e1va na zasazen\u00ed jadern\u00e9ho \u00faderu jako prvn\u00ed, a tak\u00e9 iniciovat jedn\u00e1n\u00ed o nov\u00fdch bezpe\u010dnostn\u00edch n\u00e1stroj\u00edch v Evrop\u011b v\u010detn\u011b uzav\u0159en\u00ed dohody omezuj\u00edc\u00ed pou\u017eit\u00ed konven\u010dn\u00edch a jadern\u00fdch zbran\u00ed v dan\u00e9m regionu.<\/div>\n<\/div>\n<div class=\"article__block\" data-type=\"h3\">\n<h3 class=\"article__h2\">Demilitarizace a denacifikace Ukrajiny<\/h3>\n<\/div>\n<div class=\"article__block\" data-type=\"text\">\n<div class=\"article__text\">24. \u00fanora Vladimir Putin vyhl\u00e1sil speci\u00e1ln\u00ed vojenskou operaci na Donbasu. Poznamenal, \u017ee jej\u00edm c\u00edlem je chr\u00e1nit lidi na Donbasu, kte\u0159\u00ed jsou ji\u017e osm let vystaveni zneu\u017e\u00edv\u00e1n\u00ed a genocid\u011b ze strany kyjevsk\u00e9ho re\u017eimu.<\/p>\n<p>Putin dodal, \u017ee v pl\u00e1nech Ruska nen\u00ed okupace Ukrajiny, RF se v\u0161ak bude sna\u017eit o jej\u00ed demilitarizaci a denacifikaci a p\u0159ed\u00e1n\u00ed soudu\u00a0v\u0161ech v\u00e1le\u010dn\u00fdch zlo\u010dinc\u016f\u00a0odpov\u011bdn\u00fdch<strong>\u00a0za \u201ekrvav\u00e9 zlo\u010diny proti civilist\u016fm\u201c\u00a0<\/strong>na Donbasu. Vyzval ukrajinsk\u00e9 voj\u00e1ky, aby neplnili trestn\u00e9 rozkazy ukrajinsk\u00e9 chunty,\u00a0okam\u017eit\u011b slo\u017eili zbran\u011b a ode\u0161li dom\u016f.<\/div>\n<\/div>\n<\/div>\n<div><\/div>\n<div><a href=\"https:\/\/cz.sputniknews.com\/20220529\/v-cine-vysvetlili-jak-nato-rozpoutala-konflikt-na-ukrajine-18331336.html\">ZDROJ<\/a><\/div>\n<div><\/div>\n","protected":false},"excerpt":{"rendered":"<p>Politika NATO zam\u011b\u0159en\u00e1 na roz\u0161\u00ed\u0159en\u00ed na v\u00fdchod byla p\u0159\u00ed\u010dinou rusk\u00e9 speci\u00e1ln\u00ed operace na Ukrajin\u011b, prohl\u00e1sil&#8230;<\/p>\n","protected":false},"author":2,"featured_media":3807,"comment_status":"closed","ping_status":"closed","sticky":false,"template":"","format":"standard","meta":[],"categories":[7],"tags":[30,220,22,26],"_links":{"self":[{"href":"https:\/\/www.infokuryr.cz\/n\/wp-json\/wp\/v2\/posts\/11058"}],"collection":[{"href":"https:\/\/www.infokuryr.cz\/n\/wp-json\/wp\/v2\/posts"}],"about":[{"href":"https:\/\/www.infokuryr.cz\/n\/wp-json\/wp\/v2\/types\/post"}],"author":[{"embeddable":true,"href":"https:\/\/www.infokuryr.cz\/n\/wp-json\/wp\/v2\/users\/2"}],"replies":[{"embeddable":true,"href":"https:\/\/www.infokuryr.cz\/n\/wp-json\/wp\/v2\/comments?post=11058"}],"version-history":[{"count":0,"href":"https:\/\/www.infokuryr.cz\/n\/wp-json\/wp\/v2\/posts\/11058\/revisions"}],"wp:featuredmedia":[{"embeddable":true,"href":"https:\/\/www.infokuryr.cz\/n\/wp-json\/wp\/v2\/media\/3807"}],"wp:attachment":[{"href":"https:\/\/www.infokuryr.cz\/n\/wp-json\/wp\/v2\/media?parent=11058"}],"wp:term":[{"taxonomy":"category","embeddable":true,"href":"https:\/\/www.infokuryr.cz\/n\/wp-json\/wp\/v2\/categories?post=11058"},{"taxonomy":"post_tag","embeddable":true,"href":"https:\/\/www.infokuryr.cz\/n\/wp-json\/wp\/v2\/tags?post=11058"}],"curies":[{"name":"wp","href":"https:\/\/api.w.org\/{rel}","templated":true}]}}