{"id":11055,"date":"2022-05-30T01:09:59","date_gmt":"2022-05-29T23:09:59","guid":{"rendered":"http:\/\/www.infokuryr.cz\/n\/?p=11055"},"modified":"2022-05-29T19:13:39","modified_gmt":"2022-05-29T17:13:39","slug":"josef-vohnout-schovejte-ukrajinske-dekorace-jsou-tu-opici-nestovice","status":"publish","type":"post","link":"https:\/\/www.infokuryr.cz\/n\/2022\/05\/30\/josef-vohnout-schovejte-ukrajinske-dekorace-jsou-tu-opici-nestovice\/","title":{"rendered":"Josef Vohnout: Schovejte ukrajinsk\u00e9 dekorace, jsou tu opi\u010d\u00ed ne\u0161tovice"},"content":{"rendered":"<div id=\"fb-root\"><\/div>\n<p>N\u00e1\u0161 lid m\u00e1 p\u0159ed sebou dal\u0161\u00ed v\u00fdzvu, kter\u00e1 ho \u010dek\u00e1. Po v\u00edt\u011bzstv\u00ed nad covidem, drtiv\u00e9 por\u00e1\u017ece rusk\u00fdch invazn\u00edch arm\u00e1d se na zdravotn\u00ed front\u011b objevilo dal\u0161\u00ed nebezpe\u010d\u00ed. Soudruh Prymula poh\u00e1dkov\u00fd vyprav\u011b\u010d, nejp\u0159edn\u011bj\u0161\u00ed odborn\u00edk a znalec v\u0161ehom\u00edra, je znepokojen rychlost\u00ed \u0161\u00ed\u0159en\u00ed a moud\u0159e rad\u00ed, \u017ee n\u00e1sleduj\u00edc\u00ed dny uk\u00e1\u017e\u00ed. Druh\u00fdm dechem uji\u0161\u0165uje, \u017ee st\u00e1t je p\u0159ipraven a m\u00e1 dostatek vakc\u00edn.<\/p>\n<h2>P\u0159\u00ed\u0161t\u00ed dny rozhodnou<\/h2>\n<p><a href=\"https:\/\/www.idnes.cz\/zpravy\/domaci\/opici-nestovice-sireni-ockovani-cesko-ma-zasoby-vakciny-prymula.A220525_121331_domaci_wass\">To r\u00e1d v\u011b\u0159\u00edm<\/a>, \u017ee st\u00e1t je p\u0159ipraven. Dokonce si troufnu \u0159\u00edct, \u017ee i dal\u0161\u00ed skupiny t\u011b\u0161\u00edc\u00ed se na covid revival. Ale l\u00edb\u00ed se mi tvoje v\u011bta, kterou sis z\u00edskal proslulost a obohatil jsi slovn\u00edk \u010desk\u00e9ho jazyka o v\u00fdraz prymuloden. Jak prav\u00ed\u0161, n\u00e1sleduj\u00edc\u00ed dny uk\u00e1\u017e\u00ed. Ach Romane, nebude to n\u011bco tak kolem \u010dtrn\u00e1cti dn\u016f? Ale ten kr\u00e1sn\u00fd vybrou\u0161en\u00fd covidistick\u00fd slovn\u00ed\u010dek, jak rychle jsi ho opr\u00e1\u0161il a uvedl zp\u011bt do \u017eivota. Po\u010det p\u0159\u00edpad\u016f roste skokov\u00fdm tempem, p\u0159ekvapuj\u00edc\u00ed intenzita \u0161\u00ed\u0159en\u00ed, masivn\u00ed \u0161\u00ed\u0159en\u00ed, \u010d\u00edsla se prudce vyv\u00edj\u00ed. Jen to \u010dtu, tak mi b\u011bh\u00e1 mr\u00e1z po p\u00e1te\u0159i, v\u00a0jak\u00e9m jsme nebezpe\u010d\u00ed. Pak tak trochu stydliv\u011b podotkne\u0161, \u017ee v\u00a0pond\u011bl\u00ed to bylo 90 potvrzen\u00fdch p\u0159\u00edpad\u016f, ale v\u010dera u\u017e to bylo 130. P\u0159ece v\u00edme, \u017ee ot\u00e1zky a kolik to bylo v\u00a0p\u00e1tek, a od kolika p\u0159\u00edpad\u016f je to norm\u00e1ln\u00ed n\u00e1r\u016fst, a od kolika skok, jsou kontrarevolu\u010dn\u00ed. Spr\u00e1vn\u011b jsi upozornil, \u017ee mezi posti\u017een\u00fdmi dominuj\u00ed p\u0159edev\u0161\u00edm evropsk\u00e9 zem\u011b, tak\u017ee se mus\u00edme b\u00e1t. Jako zdroj \u010d\u00edsel byla ozna\u010dena WHO. Jen jsem se t\u011b cht\u011bl zeptat, to je na cel\u00e9m sv\u011bt\u011b 130 p\u0159\u00edpad\u016f? Mysl\u00edm t\u00edm fakt cel\u00fd sv\u011bt v\u010detn\u011b\u00a0<a href=\"https:\/\/cs.wikipedia.org\/wiki\/Roman_Prymula\">Pardubic<\/a>. Hele, to je \u010d\u00edslo slab\u00e9 i na okres na severu. M\u011bl jsi \u0159\u00edct, \u017ee to je 44% procentn\u00ed n\u00e1r\u016fst a pokud to takto p\u016fjde d\u00e1l, tak do, dejme tomu, m\u011bs\u00edce, to bude t\u0159i a p\u016fl mili\u00f3nu lid\u00ed. Cht\u011bl jsem se pochlubit, \u017ee taky um\u00edm s\u00a0Excelem. Co t\u0159eba do toho zapojit Fl\u00e9gra? Pak by to m\u011blo gr\u00e1dy, dodal by tomu punc naprost\u00e9 d\u016fv\u011bryhodnosti.<\/p>\n<h2>Nepropadejte panice, my v\u00e1s zachr\u00e1n\u00edme<\/h2>\n<p>Ale nen\u00ed nutn\u00e9 propadat panice, sice nikdo nen\u00ed imunn\u00ed, ale v\u010deli\u010dky jsou a budou. Vl\u00e1da n\u00e1s zachr\u00e1n\u00ed, a\u0165 chceme nebo ne. B\u011bda tomu, kdo nebude cht\u00edt, proto\u017ee o\u010dkovac\u00ed pr\u016fkazy m\u00e1me zcela jist\u011b nachystan\u00e9. Ehm, co to \u0159\u00edk\u00e1m, v\u0161e bude dobrovoln\u00e9 jako v\u017edycky. Je \u010das se pro ochranu starou\u0161k\u016f zodpov\u011bdn\u011b postavit do fronty na v\u010deli\u010dku co ud\u011bl\u00e1 te\u010dku a v\u0161echno bude zase v\u00a0po\u0159\u00e1dku. Proto\u017ee \u0161makul\u00e1da p\u0159\u00edmo proti opi\u010d\u00edm ne\u0161tovic\u00edm je u\u017e registrov\u00e1na. V\u017edycky jsem obdivoval management nadn\u00e1rodn\u00edch farmaceutick\u00fdch korporac\u00ed, s\u00a0jakou proz\u00edravost\u00ed dok\u00e1\u017e\u00ed odhadnout m\u00edru rizika na trhu. Jsou to neuv\u011b\u0159iteln\u00ed borci. Narvou mraky pen\u011bz do v\u00fdvoje vakc\u00edn na opi\u010d\u00ed ne\u0161tovice, o kter\u00fdch snad nikdo vyjma odborn\u00fdch kruh\u016f p\u0159ed t\u00edm nesly\u0161el. Nemoc tu je u\u017e b\u016fhv\u00ed jak dlouho a vakc\u00ednu nikdo zat\u00edm nepot\u0159eboval. Na n\u011bjak\u00e9m brainstormingu po temabuldingu na opurtunity boardu v\u00a0pipeline dynamick\u00fd mlad\u00fd mana\u017eer hlava otev\u0159en\u00e1 navrhne, co t\u0159eba utopit prachy ve v\u00fdvoji vakc\u00edny na opi\u010d\u00ed ne\u0161tovice? Nikdo nic nenam\u00edt\u00e1, neklade ot\u00e1zky. Prost\u011b se pen\u00edze nasm\u011bruj\u00ed do v\u00fdvoje n\u011b\u010deho, co zat\u00edm nikdo nikdy nepot\u0159eboval. Dokonce by se na\u0161li i tac\u00ed pochybova\u010di, co by si dovolili tvrdit, \u017ee ani pot\u0159ebovat nebudou. Le\u010d sotva se dokon\u010d\u00ed v\u00fdvoj, rok se sejde s rokem a je tady nov\u00e9 nebezpe\u010d\u00ed spo\u010d\u00edvaj\u00edc\u00ed v nemoci, kterou \u0159e\u0161\u00ed pr\u00e1v\u011b ta p\u0159\u00edhodn\u011b vyvinut\u00e1 vakc\u00edna. St\u00e1ty ihned za\u010dnou nakupovat, investice je n\u00e1hle bonitn\u00ed a bonusy managementu jsou zachr\u00e1n\u011bny. Ale musely to b\u00fdt nervy ten rok \u010dekat, zda risk vyjde. Ale kdy\u017e \u010dlov\u011bk m\u00e1 \u010dist\u00e9 \u00famysly a chu\u0165 pom\u00e1hat, tak se asi d\u00edlo da\u0159\u00ed rychle a dob\u0159e. Holt, kdo um\u00ed, ten um\u00ed.<\/p>\n<h2>Co t\u0159eba zkusit plo\u0161n\u00e9 o\u010dkov\u00e1n\u00ed?<\/h2>\n<p>Soudruh Prymula na p\u0159\u00edmou ot\u00e1zku, zda by doporu\u010doval plo\u0161n\u00e9 o\u010dkov\u00e1n\u00ed, odpov\u011bd\u011bl velice zdr\u017eenliv\u011b, \u017ee teda zat\u00edm ne. Romane, co to je za defenzivn\u00ed postoj? Trochu to napravuje\u0161 d\u00e1le, kde se ji\u017e vyskytuj\u00ed spr\u00e1vn\u00e9 slovn\u00ed n\u00e1lepky jako ohro\u017een\u00e1 skupina. Ale zapomn\u011bl jsi na slovo zraniteln\u00ed. Tolik pr\u00e1ce jsme si dali s\u00a0propagac\u00ed term\u00ednu a ty ho nech\u00e1\u0161 le\u017eet ladem. Ale pak se slu\u0161n\u011b rozjel a vyt\u00e1hl veselou historku o tom, jak v\u00a0roce 2003 byla epidemie opi\u010d\u00edch ne\u0161tovic ve Spojen\u00fdch st\u00e1tech. Vakc\u00edna proti n\u00ed je registrov\u00e1na v lo\u0148sk\u00e9m roce. Znova mus\u00edm obdivovat odvahu a proz\u00edravost managementu t\u00e9 firmy. Nicm\u00e9n\u011b p\u0159i t\u00e9 hrozn\u00e9 epidemii se nakazilo, podr\u017ete se, 71 lid\u00ed. Ne nechyb\u00ed tam nula nebo n\u011bkolik nul. To \u010d\u00edslo uv\u00e1d\u00ed s\u00e1m p\u0159edn\u00ed odborn\u00edk. Co ten n\u00e1hl\u00fd z\u00e1chvat pravdomluvnosti? \u017de by pou\u010den\u00ed, proto\u017ee i dezinform\u00e1to\u0159i si dok\u00e1\u017e\u00ed ta \u010d\u00edsla naj\u00edt taky? Docela mne ale pobavilo, \u017ee to s\u00a0kamennou tv\u00e1\u0159\u00ed ozna\u010duje\u0161 za epidemii. Romane, v\u00ed\u0161, kolik obyvatel maj\u00ed Spojen\u00e9 st\u00e1ty? Jestli chce\u0161, tak ti to najdu. Je to 290,1 milionu podle \u00fadaj\u016f z\u00a0roku 2003. Kdy\u017e je 71 lid\u00ed epidemie, tak je z\u00e1zrak, \u017ee je n\u011bkdo v\u016fbec zdrav\u00fd.<\/p>\n<h2>Pro veselou legraci, po\u0159i\u010fme si mutaci<\/h2>\n<p>Ale pak u\u017e jsi chytil ten spr\u00e1vn\u00fd dech a objevilo se milovan\u00e9 a nejobl\u00edben\u011bj\u0161\u00ed sl\u016fvko \u2013 mutace. Co bychom si jen bez t\u011bch mutac\u00ed po\u010dali? V\u00a0Africe byla smrtnost 10% a u n\u00e1s na\u0161t\u011bst\u00ed jde o jakousi slab\u0161\u00ed variantu. Jen jsi u t\u011bch kouzeln\u00fdch procent\u00ed\u010dek n\u011bjak zapomn\u011bl uv\u00e9st, co je z\u00e1kladem pro jejich v\u00fdpo\u010det. Vezmeme-li p\u0159\u00edklad z\u00a0USA, tak 10% je 7 lid\u00ed. Dost nuda, ne? Ale 10% smrtnost, to u\u017e vypad\u00e1 jako fakt dramaticky, proto\u017ee ka\u017ed\u00fd des\u00e1t\u00fd naka\u017een\u00fd um\u0159e. To u\u017e m\u00e1 ten spr\u00e1vn\u00fd n\u00e1boj. Co t\u0159eba, Romane, tak lehce pouk\u00e1zat na po\u010det v\u00fdskyt\u016f TBC mezi ukrajinsk\u00fdmi b\u011b\u017eenci? To by nebylo politicky vhodn\u00e9, co? V\u00ed\u0161, j\u00e1 jsem si z\u00a0toho vzal, \u017ee kdy\u017e n\u00e1m nevad\u00ed lidi, co maj\u00ed TBC a kv\u016fli nim \u017e\u00e1dn\u00e1 opat\u0159en\u00ed nezav\u00e1d\u00edme, tak n\u011bjak\u00e9 opi\u010d\u00ed ne\u0161tovice n\u00e1s u\u017e vyd\u011bsit nemohou, proto\u017ee jejich naka\u017elivost je podle tv\u00e9ho p\u0159\u00edkladu dost raritn\u00ed. Ale jo, v\u00edm, je tady osv\u011bd\u010den\u00e1 mantra o tom, \u017ee p\u0159enosem mezi hostiteli vir zmutuje tak, \u017ee je \u010d\u00edm d\u00e1l nebezpe\u010dn\u011bj\u0161\u00ed. Jako u covidu. \u010c\u00edm v\u00edc naka\u017een\u00fdch t\u00edm v\u011bt\u0161\u00ed hr\u016fza to byla. Ne, po\u010dkej, nebylo to n\u00e1hodou tak, \u017ee covid mutacemi dos\u00e1hl \u010dasem s\u00edly slab\u0161\u00ed r\u00fdmy? Nebo to je dezinformace? N\u011bjak si to u\u017e v\u0161echno nepamatuju, ale proto tu m\u00e1me odborn\u00edky jako ty, abys n\u00e1m to vysv\u011btlil spr\u00e1vn\u011b a v\u00a0souladu se stranickou lini\u00ed. Lid mus\u00ed b\u00fdt p\u0159ipraven utkat se s\u00a0v\u00fdzvou.<\/p>\n<h2>Roman\u016fv politick\u00fd p\u0159e\u0161lap<\/h2>\n<p>Nicm\u00e9n\u011b ses dopustil takov\u00e9ho o\u0161kliv\u00e9ho politick\u00e9ho p\u0159e\u0161lapu. Pouk\u00e1zal jsi na to, \u017ee se opi\u010d\u00ed ne\u0161tovice \u0161\u00ed\u0159\u00ed p\u0159edev\u0161\u00edm sexu\u00e1ln\u00edm stykem mezi mu\u017ei. Jako bys tak trochu nazna\u010doval, \u017ee lid\u00e9 s\u00a0odli\u0161nou orientac\u00ed jsou vinni \u0161\u00ed\u0159en\u00edm nemoci. Jen si p\u0159e\u010dti diskusi pod \u010dl\u00e1nkem a uvid\u00ed\u0161. V\u00edm, \u017ee jsi to tak nemyslel, proto\u017ee tvoje ideov\u00e9 my\u0161len\u00ed je bez poskvrny. Ale bohu\u017eel mus\u00edme kl\u00e1st n\u00e1roky na na\u0161e p\u0159edn\u00ed poh\u00e1dk\u00e1\u0159e, teda odborn\u00edky, aby n\u00e1m nebyla pok\u0159ivena politick\u00e1 linie. Nahr\u00e1v\u00e1\u0161 t\u00edm toti\u017e dezinform\u00e1tor\u016fm, kte\u0159\u00ed mohou tvrdit, \u017ee za to mohou n\u011bkter\u00e9 znev\u00fdhodn\u011bn\u00e9 skupiny. Tak\u017ee bude\u0161 muset do plavek na alegorick\u00fd v\u016fz na Prague Pride a d\u011blat osv\u011btu s\u00a0heslem \u2013 m\u00edsto p\u00e9ra v\u00a0anusu, o\u010dkuj se kus po kusu. Kdy\u017e tak nad t\u00edm p\u0159em\u00fd\u0161l\u00edm, Romane, dopustil ses dal\u0161\u00ed politick\u00e9 chyby. Ta smrtnost u africk\u00e9 mutace by mohla sv\u00e9st na scest\u00ed dal\u0161\u00ed skupinu na\u0161ich spoluob\u010dan\u016f, kte\u0159\u00ed se pak stanou c\u00edlem dezinforma\u010dn\u00ed kampan\u011b. Samoz\u0159ejm\u011b, ne \u017ee bych pochyboval o krystalick\u00e9 \u010distot\u011b tv\u00e9ho sv\u011bton\u00e1zoru, ale p\u0159ece jen pouk\u00e1zat v\u00a0dob\u011b migra\u010dn\u00ed krize pr\u00e1v\u011b z\u00a0Afriky na nebezpe\u010dnost t\u011bchto mutac\u00ed, je takov\u00e9 politicky nezodpov\u011bdn\u00e9. M\u016f\u017ee\u0161 t\u00edm destabilizovat n\u00e1\u0161 st\u00e1t. Vzpom\u00edn\u00e1\u0161 si, jak jsme museli odv\u00e1\u017en\u011b vypnout dezinforma\u010dn\u00ed weby, aby ob\u010dan\u00e9 nepodlehli propagand\u011b? No a ty pl\u00e1cne\u0161 takovou v\u011bc. Jako bys byl v\u00a0politice nov\u00e1\u010dek. Romane, s\u00a0takovou t\u011b brzy nahrad\u00ed Te\u010dka Smejkal. Ten se nezakec\u00e1.<\/p>\n<h2>Jak\u00e9 osv\u011bd\u010den\u00e9 recepty pou\u017eijeme tentokr\u00e1t?<\/h2>\n<p>V\u011b\u0159\u00edm, \u017ee n\u00e1m brzy nab\u00eddne\u0161 osv\u011bd\u010den\u00e9 recepty jako je n\u011bjak\u00e9 aplikace t\u0159eba e-ne\u0161tovice. Ka\u017edop\u00e1dn\u011b n\u00e1pad z\u00a0trasov\u00e1n\u00edm by tak\u00e9 bylo dobr\u00e9 opr\u00e1\u0161it. A co t\u0159eba zak\u00e1zat zp\u00edvat? To se ti fakt povedlo, to byl opravdov\u00fd vrchol odborn\u00e9 pr\u00e1ce, kam se hrabe ten \u0161uma\u0159 Kubek. Mimochodem u\u017e jsem o n\u011bm dlouho nesly\u0161el. Nev\u00ed\u0161, je pravda, \u017ee spolkl rou\u0161ku a zadusil se? Nebo ten z\u00e1kaz p\u0159ejezdu z\u00a0okresu do okresu, to bylo kousek od dokonalosti. N\u011bjak\u00e1 spr\u00e1vn\u011b zam\u011b\u0159en\u00e1 soudru\u017eka v\u00a0diskusi pod \u010dl\u00e1nkem doporu\u010duje zav\u0159\u00edt ihned ka\u017ed\u00e9ho, kdo se vr\u00e1til z\u00a0podez\u0159el\u00e9 oblasti na m\u011bs\u00edc do karant\u00e9ny. Vid\u00ed\u0161, Romane, to je ideov\u00e1 inspirace. Takov\u00ed ob\u011btav\u00ed lid\u00e9 mezi n\u00e1mi \u017eij\u00ed, co r\u00e1di ob\u011btuj\u00ed z\u00a0ciz\u00edho a v\u017edy v\u011bd\u00ed, jak to maj\u00ed ostatn\u00ed d\u011blat. Proto\u017ee jsou to zodpov\u011bdn\u00ed a dbal\u00ed ob\u010dan\u00e9, kter\u00fdm na srdci le\u017e\u00ed obecn\u00e9 blaho. U nich by ses mohl inspirovat, co m\u00e1\u0161 po\u017eadovat. M\u00e1m takov\u00fd n\u00e1pad, co kdybychom na m\u011bs\u00edc zav\u0159eli do karant\u00e9ny pr\u00e1v\u011b tyhle zodpov\u011bdn\u00e9 ob\u010dany, aby se n\u00e1hodou od n\u00e1s odporn\u00fdch pytl\u016f pln\u00fdch vir\u016f n\u011bjak nenakazili. Mysl\u00edm, \u017ee by to prosp\u011blo v\u0161em, ne?<\/p>\n<h2>My chceme v\u00edt\u011bzit<\/h2>\n<p>Tak nev\u00edm, Romane, jsem z\u00a0toho tv\u00e9ho rozhovoru pro noviny takov\u00fd inu rozpa\u010dit\u00fd. Co teda? M\u00e1m sbalit ukrajinskou vlajku a u\u0161\u00edt si z\u00a0n\u00ed rou\u0161ku nebo si m\u00e1m koupit vakc\u00ednu m\u00edsto pos\u00edl\u00e1n\u00ed pen\u011bz na v\u00fdbavu ukrajinsk\u00e9 arm\u00e1d\u011b? Ani nev\u00edm, zda bych t\u00edm nenahr\u00e1l Putinovi, to bych jako fakt nerad. Tak\u017ee vakc\u00ednu asi zaplat\u00ed st\u00e1t, ne? Aby mi zbyly pen\u00edze na to vybaven\u00ed. Proto\u017ee, kdy\u017e to zaplat\u00ed st\u00e1t, tak je to zadarmo, \u017ee jo? Tak co, je \u010das na dal\u0161\u00ed v\u00fdzvu? Romane, na\u010d tolik okolk\u016f? N\u00e1\u0161 lid u\u017e je stejn\u011b zvykl\u00fd poslouchat vl\u00e1du na povel, proto\u017ee to je p\u0159ece ta spr\u00e1vn\u00e1 demokracie. Prachy u\u017e m\u00e1\u0161 nasu\u0161en\u00e9, tak na co tolik n\u00e1mahy na pleten\u00ed bi\u010de z\u00a0hovna. Prost\u011b si odpus\u0165 kecy a poj\u010fme na\u0159izovat opat\u0159en\u00ed, lidem to nevad\u00ed a budou je r\u00e1di dodr\u017eovat. Proto\u017ee jinak nezv\u00edt\u011bz\u00edme. A my v\u00edt\u011bz\u00edme moc a moc r\u00e1di.<\/p>\n<p><a href=\"https:\/\/dfens-cz.com\/schovejte-ukrajinske-dekorace-jsou-tu-opici-nestovice\/\">Josef Vohnout<\/a><\/p>\n<p>&nbsp;<\/p>\n","protected":false},"excerpt":{"rendered":"<p>N\u00e1\u0161 lid m\u00e1 p\u0159ed sebou dal\u0161\u00ed v\u00fdzvu, kter\u00e1 ho \u010dek\u00e1. Po v\u00edt\u011bzstv\u00ed nad covidem, drtiv\u00e9&#8230;<\/p>\n","protected":false},"author":2,"featured_media":9490,"comment_status":"closed","ping_status":"closed","sticky":false,"template":"","format":"standard","meta":[],"categories":[6],"tags":[23,29,2453,1179],"_links":{"self":[{"href":"https:\/\/www.infokuryr.cz\/n\/wp-json\/wp\/v2\/posts\/11055"}],"collection":[{"href":"https:\/\/www.infokuryr.cz\/n\/wp-json\/wp\/v2\/posts"}],"about":[{"href":"https:\/\/www.infokuryr.cz\/n\/wp-json\/wp\/v2\/types\/post"}],"author":[{"embeddable":true,"href":"https:\/\/www.infokuryr.cz\/n\/wp-json\/wp\/v2\/users\/2"}],"replies":[{"embeddable":true,"href":"https:\/\/www.infokuryr.cz\/n\/wp-json\/wp\/v2\/comments?post=11055"}],"version-history":[{"count":0,"href":"https:\/\/www.infokuryr.cz\/n\/wp-json\/wp\/v2\/posts\/11055\/revisions"}],"wp:featuredmedia":[{"embeddable":true,"href":"https:\/\/www.infokuryr.cz\/n\/wp-json\/wp\/v2\/media\/9490"}],"wp:attachment":[{"href":"https:\/\/www.infokuryr.cz\/n\/wp-json\/wp\/v2\/media?parent=11055"}],"wp:term":[{"taxonomy":"category","embeddable":true,"href":"https:\/\/www.infokuryr.cz\/n\/wp-json\/wp\/v2\/categories?post=11055"},{"taxonomy":"post_tag","embeddable":true,"href":"https:\/\/www.infokuryr.cz\/n\/wp-json\/wp\/v2\/tags?post=11055"}],"curies":[{"name":"wp","href":"https:\/\/api.w.org\/{rel}","templated":true}]}}