{"id":11011,"date":"2022-05-28T03:30:13","date_gmt":"2022-05-28T01:30:13","guid":{"rendered":"http:\/\/www.infokuryr.cz\/n\/?p=11011"},"modified":"2022-05-28T04:58:24","modified_gmt":"2022-05-28T02:58:24","slug":"henry-kissinger-v-davosu-znovu-varoval-usa-a-kolektivni-zapad-pred-izolaci-ruska-a-jeho-vehnanim-do-tesneho-spojenectvi-s-cinou","status":"publish","type":"post","link":"https:\/\/www.infokuryr.cz\/n\/2022\/05\/28\/henry-kissinger-v-davosu-znovu-varoval-usa-a-kolektivni-zapad-pred-izolaci-ruska-a-jeho-vehnanim-do-tesneho-spojenectvi-s-cinou\/","title":{"rendered":"Henry Kissinger v Davosu znovu varoval USA a kolektivn\u00ed Z\u00e1pad p\u0159ed izolac\u00ed Ruska a jeho vehn\u00e1n\u00edm do t\u011bsn\u00e9ho spojenectv\u00ed s \u010c\u00ednou!"},"content":{"rendered":"<div id=\"fb-root\"><\/div>\n<h4>Henry Kissinger v Davosu znovu varoval USA a kolektivn\u00ed Z\u00e1pad p\u0159ed izolac\u00ed Ruska a jeho vehn\u00e1n\u00edm do t\u011bsn\u00e9ho spojenectv\u00ed s \u010c\u00ednou! Situace by se m\u011bla vr\u00e1tit p\u0159ed 24. \u00fanor a m\u011bl by b\u00fdt zachov\u00e1n \u00fazemn\u00ed status quo na Ukrajin\u011b! Kissinger si t\u00edm vyslou\u017eil n\u00e1lepku nep\u0159\u00edtele Ukrajiny, jen\u017ee Kissinger vid\u00ed ve sv\u00fdch 99 letech do budoucnosti d\u00e1l ne\u017e v\u011bt\u0161ina o 3 generace mlad\u0161\u00edch politik\u016f! Aliance Moskvy a Pekingu toti\u017e ukon\u010d\u00ed n\u011bkolik stalet\u00ed trvaj\u00edc\u00ed sv\u011btovou dominanci kolektivn\u00edho Z\u00e1padu a v d\u016fsledku zp\u016fsob\u00ed ekonomick\u00fd \u00fapadek USA i cel\u00e9 Evropy! Ukrajina bude ob\u011btov\u00e1na, Moskva dostane na Ukrajin\u011b v\u0161e, co chce!<\/h4>\n<p>V\u0161echna sv\u011btov\u00e1 m\u00e9dia tento t\u00fdden obl\u00e9tla neuv\u011b\u0159iteln\u00e1 zpr\u00e1va, \u017ee b\u00fdval\u00fd ministr zahrani\u010d\u00ed USA Henry Kissinger na zased\u00e1n\u00ed Sv\u011btov\u00e9ho ekonomick\u00e9ho f\u00f3ra v Davosu vyzval\u00a0<strong>[<a href=\"https:\/\/href.li\/?https:\/\/www.weforum.org\/agenda\/2022\/05\/kissinger-these-are-the-main-geopolitical-challenges-facing-the-world-right-now\" target=\"_blank\" rel=\"nofollow noopener\">1<\/a>]<\/strong>\u00a0k tomu, aby se Ukrajina ve jm\u00e9nu m\u00edru vzdala sv\u00e9ho \u00fazem\u00ed. V ten okam\u017eik spadly v Kyjev\u011b doslova hodiny ze zdi a ozval se k\u0159ik, \u017ee Henry Kissinger je agentem Moskvy, \u017ee ho plat\u00ed osobn\u011b Vladimir Putin a ukrajinsk\u00e9 \u00fa\u0159ady ji\u017e ozna\u010dily Kissingera za nep\u0159\u00edtele Ukrajiny\u00a0<strong>[<a href=\"https:\/\/href.li\/?https:\/\/www.rt.com\/russia\/556201-kissinger-birthday-ukraine-enemies-list\/\" target=\"_blank\" rel=\"nofollow noopener\">2<\/a>]<\/strong>. Informaci p\u0159evzala i \u010desk\u00e1 a slovensk\u00e1 m\u00e9dia a v\u0161ichni za\u010dali p\u0159em\u00fd\u0161let, jak asi Putin dok\u00e1zal ovl\u00e1dnout Kissingera, co mu musel zaplatit a podobn\u00e9 bl\u00e1boly.<\/p>\n<p>&nbsp;<\/p>\n<div id=\"rumble_v13potl\">\n<div id=\"vid_v13potl\" class=\"rumble_v13potl-Rumble-cls\" tabindex=\"-1\">\n<div class=\"bigPlayUI ctp\">\n<div class=\"bigPlayUIInner ctp\"><div class='videoWrapper'>\r\n\t            <iframe src='https:\/\/rumble.com\/embed\/pj.v13potl\/' frameborder='0' allowfullscreen><\/iframe>\r\n\t        <\/div><\/div>\n<\/div>\n<\/div>\n<\/div>\n<p>&nbsp;<\/p>\n<p>Ve skute\u010dnosti se jedn\u00e1 toti\u017e o dezinformaci a l\u00e9pe \u0159e\u010deno dezinterpretaci toho, co Kissinger \u0159ekl. Kdyby toti\u017e \u010de\u0161t\u00ed novin\u00e1\u0159 \u010detli Aeronet a p\u0159e\u010detli si n\u00e1\u0161 ned\u00e1vn\u00fd \u010dl\u00e1nek\u00a0<strong>[<a href=\"https:\/\/aeronet.news\/video-exkluzivni-preklad-rozhovoru-henryho-kissingera-o-valce-na-ukrajine-kterou-usa-neodhadly-a-evropu-tato-valka-ekonomicky-potopi-vehnali-jsme-rusko-do-naruce-ciny\/\">3<\/a>]<\/strong>\u00a0o Kissingerovi a jeho ned\u00e1vn\u00e9m projevu ve Washingtonu pro Fordovu nadaci, tak by okam\u017eit\u011b v\u011bd\u011bli, pro\u010d Kissinger v Davosu \u0159ekl to, co \u0159ekl. Jeho v\u00fdzva, aby se situace na Ukrajin\u011b uklidnila a vr\u00e1tila zp\u00e1tky do doby p\u0159ed 24. \u00fanorem 2022, byla vztekle odm\u00edtnuta Kyjevem a n\u00e1sledn\u011b i kolektivn\u00edm Z\u00e1padem. Ale pro\u010d? Pro\u010d se ani Kyjev nechce vr\u00e1tit p\u0159ed 24. \u00fanor 2022? To si mus\u00edme vysv\u011btlit.<\/p>\n<h6><span style=\"font-size: 18pt;\">Ukrajina nen\u00ed pupkem sv\u011bta a USA nebudou riskovat vehn\u00e1n\u00ed Ruska do n\u00e1ru\u010de \u010c\u00edny<\/span><\/h6>\n<p>Kissinger p\u00edchl do vos\u00edho hn\u00edzda sv\u00fdm v\u00fdrokem proto, \u017ee Kyjev v sou\u010dasn\u00e9 v\u00e1lce s Ruskem je veden fanatick\u00fdmi lidmi \u0159\u00edzen\u00fdmi ze z\u00e1mo\u0159\u00ed, ale rovn\u011b\u017e i z Lond\u00fdna.\u00a0<strong>Zelensk\u00e9ho poradce Oleksej Arestovi\u010d a dal\u0161\u00ed jeho nejbli\u017e\u0161\u00ed maj\u00ed de facto stejnou funkci jako Goebbels, Bormann a Himmler v posledn\u00edch t\u00fddnech existence III. \u0158\u00ed\u0161e<\/strong>, kte\u0159\u00ed zaplavovali Hitlera fale\u0161n\u00fdmi informacemi o z\u00e1zra\u010dn\u00fdch zbran\u00edch, kter\u00e9 v posledn\u00ed minut\u011b zvr\u00e1t\u00ed b\u011bh v\u00e1lky. Tot\u00e9\u017e nyn\u00ed prov\u00e1d\u00ed se Zelensk\u00fdm jeho poradci, zat\u00edmco ukrajin\u0161t\u00ed voj\u00e1ci jsou Ruskou arm\u00e1dou likvidov\u00e1ni v kotl\u00edch na Donbasu jako v ml\u00fdnc\u00edch na maso. Jen\u017ee Kyjev neust\u00e1le v\u011b\u0159\u00ed, \u017ee v\u00e1lka pro n\u011bj neskon\u010d\u00ed nijak jinak ne\u017e vytla\u010den\u00edm Rus\u016f jak z Don\u011bck\u00e9 a Luhansk\u00e9 oblasti, tak i z Krymu. A nic jin\u00e9ho ne\u017e vytla\u010den\u00ed Rusk\u00e9 arm\u00e1dy a tzv. opol\u010denc\u016f z DLR a LLR v\u016fbec Kyjev nep\u0159ipou\u0161t\u00ed.<\/p>\n<figure id=\"attachment_51872\" class=\"wp-caption aligncenter\" style=\"width: 696px;\"><a href=\"https:\/\/aeronet.news\/wp-content\/uploads\/Davos2022stage.jpg\"><img decoding=\"async\" loading=\"lazy\" class=\"wp-image-51872 \" src=\"https:\/\/aeronet.news\/wp-content\/uploads\/Davos2022stage-1024x576.jpg\" sizes=\"(max-width: 700px) 100vw, 700px\" srcset=\"https:\/\/aeronet.news\/wp-content\/uploads\/Davos2022stage-1024x576.jpg 1024w, https:\/\/aeronet.news\/wp-content\/uploads\/Davos2022stage-300x169.jpg 300w, https:\/\/aeronet.news\/wp-content\/uploads\/Davos2022stage-768x432.jpg 768w, https:\/\/aeronet.news\/wp-content\/uploads\/Davos2022stage-700x394.jpg 700w, https:\/\/aeronet.news\/wp-content\/uploads\/Davos2022stage-635x357.jpg 635w, https:\/\/aeronet.news\/wp-content\/uploads\/Davos2022stage-859x483.jpg 859w, https:\/\/aeronet.news\/wp-content\/uploads\/Davos2022stage.jpg 1280w\" alt=\"\" width=\"696\" height=\"392\" \/><\/a><figcaption class=\"wp-caption-text\">Klaus Schwab v telemostu s Henrym Kissingerem<\/figcaption><\/figure>\n<p>Proto Kissinger\u016fv v\u00fdrok k m\u00edru byl tak vztekle a agresivn\u011b Kyjevem odsouzen a ozna\u010den za pro-kremelsk\u00fd postoj.\u00a0<strong>P\u0159itom Kyjev si neuv\u011bdomuje, \u017ee u\u017e v\u00e1lku prohr\u00e1l. A t\u00edm nemysl\u00edm na front\u011b Donbasu, i kdy\u017e ani to dlouho trvat nebude, ale v\u00e1lku konceptu\u00e1ln\u00ed.<\/strong>\u00a0Kissinger je toti\u017e nejvy\u0161\u0161\u00edm emisarem americk\u00fdch neocon\u016f, kte\u0159\u00ed sice nesn\u00e1\u0161\u00ed Rusko, ale jedn\u00e9 v\u011bci se d\u011bs\u00ed \u00fapln\u011b nejv\u00edc. A to je spojenectv\u00ed dvou nejv\u011bt\u0161\u00edch nep\u0159\u00e1tel Ameriky do jednoho svazku, tedy t\u011bsn\u00e9 spojenectv\u00ed Ruska a \u010c\u00edny.<\/p>\n<p>A nen\u00ed pochyb o tom, \u017ee v USA sice budou podporovat v\u00e1lku na Ukrajin\u011b, ale nikdy ne tak a natolik, aby to vedlo k situaci, \u017ee by Rusko vytvo\u0159ilo s \u010c\u00ednou, krom\u011b ekonomick\u00e9, dokonce i vojenskou alianci a vojensk\u00fd pakt, o kter\u00e9m se v Kremlu hovo\u0159\u00ed u\u017e del\u0161\u00ed dobu. Tato hrozba je pro neocony tou nejv\u011bt\u0161\u00ed hrozbou a v z\u00e1jmu zabr\u00e1n\u011bn\u00ed vzniku t\u00e9to aliance jsou neoconi ochotni ob\u011btovat celou Ukrajinu! Kl\u00ed\u010dov\u00fd \u00fasek Kissingerova vystoupen\u00ed z Davosu m\u00e1te v\u00fd\u0161e ve videu. Pokud nem\u00e1te \u010das na video, tady je p\u0159epis:<\/p>\n<h6><span style=\"font-size: 18pt;\">Henry Kissinger v Davosu o pot\u0159eb\u011b kompromisu a m\u00edru na Ukrajin\u011b<\/span><\/h6>\n<p>Dovolte mi nast\u00ednit probl\u00e9my. Nej\u017eiv\u011bj\u0161\u00ed je v tuto chv\u00edli v\u00e1lka na Ukrajin\u011b, jej\u00ed\u017e v\u00fdsledek ve vojensk\u00e9m i politick\u00e9m smyslu ovlivn\u00ed vztahy mezi seskupen\u00edmi zem\u00ed, o nich\u017e se zm\u00edn\u00edm za chv\u00edli. A v\u00fdsledek p\u0159\u00edpadn\u00e9 v\u00e1lky a m\u00edrov\u00e9 urovn\u00e1n\u00ed a povaha tohoto m\u00edrov\u00e9ho urovn\u00e1n\u00ed \u2013 to ur\u010d\u00ed, zda bojuj\u00edc\u00ed strany z\u016fstanou trval\u00fdmi protivn\u00edky, nebo zda je mo\u017en\u00e9 je vm\u011bstnat do mezin\u00e1rodn\u00edho r\u00e1mce.<\/p>\n<p>Asi p\u0159ed osmi lety, kdy\u017e se objevila my\u0161lenka \u010dlenstv\u00ed Ukrajiny v NATO, jsem napsal \u010dl\u00e1nek, v n\u011bm\u017e jsem uvedl, \u017ee\u00a0<strong>ide\u00e1ln\u00edm v\u00fdsledkem by bylo, kdyby se Ukrajina mohla konstituovat jako neutr\u00e1ln\u00ed druh st\u00e1tu, jako most mezi Ruskem a Evropou.<\/strong>\u00a0Sp\u00ed\u0161e ne\u017e, \u017ee by byla p\u0159edn\u00ed lini\u00ed uskupen\u00ed v r\u00e1mci Evropy. Mysl\u00edm, \u017ee tato p\u0159\u00edle\u017eitost nyn\u00ed \u2013 nyn\u00ed neexistuje stejn\u00fdm zp\u016fsobem, ale st\u00e1le by mohla b\u00fdt pojata jako kone\u010dn\u00fd c\u00edl. Podle m\u00e9ho n\u00e1zoru je t\u0159eba v p\u0159\u00ed\u0161t\u00edch dvou m\u011bs\u00edc\u00edch zah\u00e1jit pohyb sm\u011brem k jedn\u00e1n\u00ed a vyjedn\u00e1v\u00e1n\u00ed o m\u00edru, aby se nast\u00ednil v\u00fdsledek v\u00e1lky. P\u0159edt\u00edm by v\u0161ak mohlo doj\u00edt k ot\u0159es\u016fm a nap\u011bt\u00ed, kter\u00e9 bude st\u00e1le t\u011b\u017e\u0161\u00ed p\u0159ekonat, zejm\u00e9na mezi p\u0159\u00edpadn\u00fdm vztahem Ruska, Gruzie a Ukrajiny k Evrop\u011b.<\/p>\n<p><strong>V ide\u00e1ln\u00edm p\u0159\u00edpad\u011b by se d\u011bl\u00edc\u00ed \u010d\u00e1ra m\u011bla vr\u00e1tit do p\u016fvodn\u00edho stavu.<\/strong>\u00a0Domn\u00edv\u00e1m se, \u017ee zapojen\u00ed se do v\u00e1lky za hranicemi Polska by ji zkreslilo \u2013 zm\u011bnilo ve v\u00e1lku a ne o svobodu Ukrajiny, kterou podniklo s velkou soudr\u017enost\u00ed NATO, ale ve v\u00e1lku proti samotn\u00e9mu Rusku, a tak se mi zd\u00e1, \u017ee to je d\u011bl\u00edc\u00ed \u010d\u00e1ra, kterou prost\u011b nelze definovat. To bude t\u011b\u017ek\u00e9 pro kohokoli z toho odhadnout. K modifikac\u00edm toho m\u016f\u017ee doj\u00edt b\u011bhem jedn\u00e1n\u00ed, kter\u00e1 samoz\u0159ejm\u011b je\u0161t\u011b nebyla nav\u00e1z\u00e1na, ale kter\u00e1 by m\u011bla za\u010d\u00edt b\u00fdt n\u00e1vratem hlavn\u00edch \u00fa\u010dastn\u00edk\u016f, jak se bude vyv\u00edjet v\u00e1lka, a j\u00e1 jsem uvedl n\u00e1stin mo\u017en\u00e9ho vojensk\u00e9ho v\u00fdsledku.<\/p>\n<p>Ale cht\u011bl bych m\u00edt na pam\u011bti, \u017ee jak\u00e9koliv modifikace tohoto by mohly zkomplikovat jedn\u00e1n\u00ed, v nich\u017e m\u00e1 Ukrajina pr\u00e1vo b\u00fdt v\u00fdznamn\u00fdm \u00fa\u010dastn\u00edkem, ale v nich\u017e\u00a0<strong>je t\u0159eba doufat, \u017ee hrdinstv\u00ed, kter\u00e9 prok\u00e1zala ve v\u00e1lce, slad\u00ed s moudrost\u00ed pro rovnov\u00e1hu v Evrop\u011b<\/strong>\u00a0a ve sv\u011bt\u011b v\u016fbec \u2013 vztah, kter\u00fd se bude vyv\u00edjet jako v\u00fdsledek t\u00e9to v\u00e1lky, mezi Ukrajinou \u2013 kter\u00e1 bude pravd\u011bpodobn\u011b nejsiln\u011bj\u0161\u00ed konven\u010dn\u00ed mocnost\u00ed na kontinentu \u2013 a zbytkem Evropy se bude vyv\u00edjet po ur\u010ditou dobu.<\/p>\n<p>Je v\u0161ak t\u0159eba se d\u00edvat jak na vztah Evropy k Rusku v del\u0161\u00edm \u010dasov\u00e9m obdob\u00ed, tak i odd\u011blen\u011b od st\u00e1vaj\u00edc\u00edho veden\u00ed, jeho\u017e postaven\u00ed v\u0161ak bude po ur\u010ditou dobu vnit\u0159n\u011b ovlivn\u011bno jeho vystupov\u00e1n\u00edm v tomto v tomto obdob\u00ed. Pod\u00edv\u00e1me-li se na to z dlouhodob\u00e9ho hlediska, je Rusko ji\u017e 400 let podstatnou sou\u010d\u00e1st\u00ed Evropy a evropsk\u00e1 politika byla po tuto dobu z\u00e1sadn\u011b ovlivn\u011bna evropsk\u00fdm hodnocen\u00edm role Ruska. N\u011bkdy jen pozorovatelsk\u00fdm zp\u016fsobem, ale v \u0159ad\u011b p\u0159\u00edpad\u016f jako garanta nebo n\u00e1stroje, j\u00edm\u017e lze obnovit evropskou rovnov\u00e1hu.\u00a0<strong>Sou\u010dasn\u00e1 politika by m\u011bla m\u00edt na pam\u011bti, \u017ee obnoven\u00ed t\u00e9to role je d\u016fle\u017eit\u00e9 rozv\u00edjet, aby Rusko nebylo zahn\u00e1no do trval\u00e9ho spojenectv\u00ed s \u010c\u00ednou.<\/strong><\/p>\n<p><em>P\u0159eklad pro AERONET.NEWS: -VK-<\/em><\/p>\n<h6><span style=\"font-size: 18pt;\">Ameri\u010dan\u00e9 nakonec opust\u00ed podporu Ukrajin\u011b stejn\u011b, jako opustili Afgh\u00e1nist\u00e1n a jeho loutkovou vl\u00e1du<\/span><\/h6>\n<p>Rusko nakonec dostane na Ukrajin\u011b to, co chce a nen\u00ed vylou\u010deno, \u017ee tot\u00e9\u017e dostane i Polsko na z\u00e1pad\u011b Ukrajiny. Ukrajina toti\u017e nen\u00ed partnerem USA, ani tzv. kolektivn\u00edho Z\u00e1padu, ale je to pouze n\u00e1stroj na izolaci Ruska. Ale pokud se uk\u00e1\u017ee, \u017ee p\u0159i pou\u017e\u00edv\u00e1n\u00ed tohoto n\u00e1stroje hroz\u00ed, \u017ee by z\u00e1padn\u00ed elity mohly p\u0159ij\u00edt o sv\u011btov\u00e9 procesy \u0159\u00edzen\u00ed, \u017ee by se Rusko spojilo s \u010c\u00ednou, potom takov\u00e9mu procesu bude Z\u00e1pad cht\u00edt za ka\u017edou cenu zabr\u00e1nit.<\/p>\n<p>Za\u010dnou se ze Z\u00e1padu a z USA objevovat v\u00fdzvy k m\u00edru na Ukrajin\u011b, za\u010dnou se objevovat v\u00fdzvy k nepos\u00edl\u00e1n\u00ed t\u011b\u017ek\u00fdch zbran\u00ed na Ukrajinu,\u00a0<strong>za\u010dnou se objevovat n\u00e1vrhy, aby Ukrajina byla realistick\u00e1 a p\u0159istoupila na kompromisy a prost\u011b se sm\u00ed\u0159ila s t\u00edm, \u017ee p\u0159ijde o \u00fazem\u00ed, o trochu \u00fazem\u00ed.<\/strong>\u00a0Kissinger v Davosu v dal\u0161\u00ed \u010d\u00e1sti rozhovoru potom znovu zopakoval, \u017ee by r\u00e1d vid\u011bl, aby USA zlep\u0161ily vztahy s \u010c\u00ednou a t\u00edm zabr\u00e1nili spojenectv\u00ed Pekingu s Moskvou.<\/p>\n<figure id=\"attachment_51871\" class=\"wp-caption aligncenter\" style=\"width: 580px;\"><a href=\"https:\/\/aeronet.news\/wp-content\/uploads\/KissingerPutinHandshake.jpg\"><img decoding=\"async\" loading=\"lazy\" class=\"wp-image-51871 \" src=\"https:\/\/aeronet.news\/wp-content\/uploads\/KissingerPutinHandshake.jpg\" sizes=\"(max-width: 700px) 100vw, 700px\" srcset=\"https:\/\/aeronet.news\/wp-content\/uploads\/KissingerPutinHandshake.jpg 700w, https:\/\/aeronet.news\/wp-content\/uploads\/KissingerPutinHandshake-283x300.jpg 283w, https:\/\/aeronet.news\/wp-content\/uploads\/KissingerPutinHandshake-336x357.jpg 336w, https:\/\/aeronet.news\/wp-content\/uploads\/KissingerPutinHandshake-455x483.jpg 455w\" alt=\"\" width=\"580\" height=\"616\" \/><\/a><figcaption class=\"wp-caption-text\">Henry Kissinger a Vladimir Putin v Kremlu<\/figcaption><\/figure>\n<p>Jen\u017ee, k tomu podle v\u0161eho u\u017e nedojde. USA vid\u00ed v \u010c\u00edn\u011b dnes v\u011bt\u0161\u00edho nep\u0159\u00edtele ne\u017e v Rusku. Ukrajina tak bude Z\u00e1padem opu\u0161t\u011bna a donucena k porcov\u00e1n\u00ed. Nen\u00ed jin\u00e9 cesty. Ani pro USA, ani pro Ukrajinu. Pokud na to Kyjev nep\u0159istoup\u00ed, nakonec Z\u00e1pad opust\u00ed Ukrajinu stejn\u011b, jako opustil afgh\u00e1nskou loutkovou vl\u00e1du minul\u00fd rok. V n\u011bjak\u00e9 chv\u00edli prost\u011b n\u00e1stroj p\u0159estane slou\u017eit a je odhozen.\u00a0<strong>Pokud by do\u0161lo ke spojen\u00ed \u010c\u00edny a Ruska, skon\u010dilo by n\u011bkolik stalet\u00ed trvaj\u00edc\u00ed sv\u011btov\u00e9 vl\u00e1dnut\u00ed kolektivn\u00edho Z\u00e1padu, co\u017e je maska Domu Sion.<\/strong>\u00a0Procesy by za\u010dal kontrolovat Izrael a Rusk\u00fd \u017eidovsk\u00fd kongres ovl\u00e1dan\u00fd chasidsk\u00fdmi a Halachou. Peking byl v\u017edycky sionistick\u00fd u\u017e od dob Kissingerov\u00fdch mis\u00ed do Zem\u011b St\u0159edu, ale spojenectv\u00edm s Ruskem by Peking p\u0159e\u0161el na stranu a pod kontrolu Halachy.<\/p>\n<p><strong>A je zjevn\u00e9, \u017ee Henry Kissinger pr\u00e1v\u011b v Davosu vyslal sign\u00e1l, \u017ee Kyjev mus\u00ed p\u0159istoupit na kompromisy. Neoconi a ani Deep State nemohou riskovat vojensk\u00fd svazek Moskvy a Pekingu<\/strong>, co\u017e bude hrozit, pokud se v\u00e1lka na Ukrajin\u011b bude prohlubovat do toho sm\u011bru, \u017ee Kyjev bude trvat na vytla\u010den\u00ed Rus\u016f a opol\u010denc\u016f jak z v\u00fdchodu Ukrajiny, tak z Krymu. V t\u00e9 chv\u00edli by to toti\u017e u\u017e nebyla v\u00e1lka za osvobozen\u00ed Ukrajiny, ale byla by to v\u00e1lka NATO proti Rusku v situaci, kdy \u010c\u00edna by v reakci na v\u00e1lku vytvo\u0159ila s Ruskem vojensk\u00fd pakt.<\/p>\n<p>-VK- \u0160\u00e9fredaktor AE News<\/p>\n<p><a href=\"https:\/\/aeronet.news\/video-henry-kissinger-v-davosu-znovu-varoval-usa-a-kolektivni-zapad-pred-izolaci-ruska-a-jeho-vehnanim-do-tesneho-spojenectvi-s-cinou-situace-by-se-mela-vratit-pred-24-unor\/\">ZDROJ<\/a><\/p>\n<p>&nbsp;<\/p>\n","protected":false},"excerpt":{"rendered":"<p>Henry Kissinger v Davosu znovu varoval USA a kolektivn\u00ed Z\u00e1pad p\u0159ed izolac\u00ed Ruska a jeho&#8230;<\/p>\n","protected":false},"author":2,"featured_media":11012,"comment_status":"closed","ping_status":"closed","sticky":false,"template":"","format":"standard","meta":[],"categories":[7],"tags":[1729,2451,1402],"_links":{"self":[{"href":"https:\/\/www.infokuryr.cz\/n\/wp-json\/wp\/v2\/posts\/11011"}],"collection":[{"href":"https:\/\/www.infokuryr.cz\/n\/wp-json\/wp\/v2\/posts"}],"about":[{"href":"https:\/\/www.infokuryr.cz\/n\/wp-json\/wp\/v2\/types\/post"}],"author":[{"embeddable":true,"href":"https:\/\/www.infokuryr.cz\/n\/wp-json\/wp\/v2\/users\/2"}],"replies":[{"embeddable":true,"href":"https:\/\/www.infokuryr.cz\/n\/wp-json\/wp\/v2\/comments?post=11011"}],"version-history":[{"count":0,"href":"https:\/\/www.infokuryr.cz\/n\/wp-json\/wp\/v2\/posts\/11011\/revisions"}],"wp:featuredmedia":[{"embeddable":true,"href":"https:\/\/www.infokuryr.cz\/n\/wp-json\/wp\/v2\/media\/11012"}],"wp:attachment":[{"href":"https:\/\/www.infokuryr.cz\/n\/wp-json\/wp\/v2\/media?parent=11011"}],"wp:term":[{"taxonomy":"category","embeddable":true,"href":"https:\/\/www.infokuryr.cz\/n\/wp-json\/wp\/v2\/categories?post=11011"},{"taxonomy":"post_tag","embeddable":true,"href":"https:\/\/www.infokuryr.cz\/n\/wp-json\/wp\/v2\/tags?post=11011"}],"curies":[{"name":"wp","href":"https:\/\/api.w.org\/{rel}","templated":true}]}}