{"id":10972,"date":"2022-05-27T04:21:38","date_gmt":"2022-05-27T02:21:38","guid":{"rendered":"http:\/\/www.infokuryr.cz\/n\/?p=10972"},"modified":"2022-05-27T04:21:38","modified_gmt":"2022-05-27T02:21:38","slug":"japonsti-politici-kteri-vitaji-usa-a-zrazuji-asii-sni-za-bileho-dne","status":"publish","type":"post","link":"https:\/\/www.infokuryr.cz\/n\/2022\/05\/27\/japonsti-politici-kteri-vitaji-usa-a-zrazuji-asii-sni-za-bileho-dne\/","title":{"rendered":"Japon\u0161t\u00ed politici, kte\u0159\u00ed \u201ev\u00edtaj\u00ed USA a zrazuj\u00ed Asii\u201c, sn\u00ed za b\u00edl\u00e9ho dne"},"content":{"rendered":"<div id=\"fb-root\"><\/div>\n<p>St\u00e1tn\u00ed v\u016fdci Spojen\u00fdch st\u00e1t\u016f, Japonska, Indie a Austr\u00e1lie p\u0159ed n\u011bkolika dny uspo\u0159\u00e1dali v Tokiu summit \u201e\u010dty\u0159strann\u00e9ho mechanismu\u201c (QUAD), kter\u00e9mu p\u0159edsedal japonsk\u00fd premi\u00e9r Fumio Kishida. A\u010dkoli spole\u010dn\u00e9 prohl\u00e1\u0161en\u00ed vydan\u00e9 po sch\u016fzi mluvilo o \u010c\u00edn\u011b nep\u0159\u00edmo, c\u00edl summitu QUAD je velmi jasn\u00fd. V souvislosti s jedn\u00e1n\u00edm mezi p\u0159edstaviteli Japonska a Spojen\u00fdch st\u00e1t\u016f a s negativn\u00edmi a nespr\u00e1vn\u00fdmi slovy a \u010diny ve spole\u010dn\u00e9m prohl\u00e1\u0161en\u00ed mezi Japonskem a Spojen\u00fdmi st\u00e1ty, je st\u00e1le z\u0159ejm\u011bj\u0161\u00ed trend toho, \u017ee n\u011bkte\u0159\u00ed japon\u0161t\u00ed politici vytv\u00e1\u0159\u00ed konfrontaci a \u201ev\u00edtaj\u00ed USA a zrazuj\u00ed Asii\u201c.<\/p>\n<p>Podle zpr\u00e1v japonsk\u00fdch m\u00e9di\u00ed summit \u201e\u010dty\u0159strann\u00e9ho mechanismu\u201c vytv\u00e1\u0159\u00ed konfrontaci v\u016f\u010di \u010c\u00edn\u011b v oblasti v\u00fdstavby vojensk\u00e9 a soci\u00e1ln\u00ed infrastruktury. Fumio Kishida na tiskov\u00e9 konferenci po summitu uvedl, \u017ee QUAD vyj\u00e1d\u0159il obavu ohledn\u011b jednostrann\u00e9 zm\u011bny sou\u010dasn\u00e9 situace v Jiho\u010d\u00ednsk\u00e9m mo\u0159i a ve V\u00fdchodo\u010d\u00ednsk\u00e9m mo\u0159i. Fumio Kishida ozn\u00e1mil, \u017ee Japonsko poskytne Asii a Tichomo\u0159\u00ed investice na pomoc p\u0159i v\u00fdstavb\u011b infrastruktury v hodnot\u011b 50 miliard americk\u00fdch dolar\u016f.<\/p>\n<p>Po pe\u010dliv\u00e9 anal\u00fdze je takzvan\u00e1 \u201edvojit\u00e1 rezistence\u201c Japonska v\u016f\u010di \u010c\u00edn\u011b ve vojensk\u00e9 a ekonomick\u00e9 oblasti neprovediteln\u00e1.<\/p>\n<p>M\u00edrov\u00fd rozvoj v regionu Asie a Tichomo\u0159\u00ed nen\u00ed snadn\u00fd a \u010d\u00ednsk\u00e9 odhodl\u00e1n\u00ed a v\u016fle na h\u00e1jen\u00ed z\u00e1jm\u016f rozvoje a bezpe\u010dnosti n\u00e1rodn\u00ed suverenity jsou pevn\u00e9. Ti japon\u0161t\u00ed voj\u00e1ci a politici, kte\u0159\u00ed p\u0159itahuj\u00ed dom\u016f vlky, sn\u00ed za b\u00edl\u00e9ho dne s c\u00edlem \u201eopakovat prvn\u00ed \u010d\u00ednsko-japonskou v\u00e1lku\u201c. Pokud co nejrychleji nep\u0159estanou s t\u00edmto jedn\u00e1n\u00edm, tak znovu st\u00e1hnou Japonsko do propasti.<\/p>\n<p><img decoding=\"async\" loading=\"lazy\" class=\"alignnone size-full wp-image-1185\" src=\"http:\/\/www.infokuryr.cz\/n\/wp-content\/uploads\/2021\/04\/kuryr-podpis.png\" alt=\"\" width=\"84\" height=\"24\" \/><\/p>\n<p>&nbsp;<\/p>\n","protected":false},"excerpt":{"rendered":"<p>St\u00e1tn\u00ed v\u016fdci Spojen\u00fdch st\u00e1t\u016f, Japonska, Indie a Austr\u00e1lie p\u0159ed n\u011bkolika dny uspo\u0159\u00e1dali v Tokiu summit&#8230;<\/p>\n","protected":false},"author":2,"featured_media":10973,"comment_status":"closed","ping_status":"closed","sticky":false,"template":"","format":"standard","meta":[],"categories":[7],"tags":[760,105,623,37],"_links":{"self":[{"href":"https:\/\/www.infokuryr.cz\/n\/wp-json\/wp\/v2\/posts\/10972"}],"collection":[{"href":"https:\/\/www.infokuryr.cz\/n\/wp-json\/wp\/v2\/posts"}],"about":[{"href":"https:\/\/www.infokuryr.cz\/n\/wp-json\/wp\/v2\/types\/post"}],"author":[{"embeddable":true,"href":"https:\/\/www.infokuryr.cz\/n\/wp-json\/wp\/v2\/users\/2"}],"replies":[{"embeddable":true,"href":"https:\/\/www.infokuryr.cz\/n\/wp-json\/wp\/v2\/comments?post=10972"}],"version-history":[{"count":0,"href":"https:\/\/www.infokuryr.cz\/n\/wp-json\/wp\/v2\/posts\/10972\/revisions"}],"wp:featuredmedia":[{"embeddable":true,"href":"https:\/\/www.infokuryr.cz\/n\/wp-json\/wp\/v2\/media\/10973"}],"wp:attachment":[{"href":"https:\/\/www.infokuryr.cz\/n\/wp-json\/wp\/v2\/media?parent=10972"}],"wp:term":[{"taxonomy":"category","embeddable":true,"href":"https:\/\/www.infokuryr.cz\/n\/wp-json\/wp\/v2\/categories?post=10972"},{"taxonomy":"post_tag","embeddable":true,"href":"https:\/\/www.infokuryr.cz\/n\/wp-json\/wp\/v2\/tags?post=10972"}],"curies":[{"name":"wp","href":"https:\/\/api.w.org\/{rel}","templated":true}]}}