{"id":10969,"date":"2022-05-27T04:17:17","date_gmt":"2022-05-27T02:17:17","guid":{"rendered":"http:\/\/www.infokuryr.cz\/n\/?p=10969"},"modified":"2022-05-27T04:17:17","modified_gmt":"2022-05-27T02:17:17","slug":"v-usa-uz-letos-doslo-k-27-strelbam-ve-skolach","status":"publish","type":"post","link":"https:\/\/www.infokuryr.cz\/n\/2022\/05\/27\/v-usa-uz-letos-doslo-k-27-strelbam-ve-skolach\/","title":{"rendered":"V USA u\u017e letos do\u0161lo k 27 st\u0159elb\u00e1m ve \u0161kol\u00e1ch"},"content":{"rendered":"<div id=\"fb-root\"><\/div>\n<p>24. kv\u011btna m\u00edstn\u00edho \u010dasu zahynulo 21 lid\u00ed, v\u010detn\u011b 19 d\u011bt\u00ed, p\u0159i st\u0159elb\u011b na z\u00e1kladn\u00ed \u0161kole v Texasu. Podle zpr\u00e1vy National Public Radio (NPR) z t\u00e9ho\u017e dne to znamen\u00e1, \u017ee letos do\u0161lo ve Spojen\u00fdch st\u00e1tech u\u017e k 27 st\u0159elb\u00e1m ve \u0161kol\u00e1ch, kter\u00e9 si vy\u017e\u00e1daly des\u00edtky mrtv\u00fdch a zran\u011bn\u00fdch.<\/p>\n<p>Zpr\u00e1va tak\u00e9 uv\u00e1d\u00ed, \u017ee v posledn\u00edch dvou letech do\u0161lo k prudk\u00e9mu n\u00e1r\u016fstu po\u010dtu st\u0159eleb ve \u0161kol\u00e1ch ve Spojen\u00fdch st\u00e1tech. Podle statistik do\u0161lo v roce 2020 ve Spojen\u00fdch st\u00e1tech k deseti st\u0159elb\u00e1m ve \u0161kol\u00e1ch a v roce 2021 toto \u010d\u00edslo vzrostlo na 34, co\u017e je nejvy\u0161\u0161\u00ed po\u010det od doby, kdy jsou zaznamen\u00e1v\u00e1ny tyto statistiky. V leto\u0161n\u00edm roce u\u017e do\u0161lo ve Spojen\u00fdch st\u00e1tech k 27 st\u0159elb\u00e1m ve \u0161kol\u00e1ch.<\/p>\n<p>Agentura Associated Press 25. kv\u011btna informovala, \u017ee v Kongresu se \u010das od \u010dasu vede debata o kontrole zbran\u00ed ve Spojen\u00fdch st\u00e1tech, ale ka\u017ed\u00fd pokus z\u00e1konod\u00e1rc\u016f zm\u011bnit politiku kolem zbran\u00ed je zablokov\u00e1n republik\u00e1ny.<\/p>\n<p><img decoding=\"async\" loading=\"lazy\" class=\"alignnone size-full wp-image-1185\" src=\"http:\/\/www.infokuryr.cz\/n\/wp-content\/uploads\/2021\/04\/kuryr-podpis.png\" alt=\"\" width=\"84\" height=\"24\" \/><\/p>\n<p>&nbsp;<\/p>\n","protected":false},"excerpt":{"rendered":"<p>24. kv\u011btna m\u00edstn\u00edho \u010dasu zahynulo 21 lid\u00ed, v\u010detn\u011b 19 d\u011bt\u00ed, p\u0159i st\u0159elb\u011b na z\u00e1kladn\u00ed \u0161kole&#8230;<\/p>\n","protected":false},"author":2,"featured_media":6585,"comment_status":"closed","ping_status":"closed","sticky":false,"template":"","format":"standard","meta":[],"categories":[7],"tags":[245,1392,320,37],"_links":{"self":[{"href":"https:\/\/www.infokuryr.cz\/n\/wp-json\/wp\/v2\/posts\/10969"}],"collection":[{"href":"https:\/\/www.infokuryr.cz\/n\/wp-json\/wp\/v2\/posts"}],"about":[{"href":"https:\/\/www.infokuryr.cz\/n\/wp-json\/wp\/v2\/types\/post"}],"author":[{"embeddable":true,"href":"https:\/\/www.infokuryr.cz\/n\/wp-json\/wp\/v2\/users\/2"}],"replies":[{"embeddable":true,"href":"https:\/\/www.infokuryr.cz\/n\/wp-json\/wp\/v2\/comments?post=10969"}],"version-history":[{"count":0,"href":"https:\/\/www.infokuryr.cz\/n\/wp-json\/wp\/v2\/posts\/10969\/revisions"}],"wp:featuredmedia":[{"embeddable":true,"href":"https:\/\/www.infokuryr.cz\/n\/wp-json\/wp\/v2\/media\/6585"}],"wp:attachment":[{"href":"https:\/\/www.infokuryr.cz\/n\/wp-json\/wp\/v2\/media?parent=10969"}],"wp:term":[{"taxonomy":"category","embeddable":true,"href":"https:\/\/www.infokuryr.cz\/n\/wp-json\/wp\/v2\/categories?post=10969"},{"taxonomy":"post_tag","embeddable":true,"href":"https:\/\/www.infokuryr.cz\/n\/wp-json\/wp\/v2\/tags?post=10969"}],"curies":[{"name":"wp","href":"https:\/\/api.w.org\/{rel}","templated":true}]}}