{"id":10904,"date":"2022-05-24T01:41:31","date_gmt":"2022-05-23T23:41:31","guid":{"rendered":"http:\/\/www.infokuryr.cz\/n\/?p=10904"},"modified":"2022-05-24T06:20:11","modified_gmt":"2022-05-24T04:20:11","slug":"nedelnik-adama-b-bartose-88-proc-premier-s-zidovskymi-predky-podporuje-banderovskou-ukrajinu","status":"publish","type":"post","link":"https:\/\/www.infokuryr.cz\/n\/2022\/05\/24\/nedelnik-adama-b-bartose-88-proc-premier-s-zidovskymi-predky-podporuje-banderovskou-ukrajinu\/","title":{"rendered":"NED\u011aLN\u00cdK ADAMA B. BARTO\u0160E (88): PRO\u010c PREMI\u00c9R S \u017dIDOVSK\u00ddMI P\u0158EDKY PODPORUJE BANDEROVSKOU UKRAJINU?"},"content":{"rendered":"<div id=\"fb-root\"><\/div>\n<div id=\"site-content\">\n<div class=\"row\">\n<div class=\"col-md-8 \">\n<p>Tento ned\u011bln\u00edk jsem brut\u00e1ln\u011b nest\u00edhal. A p\u0159izn\u00e1m se \u2013 trochu se ho i b\u00e1l. P\u0159em\u00fd\u0161l\u00edm o n\u011bm u\u017e od p\u00e1tku p\u0159i pr\u00e1ci na zahrad\u011b. M\u00e1 toti\u017e \u010d\u00edslo 88, a to je \u201ez\u00e1vadov\u00e9\u201c \u010d\u00edslo. Slovensk\u00e9ho Mari\u00e1na Kotlebu za p\u00e1r takov\u00fdch \u010d\u00edsel odsoudili. Ale te\u010f v\u00e1\u017en\u011b\u2026<\/p>\n<div class=\"row\">\n<div class=\"col-md-12\">\n<article id=\"entry-13060\" class=\"entry post-13060 post type-post status-publish format-standard has-post-thumbnail hentry category-nezarazene\">\n<div class=\"entry-content\">\n<p>I kdy\u017e na druhou stranu \u2013 doba se m\u011bn\u00ed a na nacistick\u00e9 symboly se v dob\u011b v\u00e1lky na Ukrajin\u011b pohl\u00ed\u017e\u00ed trochu jinak. Takov\u00fd ukrajinsk\u00fd prezident klidn\u011b na Den v\u00edt\u011bzstv\u00ed sd\u00edl\u00ed fotografii ukrajinsk\u00e9ho voj\u00e1ka, kter\u00fd m\u00e1 na uniform\u011b nacistick\u00e9ho smr\u0165\u00e1ka (Totenkopf). Na iDNESu vych\u00e1zej\u00ed oslavn\u00e9 \u010dl\u00e1nky na \u201ehrdinn\u00e9\u201c v\u00e1le\u010dn\u00e9 letce,\u00a0<a href=\"https:\/\/www.idnes.cz\/technet\/vojenstvi\/letectvi-pilot-nemecko-druha-svetova-valka.A220421_121841_vojenstvi_klen?zdroj=vykuk_obecny\"><em><strong>st\u00edhac\u00ed esa Wehrmachtu<\/strong><\/em><\/a>. A ve ve\u0159ejn\u00e9m prostoru se najednou provol\u00e1v\u00e1n\u00ed banderovsk\u00fdch hesel \u010di pou\u017e\u00edv\u00e1n\u00ed azovsk\u00fdch symbol\u016f st\u00e1v\u00e1 p\u0159ijateln\u00fdm \u2013 a\u010dkoli na policejn\u00edch stanic\u00edch vis\u00ed instrukt\u00e1\u017en\u00ed plak\u00e1ty, podle kter\u00fdch pat\u0159\u00ed azov\u00e1ck\u00e9 symboly mezi ty extr\u00e9mistick\u00e9, nacistick\u00e9\u2026<\/p>\n<p>Jen\u017ee tyhle p\u0159\u00edru\u010dky p\u016fjdou asi brzy do stoupy. Cht\u011blo by to nov\u00e9, aby m\u011bli policist\u00e9 ten spr\u00e1vn\u00fd manu\u00e1l, co je z\u00e1vadov\u00e9 a co nikoli. T\u0159eba Zetko. Svatoji\u0159sk\u00e1 stuha. V\u00fdzva k modlitb\u011b za Putina. Oblo\u017een\u00e9 chleb\u00ed\u010dky. Nebo dokonce \u010desk\u00e1 vlajka v jist\u00e9m kontextu. To v\u0161e je dnes na krimin\u00e1l, ale velebit ukrajinsk\u00e9ho prezidenta, kter\u00fd se v kokainov\u00e9m rau\u0161i chlub\u00ed nacistick\u00fdmi symboly ukrajinsk\u00fdch voj\u00e1k\u016f, to je dnes zkr\u00e1tka \u201ein\u201c. A je to i ofici\u00e1ln\u00ed postoj st\u00e1tu.<\/p>\n<p><img decoding=\"async\" loading=\"lazy\" class=\"wp-image-13061 lazy-loaded aligncenter\" src=\"https:\/\/narodnidemokracie.cz\/wp-content\/uploads\/2022\/05\/TottenkopfUA.jpg\" sizes=\"(max-width: 743px) 100vw, 743px\" srcset=\"https:\/\/narodnidemokracie.cz\/wp-content\/uploads\/2022\/05\/TottenkopfUA.jpg 743w, https:\/\/narodnidemokracie.cz\/wp-content\/uploads\/2022\/05\/TottenkopfUA-223x300.jpg 223w, https:\/\/narodnidemokracie.cz\/wp-content\/uploads\/2022\/05\/TottenkopfUA-665x895.jpg 665w, https:\/\/narodnidemokracie.cz\/wp-content\/uploads\/2022\/05\/TottenkopfUA-193x260.jpg 193w\" alt=\"\" width=\"704\" height=\"948\" data-lazy-type=\"image\" data-src=\"https:\/\/narodnidemokracie.cz\/wp-content\/uploads\/2022\/05\/TottenkopfUA.jpg\" data-srcset=\"\" \/><\/p>\n<p>Jako kdyby podpora nacismu nebyla podporou nacismu, kdy\u017e se j\u00ed dopou\u0161t\u00ed politik \u017eidovsk\u00e9ho p\u016fvodu. Volodymyr Zelenskyj \u010dasto poukazuje na sv\u016fj \u017eidovsk\u00fd p\u016fvod, co\u017e m\u00e1 jaksi vyvr\u00e1tit pochybnosti o nacistick\u00e9 n\u00e1lepce batalionu Azov. Jen\u017ee takov\u00e9 to jeho kr\u010den\u00ed rameny a d\u011bl\u00e1n\u00ed, \u017ee se ho to net\u00fdk\u00e1 (<em>\u201eAzov je prost\u011b sv\u016fj\u201c<\/em>), mu mohlo proch\u00e1zet leda akor\u00e1t do chv\u00edle, kdy sd\u00edlel onu zmi\u0148ovanou fotku s embl\u00e9mem 3. tankov\u00e9 divize SS. Od t\u00e9 doby mu to u\u017e nikdo neuv\u011b\u0159\u00ed.<\/p>\n<p>A ani onen \u017eidovsk\u00fd p\u016fvod nem\u016f\u017ee b\u00fdt omluvou pro to, \u017ee n\u011bkdo \u2013 tu v\u00edce, tu m\u00e9n\u011b skryt\u011b \u2013 podporuje nacifika\u010dn\u00ed n\u00e1lady v ukrajinsk\u00e9 arm\u00e1d\u011b a v\u016fbec v ukrajinsk\u00e9m ve\u0159ejn\u00e9m prostoru.<\/p>\n<p>Co v ukrajinsk\u00e9m\u2026 Nemus\u00edme chodit daleko a sta\u010d\u00ed z\u016fstat doma. Premi\u00e9r Fiala je na tom podobn\u011b. On sice podobn\u00e9 fotky nesd\u00edl\u00ed, ale svoj\u00ed vl\u00e1dn\u00ed politikou sv\u00fdm zp\u016fsobem nacifika\u010dn\u00ed procesy na Ukrajin\u011b podporuje \u2013 procesy, kter\u00e9 se mohou p\u0159el\u00edt i do \u010cesk\u00e9 republiky. A zdaleka nejen t\u00edm, \u017ee se spolu s ukrajinsk\u00fdmi uprchl\u00edky do na\u0161\u00ed zem\u011b dostanou banderovci a azov\u00e1ci. Mohou se p\u0159el\u00edt \u010dist\u011b proto, \u017ee vl\u00e1da vytv\u00e1\u0159\u00ed u\u017e nyn\u00ed prostor pro radikalizaci spole\u010dnosti, \u0161t\u011bp\u00ed ji, vystavuje j\u00ed propagand\u011b a trest\u00e1 opa\u010dn\u00e9 n\u00e1zory. Vyz\u00fdv\u00e1 k ud\u00e1v\u00e1n\u00ed, podporuje nen\u00e1vist v\u016f\u010di Rusku, co\u017e vede k jak\u00e9si hork\u00e9 f\u00e1zi doned\u00e1vna studen\u00e9 ob\u010dansk\u00e9 v\u00e1lky. Za\u010dalo to odstra\u0148ov\u00e1n\u00edm mar\u0161\u00e1la Kon\u011bva, hr\u00e1tkami tajn\u00fdch slu\u017eeb kolem Vrb\u011btic, a toto je v\u00fdsledek \u2013 podpora ukrajinsk\u00e9ho banderismu, kter\u00fd \u2013 mimochodem \u2013 byl nam\u00ed\u0159en i proti \u017did\u016fm. Jak se to slu\u010duje s jeho (premi\u00e9rov\u00fdm) \u017eidovsk\u00fdm p\u016fvodem, je pro mne z\u00e1hadou\u2026<\/p>\n<p>Ke sv\u00fdm \u017eidovsk\u00fdm ko\u0159en\u016fm se Fiala p\u0159ed volbami hl\u00e1sil\u00a0<a href=\"https:\/\/www.lp-life.cz\/rychla-zpoved-petr-fiala\" target=\"_blank\" rel=\"noopener\"><em><strong>v n\u011bkolika rozhovorech<\/strong><\/em><\/a>\u00a0a zm\u00ednku o \u017eidovsk\u00e9 babi\u010dce najdeme i v jeho ofici\u00e1ln\u00edm profilu na Wikipedii: \u201eBabi\u010dka Franti\u0161ka Fialov\u00e1 z otcovy strany byla \u017eidovka, cel\u00e1 rodina za v\u00e1lky skon\u010dila v n\u011bmeck\u00e9m koncentra\u010dn\u00edm t\u00e1bo\u0159e.\u201c<\/p>\n<p>Docela se div\u00edm, \u017ee Petr Fiala nen\u00ed nerv\u00f3zn\u00ed. A v\u016fbec \u010de\u0161t\u00ed (a morav\u0161t\u00ed) \u017did\u00e9. V\u017edy jsou velmi citliv\u00ed na jak\u00fdkoli projev sympati\u00ed k nacismu (co\u017e je pochopiteln\u00e9), dokonce i nacionalismu, ale podpora banderovsk\u00e9 Ukrajiny nikoho z nich nezneklid\u0148uje?<\/p>\n<p>Server Aeronet v ned\u011bli upozornil\u00a0<a href=\"https:\/\/aeronet.news\/exkluzivne-ceske-drahy-se-pripravuji-na-vyhlaseni-valecneho-stavu-v-cr-zamestnancum-je-prave-rozesilana-nova-smernice-s-ucinnosti-od-23-kvetna-ktera-stanovuje-casove-limity-a-lhuty-pro-svolavani\/\" target=\"_blank\" rel=\"noopener\"><em><strong>na uniklou sm\u011brnici \u010cesk\u00fdch drah<\/strong><\/em><\/a>, kter\u00e1 pro zam\u011bstnance \u010cD definuje jejich povinnosti a pracovn\u00ed re\u017eim v dob\u011b \u201ev\u00e1le\u010dn\u00e9ho stavu\u201c. Je to p\u0159edzv\u011bst toho, \u017ee se konflikt na Ukrajin\u011b (p\u0159edev\u0161\u00edm kv\u016fli velkopolsk\u00fdm ambic\u00edm, kter\u00fdm \u2013 zd\u00e1 se \u2013 chce \u010cesk\u00e1 republika p\u0159icmrnd\u00e1vat) posune je\u0161t\u011b n\u011bkam d\u00e1l? Budou \u010de\u0161t\u00ed \u017eelezni\u010d\u00e1\u0159i a \u017eelezni\u010d\u00e1\u0159ky \u201eve v\u00e1le\u010dn\u00e9m stavu\u201c pos\u00edlat na Ukrajinu je\u0161t\u011b v\u00edce zbran\u00ed? Nebo n\u011b\u010deho jin\u00e9ho? O co jde? Zat\u00edm se m\u016f\u017eeme jen dom\u00fd\u0161let, ale nekouk\u00e1 z toho nic dobr\u00e9ho.<\/p>\n<p>\u010ce\u0161t\u00ed a morav\u0161t\u00ed \u017did\u00e9 by se m\u011bli ozvat. Dun\u011bn\u00ed \u017eelezni\u010dn\u00edch vag\u00f3n\u016f ve \u201ev\u00e1le\u010dn\u00e9m stavu\u201c by v nich m\u011blo rozsv\u00edtit \u010derven\u00e9 sv\u011bt\u00e9lko. Kdo, kdy\u017e ne oni, by m\u011bl na nebezpe\u010d\u00ed v\u00e1lky upozornit a vystoupit s jasn\u00fdm odsudkem, \u017ee zahr\u00e1vat si s ohn\u011bm (s v\u00e1lkou) se n\u00e1m m\u016f\u017ee vymst\u00edt? Premi\u00e9r to evidentn\u011b nech\u00e1pe, i kdy\u017e s\u00e1m m\u00e1 \u017eidovsk\u00e9 p\u0159edky. Tak mu to, pros\u00edm v\u00e1s, n\u011bkdo p\u0159ipome\u0148te. To, \u017ee je m\u00e1, nen\u00ed p\u0159ece z\u00e1rukou toho, \u017ee \u010desk\u00e1 politika nem\u016f\u017ee upadnout do nacifika\u010dn\u00edch proces\u016f, kter\u00e9 na\u0161i zemi budou st\u00e1t hodn\u011b draho\u2026<\/p>\n<p><img decoding=\"async\" loading=\"lazy\" class=\"wp-image-13062 lazy-loaded aligncenter\" src=\"https:\/\/narodnidemokracie.cz\/wp-content\/uploads\/2022\/05\/FN-aGJwVgAAWr1P.jpg\" sizes=\"(max-width: 983px) 100vw, 983px\" srcset=\"https:\/\/narodnidemokracie.cz\/wp-content\/uploads\/2022\/05\/FN-aGJwVgAAWr1P.jpg 983w, https:\/\/narodnidemokracie.cz\/wp-content\/uploads\/2022\/05\/FN-aGJwVgAAWr1P-246x300.jpg 246w, https:\/\/narodnidemokracie.cz\/wp-content\/uploads\/2022\/05\/FN-aGJwVgAAWr1P-839x1024.jpg 839w, https:\/\/narodnidemokracie.cz\/wp-content\/uploads\/2022\/05\/FN-aGJwVgAAWr1P-768x938.jpg 768w, https:\/\/narodnidemokracie.cz\/wp-content\/uploads\/2022\/05\/FN-aGJwVgAAWr1P-665x812.jpg 665w, https:\/\/narodnidemokracie.cz\/wp-content\/uploads\/2022\/05\/FN-aGJwVgAAWr1P-213x260.jpg 213w\" alt=\"\" width=\"974\" height=\"1189\" data-lazy-type=\"image\" data-src=\"https:\/\/narodnidemokracie.cz\/wp-content\/uploads\/2022\/05\/FN-aGJwVgAAWr1P.jpg\" data-srcset=\"\" \/><\/p>\n<p>Pro\u010d nesly\u0161\u00edm zn\u00e1m\u00e9 \u017eidovsk\u00e9 osobnosti, kter\u00e9 by p\u0159ed t\u011bmito nebezpe\u010dn\u00fdmi tendencemi varovaly? Pro\u010d u\u017e \u017eidovsk\u00e1 obec nebije na poplach?<\/p>\n<p>Je to cel\u00e9 n\u011bjak\u00e9 podivn\u00e9. Jako kdybychom znali jen \u010d\u00e1st pravdy.<\/p>\n<p>Jako kdyby se hr\u00e1lo o n\u011bco v\u00edc.<\/p>\n<p>Jako kdyby za t\u00edm v\u0161\u00edm byl je\u0161t\u011b n\u011bjak\u00fd jin\u00fd pl\u00e1n, kter\u00fd je n\u00e1m dosud skryt\u2026<\/p>\n<p>Kr\u00e1sn\u00e9 jaro<\/p>\n<p>Vlasti zdar!<\/p>\n<p><em>Adam B. Barto\u0161, <\/em><em>p\u0159edseda N\u00e1rodn\u00ed demokracie<\/em><\/p>\n<\/div>\n<div class=\"entry-utils group\"><\/div>\n<\/article>\n<\/div>\n<\/div>\n<\/div>\n<\/div>\n<\/div>\n","protected":false},"excerpt":{"rendered":"<p>Tento ned\u011bln\u00edk jsem brut\u00e1ln\u011b nest\u00edhal. A p\u0159izn\u00e1m se \u2013 trochu se ho i b\u00e1l. P\u0159em\u00fd\u0161l\u00edm&#8230;<\/p>\n","protected":false},"author":2,"featured_media":10905,"comment_status":"closed","ping_status":"closed","sticky":false,"template":"","format":"standard","meta":[],"categories":[6],"tags":[367,29,26,1000],"_links":{"self":[{"href":"https:\/\/www.infokuryr.cz\/n\/wp-json\/wp\/v2\/posts\/10904"}],"collection":[{"href":"https:\/\/www.infokuryr.cz\/n\/wp-json\/wp\/v2\/posts"}],"about":[{"href":"https:\/\/www.infokuryr.cz\/n\/wp-json\/wp\/v2\/types\/post"}],"author":[{"embeddable":true,"href":"https:\/\/www.infokuryr.cz\/n\/wp-json\/wp\/v2\/users\/2"}],"replies":[{"embeddable":true,"href":"https:\/\/www.infokuryr.cz\/n\/wp-json\/wp\/v2\/comments?post=10904"}],"version-history":[{"count":0,"href":"https:\/\/www.infokuryr.cz\/n\/wp-json\/wp\/v2\/posts\/10904\/revisions"}],"wp:featuredmedia":[{"embeddable":true,"href":"https:\/\/www.infokuryr.cz\/n\/wp-json\/wp\/v2\/media\/10905"}],"wp:attachment":[{"href":"https:\/\/www.infokuryr.cz\/n\/wp-json\/wp\/v2\/media?parent=10904"}],"wp:term":[{"taxonomy":"category","embeddable":true,"href":"https:\/\/www.infokuryr.cz\/n\/wp-json\/wp\/v2\/categories?post=10904"},{"taxonomy":"post_tag","embeddable":true,"href":"https:\/\/www.infokuryr.cz\/n\/wp-json\/wp\/v2\/tags?post=10904"}],"curies":[{"name":"wp","href":"https:\/\/api.w.org\/{rel}","templated":true}]}}