{"id":10899,"date":"2022-05-24T05:14:06","date_gmt":"2022-05-24T03:14:06","guid":{"rendered":"http:\/\/www.infokuryr.cz\/n\/?p=10899"},"modified":"2022-05-24T05:14:06","modified_gmt":"2022-05-24T03:14:06","slug":"sokujici-vedeni-ukrajiny-rozhodlo-umoznit-velitelum-strilet-jejich-podrizene-vojaky-a-dustojniky","status":"publish","type":"post","link":"https:\/\/www.infokuryr.cz\/n\/2022\/05\/24\/sokujici-vedeni-ukrajiny-rozhodlo-umoznit-velitelum-strilet-jejich-podrizene-vojaky-a-dustojniky\/","title":{"rendered":"\u0160okuj\u00edc\u00ed! Veden\u00ed Ukrajiny rozhodlo umo\u017enit velitel\u016fm st\u0159\u00edlet jejich pod\u0159\u00edzen\u00e9 voj\u00e1ky a d\u016fstojn\u00edky"},"content":{"rendered":"<div id=\"fb-root\"><\/div>\n<p>Vzhledem k fakt\u016fm masov\u00e9 dezerce a kapitulace ukrajinsk\u00fdch voj\u00e1k\u016f se vojensko-politick\u00e9 veden\u00ed Ukrajiny rozhodlo umo\u017enit velitel\u016fm st\u0159\u00edlet jejich pod\u0159\u00edzen\u00e9 voj\u00e1ky a d\u016fstojn\u00edky.<\/p>\n<p>Za t\u00edmto \u00fa\u010delem byl Nejvy\u0161\u0161\u00ed rad\u011b p\u0159edlo\u017een n\u00e1vrh z\u00e1kona.\u00a0Nyn\u00ed bude slu\u017eba v ukrajinsk\u00e9 arm\u00e1d\u011b z\u00e1\u0159it v\u00edce barvami.\u00a0Velitel\u00e9 te\u010f nechaj\u00ed v\u0161echny \u201ez\u00e1vadn\u00e9\u201c odej\u00edt vnive\u010d a v\u00e1lka v\u0161echno odep\u00ed\u0161e.<\/p>\n<p>&nbsp;<\/p>\n<p><iframe loading=\"lazy\" id=\"telegram-post-SolovievLive-108571\" src=\"https:\/\/t.me\/SolovievLive\/108571?embed=1\" width=\"100%\" height=\"\" frameborder=\"0\" scrolling=\"no\" data-gtm-yt-inspected-12=\"true\" data-mce-fragment=\"1\"><\/iframe><\/p>\n<p><img decoding=\"async\" loading=\"lazy\" class=\"alignnone size-full wp-image-1185\" src=\"http:\/\/www.infokuryr.cz\/n\/wp-content\/uploads\/2021\/04\/kuryr-podpis.png\" alt=\"\" width=\"84\" height=\"24\" \/><\/p>\n<div class=\"wpdiscuz-post-rating-wrap wpd-custom-field\">\n<div class=\"wpd-rating\" title=\"Ohodnotit p\u0159\u00edsp\u011bvek\">\n<div class=\"wpd-rating-wrap\">\n<div class=\"wpd-rating-left\"><\/div>\n<div class=\"wpd-rating-data\">\n<div class=\"wpd-rating-value\"><\/div>\n<\/div>\n<\/div>\n<\/div>\n<\/div>\n","protected":false},"excerpt":{"rendered":"<p>Vzhledem k fakt\u016fm masov\u00e9 dezerce a kapitulace ukrajinsk\u00fdch voj\u00e1k\u016f se vojensko-politick\u00e9 veden\u00ed Ukrajiny rozhodlo umo\u017enit&#8230;<\/p>\n","protected":false},"author":2,"featured_media":9185,"comment_status":"closed","ping_status":"closed","sticky":false,"template":"","format":"standard","meta":[],"categories":[7],"tags":[26,321,556,1000],"_links":{"self":[{"href":"https:\/\/www.infokuryr.cz\/n\/wp-json\/wp\/v2\/posts\/10899"}],"collection":[{"href":"https:\/\/www.infokuryr.cz\/n\/wp-json\/wp\/v2\/posts"}],"about":[{"href":"https:\/\/www.infokuryr.cz\/n\/wp-json\/wp\/v2\/types\/post"}],"author":[{"embeddable":true,"href":"https:\/\/www.infokuryr.cz\/n\/wp-json\/wp\/v2\/users\/2"}],"replies":[{"embeddable":true,"href":"https:\/\/www.infokuryr.cz\/n\/wp-json\/wp\/v2\/comments?post=10899"}],"version-history":[{"count":0,"href":"https:\/\/www.infokuryr.cz\/n\/wp-json\/wp\/v2\/posts\/10899\/revisions"}],"wp:featuredmedia":[{"embeddable":true,"href":"https:\/\/www.infokuryr.cz\/n\/wp-json\/wp\/v2\/media\/9185"}],"wp:attachment":[{"href":"https:\/\/www.infokuryr.cz\/n\/wp-json\/wp\/v2\/media?parent=10899"}],"wp:term":[{"taxonomy":"category","embeddable":true,"href":"https:\/\/www.infokuryr.cz\/n\/wp-json\/wp\/v2\/categories?post=10899"},{"taxonomy":"post_tag","embeddable":true,"href":"https:\/\/www.infokuryr.cz\/n\/wp-json\/wp\/v2\/tags?post=10899"}],"curies":[{"name":"wp","href":"https:\/\/api.w.org\/{rel}","templated":true}]}}