{"id":10897,"date":"2022-05-24T04:54:09","date_gmt":"2022-05-24T02:54:09","guid":{"rendered":"http:\/\/www.infokuryr.cz\/n\/?p=10897"},"modified":"2022-05-24T04:54:09","modified_gmt":"2022-05-24T02:54:09","slug":"afgansky-uprchlik-securitak-zneuzival-v-nemeckem-uprchlickem-centru-dve-male-ukrajinky-6-a-7","status":"publish","type":"post","link":"https:\/\/www.infokuryr.cz\/n\/2022\/05\/24\/afgansky-uprchlik-securitak-zneuzival-v-nemeckem-uprchlickem-centru-dve-male-ukrajinky-6-a-7\/","title":{"rendered":"Afg\u00e1nsk\u00fd uprchl\u00edk securi\u0165\u00e1k zneu\u017e\u00edval v n\u011bmeck\u00e9m uprchlick\u00e9m centru dv\u011b mal\u00e9 Ukrajinky (6 a 7)"},"content":{"rendered":"<div id=\"fb-root\"><\/div>\n<p>Muslim\u0161t\u00ed uprchl\u00edci se v N\u011bmecku opravdu vzorn\u011b integruj\u00ed. byla pro n\u011b vytvo\u0159ena um\u011bl\u00e1 pracovn\u00ed m\u00edsta, kter\u00e1 odpov\u00eddaj\u00ed jejich kvalifikaci (mnoho neum\u00ed \u010d\u00edst a ps\u00e1t), ale\u00a0<strong>ani tam nezapom\u00ednaj\u00ed na multikulturn\u00ed obohacov\u00e1n\u00ed b\u00edl\u00e9 nemuslimsk\u00e9 populace.<\/strong><\/p>\n<p>T\u0159eba afg\u00e1nsk\u00fd uprchl\u00edk \u2013 securi\u0165\u00e1k (24) v<strong>\u00a0<a href=\"https:\/\/www.swr.de\/swraktuell\/baden-wuerttemberg\/tuebingen\/ermittlungen-gegen-securitymitarbeiter-missbrauch-messstetten-ankunftszentrum-ukraine-fluechtlinge-100.html\">ute\u010deneck\u00e9m t\u00e1bo\u0159e ve m\u011bst\u011b Me\u00dfstetten<\/a>, kde jsou um\u00edst\u011bni uprchl\u00edci z Ukrajiny. M\u00edsto ochrany neboh\u00fdch b\u011b\u017eenc\u016f z Ukrajiny tam zneu\u017e\u00edval sexu\u00e1ln\u011b dv\u011b ukrajinsk\u00e9 hol\u010di\u010dky (7 a 6 let).<\/strong>\u00a0Ty to \u0159ekly mamince a ta policii.<\/p>\n<p>P<strong>odle pr\u00e1va \u0161ar\u00eda se sice ni\u010deho nedopustil, ale v N\u011bmecku zat\u00edm je\u0161t\u011b paraleln\u011b plat\u00ed n\u011bmeck\u00e9 trestn\u00ed pr\u00e1vo a tak byl uprchl\u00edk zadr\u017een polici\u00ed<\/strong>. Soud rozhodne zda z\u016fstane ve vazb\u011b, nebo zda bude jako obvykle propu\u0161t\u011bn potichu na svobodu.<\/p>\n<p><a href=\"https:\/\/ceskavec.com\/2022\/05\/afgansky-uprchlik-securitak-zneuzival-v-nemeckem-uprchlickem-centru-dve-male-ukrajinky-6-a-7\">\u010cesk\u00e1 v\u011bc<\/a><\/p>\n<p>&nbsp;<\/p>\n","protected":false},"excerpt":{"rendered":"<p>Muslim\u0161t\u00ed uprchl\u00edci se v N\u011bmecku opravdu vzorn\u011b integruj\u00ed. byla pro n\u011b vytvo\u0159ena um\u011bl\u00e1 pracovn\u00ed m\u00edsta,&#8230;<\/p>\n","protected":false},"author":2,"featured_media":1724,"comment_status":"closed","ping_status":"closed","sticky":false,"template":"","format":"standard","meta":[],"categories":[7],"tags":[1049,245,84,297,366],"_links":{"self":[{"href":"https:\/\/www.infokuryr.cz\/n\/wp-json\/wp\/v2\/posts\/10897"}],"collection":[{"href":"https:\/\/www.infokuryr.cz\/n\/wp-json\/wp\/v2\/posts"}],"about":[{"href":"https:\/\/www.infokuryr.cz\/n\/wp-json\/wp\/v2\/types\/post"}],"author":[{"embeddable":true,"href":"https:\/\/www.infokuryr.cz\/n\/wp-json\/wp\/v2\/users\/2"}],"replies":[{"embeddable":true,"href":"https:\/\/www.infokuryr.cz\/n\/wp-json\/wp\/v2\/comments?post=10897"}],"version-history":[{"count":0,"href":"https:\/\/www.infokuryr.cz\/n\/wp-json\/wp\/v2\/posts\/10897\/revisions"}],"wp:featuredmedia":[{"embeddable":true,"href":"https:\/\/www.infokuryr.cz\/n\/wp-json\/wp\/v2\/media\/1724"}],"wp:attachment":[{"href":"https:\/\/www.infokuryr.cz\/n\/wp-json\/wp\/v2\/media?parent=10897"}],"wp:term":[{"taxonomy":"category","embeddable":true,"href":"https:\/\/www.infokuryr.cz\/n\/wp-json\/wp\/v2\/categories?post=10897"},{"taxonomy":"post_tag","embeddable":true,"href":"https:\/\/www.infokuryr.cz\/n\/wp-json\/wp\/v2\/tags?post=10897"}],"curies":[{"name":"wp","href":"https:\/\/api.w.org\/{rel}","templated":true}]}}