{"id":10812,"date":"2022-05-21T03:55:21","date_gmt":"2022-05-21T01:55:21","guid":{"rendered":"http:\/\/www.infokuryr.cz\/n\/?p=10812"},"modified":"2022-05-21T06:39:10","modified_gmt":"2022-05-21T04:39:10","slug":"chtela-vlada-vice-obeti-podle-studie-noseni-rousky-zvysuje-riziko-umrti-na-covid","status":"publish","type":"post","link":"https:\/\/www.infokuryr.cz\/n\/2022\/05\/21\/chtela-vlada-vice-obeti-podle-studie-noseni-rousky-zvysuje-riziko-umrti-na-covid\/","title":{"rendered":"Cht\u011bla vl\u00e1da v\u00edce ob\u011bt\u00ed? Podle studie, no\u0161en\u00ed rou\u0161ky zvy\u0161uje riziko \u00famrt\u00ed na covid!"},"content":{"rendered":"<div id=\"fb-root\"><\/div>\n<p>Nov\u00fd v\u00fdzkum z Braz\u00edlie zjistil, \u017ee no\u0161en\u00ed obli\u010dejov\u00e9ho rou\u0161ku ve skute\u010dnosti zvy\u0161uje riziko, \u017ee \u010dlov\u011bk onemocn\u00ed a p\u0159\u00edpadn\u011b zem\u0159e na infekci.<\/p>\n<p>Beny Spira, docent na univerzit\u011b v S\u00e3o Paulu, vyhodnotil korelaci mezi pou\u017e\u00edv\u00e1n\u00edm rou\u0161ek a m\u00edrami nemocnosti a \u00famrtnosti b\u011bhem zimn\u00ed sez\u00f3ny 2020-21 v Evrop\u011b.\u00a0To, co na\u0161el, je v rozporu se v\u0161\u00edm, co n\u00e1m vl\u00e1da tvrdila b\u011bhem plandemie koronaviru (Covid-19).<\/p>\n<h2>Co zjistila studie<\/h2>\n<p>Spira shrom\u00e1\u017edil \u00fadaje z 35 evropsk\u00fdch zem\u00ed b\u011bhem \u0161esti m\u011bs\u00edc\u016f.\u00a0Potom to analyzoval a k\u0159\u00ed\u017eov\u011b zkoumal, aby na\u0161el vzorce mo\u017en\u00e9 korelace (souvislosti) mezi no\u0161en\u00edm rou\u0161ky a zdrav\u00edm.<\/p>\n<p>Zjistil, \u017ee rou\u0161ka na obli\u010dej nezabra\u0148uj\u00ed chorob\u00e1m ani nesni\u017euj\u00ed riziko \u00famrt\u00ed na infekci virem SARS-CoV-2.<\/p>\n<p>V\u00fdsledky byly zve\u0159ejn\u011bny v \u010dasopise\u00a0<em>Cureus Journal of Medical Science\u00a0<\/em>\u00a0dne 19. dubna 2022.<\/p>\n<p><em>&#8222;Zji\u0161t\u011bn\u00ed prezentovan\u00e1 v tomto kr\u00e1tk\u00e9m ozn\u00e1men\u00ed nazna\u010duj\u00ed, \u017ee zem\u011b s vysokou \u00farovn\u00ed dodr\u017eov\u00e1n\u00ed povinnosti no\u0161en\u00ed rou\u0161ek nedosahovaly lep\u0161\u00edch v\u00fdsledk\u016f v porovn\u00e1n\u00ed se zem\u011bmi, kde se rou\u0161ky pou\u017e\u00edvaly m\u00e1lo b\u011bhem \u0161estim\u011bs\u00ed\u010dn\u00edho obdob\u00ed, kter\u00e9 zahrnovalo druhou evropskou vlnu Covid-19,&#8220;\u00a0<\/em>\u00a0\u0159ekl Spira.<\/p>\n<p><em>\u201eNedostatek negativn\u00edch korelac\u00ed mezi pou\u017e\u00edv\u00e1n\u00edm rou\u0161ek a n\u00e1kazami a \u00famrt\u00edmi na Covid-19 nazna\u010duje, \u017ee roz\u0161\u00ed\u0159en\u00e9 pou\u017e\u00edv\u00e1n\u00ed rou\u0161ek v dob\u011b, kdy bylo toto opat\u0159en\u00ed nejv\u00edce zapot\u0159eb\u00ed, tedy b\u011bhem siln\u00e9ho vrcholu vlny na podzim a zim\u011b 2020-2021, nedok\u00e1zalo sn\u00ed\u017eit p\u0159enos Covid-1. .\u201c<\/em><\/p>\n<h2>Povinn\u00e9 no\u0161en\u00ed rou\u0161ek zp\u016fsobilo \u201e\u0161kodliv\u00e9 nezam\u00fd\u0161len\u00e9 n\u00e1sledky\u201c<\/h2>\n<p>Celkov\u011b se mezi pou\u017e\u00edv\u00e1n\u00edm rou\u0161ek a \u00famrt\u00edmi souvisej\u00edc\u00edmi s covidem na\u0161la \u201em\u00edrn\u00e1 pozitivn\u00ed korelace\u201c.\u00a0Jin\u00fdmi slovy, \u010d\u00edm v\u00edce se pou\u017e\u00edvaly rou\u0161ky a respir\u00e1tory, t\u00edm v\u011bt\u0161\u00ed byla \u00famrtnost.<\/p>\n<p><em>\u201ePozitivn\u00ed korelace mezi pou\u017e\u00edv\u00e1n\u00edm rou\u0161ek a m\u00edrou infekce nebyla statisticky v\u00fdznamn\u00e1 (rho = 0,136, p = 0,436), zat\u00edmco korelace mezi pou\u017e\u00edv\u00e1n\u00edm rou\u0161ek a \u00famrt\u00edmi byla pozitivn\u00ed a v\u00fdznamn\u00e1 (rho = 0,351, p = 0,039)\u00a0<\/em>\u00a0.<\/p>\n<p><em>\u201eKorelace mezi rou\u0161kami a \u00famrt\u00edmi podle Spearmana byla podstatn\u011b vy\u0161\u0161\u00ed na Z\u00e1pad\u011b ne\u017e v zem\u00edch v\u00fdchodn\u00ed Evropy: 0,627 (p = 0,007) a 0,164 (p = 0,514).\u201c<\/em><\/p>\n<p>Jin\u00e9 matouc\u00ed faktory, jako nap\u0159\u00edklad \u201e\u00a0<a href=\"https:\/\/www.badatel.net\/reumatolog-40-covidovych-ockovancov-ma-poskodene-zdravie-a-12-nasobne-riziko-smrti\/\">o\u010dkov\u00e1n\u00ed<\/a>\u00a0\u201c, byly z hlediska ovlivn\u011bn\u00ed v\u00fdsledku pova\u017eov\u00e1ny za irelevantn\u00ed.\u00a0Je to proto, \u017ee b\u011bhem hodnocen\u00e9ho \u010dasov\u00e9ho obdob\u00ed o\u010dkov\u00e1n\u00ed proti Covid-19 je\u0161t\u011b nebylo spu\u0161t\u011bno.<\/p>\n<p>Spira se tak\u00e9 zab\u00fdval tvrzen\u00edm, \u017ee vy\u0161\u0161\u00ed \u00farovn\u011b infekc\u00ed covidu mohly v\u00e9st k v\u011bt\u0161\u00edmu pou\u017e\u00edv\u00e1n\u00ed rou\u0161ek, co\u017e vedlo k tomu, \u017ee zem\u011b s vy\u0161\u0161\u00edm pou\u017e\u00edv\u00e1n\u00edm rou\u0161ek zaznamenaly v\u011bt\u0161\u00ed po\u010det infekc\u00ed.<\/p>\n<p><em>\u201eI kdy\u017e toto tvrzen\u00ed je ur\u010dit\u011b pravdiv\u00e9, nen\u00ed t\u0159eba zapom\u00ednat, \u017ee n\u011bkter\u00e9 zem\u011b s vysokou m\u00edrou infekce, jako nap\u0159\u00edklad Francie, N\u011bmecko, It\u00e1lie, Portugalsko nebo \u0160pan\u011blsko, m\u011bly od prvn\u00edho kvart\u00e1lu 2020 zavedena povinn\u00e1 rou\u0161ka,\u201c\u00a0<\/em>\u00a0\u0159\u00edk\u00e1 Spira.<\/p>\n<p><em>\u201eKrom\u011b toho b\u011bhem \u0161estim\u011bs\u00ed\u010dn\u00edho obdob\u00ed, na kter\u00e9 se vztahuje tato studie, v\u0161echny zem\u011b p\u0159ekonaly vrchol infekc\u00ed Covid-19, tak\u017ee v\u0161echny sn\u00e1\u0161ely podobn\u00e9 tlaky, kter\u00e9 mohly potenci\u00e1ln\u011b ovlivnit \u00farove\u0148 pou\u017e\u00edv\u00e1n\u00ed rou\u0161ek.\u201c<\/em><\/p>\n<h2>Kolik lid\u00ed zem\u0159elo pr\u00e1v\u011b kv\u016fli no\u0161en\u00ed rou\u0161ek?<\/h2>\n<p>Spirova studie byla zve\u0159ejn\u011bna ve stejnou dobu, kdy se Biden\u016fv B\u00edl\u00fd d\u016fm zav\u00e1zal bojovat za obnoven\u00ed ned\u00e1vno soudem zru\u0161en\u00e9 feder\u00e1ln\u00ed povinnosti no\u0161en\u00ed rou\u0161ek cestuj\u00edc\u00edmi v hromadn\u00e9 doprav\u011b (letadla, vlaky, autobusy).<\/p>\n<p><em>\u201eKolik \u201aob\u011bt\u00ed covidu&#8216; skute\u010dn\u011b zem\u0159elo na jeden z 10 \u010di 20 zdravotn\u00edch probl\u00e9m\u016f, proto\u017ee byli nuceni nosit rou\u0161ku \u201ana ochranu ostatn\u00edch&#8216;,\u201c\u00a0<\/em>\u00a0zeptal se n\u011bkdo ze \u010dten\u00e1\u0159\u016f str\u00e1nky Natural News.<\/p>\n<p><em>&#8222;V tomto bod\u011b jsem p\u0159ekvapen, \u017ee v\u00edce lid\u00ed nezem\u0159elo kv\u016fli pandemick\u00fdm opat\u0159en\u00edm,&#8220;\u00a0<\/em>\u00a0napsal dal\u0161\u00ed. \u00a0<em>\u201eImunitn\u00ed syst\u00e9m je z\u00e1zra\u010dn\u00e1 v\u011bc, kter\u00e1 dok\u00e1\u017ee odrazit \u00fatoky\u2026 ale vakc\u00edna sek\u00e1 lidi a to je\u0161t\u011b ani nem\u00e1me podzim.\u201c<\/em><\/p>\n<p>Dal\u0161\u00ed vysv\u011btlil, \u017ee v Argentin\u011b v ur\u010dit\u00e9 dob\u011b byli ob\u010dan\u00e9 pokutov\u00e1ni v\u00edce ne\u017e 850 dolary za to, \u017ee nenosili rou\u0161ku.<\/p>\n<p>(\u00a0<strong>Pozn\u00e1mka redakce:\u00a0<\/strong>\u00a0To je nic, na Slovensku mohla b\u00fdt pokuta za neno\u0161en\u00ed rou\u0161ky a\u017e do v\u00fd\u0161e 1650 Eur a n\u011bkter\u00e9 lidi kv\u016fli tomu dokonce h\u00e1zeli policist\u00e9 o zem, jako nap\u0159\u00edklad v pie\u0161\u0165ansk\u00e9m Lidlu).<\/p>\n<p><em>\u201eNikdy nedovolte n\u011bco takov\u00e9ho ve va\u0161\u00ed zemi,\u201c\u00a0<\/em>\u00a0dodal tento \u010dlov\u011bk a varoval, \u017ee fa\u0161ismus se \u0161\u00ed\u0159\u00ed, kdy\u017e se dob\u0159\u00ed lid\u00e9 proti n\u011bmu odm\u00edtnou postavit.<\/p>\n<p>Nejnov\u011bj\u0161\u00ed zpr\u00e1vy o podvodn\u00fdch medic\u00ednsk\u00fdch opat\u0159en\u00edch, jako jsou nap\u0159\u00edklad rou\u0161ka na obli\u010dej, naleznete na\u00a0<a href=\"http:\/\/badmedicine.news\/\" target=\"_blank\" rel=\"noopener\">BadMedicine.news<\/a> .<\/p>\n<p>Autor: Ethan Huff, Zdroj:\u00a0<a href=\"https:\/\/www.naturalnews.com\/2022-05-19-study-wearing-mask-increases-risk-covid-death.html\" target=\"_blank\" rel=\"noopener\">naturalnews.com<\/a><\/p>\n<p>&nbsp;<\/p>\n","protected":false},"excerpt":{"rendered":"<p>Nov\u00fd v\u00fdzkum z Braz\u00edlie zjistil, \u017ee no\u0161en\u00ed obli\u010dejov\u00e9ho rou\u0161ku ve skute\u010dnosti zvy\u0161uje riziko, \u017ee \u010dlov\u011bk&#8230;<\/p>\n","protected":false},"author":2,"featured_media":1697,"comment_status":"closed","ping_status":"closed","sticky":false,"template":"","format":"standard","meta":[],"categories":[7],"tags":[23,871,98],"_links":{"self":[{"href":"https:\/\/www.infokuryr.cz\/n\/wp-json\/wp\/v2\/posts\/10812"}],"collection":[{"href":"https:\/\/www.infokuryr.cz\/n\/wp-json\/wp\/v2\/posts"}],"about":[{"href":"https:\/\/www.infokuryr.cz\/n\/wp-json\/wp\/v2\/types\/post"}],"author":[{"embeddable":true,"href":"https:\/\/www.infokuryr.cz\/n\/wp-json\/wp\/v2\/users\/2"}],"replies":[{"embeddable":true,"href":"https:\/\/www.infokuryr.cz\/n\/wp-json\/wp\/v2\/comments?post=10812"}],"version-history":[{"count":0,"href":"https:\/\/www.infokuryr.cz\/n\/wp-json\/wp\/v2\/posts\/10812\/revisions"}],"wp:featuredmedia":[{"embeddable":true,"href":"https:\/\/www.infokuryr.cz\/n\/wp-json\/wp\/v2\/media\/1697"}],"wp:attachment":[{"href":"https:\/\/www.infokuryr.cz\/n\/wp-json\/wp\/v2\/media?parent=10812"}],"wp:term":[{"taxonomy":"category","embeddable":true,"href":"https:\/\/www.infokuryr.cz\/n\/wp-json\/wp\/v2\/categories?post=10812"},{"taxonomy":"post_tag","embeddable":true,"href":"https:\/\/www.infokuryr.cz\/n\/wp-json\/wp\/v2\/tags?post=10812"}],"curies":[{"name":"wp","href":"https:\/\/api.w.org\/{rel}","templated":true}]}}