{"id":10811,"date":"2022-05-21T03:52:14","date_gmt":"2022-05-21T01:52:14","guid":{"rendered":"http:\/\/www.infokuryr.cz\/n\/?p=10811"},"modified":"2022-05-21T03:52:14","modified_gmt":"2022-05-21T01:52:14","slug":"bezny-den-v-rakousku-uprchlik-ze-syrie-19-znasilnil-uprchlici-z-ukrajiny-15-do-vezeni-nepujde","status":"publish","type":"post","link":"https:\/\/www.infokuryr.cz\/n\/2022\/05\/21\/bezny-den-v-rakousku-uprchlik-ze-syrie-19-znasilnil-uprchlici-z-ukrajiny-15-do-vezeni-nepujde\/","title":{"rendered":"B\u011b\u017en\u00fd den v Rakousku: uprchl\u00edk ze S\u00fdrie (19) zn\u00e1silnil uprchlici z Ukrajiny (15), do v\u011bzen\u00ed nep\u016fjde"},"content":{"rendered":"<div id=\"fb-root\"><\/div>\n<p>Obyvatel\u00e9 m\u011bste\u010dka\u00a0<a href=\"https:\/\/kurier.at\/chronik\/oesterreich\/ukrainisches-maedchen-in-oberoesterreich-vergewaltigt\/402007929\">Weyer v Horn\u00edm Rakousku<\/a>\u00a0(asi 4800 obyvatel) minulou st\u0159edu nech\u00e1pali, kde vlastn\u011b \u017eij\u00ed.\u00a0<strong>Syrsk\u00fd uprchl\u00edk (\u00fadajn\u011b 19) zn\u00e1silnil mladou Ukrajinku (15), kter\u00e1 do zem\u011b p\u0159i\u0161la jako v\u00e1le\u010dn\u00fd uprchl\u00edk p\u0159ed v\u00e1lkou. V\u0161e se odehr\u00e1lo v okol\u00ed m\u00edstn\u00edho n\u00e1dra\u017e\u00ed, kde j\u00ed Sy\u0159an nejenom zn\u00e1silnil, ale je\u0161t\u011b zbil.<\/strong><\/p>\n<p>D\u00edvka se druh\u00fd den sv\u011b\u0159ila rodin\u011b a za\u010dalo vy\u0161et\u0159ov\u00e1n\u00ed.<strong>\u00a0Policie uprchl\u00edka sice rychle dopadla, ale soud a prokur\u00e1tor neshledali d\u016fvod, aby byl vzat do vazby. V\u017edy\u0165 zn\u00e1siln\u011bn\u00ed b\u00edl\u00e9 d\u00edvky muslimem p\u0159ece zas takov\u00fd zlo\u010din v islamizovan\u00e9m Rakousku u\u017e nen\u00ed, \u017ee?! Uprchl\u00edk tedy bude vy\u0161et\u0159ov\u00e1n na svobod\u011b.\u00a0<\/strong>V islamizovan\u00e9 Evrop\u011b jsou si v\u0161ichni rovni, ale n\u011bkte\u0159\u00ed jsou si rovn\u011bj\u0161\u00ed. Komu to p\u0159ipom\u00edn\u00e1 rom\u00e1n G. Orwella Zv\u00ed\u0159ec\u00ed farma, tak v\u00ed, o \u010dem se mluv\u00ed.<\/p>\n<p>Jak na to zareaguj\u00ed \u010ce\u0161i a Slov\u00e1ci? Budou \u010dekat a\u017e jim jejich protin\u00e1rodn\u00ed vl\u00e1dy za\u0159\u00edd\u00ed podobn\u00e9 multikulturn\u00ed obohacen\u00ed pro ka\u017ed\u00fd den?<\/p>\n<p><a href=\"https:\/\/ceskavec.com\/2022\/05\/bezny-den-v-rakousku-uprchlik-ze-syrie-19-znasilnil-uprchlici-z-ukrajiny-15-do-vezeni-nepujde\">\u010cesk\u00e1 v\u011bc<\/a><\/p>\n<p>&nbsp;<\/p>\n","protected":false},"excerpt":{"rendered":"<p>Obyvatel\u00e9 m\u011bste\u010dka\u00a0Weyer v Horn\u00edm Rakousku\u00a0(asi 4800 obyvatel) minulou st\u0159edu nech\u00e1pali, kde vlastn\u011b \u017eij\u00ed.\u00a0Syrsk\u00fd uprchl\u00edk (\u00fadajn\u011b&#8230;<\/p>\n","protected":false},"author":2,"featured_media":916,"comment_status":"closed","ping_status":"closed","sticky":false,"template":"","format":"standard","meta":[],"categories":[7],"tags":[120,297,366],"_links":{"self":[{"href":"https:\/\/www.infokuryr.cz\/n\/wp-json\/wp\/v2\/posts\/10811"}],"collection":[{"href":"https:\/\/www.infokuryr.cz\/n\/wp-json\/wp\/v2\/posts"}],"about":[{"href":"https:\/\/www.infokuryr.cz\/n\/wp-json\/wp\/v2\/types\/post"}],"author":[{"embeddable":true,"href":"https:\/\/www.infokuryr.cz\/n\/wp-json\/wp\/v2\/users\/2"}],"replies":[{"embeddable":true,"href":"https:\/\/www.infokuryr.cz\/n\/wp-json\/wp\/v2\/comments?post=10811"}],"version-history":[{"count":0,"href":"https:\/\/www.infokuryr.cz\/n\/wp-json\/wp\/v2\/posts\/10811\/revisions"}],"wp:featuredmedia":[{"embeddable":true,"href":"https:\/\/www.infokuryr.cz\/n\/wp-json\/wp\/v2\/media\/916"}],"wp:attachment":[{"href":"https:\/\/www.infokuryr.cz\/n\/wp-json\/wp\/v2\/media?parent=10811"}],"wp:term":[{"taxonomy":"category","embeddable":true,"href":"https:\/\/www.infokuryr.cz\/n\/wp-json\/wp\/v2\/categories?post=10811"},{"taxonomy":"post_tag","embeddable":true,"href":"https:\/\/www.infokuryr.cz\/n\/wp-json\/wp\/v2\/tags?post=10811"}],"curies":[{"name":"wp","href":"https:\/\/api.w.org\/{rel}","templated":true}]}}