{"id":10809,"date":"2022-05-21T03:50:47","date_gmt":"2022-05-21T01:50:47","guid":{"rendered":"http:\/\/www.infokuryr.cz\/n\/?p=10809"},"modified":"2022-05-21T03:50:47","modified_gmt":"2022-05-21T01:50:47","slug":"v-berline-planuji-vyhlasit-ukrajinsky-den-nezavislosti-jako-statni-svatek-ne-to-neni-zert","status":"publish","type":"post","link":"https:\/\/www.infokuryr.cz\/n\/2022\/05\/21\/v-berline-planuji-vyhlasit-ukrajinsky-den-nezavislosti-jako-statni-svatek-ne-to-neni-zert\/","title":{"rendered":"V Berl\u00edn\u011b pl\u00e1nuji vyhl\u00e1sit ukrajinsk\u00fd den nez\u00e1vislosti jako st\u00e1tn\u00ed sv\u00e1tek. Ne, to nen\u00ed \u017eert\u2026."},"content":{"rendered":"<div id=\"fb-root\"><\/div>\n<p><strong>Berl\u00ednsk\u00e1 zemsk\u00e1 vl\u00e1da zva\u017euje\u00a0<a href=\"https:\/\/jungefreiheit.de\/politik\/deutschland\/2022\/fuer-die-ukraine-neuer-feiertag-in-berlin\/\">vyhl\u00e1\u0161en\u00ed nov\u00e9ho st\u00e1tn\u00edho sv\u00e1tk<\/a>u jako gesto solidarity s Ukrajinou. M\u011bl by j\u00edm b\u00fdt ukrajinsk\u00fd den nez\u00e1vislosti se slav\u00ed 24. srpna a v ten den by lid\u00e9 nemuseli do pr\u00e1ce a m\u011bli by volno jako v ostatn\u00ed sv\u00e1tky<\/strong>. V Berl\u00edn\u011b<a href=\"https:\/\/www.berlin.de\/rbmskzl\/regierende-buergermeisterin\/senat\/\">\u00a0p\u0159itom vl\u00e1dne levicov\u00e1 vl\u00e1da\u00a0<\/a>Zelen\u00fdch a soci\u00e1ln\u00edch demokrat\u016f SPD a Levice (b\u00fdval\u00ed komunist\u00e9).<\/p>\n<p><strong>Zaj\u00edmav\u00e9 je, \u017ee v 8\/5 berl\u00ednsk\u00e1 vl\u00e1da zak\u00e1zala vyv\u011b\u0161ov\u00e1n\u00ed ukrajinsk\u00fdch vlajek, ale situace se zjevn\u011b rychle m\u011bn\u00ed. Ukrajinizace Evropy nab\u00edr\u00e1 na obr\u00e1tk\u00e1ch \u00fapln\u011b v\u0161ude. V \u010cR na vl\u00e1dn\u00edch budov\u00e1ch vis\u00ed pouze ukrajinsk\u00e9 vlajky, \u010desk\u00e9 nikoliv<\/strong>. Podobn\u00e9 je to na Slovensku. Byla zavedena cenzura a\u00a0<strong>zah\u00e1jeny policejn\u00ed represe proti lidem s jin\u00fdm n\u00e1zorem.<\/strong><\/p>\n<p><strong>N\u011bkter\u00e9 sv\u00e1tky jsou v N\u011bmecku region\u00e1ln\u00ed a rozhoduj\u00ed o nich spolkov\u00e9 zem\u011b sami<\/strong>.<\/p>\n<p><a href=\"https:\/\/ceskavec.com\/2022\/05\/v-berline-planuji-vyhlasit-ukrajinsky-den-nezavislosti-jako-statni-svatek\">\u010cesk\u00e1 v\u011bc<\/a><\/p>\n<p>&nbsp;<\/p>\n","protected":false},"excerpt":{"rendered":"<p>Berl\u00ednsk\u00e1 zemsk\u00e1 vl\u00e1da zva\u017euje\u00a0vyhl\u00e1\u0161en\u00ed nov\u00e9ho st\u00e1tn\u00edho sv\u00e1tku jako gesto solidarity s Ukrajinou. M\u011bl by j\u00edm&#8230;<\/p>\n","protected":false},"author":2,"featured_media":10810,"comment_status":"closed","ping_status":"closed","sticky":false,"template":"","format":"standard","meta":[],"categories":[7],"tags":[233,84,1635],"_links":{"self":[{"href":"https:\/\/www.infokuryr.cz\/n\/wp-json\/wp\/v2\/posts\/10809"}],"collection":[{"href":"https:\/\/www.infokuryr.cz\/n\/wp-json\/wp\/v2\/posts"}],"about":[{"href":"https:\/\/www.infokuryr.cz\/n\/wp-json\/wp\/v2\/types\/post"}],"author":[{"embeddable":true,"href":"https:\/\/www.infokuryr.cz\/n\/wp-json\/wp\/v2\/users\/2"}],"replies":[{"embeddable":true,"href":"https:\/\/www.infokuryr.cz\/n\/wp-json\/wp\/v2\/comments?post=10809"}],"version-history":[{"count":0,"href":"https:\/\/www.infokuryr.cz\/n\/wp-json\/wp\/v2\/posts\/10809\/revisions"}],"wp:featuredmedia":[{"embeddable":true,"href":"https:\/\/www.infokuryr.cz\/n\/wp-json\/wp\/v2\/media\/10810"}],"wp:attachment":[{"href":"https:\/\/www.infokuryr.cz\/n\/wp-json\/wp\/v2\/media?parent=10809"}],"wp:term":[{"taxonomy":"category","embeddable":true,"href":"https:\/\/www.infokuryr.cz\/n\/wp-json\/wp\/v2\/categories?post=10809"},{"taxonomy":"post_tag","embeddable":true,"href":"https:\/\/www.infokuryr.cz\/n\/wp-json\/wp\/v2\/tags?post=10809"}],"curies":[{"name":"wp","href":"https:\/\/api.w.org\/{rel}","templated":true}]}}