{"id":10750,"date":"2022-05-19T04:16:30","date_gmt":"2022-05-19T02:16:30","guid":{"rendered":"http:\/\/www.infokuryr.cz\/n\/?p=10750"},"modified":"2022-05-19T04:16:30","modified_gmt":"2022-05-19T02:16:30","slug":"nechceme-zemrit-pro-zelenskeho-kozaci-se-hromadne-vzdavaji-rusum-a-berou-s-sebou-zapadni-zbrane","status":"publish","type":"post","link":"https:\/\/www.infokuryr.cz\/n\/2022\/05\/19\/nechceme-zemrit-pro-zelenskeho-kozaci-se-hromadne-vzdavaji-rusum-a-berou-s-sebou-zapadni-zbrane\/","title":{"rendered":"\u201eNechceme zem\u0159\u00edt pro Zelensk\u00e9ho\u201c: Koz\u00e1ci se hromadn\u011b vzd\u00e1vaj\u00ed Rus\u016fm a berou s sebou z\u00e1padn\u00ed zbran\u011b"},"content":{"rendered":"<div id=\"fb-root\"><\/div>\n<p>Ukrajin\u0161t\u00ed voj\u00e1ci v Z\u00e1poro\u017e\u00ed se hromadn\u011b vzd\u00e1vaj\u00ed Rus\u016fm a berou s sebou z\u00e1padn\u00ed zbran\u011b.<\/p>\n<p>\u0158\u00edkaj\u00ed:\u00a0<em>\u201eNechceme zem\u0159\u00edt pro Zelensk\u00e9ho a oligarchy.\u201c<\/em><\/p>\n<p>Vladimir Rogov hovo\u0159il o kapitulaci dal\u0161\u00ed skupiny voj\u00e1k\u016f Ozbrojen\u00fdch sil Ukrajiny.<\/p>\n<p>Ukrajinci ze Z\u00e1poro\u017e\u00ed, kte\u0159\u00ed byli nuceni chopit se zbran\u00ed a vzdorovat rusk\u00e9 arm\u00e1d\u011b, se rozhodli p\u0159ej\u00edt na stranu Rusk\u00e9 federace.\u00a0Vladimir Rogov, \u010dlen hlavn\u00ed rady vojensko-civiln\u00ed spr\u00e1vy Z\u00e1poro\u017esk\u00e9 oblasti, o tom napsal ve sv\u00e9m\u00a0<a href=\"https:\/\/t.me\/vrogov\/2996\">kan\u00e1lu Telegram.<\/a><\/p>\n<p>Koz\u00e1ci pou\u017eili speci\u00e1ln\u00ed kan\u00e1l, aby kontaktovali rusk\u00e9 s\u00edly.\u00a0Tam projednali v\u0161echny detaily, aby byla zaji\u0161t\u011bna bezpe\u010dnost p\u0159i p\u0159ekro\u010den\u00ed linie dotyku.<\/p>\n<p>Jak poznamenal Vladimir Rogov, \u201ezvl\u00e1\u0161tn\u00ed operace na z\u00e1chranu krajan\u016f\u201c byla \u00fasp\u011b\u0161n\u00e1.\u00a0Nav\u00edc si Ukrajinci s sebou vzali \u201ed\u00e1rky\u201c, nap\u0159\u00edklad britsk\u00e9 \u0159\u00edzen\u00e9 st\u0159ely NLAW.<\/p>\n<p>\u00da\u0159edn\u00edk citoval slova jednoho z ukrajinsk\u00fdch voj\u00e1k\u016f, kter\u00fd vysv\u011btlil, pro\u010d se on a jeho kamar\u00e1di rozhodli slo\u017eit zbran\u011b, p\u00ed\u0161e port\u00e1l\u00a0\u00a0<a href=\"https:\/\/nation-news.ru\/23252850-_mi_ne_hotim_umirat_za_zelenskogo_bol_shaya_gruppa_vsu_iz_zaporozh_ya_pereshla_na_storonu_rossii\" target=\"_blank\" rel=\"noreferrer noopener\">\u201e\u041d\u0430\u0440\u043e\u0434\u043d\u044b\u0435 \u043d\u043e\u0432\u043e\u0441\u0442\u0438\u201c<\/a>.<\/p>\n<p>Jeden z t\u011bch, kte\u0159\u00ed odm\u00edtli bojovat na stran\u011b kyjevsk\u00e9ho re\u017eimu, poznamenal, \u017ee on a jeho kamar\u00e1di jsou skute\u010dn\u00fdmi vlastenci Ukrajiny.\u00a0Proto necht\u011bj\u00ed bojovat s bratrsk\u00fdm lidem a h\u00e1jit z\u00e1jmy \u00fazk\u00e9 skupiny ukrajinsk\u00fdch elit.<\/p>\n<p><strong><em>Nejsme zbab\u011blci, jen jsme vid\u011bli, co se d\u011bje na front\u011b, v prvn\u00ed linii, \u017ee n\u00e1s vyu\u017e\u00edvaj\u00ed jako maso pro d\u011bla. Jsme skute\u010dn\u00ed patrioti Ukrajiny, ale bojujeme za z\u00e1jmy druh\u00fdch, za Zelensk\u00e9ho, za oligarchy. To j\u00e1 nechci!<\/em><\/strong><\/p>\n<p>Koz\u00e1ci, kte\u0159\u00ed se sami vzdali, se dostali do kontaktu s Rusy prost\u0159ednictv\u00edm speci\u00e1ln\u00edho telegramov\u00e9ho kan\u00e1lu a vzali s sebou z\u00e1padn\u00ed \u201ed\u00e1rky\u201c.\u00a0Zejm\u00e9na p\u0159inesli britsk\u00e9 rakety NLAW, kter\u00fdmi podle pl\u00e1nu Lond\u00fdna m\u011bly ozbrojen\u00e9 s\u00edly Ukrajiny zni\u010dit ruskou techniku.<\/p>\n<p>Rogov poznamenal, \u017ee koz\u00e1ci ud\u011blali spr\u00e1vnou volbu.\u00a0A \u017ee Rusov\u00e9 a Ukrajinci budou muset po osvobozen\u00ed od nacistick\u00fdch ozbrojenc\u016f brzy spole\u010dn\u011b o\u017eivit \u201ena\u0161i rodnou zemi\u201c.<\/p>\n<p>Vladimir Rogov v\u0159ele pod\u011bkoval koz\u00e1k\u016fm, kte\u0159\u00ed se rozhodli spr\u00e1vn\u011b.\u00a0P\u0159ipomn\u011bl, \u017ee je p\u0159ed nimi je\u0161t\u011b spousta pr\u00e1ce na osvobozen\u00ed jejich rodn\u00fdch zem\u00ed.<\/p>\n<p><em>\u201eD\u011bkuji v\u00e1m, chlapci, \u017ee jste z\u016fstali na\u017eivu, \u017ee jste se spr\u00e1vn\u011b rozhodli a p\u0159e\u0161li na m\u00edrovou stranu \u2013 mus\u00edme o\u017eivit na\u0161i rodnou zemi, kter\u00e1 po osvobozen\u00ed bude op\u011bt vzkv\u00e9tat,\u201c<\/em>\u00a0\u0159ekl Vladimir Rogov.<\/p>\n<p><a href=\"https:\/\/bit.ly\/3sIK9tO\">ZDROJ<\/a><\/p>\n<p>&nbsp;<\/p>\n","protected":false},"excerpt":{"rendered":"<p>Ukrajin\u0161t\u00ed voj\u00e1ci v Z\u00e1poro\u017e\u00ed se hromadn\u011b vzd\u00e1vaj\u00ed Rus\u016fm a berou s sebou z\u00e1padn\u00ed zbran\u011b. \u0158\u00edkaj\u00ed:\u00a0\u201eNechceme&#8230;<\/p>\n","protected":false},"author":2,"featured_media":866,"comment_status":"closed","ping_status":"closed","sticky":false,"template":"","format":"standard","meta":[],"categories":[7],"tags":[220,2430,26],"_links":{"self":[{"href":"https:\/\/www.infokuryr.cz\/n\/wp-json\/wp\/v2\/posts\/10750"}],"collection":[{"href":"https:\/\/www.infokuryr.cz\/n\/wp-json\/wp\/v2\/posts"}],"about":[{"href":"https:\/\/www.infokuryr.cz\/n\/wp-json\/wp\/v2\/types\/post"}],"author":[{"embeddable":true,"href":"https:\/\/www.infokuryr.cz\/n\/wp-json\/wp\/v2\/users\/2"}],"replies":[{"embeddable":true,"href":"https:\/\/www.infokuryr.cz\/n\/wp-json\/wp\/v2\/comments?post=10750"}],"version-history":[{"count":0,"href":"https:\/\/www.infokuryr.cz\/n\/wp-json\/wp\/v2\/posts\/10750\/revisions"}],"wp:featuredmedia":[{"embeddable":true,"href":"https:\/\/www.infokuryr.cz\/n\/wp-json\/wp\/v2\/media\/866"}],"wp:attachment":[{"href":"https:\/\/www.infokuryr.cz\/n\/wp-json\/wp\/v2\/media?parent=10750"}],"wp:term":[{"taxonomy":"category","embeddable":true,"href":"https:\/\/www.infokuryr.cz\/n\/wp-json\/wp\/v2\/categories?post=10750"},{"taxonomy":"post_tag","embeddable":true,"href":"https:\/\/www.infokuryr.cz\/n\/wp-json\/wp\/v2\/tags?post=10750"}],"curies":[{"name":"wp","href":"https:\/\/api.w.org\/{rel}","templated":true}]}}