{"id":10749,"date":"2022-05-19T03:52:56","date_gmt":"2022-05-19T01:52:56","guid":{"rendered":"http:\/\/www.infokuryr.cz\/n\/?p=10749"},"modified":"2022-05-19T03:52:56","modified_gmt":"2022-05-19T01:52:56","slug":"svatopluk-otava-nenechme-se-zahanbit-vyznamenejme-si-sve-vlastni-fasisty","status":"publish","type":"post","link":"https:\/\/www.infokuryr.cz\/n\/2022\/05\/19\/svatopluk-otava-nenechme-se-zahanbit-vyznamenejme-si-sve-vlastni-fasisty\/","title":{"rendered":"Svatopluk Otava: Nenechme se zahanbit! Vyznamenejme si sv\u00e9 vlastn\u00ed fa\u0161isty!"},"content":{"rendered":"<div id=\"fb-root\"><\/div>\n<p><strong>Kr\u00e1sn\u00e1 slovensk\u00e1 prezidentka Zuzana \u010caputov\u00e1 vyznamenala posmrtn\u011b t\u0159i aktivn\u00ed zpravodajce popraven\u00e9 v\u00a0r. 1951 \u0159\u00e1dem \u013dudov\u00edta \u0160t\u00fara. Mal\u00fdm kazem na kr\u00e1se dojemn\u00e9ho aktu je skute\u010dnost, \u017ee zpravodajci Anton Tunega , Eduard Tes\u00e1r a Albert P\u00fa\u010dik se ud\u00e1v\u00e1n\u00edm slovensk\u00fdch ob\u010dan\u016f piln\u011b v\u011bnovali ji\u017e v\u00a0obdob\u00ed SNP ve prosp\u011bch N\u011bmc\u016f. <\/strong><\/p>\n<p><span style=\"font-size: 18pt;\"><strong>Protin\u00e1rodn\u00ed \u0161pehov\u00e9 dostali cenu n\u00e1rodn\u00edho buditele?!?!<\/strong><\/span><\/p>\n<p>Od dob studi\u00ed v\u0161ichni t\u0159i \u010dlenov\u00e9 Hlinkovy ml\u00e1de\u017ee dali k\u00a0dispozici sv\u00e9 schopnosti fa\u0161istick\u00e9mu re\u017eimu, absolvovali Zpravodajsk\u00fd kurz Vy\u0161\u0161\u00edho velen\u00ed HM, co\u017e byla ve fin\u00e1le posledn\u00ed \u010dinn\u00e1 v\u00fdzv\u011bdn\u00e1 organizace, kter\u00e1 \u00fasp\u011b\u0161n\u011b informovala prezidentskou kancel\u00e1\u0159, velen\u00ed Hlinkovy ml\u00e1de\u017ee a \u00fa\u0159ad vl\u00e1dy o procesech a jejich protagonistech v\u00a0prob\u00edhaj\u00edc\u00edm Slovensk\u00e9m n\u00e1rodn\u00edm povst\u00e1n\u00ed. Ve\u0161ker\u00e9 informace byly promptn\u011b sd\u011blov\u00e1ny n\u011bmeck\u00e9mu Wehrmachtu a m\u011bly sv\u016fj pod\u00edl na zatla\u010den\u00ed povst\u00e1n\u00ed do hor, n\u00e1sleduj\u00edc\u00edch perzekuc\u00edch p\u0159\u00edm\u00fdch \u00fa\u010dastn\u00edk\u016f i n\u00e1hodn\u00fdch ob\u011bt\u00ed.<\/p>\n<p>I N\u011bmci se o skromn\u011bj\u0161\u00ed slovensk\u00e9 sest\u0159i\u010dce Sicherheisdienstu \u2013 Zpravodajsk\u00e9m odd\u011blen\u00ed HVHM \u2013 vyjad\u0159ovali uznale. V\u00a0hl\u00e1\u0161en\u00ed n\u011bmeck\u00e9ho velen\u00ed St\u00edhac\u00edho svazu SS Jihov\u00fdchod se uv\u00e1d\u00ed: \u201eVeden\u00ed Hlinkovy ml\u00e1de\u017ee disponuje velmi dobrou zpravodajskou s\u00edt\u00ed\u2026\u201c. \u010cili ji\u017e v\u00a0t\u00e9 dob\u011b se dot\u010den\u00fdm hrdin\u016fm, kter\u00e9 ocenila Zuzana \u010caputov\u00e1 za \u201emimo\u0159\u00e1dn\u00e9 z\u00e1sluhy v\u00a0boji o demokracii a lidsk\u00e1 pr\u00e1va\u201c, dostalo uzn\u00e1n\u00ed od Waffen SS. No a o p\u0159\u00ednosu eses\u00e1ck\u00fdch diviz\u00ed v\u00a0boji o Evropskou Unii dnes ji\u017e pochybuje jen pomaten\u00fd zp\u00e1te\u010dn\u00edk.<\/p>\n<p><span style=\"font-size: 18pt;\"><strong>Totalit\u011b demokratick\u00fd kab\u00e1tek nepadne. Ani s\u00a0plackami \u201eza z\u00e1sluhy o\u2026\u201c<\/strong><\/span><\/p>\n<p>Ofici\u00e1ln\u00edm zd\u016fvodn\u011bn\u00edm in memoriam ocen\u011bn\u00fdm fa\u0161ist\u016fm je ov\u0161em jejich antikomunistick\u00e1 \u010dinnost pov\u00e1le\u010dn\u00e1. Tehdy se vyzbrojeni teoretick\u00fdmi i praktick\u00fdmi znalostmi v\u00a0boji proti slovensk\u00fdm povstalc\u016fm pokou\u0161eli zorganizovat rozs\u00e1hlou s\u00ed\u0165 \u0161peh\u016f tentokr\u00e1t pro \u201ehodnoty\u201c potupn\u011b zahnan\u00e9 (do\u010dasn\u011b) za Dunaj a \u0161umavsk\u00e1 poho\u0159\u00ed. Tak\u017ee zase proti vlastn\u00edmu n\u00e1rodu, zase pro ciz\u00ed moc, ale tentokr\u00e1t i za mizernou mzdu. Odhaleni, usv\u011bd\u010deni, dostali provaz.<\/p>\n<p>A v\u00a0roce 2021 na doporu\u010den\u00ed \u00dastavu pam\u00e4ti n\u00e1roda vyznamenal protin\u00e1rodn\u00ed laure\u00e1ty poprv\u00e9 cenou Jozefa Miloslava Hurbana p\u0159edseda N\u00e1rodn\u00ed rady Slovensk\u00e9 republiky Boris Koll\u00e1r, od lep\u00e9 neoconky \u010caputov\u00e9 dostali v\u00fd\u0161e jmenovan\u00ed letos i tu cenu \u013dudov\u00edta \u0160t\u00fara.<\/p>\n<p>Hurbanova cena se ud\u011bluje \u201eosobnostem slovensk\u00e9ho spole\u010densk\u00e9ho, kulturn\u00edho a ekonomick\u00e9ho \u017eivota.\u201c Je snad ud\u00e1v\u00e1n\u00ed rodn\u00fdch dnes n\u011bco nekulturn\u00edho, vy\u017eaduj\u00edc\u00edho spole\u010densk\u00fd odsudek? Nebo je to neekonomick\u00e9?<\/p>\n<p>\u0158\u00e1d \u013dudov\u00edta \u0160t\u00fara m\u00e1 dokonce t\u0159i stupn\u011b a prezidentka \u010caputov\u00e1 se rozhodla in memoriam ocen\u011bn\u00fdm ud\u011blit hned ten nejvy\u0161\u0161\u00ed I. stupe\u0148. To jest za \u201emimo\u0159\u00e1dn\u00e9 z\u00e1sluhy o demokracii a lidsk\u00e1 pr\u00e1va, obranu a bezpe\u010dnost Slovensk\u00e9 republiky, tak\u00e9 za mimo\u0159\u00e1dn\u00e9 z\u00e1sluhy v\u00a0oblasti politiky, \u0159\u00edzen\u00ed a spr\u00e1vy st\u00e1tu\u2026\u201c, &#8211; dopustili se snad vyznamenan\u00ed n\u011b\u010deho men\u0161\u00edho?<\/p>\n<p><span style=\"font-size: 18pt;\"><strong>\u0158\u00e1d B\u00edl\u00e9ho lva v dr\u00e1pech orlice s upadnutou korunou<\/strong><\/span><\/p>\n<p>A co my? Nech\u00e1me se snad zahanbit bratry Slov\u00e1ky? Ale jist\u011b, \u017ee ne. U\u017e vrah\u016fm Ma\u0161\u00ednov\u00fdm dne\u0161n\u00ed kl\u00e1vesov\u00fd rusobijec Topol\u00e1nek vystavil coby premi\u00e9r soukrom\u011b plaketu p\u0159edsedy vl\u00e1dy a n\u00e1sledn\u011b i NATOfil Vondra jim ud\u011blil vyznamen\u00e1n\u00ed Zlat\u00e9 l\u00edpy. Dobr\u00fd po\u010dinek v\u00a0turbulentn\u00ed dob\u011b, kdy fa\u0161istick\u00fd klaun Zelenskyj adoruje v\u00e1le\u010dn\u00e9ho zlo\u010dince Banderu v\u00a0Kyjev\u011b a vyznamen\u00e1v\u00e1 mezin\u00e1rodn\u00ed rusovrahy v\u0161ech typ\u016f. U n\u00e1s pak est\u00e9b\u00e1ck\u00fd pis\u00e1lek a sou\u010dasn\u00fd velerusobijec a europoslanec \u0160t\u011btina na soci\u00e1ln\u00edch s\u00edt\u00ed tvrd\u00ed, \u017ee vra\u017ed\u00edc\u00ed nacist\u00e9 z\u00a0Azova nejsou nacist\u00e9, ale ti spr\u00e1vn\u00ed bojovn\u00edci za svobodu. A z\u00a0\u010deho tak soud\u00ed? M\u00e1 pr\u00fd \u201erozpozn\u00e1vac\u00ed schopnosti\u201c.<\/p>\n<p>Dokonal\u00e9 \u201erozpozn\u00e1vac\u00ed schopnosti\u201c mus\u00ed jist\u011b m\u00edt i n\u00e1\u0161 mil\u00fd je\u0161ita prezident Zeman. Jak jinak si vysv\u011btlit, \u017ee sice state\u010dn\u00fdm interbrigadist\u016fm po l\u00e9ta bojuj\u00edc\u00edm po boku don\u011bck\u00fdch horn\u00edk\u016f drakonick\u00e9 tresty na\u0161\u00ed protektor\u00e1tn\u00ed justice milost\u00ed nezm\u011bn\u00ed, zato 103 psychopat\u016fm abolici sl\u00edb\u00ed hnedle dop\u0159edu. Jen kdy\u017e t\u011bm ukronacist\u016fm pom\u016f\u017eou pomordovat aspo\u0148 n\u011bjak\u00e9ho toho Rusa.<\/p>\n<p>Je\u0161t\u011b \u017ee v\u00a0rozbit\u00e9m \u010ceskoslovensku je takov\u00e1 zaj\u00edmav\u00e1 tradice, kdy se \u010dasto vyznamen\u00e1v\u00e1 in memoriam tedy posmrtn\u011b. Tak \u017ee by t\u011bch p\u0159ipraven\u00fdch 103 \u0158\u00e1d\u016f B\u00edl\u00e9ho lva tak jaksi\u2026, v\u00edte, jo?&#8230; Ne tedy, \u017ee ba se snad n\u011bkomu n\u011bco nemil\u00e9ho p\u0159\u00e1lo, ale ta statistika n\u011bjak nic dobr\u00e9ho neslibuje. A \u010cesk\u00fd lev bude moci d\u00e1le ospale d\u0159\u00edmat a spisovatel\u00e9 a buditel\u00e9 Hurban se \u0160t\u00farem budou mo\u017en\u00e1 m\u00e9n\u011b v\u00a0hrobech rotovat, kdy\u017e je to v\u0161echno tedy jenom in memoriam, no\u2026.<\/p>\n<p><strong>Svatopluk Otava<\/strong><\/p>\n<p>&nbsp;<\/p>\n","protected":false},"excerpt":{"rendered":"<p>Kr\u00e1sn\u00e1 slovensk\u00e1 prezidentka Zuzana \u010caputov\u00e1 vyznamenala posmrtn\u011b t\u0159i aktivn\u00ed zpravodajce popraven\u00e9 v\u00a0r. 1951 \u0159\u00e1dem \u013dudov\u00edta&#8230;<\/p>\n","protected":false},"author":2,"featured_media":7474,"comment_status":"closed","ping_status":"closed","sticky":false,"template":"","format":"standard","meta":[],"categories":[6],"tags":[1691,113,2429,203,1255],"_links":{"self":[{"href":"https:\/\/www.infokuryr.cz\/n\/wp-json\/wp\/v2\/posts\/10749"}],"collection":[{"href":"https:\/\/www.infokuryr.cz\/n\/wp-json\/wp\/v2\/posts"}],"about":[{"href":"https:\/\/www.infokuryr.cz\/n\/wp-json\/wp\/v2\/types\/post"}],"author":[{"embeddable":true,"href":"https:\/\/www.infokuryr.cz\/n\/wp-json\/wp\/v2\/users\/2"}],"replies":[{"embeddable":true,"href":"https:\/\/www.infokuryr.cz\/n\/wp-json\/wp\/v2\/comments?post=10749"}],"version-history":[{"count":0,"href":"https:\/\/www.infokuryr.cz\/n\/wp-json\/wp\/v2\/posts\/10749\/revisions"}],"wp:featuredmedia":[{"embeddable":true,"href":"https:\/\/www.infokuryr.cz\/n\/wp-json\/wp\/v2\/media\/7474"}],"wp:attachment":[{"href":"https:\/\/www.infokuryr.cz\/n\/wp-json\/wp\/v2\/media?parent=10749"}],"wp:term":[{"taxonomy":"category","embeddable":true,"href":"https:\/\/www.infokuryr.cz\/n\/wp-json\/wp\/v2\/categories?post=10749"},{"taxonomy":"post_tag","embeddable":true,"href":"https:\/\/www.infokuryr.cz\/n\/wp-json\/wp\/v2\/tags?post=10749"}],"curies":[{"name":"wp","href":"https:\/\/api.w.org\/{rel}","templated":true}]}}