{"id":10746,"date":"2022-05-19T03:46:08","date_gmt":"2022-05-19T01:46:08","guid":{"rendered":"http:\/\/www.infokuryr.cz\/n\/?p=10746"},"modified":"2022-05-19T03:46:08","modified_gmt":"2022-05-19T01:46:08","slug":"who-jasne-vetsina-obeti-korona-pandemie-nezemrela-na-virus-ale-na-zanedbanou-peci-a-vedlejsi-nasledky-proti-epidemiologickych-opatreni","status":"publish","type":"post","link":"https:\/\/www.infokuryr.cz\/n\/2022\/05\/19\/who-jasne-vetsina-obeti-korona-pandemie-nezemrela-na-virus-ale-na-zanedbanou-peci-a-vedlejsi-nasledky-proti-epidemiologickych-opatreni\/","title":{"rendered":"WHO jasn\u011b, \u201ev\u011bt\u0161ina ob\u011bt\u00ed korona pandemie nezem\u0159ela na virus, ale na zanedbanou p\u00e9\u010di a vedlej\u0161\u00ed n\u00e1sledky proti epidemiologick\u00fdch opat\u0159en\u00ed\u2026.\u201c"},"content":{"rendered":"<div id=\"fb-root\"><\/div>\n<p><strong>Podle\u00a0<a href=\"https:\/\/www.unzensuriert.at\/content\/147803-zwei-drittel-der-corona-toten-starben-wegen-abgesagten-behandlungen\/\">vyhl\u00e1\u0161en\u00ed WHO<\/a>\u00a0(sv\u011btov\u00e1 zdravotnick\u00e1 organizace) nezem\u0159ela v\u011bt\u0161ina ofici\u00e1ln\u011b ud\u00e1van\u00fdch ob\u011bt\u00ed pandemie koronaviru na virov\u00e9 onemocn\u011bn\u00ed, ale na nedostate\u010dnou, nebo zanedbanou p\u00e9\u010di.\u00a0<\/strong>Sv\u00e9 trpk\u00e9 plody p\u0159inesla i nevhodn\u00e9 protiepidemiologick\u00e1 opat\u0159en\u00ed mnoha sv\u011btov\u00fdch vl\u00e1d.\u00a0<strong>Jedn\u00edm z p\u0159\u00edklad\u016f bylo zahlcen\u00ed zdravotnick\u00e9ho syst\u00e9mu pozitivn\u011b testovan\u00fdmi, kte\u0159\u00ed ale byli zcela zdrav\u00ed, jen m\u011bli pozitivn\u00ed pochybn\u00fd PCR test. T\u00edm se nedost\u00e1vala kapacita pro nemocn\u00e9, kte\u0159\u00ed trp\u011bli jin\u00fdmi z\u00e1va\u017en\u00fdmi obt\u00ed\u017eemi a k nim se jim p\u0159idalo virov\u00e9 onemocn\u011bn\u00ed.\u00a0<\/strong>P\u0159\u00edpadn\u011b jim byla poskytov\u00e1na prokazateln\u011b nespr\u00e1vn\u00e1 l\u00e9\u010dba jako l\u00e9ky ramdesivir, \u010di \u201eposv\u00e1tn\u00e1\u201c plicn\u00ed ventilace.<\/p>\n<p><strong>Z celkem ca 15 milion\u016f ob\u011bt\u00ed \u00fadajn\u00e9 pandemie koronaviru v\u00edce ne\u017e 2\/3 se staly ob\u011bt\u00ed v\u00fd\u0161e uveden\u00fdch syst\u00e9mov\u00fdch opat\u0159en\u00ed a chyb.<\/strong><\/p>\n<p>Zp\u011btn\u011b se tedy ukazuje, \u017ee korona pandemie nebyl probl\u00e9m prim\u00e1rn\u011b zdravotn\u00ed, ale politick\u00fd.\u00a0<strong>Politici nesou vinu za ty zbyte\u010dn\u011b zem\u0159el\u00e9 a rozvr\u00e1cen\u00e9 ekonomiky a \u017eivoty milion\u016f lid\u00ed. WHO v tom sehr\u00e1la velmi neslavnou \u00falohu!<\/strong><\/p>\n<p>To ale \u010desk\u00e9 vl\u00e1d\u011b nebr\u00e1n\u00ed v tom, aby p\u0159ipravovala dal\u0161\u00ed vlnu korona opat\u0159en\u00ed a o\u010dkov\u00e1n\u00ed experiment\u00e1ln\u00edmi vakc\u00ednami.<\/p>\n<p><a href=\"https:\/\/ceskavec.com\/2022\/05\/who-jasne-vetsina-obeti-korona-pandemie-nezemrela-na-virus-ale-na-zanedbanou-peci-a-vedlejsi-nasledky-proti-epidemiologickych-opatreni\">\u010cesk\u00e1 v\u011bc<\/a><\/p>\n<p>&nbsp;<\/p>\n<p>&nbsp;<\/p>\n","protected":false},"excerpt":{"rendered":"<p>Podle\u00a0vyhl\u00e1\u0161en\u00ed WHO\u00a0(sv\u011btov\u00e1 zdravotnick\u00e1 organizace) nezem\u0159ela v\u011bt\u0161ina ofici\u00e1ln\u011b ud\u00e1van\u00fdch ob\u011bt\u00ed pandemie koronaviru na virov\u00e9 onemocn\u011bn\u00ed, ale&#8230;<\/p>\n","protected":false},"author":2,"featured_media":1213,"comment_status":"closed","ping_status":"closed","sticky":false,"template":"","format":"standard","meta":[],"categories":[7],"tags":[1059,871,81],"_links":{"self":[{"href":"https:\/\/www.infokuryr.cz\/n\/wp-json\/wp\/v2\/posts\/10746"}],"collection":[{"href":"https:\/\/www.infokuryr.cz\/n\/wp-json\/wp\/v2\/posts"}],"about":[{"href":"https:\/\/www.infokuryr.cz\/n\/wp-json\/wp\/v2\/types\/post"}],"author":[{"embeddable":true,"href":"https:\/\/www.infokuryr.cz\/n\/wp-json\/wp\/v2\/users\/2"}],"replies":[{"embeddable":true,"href":"https:\/\/www.infokuryr.cz\/n\/wp-json\/wp\/v2\/comments?post=10746"}],"version-history":[{"count":0,"href":"https:\/\/www.infokuryr.cz\/n\/wp-json\/wp\/v2\/posts\/10746\/revisions"}],"wp:featuredmedia":[{"embeddable":true,"href":"https:\/\/www.infokuryr.cz\/n\/wp-json\/wp\/v2\/media\/1213"}],"wp:attachment":[{"href":"https:\/\/www.infokuryr.cz\/n\/wp-json\/wp\/v2\/media?parent=10746"}],"wp:term":[{"taxonomy":"category","embeddable":true,"href":"https:\/\/www.infokuryr.cz\/n\/wp-json\/wp\/v2\/categories?post=10746"},{"taxonomy":"post_tag","embeddable":true,"href":"https:\/\/www.infokuryr.cz\/n\/wp-json\/wp\/v2\/tags?post=10746"}],"curies":[{"name":"wp","href":"https:\/\/api.w.org\/{rel}","templated":true}]}}