{"id":10744,"date":"2022-05-19T03:44:34","date_gmt":"2022-05-19T01:44:34","guid":{"rendered":"http:\/\/www.infokuryr.cz\/n\/?p=10744"},"modified":"2022-05-19T03:44:34","modified_gmt":"2022-05-19T01:44:34","slug":"unikatni-zabery-tiskove-agentury-donecke-lidove-republiky-zachytily-kapitulaci-neonacistu-v-azovstalu","status":"publish","type":"post","link":"https:\/\/www.infokuryr.cz\/n\/2022\/05\/19\/unikatni-zabery-tiskove-agentury-donecke-lidove-republiky-zachytily-kapitulaci-neonacistu-v-azovstalu\/","title":{"rendered":"Unik\u00e1tn\u00ed z\u00e1b\u011bry tiskov\u00e9 agentury Don\u011bck\u00e9 lidov\u00e9 republiky zachytily kapitulaci neonacist\u016f v Azovstalu"},"content":{"rendered":"<div id=\"fb-root\"><\/div>\n<h4>Unik\u00e1tn\u00ed z\u00e1b\u011bry tiskov\u00e9 agentury Don\u011bck\u00e9 lidov\u00e9 republiky zachytily kapitulaci neonacist\u016f v Azovstalu, kterou \u017eidovsk\u00fd prezident Zelensk\u00fd vysv\u011btlil parafr\u00e1zemi z \u010dl\u00e1nku nacistick\u00e9ho listu V\u00f6lkischer Beobachter oti\u0161t\u011bn\u00e9m po por\u00e1\u017ece Paulusovy 6. arm\u00e1dy u Stalingradu! To nevymysl\u00ed\u0161! A v\u0161echny Evropany \u010dek\u00e1 \u0161ok, proto\u017ee \u0161\u00e9fka Evropsk\u00e9 komise ozn\u00e1mila, \u017ee EU bude platit Ukrajin\u011b st\u00e1tn\u00ed rozpo\u010det! Za kv\u011bten to bude 9 miliard EUR! \u00dav\u011br si vezme Evropsk\u00e1 unie na kapit\u00e1lov\u00e9m trhu v Lond\u00fdn\u011b, ale spl\u00e1cet to m\u00e1 Kyjev! Brusel m\u00e1 pr\u00fd \u201cjen\u201d ru\u010dit!<\/h4>\n<p>Ka\u017ed\u00fd den se Evropsk\u00e1 unie \u0159\u00edt\u00ed do v\u011bt\u0161\u00edch a v\u011bt\u0161\u00edch sebevra\u017eedn\u00fdch krok\u016f, a\u017e m\u00e1 \u010dlov\u011bk pocit, jestli je v\u016fbec mo\u017en\u00e9, zda tolik diletant\u016f na nejvy\u0161\u0161\u00edch postech veden\u00ed a politick\u00e9ho \u0159\u00edzen\u00ed v Evrop\u011b je n\u00e1hoda anebo je to z\u00e1m\u011br s c\u00edlem likvidace n\u00e1rodn\u00edch st\u00e1t\u016f a jejich bezedn\u00e9ho zadlu\u017een\u00ed a n\u00e1sledn\u00e9ho neviditeln\u00e9ho zprivatizov\u00e1n\u00ed do rukou nadn\u00e1rodn\u00edch korporac\u00ed a bank, jejich\u017e majiteli je rodina Rothschild\u016f z Lond\u00fdna kontroluj\u00edc\u00ed, s v\u00fdjimkou 4 zem\u00ed na sv\u011bt\u011b, v\u0161echny centr\u00e1ln\u00ed banky v\u0161ech zem\u00ed sv\u011bta. Proces rozvratu n\u00e1rodn\u00edch st\u00e1t\u016f v Evrop\u011b po roce 1989 prob\u00edh\u00e1 podle osv\u011bd\u010den\u00e9ho receptu.<\/p>\n<p>&nbsp;<\/p>\n<div id=\"rumble_v12l441\">\n<div id=\"vid_v12l441\" class=\"rumble_v12l441-Rumble-cls\" tabindex=\"-1\">\n<div class=\"bigPlayUI ctp\">\n<div class=\"bigPlayUIInner ctp\"><div class='videoWrapper'>\r\n\t            <iframe src='https:\/\/rumble.com\/embed\/pj.v12l441\/' frameborder='0' allowfullscreen><\/iframe>\r\n\t        <\/div><\/div>\n<\/div>\n<\/div>\n<\/div>\n<p>&nbsp;<\/p>\n<p><em>Z\u00e1b\u011bry Don\u011bck\u00e9 tiskov\u00e9 agentury z kapitulace neonacist\u016f Azovu v Azovstalu<\/em><\/p>\n<p><strong>Nejprve se zem\u011b o\u0161kubaj\u00ed od majetk\u016f, aby u\u017e nem\u011bly z \u010deho br\u00e1t. Ve druh\u00e9 f\u00e1zi n\u00e1sleduje hubnut\u00ed, zem\u011b se zadlu\u017e\u00ed u sionistick\u00fdch bank, a to tak, aby se z t\u011bch dluh\u016f ty zem\u011b u\u017e nikdy nevyhrabaly. A v posledn\u00ed f\u00e1zi p\u0159ich\u00e1z\u00ed vykost\u011bn\u00ed.<\/strong>\u00a0Vykost\u011bn\u00ed se od o\u0161kub\u00e1n\u00ed li\u0161\u00ed v tom, \u017ee pe\u0159\u00ed n\u00e1rod\u016f si p\u0159edstavte jako \u00faspory a aktiva. Zat\u00edmco kosti jsou u\u017e element\u00e1rn\u00ed pasiva, infrastruktura, rodinn\u00e9 domy, silnice, pozemky, \u0161koly, cel\u00e9 obce, m\u011bsta, slu\u017eby obyvatelstvu, z\u00e1kladn\u00ed funkce st\u00e1tu, d\u016fchody a hlavn\u011b lidsk\u00e9 \u017eivoty a jejich zdrav\u00ed. Ukrajina ji\u017e pro\u0161la o\u0161kub\u00e1n\u00edm i chudnut\u00edm, tak\u017ee te\u010f u\u017e je p\u0159ipraven\u00e1 na vykost\u011bn\u00ed.<\/p>\n<p>Nechce se tomu v\u011b\u0159it, ale mezi hubnut\u00edm a vykost\u011bn\u00edm nen\u00ed nijak kr\u00e1tk\u00e1 cesta, u n\u011bkter\u00fdch zdrojov\u011b a surovinov\u011b bohat\u00fdch zem\u00ed, jako je Rusko nebo pr\u00e1v\u011b Ukrajina, se ta cesta k vykost\u011bn\u00ed hled\u00e1 opravdu t\u011b\u017eko. Tak\u017ee se tomu mus\u00ed j\u00edt naproti a sionisti\u010dt\u00ed na to pou\u017e\u00edvaj\u00ed proces krizov\u00e9ho \u0159\u00edzen\u00ed. Kdy\u017e se vytvo\u0159\u00ed krize, t\u0159eba covid, nebo t\u0159eba v\u00e1lka, lze za\u010d\u00edt vykos\u0165ovat n\u00e1rody tak rychle, \u017ee si toho nejen nev\u0161imnou, ale samotn\u00e9 vl\u00e1dy t\u011bch zem\u00ed tomu jdou nad\u0161en\u011b naproti. Posledn\u00ed dva roky to byl Covid-19, ale te\u010f tu m\u00e1me pro zm\u011bnu pr\u00e1v\u011b v\u00e1lku (operaci) na Ukrajin\u011b.<\/p>\n<p>&nbsp;<\/p>\n<div id=\"rumble_v12l40f\">\n<div id=\"vid_v12l40f\" class=\"rumble_v12l40f-Rumble-cls\" tabindex=\"-1\">\n<div class=\"bigPlayUI ctp\">\n<div class=\"bigPlayUIInner ctp\"><div class='videoWrapper'>\r\n\t            <iframe src='https:\/\/rumble.com\/embed\/pj.v12l40f\/' frameborder='0' allowfullscreen><\/iframe>\r\n\t        <\/div><\/div>\n<\/div>\n<\/div>\n<\/div>\n<p>&nbsp;<\/p>\n<p><em>Z\u00e1b\u011bry z kapitulace neonacist\u016f Azovu v Azovstalu<\/em><\/p>\n<p><strong>Tady by se hodila parafr\u00e1ze slov Madeleine Albright, \u017ee Ukrajina je p\u0159\u00edli\u0161 surovinov\u011b bohat\u00e1 zem\u011b na to, aby je m\u011bla jen sama pro sebe.<\/strong>\u00a0Tento v\u00fdrok od n\u00ed p\u016fvodn\u011b zazn\u011bl o Rusku, ale plat\u00ed v parafr\u00e1zi i na Ukrajinu. A v\u00e1lka je p\u0159esn\u011b t\u00edm vykos\u0165ovac\u00edm mechanismem. Ukrajina u\u017e je o\u0161kub\u00e1na, tak\u017ee z aktiv dluhy platit nem\u016f\u017ee. Ukrajina je ji\u017e rovn\u011b\u017e zchudl\u00e1 a zadlu\u017een\u00e1. A to, co p\u0159ipravila dnes Ursula von der Leyen v Bruselu, to by si zaslou\u017eilo okam\u017eit\u00e9 vyhl\u00e1\u0161en\u00ed protest\u016f a gener\u00e1ln\u00edch st\u00e1vek po cel\u00e9 Evrop\u011b, proto\u017ee tohle je naprost\u00fd \u0161ok.<\/p>\n<h6><span style=\"font-size: 18pt;\">Brusel ze\u0161\u00edlel a bude Ukrajin\u011b platit st\u00e1tn\u00ed rozpo\u010det, za\u010dne to 9 miliardami EUR za m\u011bs\u00edc kv\u011bten!<\/span><\/h6>\n<p><strong>\u0160\u00e9fka Evropsk\u00e9 komise toti\u017e ozn\u00e1mila [<a href=\"https:\/\/href.li\/?https:\/\/www.rt.com\/news\/555699-eu-financial-aid-ukraine\/\" target=\"_blank\" rel=\"nofollow noopener\">1<\/a>], \u017ee Brusel tento m\u011bs\u00edc po\u0161le Ukrajin\u011b cca. 9 miliard EUR na pokryt\u00ed provozn\u00edho n\u00e1kladu st\u00e1tn\u00edho rozpo\u010dtu Ukrajiny!<\/strong>\u00a0Osl\u00ed\u010dku (tup\u00fd ob\u010dane EU), ot\u0159es se! Jedn\u00e1 se p\u0159itom o platbu, kter\u00e1 udr\u017e\u00ed v chodu ukrajinsk\u00fd st\u00e1tn\u00ed rozpo\u010det po dobu p\u0159\u00ed\u0161t\u00edch 30 dn\u016f. Zat\u00edm se o tom nemluv\u00ed, ale podle v\u0161eho to nebude jednor\u00e1zov\u00e1 tran\u0161e, proto\u017ee Ukrajina bude ty sam\u00e9 pen\u00edze pot\u0159ebovat i v dal\u0161\u00edch m\u011bs\u00edc\u00edch, prost\u011b m\u011bs\u00edc co m\u011bs\u00edc. A pokud by v\u00e1s zaj\u00edmalo, odkud tento \u0161\u00edlen\u00fd n\u00e1pad p\u0159i\u0161el, tak se podr\u017ete.\u00a0<strong>Brusel tyto pen\u00edze poskytne Ukrajin\u011b na z\u00e1klad\u011b podn\u011btu USA!<\/strong>\u00a0Informaci p\u0159ed chv\u00edl\u00ed p\u0159inesla rusk\u00e1 televize. Tohle nen\u00ed apr\u00edlov\u00fd vtip, tohle je zlo\u010dinn\u00e9 spiknut\u00ed Bruselu proti lidu a n\u00e1rod\u016fm v Evrop\u011b, proti kter\u00e9mu se mus\u00ed postavit.<\/p>\n<figure id=\"attachment_51746\" class=\"wp-caption aligncenter\" style=\"width: 689px;\"><a href=\"https:\/\/aeronet.news\/wp-content\/uploads\/LeyenYellen.jpg\"><img decoding=\"async\" loading=\"lazy\" class=\"wp-image-51746 \" src=\"https:\/\/aeronet.news\/wp-content\/uploads\/LeyenYellen-1024x576.jpg\" sizes=\"(max-width: 700px) 100vw, 700px\" srcset=\"https:\/\/aeronet.news\/wp-content\/uploads\/LeyenYellen-1024x576.jpg 1024w, https:\/\/aeronet.news\/wp-content\/uploads\/LeyenYellen-300x169.jpg 300w, https:\/\/aeronet.news\/wp-content\/uploads\/LeyenYellen-768x432.jpg 768w, https:\/\/aeronet.news\/wp-content\/uploads\/LeyenYellen-700x394.jpg 700w, https:\/\/aeronet.news\/wp-content\/uploads\/LeyenYellen-635x357.jpg 635w, https:\/\/aeronet.news\/wp-content\/uploads\/LeyenYellen-859x483.jpg 859w, https:\/\/aeronet.news\/wp-content\/uploads\/LeyenYellen.jpg 1280w\" alt=\"\" width=\"689\" height=\"388\" \/><\/a><figcaption class=\"wp-caption-text\">Ursula von der Leyen a Janet Yellen v Bruselu, 17. 5. 2022<\/figcaption><\/figure>\n<p><strong>Ministryn\u011b financ\u00ed USA Janet Yellenov\u00e1 v \u00fater\u00fd toti\u017e vyzvala [<a href=\"https:\/\/href.li\/?https:\/\/www.rt.com\/news\/555641-yellen-europe-pay-ukraine\/\" target=\"_blank\" rel=\"nofollow noopener\">2<\/a>] v\u0161echny spojence USA k vypl\u00e1cen\u00ed mezd a mandatorn\u00edch v\u00fddaj\u016f st\u00e1tu na Ukrajin\u011b a k obnov\u011b infrastruktury ve v\u00e1lkou zm\u00edtan\u00e9 zemi.<\/strong>\u00a0Yellenov\u00e1 prohl\u00e1sila, \u017ee miliardy dolar\u016f, kter\u00e9 ji\u017e USA a Evropa vy\u010dlenily na udr\u017een\u00ed Ukrajiny nad vodou, prost\u011b a zkr\u00e1tka nesta\u010d\u00ed, a \u017ee Kyjev bude nakonec pot\u0159ebovat \u201c<em>masivn\u00ed podporu<\/em>\u201d na \u00farovni Marshallova pl\u00e1nu po druh\u00e9 sv\u011btov\u00e9 v\u00e1lce.<\/p>\n<p>V dob\u011b, kdy se ameri\u010dt\u00ed z\u00e1konod\u00e1rci chystaj\u00ed schv\u00e1lit bal\u00ed\u010dek vojensk\u00e9 a hospod\u00e1\u0159sk\u00e9 pomoci Ukrajin\u011b a americk\u00fdm vl\u00e1dn\u00edm agentur\u00e1m, kter\u00e9 se na n\u00ed pod\u00edlej\u00ed, a to ve v\u00fd\u0161i 40 miliard dolar\u016f, vystoupila Yellenov\u00e1 v \u00fater\u00fd na Bruselsk\u00e9m ekonomick\u00e9m f\u00f3ru, aby p\u0159esv\u011bd\u010dila evropsk\u00e9 p\u0159edstavitele, aby otev\u0159eli sv\u00e9 pen\u011b\u017eenky pro Kyjev. Doslova \u0159ekla: \u201c<em>Up\u0159\u00edmn\u011b \u017e\u00e1d\u00e1m v\u0161echny na\u0161e partnery, aby se k n\u00e1m p\u0159ipojili a zv\u00fd\u0161ili svou finan\u010dn\u00ed podporu Ukrajin\u011b<\/em>,\u201d zd\u016fraznila v projevu.<\/p>\n<h6><span style=\"font-size: 18pt;\">Ameri\u010dan\u00e9 \u0159eknou \u201csko\u010d\u201d a Evropsk\u00e1 unie sko\u010d\u00ed. Kdy\u017e Kyjev p\u0159estane spl\u00e1cet, bude spl\u00e1cet EU a v\u0161ichni ob\u010dan\u00e9 zem\u00ed EU<\/span><\/h6>\n<p>Tato v\u00fdzva americk\u00e9 ministryn\u011b tedy v Bruselu zazn\u011bla v\u010dera v \u00fater\u00fd a u\u017e dnes ve st\u0159edu \u0161\u00e9fka Evropsk\u00e9 komise oznamuje, \u017ee EU po\u0161le pro tento m\u011bs\u00edc Ukrajin\u011b 9 miliard EUR. Bude se jednat tedy o bal\u00edk na mandatorn\u00ed v\u00fddaje, co\u017e jsou nejen platy st\u00e1tn\u00edch zam\u011bstnanc\u016f, l\u00e9ka\u0159\u016f, \u00fa\u0159edn\u00edk\u016f, u\u010ditel\u016f, policist\u016f a voj\u00e1k\u016f na front\u011b, ale jsou v tom p\u0159edev\u0161\u00edm a hlavn\u011b starobn\u00ed d\u016fchody. Evropsk\u00e1 unie si pen\u00edze p\u016fj\u010d\u00ed na kapit\u00e1lov\u00fdch trz\u00edch (rozum\u011bj na kapit\u00e1lov\u00e9 burze v Lond\u00fdn\u011b) a \u00fav\u011br m\u00e1 spl\u00e1cet Kyjev.<\/p>\n<p><strong>Brusel bude za \u00fav\u011br \u201cpouze\u201d ru\u010dit. Douf\u00e1m, \u017ee u\u017e tu\u0161\u00edte, kam to vede a povede.<\/strong>\u00a0Ur\u010dit\u011b si \u017eiv\u011b p\u0159edstav\u00edte, jak asi bude Ukrajina spl\u00e1cet dluhy po v\u00e1lce, jestli v\u016fbec n\u011bjak\u00e1 Ukrajina v dne\u0161n\u00ed podob\u011b je\u0161t\u011b bude, proto\u017ee den ode dne je to m\u00e9n\u011b pravd\u011bpodobn\u00e9. Proces vykost\u011bn\u00ed Ukrajiny po poskytnut\u00ed tak obrovsk\u00fdch p\u016fj\u010dek p\u016fjde opravdu na kost, a\u017e na d\u0159e\u0148 a polsk\u00fd pl\u00e1n na konfederaci Polska a Ukrajiny je opravdu jen za\u010d\u00e1tek tohoto vykos\u0165ovac\u00edho procesu. Prost\u011b z Ukrajiny nezbyde v\u016fbec nic.<\/p>\n<figure id=\"attachment_51745\" class=\"wp-caption aligncenter\" style=\"width: 695px;\"><a href=\"https:\/\/aeronet.news\/wp-content\/uploads\/JanetYellen.jpg\"><img decoding=\"async\" loading=\"lazy\" class=\"wp-image-51745 \" src=\"https:\/\/aeronet.news\/wp-content\/uploads\/JanetYellen-1024x682.jpg\" sizes=\"(max-width: 700px) 100vw, 700px\" srcset=\"https:\/\/aeronet.news\/wp-content\/uploads\/JanetYellen-1024x682.jpg 1024w, https:\/\/aeronet.news\/wp-content\/uploads\/JanetYellen-300x200.jpg 300w, https:\/\/aeronet.news\/wp-content\/uploads\/JanetYellen-768x512.jpg 768w, https:\/\/aeronet.news\/wp-content\/uploads\/JanetYellen-700x466.jpg 700w, https:\/\/aeronet.news\/wp-content\/uploads\/JanetYellen-536x357.jpg 536w, https:\/\/aeronet.news\/wp-content\/uploads\/JanetYellen-725x483.jpg 725w, https:\/\/aeronet.news\/wp-content\/uploads\/JanetYellen.jpg 1280w\" alt=\"\" width=\"695\" height=\"463\" \/><\/a><figcaption class=\"wp-caption-text\">Janet Yellen, ministryn\u011b financ\u00ed USA v Bruselu, 17. 5. 2022<\/figcaption><\/figure>\n<p>Kdy\u017e tedy nebude spl\u00e1cet Ukrajina, bude spl\u00e1cet Evropsk\u00e1 unie jako ru\u010ditel, rozum\u011bj ka\u017ed\u00fd ob\u010dan v EU bude spl\u00e1cet za Ukrajinu tyto obrovsk\u00e9 p\u016fj\u010dky. \u0158ekn\u011bte mi, kdo dal pr\u00e1vo nik\u00fdm nevolen\u00e9 Evropsk\u00e9 komisi k zadlu\u017eov\u00e1n\u00ed ob\u010dan\u016f zem\u00ed EU? To je zlo\u010din proti lidu, naprost\u00fd skand\u00e1l a m\u011bli by za to padat politick\u00e9 hlavy. Nikdo jim nedal pr\u00e1vo zadlu\u017eovat n\u00e1s a ru\u010dit za dluhy ukrajinsk\u00e9 junty! A pro\u010d m\u016f\u017eeme s jistotou mluvit o neonacistech na Ukrajin\u011b? Proto\u017ee jejich vlastn\u00ed prezident kop\u00edruje projevy a parafr\u00e1zuje v\u00fdroky z nacistick\u00e9ho pl\u00e1tku\u00a0V\u00f6lkischer Beobachter (Lidov\u00fd pozorovatel).<\/p>\n<h6><span style=\"font-size: 18pt;\">Ukrajinsk\u00fd prezident informoval o kapitulaci Azov\u00e1k\u016f parafr\u00e1zovan\u00fdmi v\u00fdroky z \u010dl\u00e1nku otisknut\u00e9ho v roce 1943 a myslel si, \u017ee si toho nikdo nev\u0161imne<\/span><\/h6>\n<p>Zelensk\u00fd toti\u017e podle rusk\u00fdch historik\u016f sv\u00e9 v\u00fdroky o kapitulaci neonacist\u016f Azovu v z\u00e1vod\u011b Azovstal v Mariupolu okop\u00edroval, kdy\u017e ji ozna\u010dil za\u00a0<strong>\u201cevakuaci hrdin\u016f\u201d prov\u00e1d\u011bnou za asistence ukrajinsk\u00fdch voj\u00e1k\u016f a ukrajinsk\u00e9 rozv\u011bdky, proto\u017ee je t\u0159eba zachr\u00e1nit \u017eivoty ukrajinsk\u00fdch hrdin\u016f a pot\u0159ebuje je \u017eiv\u00e9, aby se mohli vr\u00e1tit na Ukrajinu.<\/strong>\u00a0To je takov\u00e1 le\u017e, a\u017e si \u010dlov\u011bk \u0159\u00edk\u00e1, jak ho to napadlo. Jen\u017ee, ono ho to nenapadlo. Zji\u0161t\u011bn\u00ed historik\u016f je toti\u017e \u0161okuj\u00edc\u00ed. On prost\u011b jen zkop\u00edroval a parafr\u00e1zoval \u010dl\u00e1nek oti\u0161t\u011bn\u00fd 4. \u00fanora 1943, tedy den po kapitulaci n\u011bmeck\u00e9 6. arm\u00e1dy Wehrmachtu pod velen\u00edm poln\u00edho mar\u0161\u00e1la Friedricha Pauluse u Stalingradu. Beobachter v \u010dl\u00e1nku uvedl:<\/p>\n<p>\u201c<em><strong>Abwehr, SS, Wehrmacht, Geheime Feldpolizei a SD (n\u011bmeck\u00e1 rozv\u011bdka) zah\u00e1jily operaci na z\u00e1chranu obr\u00e1nc\u016f zablokovan\u00fdch na p\u0159edm\u011bst\u00ed Stalingradu.<\/strong><\/em><\/p>\n<p><em><strong>V\u016fdce ji\u017e p\u0159edt\u00edm vydal projev, v n\u011bm\u017e ozna\u010dil akce \u0161est\u00e9 arm\u00e1dy za \u201cstrategick\u00fd tah\u201d a zd\u016fraznil, \u017ee N\u011bmecko pot\u0159ebuje \u017eiv\u00e9 syny \u00e1rijsk\u00e9 rasy.<\/strong><\/em><\/p>\n<p><em><strong>Veden\u00ed NSDAP ve spole\u010dn\u00e9m prohl\u00e1\u0161en\u00ed zd\u016fraznilo, \u017ee bol\u0161evick\u00e1 propaganda prov\u00e1d\u00ed \u201cinforma\u010dn\u00ed operaci p\u0159ed vnit\u0159n\u00edm publikem\u201d, aby ospravedlnila evakuaci poln\u00edho mar\u0161\u00e1la Pauluse a jeho voj\u00e1k\u016f a d\u016fstojn\u00edk\u016f.<\/strong><\/em><\/p>\n<p><em><strong>P\u0159\u00edslu\u0161n\u00edci 6. arm\u00e1dy jsou nyn\u00ed humanit\u00e1rn\u00edmi koridory p\u0159ev\u00e1\u017eeni do nemocnic v Magadansk\u00e9 oblasti, aby se mohli vr\u00e1tit na \u00fazem\u00ed \u0158\u00ed\u0161e.<\/strong><\/em>\u201c<\/p>\n<p><a href=\"https:\/\/aeronet.news\/wp-content\/uploads\/BeobachterDeutschlandLebe.jpg\"><img decoding=\"async\" loading=\"lazy\" class=\"alignnone  wp-image-51742\" src=\"https:\/\/aeronet.news\/wp-content\/uploads\/BeobachterDeutschlandLebe.jpg\" sizes=\"(max-width: 737px) 100vw, 737px\" srcset=\"https:\/\/aeronet.news\/wp-content\/uploads\/BeobachterDeutschlandLebe.jpg 737w, https:\/\/aeronet.news\/wp-content\/uploads\/BeobachterDeutschlandLebe-250x300.jpg 250w, https:\/\/aeronet.news\/wp-content\/uploads\/BeobachterDeutschlandLebe-700x839.jpg 700w, https:\/\/aeronet.news\/wp-content\/uploads\/BeobachterDeutschlandLebe-298x357.jpg 298w, https:\/\/aeronet.news\/wp-content\/uploads\/BeobachterDeutschlandLebe-403x483.jpg 403w\" alt=\"\" width=\"732\" height=\"877\" \/><\/a><\/p>\n<p><em>Zelensk\u00fd sv\u00e9 v\u00fdroky o \u201cevakuaci\u201d hrdin\u016f z Azovstalu okop\u00edroval z tohoto \u010dl\u00e1nku z roku 1943<\/em><\/p>\n<p>A je to venku! Zelensk\u00fd prost\u011b jako nejv\u011bt\u0161\u00ed dobytek a n\u00e1cek si p\u0159e\u010detl \u010dl\u00e1nek v Beobachteru a jenom ho lehce poupravil. Na evakuaci (rozum\u011bj zajet\u00ed) z Mariupolu (tehdy ze Stalingradu) dohl\u00ed\u017e\u00ed ukrajinsk\u00e1 arm\u00e1da a ukrajinsk\u00e1 tajn\u00e1 slu\u017eba SBU (tehdy podle Beobachteru dohl\u00ed\u017eel Wehrmacht a tajn\u00e1 slu\u017eba Sicherheistdienst SD) a hrdinov\u00e9 byli evakuov\u00e1ni do Novoazovsku (tehdy do Magadanu), aby se mohli vr\u00e1tit na Ukrajinu (tehdy do N\u011bmecka).<\/p>\n<p>Kdyby tento \u010dl\u00e1nek v Beobachteru nevy\u0161el a nebyl publikov\u00e1n, tak by si n\u011bkdo myslel, \u017ee to Zelensk\u00fd mysl\u00ed v\u00e1\u017en\u011b a trp\u00ed deziluz\u00ed, jen\u017ee\u00a0<strong>on prost\u011b okop\u00edroval zd\u016fvodn\u011bn\u00ed kapitulace pro z\u00e1padn\u00ed tisk p\u0159esn\u011b podle mustru, jak\u00fd pou\u017eila nacistick\u00e1 propaganda v \u010dl\u00e1nku Beobachteru ze 4. \u00fanora 1943.<\/strong>\u00a0Pane\u010dku, je tohle norm\u00e1ln\u00ed? Ano, v dne\u0161n\u00ed dob\u011b v Evrop\u011b v r\u00e1mci zu\u0159\u00edc\u00ed renacifikace a pov\u00e1le\u010dn\u00e9ho revizionismu jsou takov\u00e9 v\u00fdroky evropsk\u00fdch politik\u016f \u00fapln\u011b ji\u017e norm\u00e1ln\u00ed. Oni vlezou do archivu, okop\u00edruj\u00ed \u010dl\u00e1nek z Beobachteru, uprav\u00ed dobu, \u010das a n\u00e1zvy a hotovo, jede se propaganda jako v roce 1943 po Stalingradu. A \u017ee z nacistick\u00e9ho pl\u00e1tku III. \u0158\u00ed\u0161e dnes 77 let po II. sv. v\u00e1lce kop\u00edruje prezident s \u017eidovsk\u00fdm p\u016fvodem v \u010dele Ukrajiny, to je \u00fapln\u011b to nejv\u011bt\u0161\u00ed chucpe! Zeitgeist fenom\u00e9n opakov\u00e1n\u00ed proces\u016f minulosti jako vy\u0161it\u00fd!<\/p>\n<p>-VK- \u0160\u00e9fredaktor AE News<\/p>\n<p><a href=\"https:\/\/aeronet.news\/video-unikatni-zabery-tiskove-agentury-donecke-lidove-republiky-zachytily-kapitulaci-neonacistu-v-azovstalu-kterou-zidovsky-prezident-zelensky-vysvetlil-parafrazemi-z-clanku-nacistickeho-listu\/\">ZDROJ<\/a><\/p>\n<p>&nbsp;<\/p>\n","protected":false},"excerpt":{"rendered":"<p>Unik\u00e1tn\u00ed z\u00e1b\u011bry tiskov\u00e9 agentury Don\u011bck\u00e9 lidov\u00e9 republiky zachytily kapitulaci neonacist\u016f v Azovstalu, kterou \u017eidovsk\u00fd prezident&#8230;<\/p>\n","protected":false},"author":2,"featured_media":10745,"comment_status":"closed","ping_status":"closed","sticky":false,"template":"","format":"standard","meta":[],"categories":[7],"tags":[473,1934,26,2415],"_links":{"self":[{"href":"https:\/\/www.infokuryr.cz\/n\/wp-json\/wp\/v2\/posts\/10744"}],"collection":[{"href":"https:\/\/www.infokuryr.cz\/n\/wp-json\/wp\/v2\/posts"}],"about":[{"href":"https:\/\/www.infokuryr.cz\/n\/wp-json\/wp\/v2\/types\/post"}],"author":[{"embeddable":true,"href":"https:\/\/www.infokuryr.cz\/n\/wp-json\/wp\/v2\/users\/2"}],"replies":[{"embeddable":true,"href":"https:\/\/www.infokuryr.cz\/n\/wp-json\/wp\/v2\/comments?post=10744"}],"version-history":[{"count":0,"href":"https:\/\/www.infokuryr.cz\/n\/wp-json\/wp\/v2\/posts\/10744\/revisions"}],"wp:featuredmedia":[{"embeddable":true,"href":"https:\/\/www.infokuryr.cz\/n\/wp-json\/wp\/v2\/media\/10745"}],"wp:attachment":[{"href":"https:\/\/www.infokuryr.cz\/n\/wp-json\/wp\/v2\/media?parent=10744"}],"wp:term":[{"taxonomy":"category","embeddable":true,"href":"https:\/\/www.infokuryr.cz\/n\/wp-json\/wp\/v2\/categories?post=10744"},{"taxonomy":"post_tag","embeddable":true,"href":"https:\/\/www.infokuryr.cz\/n\/wp-json\/wp\/v2\/tags?post=10744"}],"curies":[{"name":"wp","href":"https:\/\/api.w.org\/{rel}","templated":true}]}}