{"id":10727,"date":"2022-05-18T08:05:44","date_gmt":"2022-05-18T06:05:44","guid":{"rendered":"http:\/\/www.infokuryr.cz\/n\/?p=10727"},"modified":"2022-05-18T08:05:44","modified_gmt":"2022-05-18T06:05:44","slug":"welt-ceny-psenice-rostou-ale-rusko-za-to-nemuze","status":"publish","type":"post","link":"https:\/\/www.infokuryr.cz\/n\/2022\/05\/18\/welt-ceny-psenice-rostou-ale-rusko-za-to-nemuze\/","title":{"rendered":"Welt: Ceny p\u0161enice rostou, ale Rusko za to nem\u016f\u017ee"},"content":{"rendered":"<div id=\"fb-root\"><\/div>\n<p><strong>Ceny p\u0161enice ve sv\u011bt\u011b dos\u00e1hly rekordn\u00ed \u00farovn\u011b, ale uk\u00e1zalo se, \u017ee to v\u016fbec nen\u00ed Rusko, kdo vytv\u00e1\u0159\u00ed nedostatek na trhu a p\u0159isp\u00edv\u00e1 k jejich r\u016fstu, p\u00ed\u0161e n\u011bmeck\u00fd list Die Welt.\u00a0<\/strong><strong>Probl\u00e9my nast\u00e1vaj\u00ed proto, \u017ee se Indie po vln\u011b extr\u00e9mn\u00edch veder rozhodla p\u0159estat vyv\u00e1\u017eet obil\u00ed, aby se postarala o vlastn\u00ed obyvatelstvo, a tak\u00e9 proto, \u017ee boje na Ukrajin\u011b br\u00e1n\u00ed obd\u011bl\u00e1v\u00e1n\u00ed zem\u011bd\u011blsk\u00e9 p\u016fdy a v\u00fdvozu obil\u00ed ze zem\u011b.<\/strong><\/p>\n<p><span>Cena p\u0161enice vysko\u010dila na rekordn\u00ed \u00farove\u0148, p\u00ed\u0161e n\u011bmeck\u00fd list Die Welt.\u00a0V\u010detn\u011b toho, \u017ee se Indie rozhodla p\u0159estat vyv\u00e1\u017eet obil\u00ed.\u00a0Ukazuje se, \u017ee tvrzen\u00ed, \u017ee Rusko vytv\u00e1\u0159\u00ed nedostatek p\u0161enice a zvy\u0161uje ceny, je m\u00fdtus, poznamen\u00e1vaj\u00ed noviny.\u00a0Moskva v\u0161ak bude m\u00edt zisk tak jako tak, i proto, \u017ee sila Ukrajinc\u016f jsou pr\u00e1zdn\u00e1.<\/span><\/p>\n<p><span>Cem Ozdemir ze Strany zelen\u00fdch se patosu neboj\u00ed: na sch\u016fzce ministr\u016f zem\u011bd\u011blstv\u00ed nejv\u00fdznamn\u011bj\u0161\u00edch pr\u016fmyslov\u00fdch zem\u00ed G7 a se sv\u00fdm ukrajinsk\u00fdm prot\u011bj\u0161kem obvinil Rusko z pou\u017e\u00edv\u00e1n\u00ed\u00a0<\/span><i><span>&#8222;hladu jako zbran\u011b&#8220;<\/span><\/i><span>\u00a0.\u00a0N\u011bmeck\u00fd ministr vyzval Indii, aby p\u0159ehodnotila ned\u00e1vno ozn\u00e1men\u00fd z\u00e1kaz v\u00fdvozu p\u0161enice \u2013 navzdory ur\u010dit\u00e9mu pochopen\u00ed tohoto opat\u0159en\u00ed po extr\u00e9mn\u00edch teplot\u00e1ch a\u017e 50 \u00b0C:\u00a0<\/span><i><span>\u201eV Indii za\u010d\u00ednaj\u00ed b\u00fdt zjevn\u00e9 t\u00e9m\u011b\u0159 apokalyptick\u00e9 \u00fa\u010dinky klimatick\u00e9 krize.\u201c<\/span><\/i><\/p>\n<p><span>Cena p\u0161enice skute\u010dn\u011b vzrostla o 5 % a dos\u00e1hla rekordn\u00ed \u00farovn\u011b, zd\u016fraz\u0148uje Die Welt.\u00a0P\u0159i evropsk\u00e9m obchodov\u00e1n\u00ed na burze Euronext st\u00e1la tuna 435 EUR.\u00a0Zat\u00edm ale nen\u00ed jasn\u00e9, jak zm\u011bny, kter\u00e9 p\u0159inesl indick\u00fd z\u00e1kaz v\u00fdvozu, a politika Ruska ve skute\u010dnosti ovlivn\u00ed sv\u011btov\u00fd obchod.<\/span><\/p>\n<p><span>Obvin\u011bn\u00ed, \u017ee Rusko z\u00e1m\u011brn\u011b zadr\u017euje p\u0161enici, jsou podle v\u0161eho nepodlo\u017een\u00e1, alespo\u0148 ve vztahu k vlastn\u00edmu exportu, p\u00ed\u0161e n\u011bmeck\u00fd list.\u00a0Naopak: v b\u0159eznu zem\u011b vyvezla zhruba 1,7 milionu tun, co\u017e je o 0,6 milionu tun v\u00edce ne\u017e ve stejn\u00e9m m\u011bs\u00edci lo\u0148sk\u00e9ho roku.<\/span><\/p>\n<p><span>V dubnu export dokonce vzrostl na 2,1 milionu tun, uvedla agentura Bloomberg.\u00a0Rusko tak bude m\u00edt velk\u00fd prosp\u011bch z vy\u0161\u0161\u00edch cen p\u0161enice, stejn\u011b jako dosud jako exportn\u00ed zem\u011b t\u011b\u017eilo z vy\u0161\u0161\u00edch cen ropy a plynu v d\u016fsledku boj\u016f, tvrd\u00ed publikace.<\/span><\/p>\n<p><span>Glob\u00e1ln\u00ed trhy zas\u00e1hl pokles exportu p\u0159i zah\u00e1jen\u00ed rusk\u00e9 speci\u00e1ln\u00ed operace koncem \u00fanora.\u00a0To v\u0161ak lze vysv\u011btlit\u00a0<\/span><i><span>\u201eprobl\u00e9my financov\u00e1n\u00ed a logistiky,\u201c<\/span><\/i><span>\u00a0analyzuje Bloomberg.\u00a0Ru\u0161t\u00ed obchodn\u00edci i zahrani\u010dn\u00ed firmy p\u0159itom ze zem\u011b vyv\u00e1\u017eeli v\u00edce ne\u017e d\u0159\u00edve.<\/span><\/p>\n<p><span>A kone\u010dn\u011b, zem\u011bd\u011blstv\u00ed se sankce net\u00fdkaj\u00ed.\u00a0St\u00e1t se nav\u00edc st\u00e1le v\u00edce anga\u017euje v kl\u00ed\u010dov\u00e9m odv\u011btv\u00ed, a to v\u00edce ne\u017e kompenzuje skepsi zahrani\u010dn\u00edch investor\u016f.<\/span><\/p>\n<p><span>Exportn\u00ed ztr\u00e1ty z Ukrajiny v\u0161ak byly patrn\u00e9, proto\u017ee Rusko blokuje p\u0159\u00edstavy, kter\u00fdmi dosud proch\u00e1zela v\u011bt\u0161ina exportu.\u00a0Podle Die Welt le\u017e\u00ed 20 milion\u016f tun obil\u00ed na skaldech Ukrajiny a jen pomalu se vyv\u00e1\u017eej\u00ed po \u017eeleznici. Rostouc\u00ed export z Ruska v\u0161ak nazna\u010duje, \u017ee dopad na sv\u011btov\u00fd obchod s p\u0161enic\u00ed je sp\u00ed\u0161e vedlej\u0161\u00ed \u0161kodou ne\u017e \u00fa\u010delem t\u00e9to blok\u00e1dy.<\/span><\/p>\n<p><span>Nep\u0159\u00e1telsk\u00e9 akce nav\u00edc nevyhnuteln\u011b ovlivn\u00ed obdob\u00ed set\u00ed na v\u00fdchodn\u00ed Ukrajin\u011b.\u00a0P\u0159esto se tam zpracovalo v\u00edce pol\u00ed, ne\u017e se na za\u010d\u00e1tku b\u0159ezna ob\u00e1valo.<\/span><\/p>\n<p><span>V p\u0159\u00edpad\u011b Indie jsou kontroverzn\u00ed i d\u016fsledky z\u00e1kazu v\u00fdvozu, kter\u00fd m\u00e1 zajistit z\u00e1sobov\u00e1n\u00ed obyvatel zem\u011b p\u0161enic\u00ed.\u00a0\u00d6zdemir o v\u00edkendu ve Stuttgartu kritizoval indickou vl\u00e1du za zvy\u0161uj\u00edc\u00ed se kol\u00eds\u00e1n\u00ed cen pro vlastn\u00ed farm\u00e1\u0159e, kte\u0159\u00ed by mohli ztratit schopnost vyv\u00e1\u017eet obil\u00ed.<\/span><\/p>\n<p><span>Indick\u00e1 vl\u00e1da v\u0161ak zd\u016fraznila, \u017ee v\u00fdvoz bude st\u00e1le mo\u017en\u00fd se zvl\u00e1\u0161tn\u00edm povolen\u00edm.\u00a0Pokra\u010dovat mus\u00ed nap\u0159\u00edklad export do Egypta, kter\u00fd z\u00e1vis\u00ed na spolehliv\u00fdch dod\u00e1vk\u00e1ch.<\/span><\/p>\n<p><span>Indie je na druh\u00e9m m\u00edst\u011b na sv\u011bt\u011b v produkci p\u0161enice a lo\u0148sk\u00e1 \u00faroda 110 milion\u016f tun daleko p\u0159evy\u0161ovala dom\u00e1c\u00ed popt\u00e1vku, uv\u00e1d\u00ed \u010dl\u00e1nek.<\/span><\/p>\n<p><span>Proto Bread for the World podpo\u0159il rozhodnut\u00ed Dill\u00ed.\u00a0<\/span><i><span>&#8222;To je opr\u00e1vn\u011bn\u00e9 pouze tehdy, pokud chce indick\u00e1 vl\u00e1da zabr\u00e1nit hladomoru ve sv\u00e9 vlastn\u00ed zemi t\u00edm, \u017ee zastav\u00ed v\u00fdvoz,<\/span><\/i><span> &#8220; \u0159ekl Francisco Mari, sv\u011btov\u00fd kooper\u00e1tor pro potravinov\u00e9 z\u00e1le\u017eitosti v Protestant Relief Agency. Kritizoval tak\u00e9 ministra zem\u011bd\u011blstv\u00ed:\u00a0<\/span><i><span>\u201eM\u016f\u017eu jen kroutit hlavou nad t\u00edm, jak pan Ozdemir \u00fato\u010d\u00ed na Indii, a\u010dkoli samy zem\u011b G7 by mohly poskytnout dal\u0161\u00ed miliony tun p\u0161enice, nap\u0159\u00edklad pou\u017eit\u00edm men\u0161\u00edho mno\u017estv\u00ed obil\u00ed jako potravy zv\u00ed\u0159at\u016fm.&#8220;<span id=\"span-copy\"><\/p>\n<p><img decoding=\"async\" loading=\"lazy\" class=\"alignnone size-full wp-image-1185\" src=\"http:\/\/www.infokuryr.cz\/n\/wp-content\/uploads\/2021\/04\/kuryr-podpis.png\" alt=\"\" width=\"84\" height=\"24\" \/><br \/>\n<\/span><\/span><\/i><span id=\"span-copy\"><\/span><\/p>\n<p>&nbsp;<\/p>\n","protected":false},"excerpt":{"rendered":"<p>Ceny p\u0161enice ve sv\u011bt\u011b dos\u00e1hly rekordn\u00ed \u00farovn\u011b, ale uk\u00e1zalo se, \u017ee to v\u016fbec nen\u00ed Rusko,&#8230;<\/p>\n","protected":false},"author":2,"featured_media":8942,"comment_status":"closed","ping_status":"closed","sticky":false,"template":"","format":"standard","meta":[],"categories":[7],"tags":[1907,1941,350,2006,276,1472],"_links":{"self":[{"href":"https:\/\/www.infokuryr.cz\/n\/wp-json\/wp\/v2\/posts\/10727"}],"collection":[{"href":"https:\/\/www.infokuryr.cz\/n\/wp-json\/wp\/v2\/posts"}],"about":[{"href":"https:\/\/www.infokuryr.cz\/n\/wp-json\/wp\/v2\/types\/post"}],"author":[{"embeddable":true,"href":"https:\/\/www.infokuryr.cz\/n\/wp-json\/wp\/v2\/users\/2"}],"replies":[{"embeddable":true,"href":"https:\/\/www.infokuryr.cz\/n\/wp-json\/wp\/v2\/comments?post=10727"}],"version-history":[{"count":0,"href":"https:\/\/www.infokuryr.cz\/n\/wp-json\/wp\/v2\/posts\/10727\/revisions"}],"wp:featuredmedia":[{"embeddable":true,"href":"https:\/\/www.infokuryr.cz\/n\/wp-json\/wp\/v2\/media\/8942"}],"wp:attachment":[{"href":"https:\/\/www.infokuryr.cz\/n\/wp-json\/wp\/v2\/media?parent=10727"}],"wp:term":[{"taxonomy":"category","embeddable":true,"href":"https:\/\/www.infokuryr.cz\/n\/wp-json\/wp\/v2\/categories?post=10727"},{"taxonomy":"post_tag","embeddable":true,"href":"https:\/\/www.infokuryr.cz\/n\/wp-json\/wp\/v2\/tags?post=10727"}],"curies":[{"name":"wp","href":"https:\/\/api.w.org\/{rel}","templated":true}]}}