{"id":10658,"date":"2022-05-16T01:12:19","date_gmt":"2022-05-15T23:12:19","guid":{"rendered":"http:\/\/www.infokuryr.cz\/n\/?p=10658"},"modified":"2022-05-15T19:27:25","modified_gmt":"2022-05-15T17:27:25","slug":"o-filmu-zit-a-umirat-v-donbasu","status":"publish","type":"post","link":"https:\/\/www.infokuryr.cz\/n\/2022\/05\/16\/o-filmu-zit-a-umirat-v-donbasu\/","title":{"rendered":"O filmu \u201e\u017d\u00edt a um\u00edrat v Donbasu\u201c"},"content":{"rendered":"<div id=\"fb-root\"><\/div>\n<p><strong>\u201e\u017d\u00edt a um\u00edrat na Donbasu\u201c je n\u00e1zev nov\u00e9ho dokumentu filma\u0159e Wilhelma Domke-Schulze.\u00a0Div\u00e1k je vta\u017een do krut\u00e9 reality v\u00e1lky na Ukrajin\u011b, kter\u00e1 trv\u00e1 od roku 2014.\u00a0Film byl prom\u00edt\u00e1n v p\u00e1tek v Kol\u00edn\u011b nad R\u00fdnem.<\/strong><\/p>\n<p>V p\u00e1tek ve\u010der pozvala diskusn\u00ed skupina Nachdenkseiten Cologne na prom\u00edt\u00e1n\u00ed nov\u00e9ho dokumentu \u201e\u017d\u00edt a um\u00edrat na Donbasu\u201c.\u00a0Div\u00e1ci byli vta\u017eeni do krut\u00e9 reality pu\u010de na Majdanu a prob\u00edhaj\u00edc\u00ed v\u00e1lky na Ukrajin\u011b od roku 2014.<\/p>\n<p>Dokumentarista Wilhelm Domke-Schulz vystudoval filmovou a televizn\u00ed v\u011bdu na Babelsberg Film School v dob\u011b NDR.\u00a0Vzhledem ke sv\u00e9mu politick\u00e9mu p\u016fvodu a sp\u0159\u00edzn\u011bnosti s Ruskem orientuje t\u00e9mata a styl sv\u00fdch dokument\u016f k estetice sov\u011btsk\u00fdch film\u016f.<\/p>\n<p>Chcete-li pochopit, jak se politick\u00e1 situace a eskalace n\u00e1sil\u00ed na Ukrajin\u011b od roku 2014 vyv\u00edjela a jak\u00e9 z\u00e1jmy v tom hraj\u00ed roli, film \u201e\u00a0<a href=\"https:\/\/odysee.com\/@DruschbaFM:4\/leben_und_sterben_im_donbass-(1080p):f\" target=\"_blank\" rel=\"noopener noreferrer\">\u017d\u00edt a um\u00edrat na Donbasu<\/a>\u00a0\u201c v\u00e1m poskytne p\u0159ekvapiv\u00e9 shrnut\u00ed ud\u00e1lost\u00ed od r.\u00a0Povst\u00e1n\u00ed na Majdanu v Kyjev\u011b a pu\u010d proti ukrajinsk\u00e9 vl\u00e1d\u011b.<\/p>\n<p><strong>Film nen\u00ed pro slab\u00e9 povahy:<\/strong> dokument obsahuje velk\u00e9 mno\u017estv\u00ed origin\u00e1ln\u00edch z\u00e1b\u011br\u016f z ozbrojen\u00fdch boj\u016f, kter\u00e9 poskytuj\u00ed pravdiv\u00fd obraz vra\u017eedn\u00e9 ob\u010dansk\u00e9 v\u00e1lky.\u00a0Aby bylo mo\u017en\u00e9 objasnit ud\u00e1losti, od odtr\u017een\u00ed Krymu po odtr\u017een\u00ed Donbasu, je t\u0159eba tyto sn\u00edmky uk\u00e1zat a p\u0159ijmout.<\/p>\n<p>\u010c\u00e1ste\u010dn\u011b chronologick\u00fd sest\u0159ih hr\u016fzn\u00fdch ud\u00e1lost\u00ed umo\u017e\u0148uje div\u00e1kovi postupn\u011b pochopit, pro\u010d se Krym\u0161t\u00ed po Majdanu a po vyzbrojen\u00ed pravicov\u011b extremistick\u00fdch organizac\u00ed a vra\u017ed\u011bn\u00ed lid\u00ed rusk\u00e9ho p\u016fvodu nakonec rozhodli pro referendum.\u00a0V souladu s t\u00edm bylo odtr\u017een\u00ed Krymu \u0159\u00edzeno protirusk\u00fdmi ukrajinsk\u00fdmi teroristick\u00fdmi gangy, dalo by se \u0159\u00edci jejich pogromy, a nikoli Vladimirem Putinem, jak tvrd\u00ed mainstream.<\/p>\n<p>Film tak\u00e9 vysv\u011btluje, pro\u010d byli obyvatel\u00e9 Donbasu znepokojeni t\u00edm, \u017ee n\u00e1sil\u00ed a bezpr\u00e1v\u00ed, kter\u00e9 panovalo na velk\u00e9 \u010d\u00e1sti z\u00e1padn\u00ed Ukrajiny po Majdanu, se \u0161\u00ed\u0159\u00ed d\u00e1le na v\u00fdchod.\u00a0Jako roz\u0161\u00ed\u0159en\u00ed pu\u010distick\u00e9 vl\u00e1dy zp\u016fsobily loupe\u017eiv\u00e9 ozbrojen\u00e9 gangy zmatek a d\u011bsily lidi po cel\u00e9 zemi.<\/p>\n<p>Fotografie ukazuj\u00ed, jak se obyvatel\u00e9 Donbasu narozen\u00ed v Rusku vydali b\u011bhem povst\u00e1n\u00ed do Kyjeva a zorganizovali tam antimajdan.\u00a0Toto nebylo vyl\u00ed\u010deno v hlavn\u00edm proudu.\u00a0To v\u0161ak v kone\u010dn\u00e9m d\u016fsledku nemohlo zastavit rozvoj podm\u00ednek bez lidsk\u00fdch pr\u00e1v na Ukrajin\u011b.<\/p>\n<p>Jako div\u00e1k pak lze velmi p\u016fsobiv\u011b pochopit, pro\u010d se lid\u00e9 na Donbasu za\u010dali organizovat, aby ve sv\u00e9 oblasti udr\u017eeli pr\u00e1vo a po\u0159\u00e1dek.\u00a0Znepokojiv\u00e9 jsou zejm\u00e9na p\u016fvodn\u00ed nahr\u00e1vky \u00fatoku na lidi v budov\u011b odbor\u016f v Od\u011bse a bombov\u00e9ho \u00fatoku na popul\u00e1rn\u00edho lidov\u00e9ho p\u0159edstavitele Don\u011bck\u00e9 lidov\u00e9 republiky Alexandra Zachar\u010denka.<\/p>\n<p>Od roku 2014 si obyvatel\u00e9 Donbasu z\u0159\u00edzen\u00edm vlastn\u00edch spr\u00e1vn\u00edch struktur zaji\u0161\u0165uj\u00ed, \u017ee jejich region je spravov\u00e1n demokratick\u00fdmi silami.\u00a0Volbami legitimizovan\u00e1 krajsk\u00e1 samospr\u00e1va byla tak\u00e9 hlavn\u00edm d\u016fvodem, pro\u010d Kyjev od roku 2014 krom\u011b vyu\u017eit\u00ed neleg\u00e1ln\u011b ozbrojen\u00fdch teroristick\u00fdch skupin podnik\u00e1 na Donbasu vojensk\u00e9 z\u00e1sahy proti vlastn\u00edm ob\u010dan\u016fm.<\/p>\n<p>Film ukazuje, jak se ob\u010dan\u00e9 samozvan\u00fdch lidov\u00fdch republik Don\u011bck a Lugansk posledn\u00edch osm let br\u00e1n\u00ed proti neleg\u00e1ln\u011b ozbrojen\u00fdm jednotk\u00e1m a ukrajinsk\u00e9 arm\u00e1d\u011b za cenu velk\u00fdch civiln\u00edch ob\u011bt\u00ed.\u00a0Opakovan\u011b \u017e\u00e1dali o podporu ruskou vl\u00e1du.\u00a0Mnoho obyvatel u\u017e l\u00e9ta douf\u00e1, \u017ee Donbass bude p\u0159ipojen k Rusk\u00e9 federaci.<\/p>\n<p>Rusko dlouho v\u00e1halo.\u00a0V z\u00e1v\u011bru sn\u00edmek vysv\u011btluje i n\u011bkter\u00e9 d\u016fvody, kter\u00e9 vedly k sou\u010dasn\u00e9mu vojensk\u00e9mu z\u00e1sahu Rusk\u00e9 federace na Ukrajin\u011b.\u00a0Krom\u011b obraz\u016f bitev a zk\u00e1zy z krvav\u00e9 ob\u010dansk\u00e9 v\u00e1lky jsou dramatick\u00e9 ud\u00e1losti vysv\u011btlov\u00e1ny tak\u00e9 prost\u0159ednictv\u00edm rozhovor\u016f s lidmi z posti\u017een\u00fdch oblast\u00ed. V neposledn\u00ed \u0159ad\u011b se o to, \u017ee se v\u00e1m tato scen\u00e1ria dostane pod k\u016f\u017ei, postar\u00e1 i vyj\u00e1d\u0159en\u00ed t\u011bch p\u0159\u00edmo posti\u017een\u00fdch.<\/p>\n<p>V rozhovoru pro m\u00e9dia\u00a0Wilhelm Domke-Schulz uvedl, \u017ee publikum bylo po filmu n\u011bkdy opravdu \u0161okov\u00e1no.\u00a0Ostatn\u011b to, co se zde prezentuje, je opak toho, co n\u00e1m mainstream o situaci na Ukrajin\u011b posledn\u00edch osm let \u0159\u00edk\u00e1.\u00a0A opak toho, co o tom tvrdili z\u00e1padn\u00ed politici.\u00a0Film proto mohl r\u00e1zem ot\u0159\u00e1st d\u016fv\u011brou lid\u00ed ve vlastn\u00ed vl\u00e1du, zejm\u00e9na mezi lidmi, kte\u0159\u00ed se dosud nezab\u00fdvali jin\u00fdm pohledem.<\/p>\n<p>Smyslem sn\u00edmk\u016f je v\u0161ak pr\u00e1v\u011b konfrontace div\u00e1k\u016f s realitou, kterou jim mainstream a politika taj\u00ed.<\/p>\n<p><strong><em>&#8222;Film kaz\u00ed pohled na sv\u011bt &#8211; k tomu byl nato\u010den.&#8220;<\/em><\/strong><\/p>\n<p>Krom\u011b n\u011bmeck\u00e9 verze ji\u017e existuje i rusk\u00e1 verze dokumentu. \u0160pan\u011blsk\u00e1 a anglick\u00e1 verze se p\u0159ipravuje.\u00a0Zat\u00edmco n\u011bmeck\u00e1 kulturn\u00ed sc\u00e9na film ignoruje, oba dokumenty \u201eRemember Odessa\u201c a \u201e\u017divot a smrt na Donbasu\u201c budou brzy uvedeny na filmov\u00e9m festivalu v Sevastopolu.<\/p>\n<p>Wilhelm Domke-Schulz douf\u00e1, \u017ee jeho aktu\u00e1ln\u00ed\u00a0<a href=\"https:\/\/odysee.com\/@DruschbaFM:4\/leben_und_sterben_im_donbass-(1080p):f\" target=\"_blank\" rel=\"noopener noreferrer\">film<\/a>\u00a0\u00a0bude m\u00edt v N\u011bmecku co nej\u0161ir\u0161\u00ed dosah prost\u0159ednictv\u00edm doporu\u010den\u00ed na soci\u00e1ln\u00edch s\u00edt\u00edch.<\/p>\n<p style=\"text-align: center;\"><strong><span style=\"font-size: 24pt;\">Rusk\u00e1 verze filmu\u00a0<a href=\"https:\/\/odysee.com\/@%D0%93%D0%BE%D0%BB%D0%BE%D1%81%D0%93%D0%B5%D1%80%D0%BC%D0%B0%D0%BD%D0%B8%D0%B8:3\/+18!-%D0%B4%D0%BE%D0%BA%D1%83%D0%BC%D0%B5%D0%BD%D1%82%D0%B0%D0%BB%D1%8C%D0%BD%D1%8B%D0%B9:1\">ZDE<\/a><\/span><\/strong><\/p>\n<p style=\"text-align: center;\"><strong><span style=\"font-size: 24pt;\">N\u011bmeck\u00e1 verze filmu\u00a0<a href=\"https:\/\/odysee.com\/@DruschbaFM:4\/leben_und_sterben_im_donbass-(1080p):f\">ZDE<\/a><\/span><\/strong><\/p>\n<p><img decoding=\"async\" loading=\"lazy\" class=\"alignnone size-full wp-image-1185\" src=\"http:\/\/www.infokuryr.cz\/n\/wp-content\/uploads\/2021\/04\/kuryr-podpis.png\" alt=\"\" width=\"84\" height=\"24\" \/><\/p>\n<p>&nbsp;<\/p>\n","protected":false},"excerpt":{"rendered":"<p>\u201e\u017d\u00edt a um\u00edrat na Donbasu\u201c je n\u00e1zev nov\u00e9ho dokumentu filma\u0159e Wilhelma Domke-Schulze.\u00a0Div\u00e1k je vta\u017een do&#8230;<\/p>\n","protected":false},"author":2,"featured_media":9730,"comment_status":"closed","ping_status":"closed","sticky":false,"template":"","format":"standard","meta":[],"categories":[7],"tags":[64,1061,947,1551,155,26,889],"_links":{"self":[{"href":"https:\/\/www.infokuryr.cz\/n\/wp-json\/wp\/v2\/posts\/10658"}],"collection":[{"href":"https:\/\/www.infokuryr.cz\/n\/wp-json\/wp\/v2\/posts"}],"about":[{"href":"https:\/\/www.infokuryr.cz\/n\/wp-json\/wp\/v2\/types\/post"}],"author":[{"embeddable":true,"href":"https:\/\/www.infokuryr.cz\/n\/wp-json\/wp\/v2\/users\/2"}],"replies":[{"embeddable":true,"href":"https:\/\/www.infokuryr.cz\/n\/wp-json\/wp\/v2\/comments?post=10658"}],"version-history":[{"count":1,"href":"https:\/\/www.infokuryr.cz\/n\/wp-json\/wp\/v2\/posts\/10658\/revisions"}],"predecessor-version":[{"id":10659,"href":"https:\/\/www.infokuryr.cz\/n\/wp-json\/wp\/v2\/posts\/10658\/revisions\/10659"}],"wp:featuredmedia":[{"embeddable":true,"href":"https:\/\/www.infokuryr.cz\/n\/wp-json\/wp\/v2\/media\/9730"}],"wp:attachment":[{"href":"https:\/\/www.infokuryr.cz\/n\/wp-json\/wp\/v2\/media?parent=10658"}],"wp:term":[{"taxonomy":"category","embeddable":true,"href":"https:\/\/www.infokuryr.cz\/n\/wp-json\/wp\/v2\/categories?post=10658"},{"taxonomy":"post_tag","embeddable":true,"href":"https:\/\/www.infokuryr.cz\/n\/wp-json\/wp\/v2\/tags?post=10658"}],"curies":[{"name":"wp","href":"https:\/\/api.w.org\/{rel}","templated":true}]}}