{"id":10638,"date":"2022-05-15T04:59:07","date_gmt":"2022-05-15T02:59:07","guid":{"rendered":"http:\/\/www.infokuryr.cz\/n\/?p=10638"},"modified":"2022-05-15T04:59:07","modified_gmt":"2022-05-15T02:59:07","slug":"o-cem-zapadni-verejnost-nesmi-vedet-druha-svetova-valka-pry-neskoncila","status":"publish","type":"post","link":"https:\/\/www.infokuryr.cz\/n\/2022\/05\/15\/o-cem-zapadni-verejnost-nesmi-vedet-druha-svetova-valka-pry-neskoncila\/","title":{"rendered":"O \u010dem z\u00e1padn\u00ed ve\u0159ejnost nesm\u00ed v\u011bd\u011bt: Druh\u00e1 sv\u011btov\u00e1 v\u00e1lka pr\u00fd neskon\u010dila"},"content":{"rendered":"<div id=\"fb-root\"><\/div>\n<div id=\"ArticleTop\">\n<h2>Alespo\u0148 podle Banderovc\u016f, kte\u0159\u00ed postupn\u011b zcela ovl\u00e1dli Ukrajinu. Jedin\u00fd c\u00edl: Nav\u00e1zat na Hitlera. Vymazat Rusko. CIA p\u0159ipravila. Putin do toho hodil vidle<\/h2>\n<p class=\"clkPerex\"><strong><a class=\"clkAutor\" href=\"https:\/\/protiproud.info\/autor\/thierry-meyssan.htm\">THIERRY MEYSSAN<\/a> objas\u0148uje, pro\u010d banderovsk\u00e1 v\u011btev SS nest\u00e1la p\u0159ed tribun\u00e1lem v Norimberku, a dokazuje, \u017ee USA s n\u00ed dlouh\u00e1 leta pracovaly a pracuj\u00ed dodnes jako se svou pa\u017e\u00ed, kter\u00e1 m\u016f\u017ee vyvolat T\u0159et\u00ed sv\u011btovou v\u00e1lku<\/strong><\/p>\n<\/div>\n<div id=\"Article\">\n<p>Propaganda NATO se sna\u017e\u00ed bgatelizovat p\u0159\u00edtomnost neonacist\u016f na Ukrajin\u011b t\u00edm, \u017ee ji srovn\u00e1v\u00e1 s\u00a0\u00fadajn\u011b podobn\u00fdmi skupinami na Z\u00e1pad\u011b. Pravda je zcela jin\u00e1. Banderist\u00e9 za posledn\u00edch 30 let postupn\u011b ovl\u00e1dli zemi, p\u0159episovali historii, cvi\u010dili ml\u00e1de\u017e, a nakonec zm\u011bnili i v\u0161echny symboly st\u00e1tu. Indoktrinovali nejm\u00e9n\u011b t\u0159etinu populace a p\u0159edstavuj\u00ed v\u00edce ne\u017e t\u0159etinu ozbrojen\u00fdch sil. Jejich hlavn\u00edm c\u00edlem je zni\u010dit Rusko, o co\u017e se sna\u017e\u00ed s pomoc\u00ed sionist\u016f.<\/p>\n<p><em><img decoding=\"async\" loading=\"lazy\" class=\"aligncenter\" title=\"PP\" src=\"http:\/\/protiproud.azurewebsites.net\/images\/textiky\/banderos.jpg\" alt=\"pp\" width=\"691\" height=\"518\" \/><\/em><\/p>\n<p>P\u0159i pr\u00e1ci pro CIA v roce 1950 v\u00e1le\u010dn\u00fd zlo\u010dinec Stepan Bandera napsal:<em>\u00a0\u201eObecn\u00e1 linie na\u0161\u00ed osvobozeneck\u00e9 politiky je zalo\u017eena na skute\u010dnosti, \u017ee boj za nez\u00e1visl\u00fd ukrajinsk\u00fd st\u00e1t je bojem proti Rusku. Nejen proti bol\u0161evismu, ale i proti rusk\u00e9mu imperialismu, kter\u00fd byl typick\u00fd pro v\u0161echen rusk\u00fd lid. Rusk\u00fd lid tento imperialismus podporuje a ud\u011bl\u00e1 v\u0161e pro to, aby Ukrajina z\u016fstala zotro\u010den\u00e1. To se projevuje v politick\u00e9m my\u0161len\u00ed a c\u00edt\u011bn\u00ed v\u0161ech rusk\u00fdch kruh\u016f, komunistick\u00fdch i antibol\u0161evick\u00fdch.\u201c<\/em><\/p>\n<p>Britsk\u00e1 tajn\u00e1 slu\u017eba MI6 a americk\u00e1 CIA vytvo\u0159ily b\u011bhem studen\u00e9 v\u00e1lky s ukrajinsk\u00fdmi banderisty spojenectv\u00ed. M\u00edsto aby byli souzeni v\u00a0Norimberku, kam jednozna\u010dn\u011b pat\u0159ili, stali se pro n\u011b st\u00ednov\u00fdmi voj\u00e1ky, kte\u0159\u00ed svou protiruskou posedlost te\u010f mohli provozovat ve jejich slu\u017eb\u00e1ch.<\/p>\n<p>Chceme-li pochopit podstatu toho, co se pr\u00e1v\u011b odehr\u00e1v\u00e1, mus\u00edme v\u011bd\u011bt, co se z\u00e1padn\u00ed ve\u0159ejnosti d\u016fsledn\u011b taj\u00ed: Toti\u017e jak se tito fanatici zmocnili Ukrajiny, pot\u00e9 ji ovl\u00e1dli a jakkoli to mnoh\u00fdm m\u016f\u017ee zn\u00edt fantasticky, de facto jako jedin\u00ed z\u00a0pora\u017een\u00fdch pokra\u010dovali ve druh\u00e9 sv\u011btov\u00e9 v\u00e1lce proti Rusku. V roce 2000 se tito zb\u011bsilci zm\u011bnili z pomocn\u00fdch sil na americk\u00e9 \u0161okov\u00e9 jednotky a se sionisty uzav\u0159eli pakt proti Rusku. Pr\u00e1v\u011b tento pakt vedl k sou\u010dasn\u00e9 v\u00e1lce.<\/p>\n<h2>Banderist\u00e9 zevnit\u0159 i zven\u010d\u00ed<\/h2>\n<p>Kdy\u017e Sov\u011btsk\u00fd svaz na po\u010d\u00e1tku devades\u00e1t\u00fdch let zakol\u00edsal, banderit\u0161t\u00ed v\u016fdci vystoupili ze st\u00ednu do hlavn\u00edho proudu. N\u011bkte\u0159\u00ed z nich p\u0159e\u017eili druhou sv\u011btovou v\u00e1lku a obdob\u00ed nepokoj\u016f, kter\u00e9 n\u00e1sledovaly (1945-50). V roce 1954 jim ud\u011blil milost Nikita Chru\u0161\u010dov (sov\u011btsk\u00fd v\u016fdce ukrajinsk\u00e9ho p\u016fvodu, kter\u00fd rovn\u011b\u017e p\u0159ipojil rusk\u00fd Krym k\u00a0Ukrajin\u011b) a integroval je do syst\u00e9mu. Vstoupili do komunistick\u00e9 spr\u00e1vy, udr\u017eeli si v\u0161ak vazby mezi sebou navz\u00e1jem a s vn\u011bj\u0161\u00edmi banderisty z Antibol\u0161evick\u00e9ho bloku n\u00e1rod\u016f (ABN) a Sv\u011btov\u00e9 antikomunistick\u00e9 ligy (WACL).<\/p>\n<p>Zat\u00edmco Gorba\u010dovem oslaben\u00fd SSSR kol\u00edsal, hrstka student\u016f, z nich\u017e n\u011bkte\u0159\u00ed byli banderist\u00e9, zorganizovala v \u0159\u00edjnu 1990 na n\u00e1m\u011bst\u00ed Majdan (tehdy je\u0161t\u011b \u201eN\u00e1m\u011bst\u00ed \u0159\u00edjnov\u00e9 revoluce\u201c) hnut\u00ed proti jak\u00e9koli form\u011b spojen\u00ed s Ruskem. Tomu se za\u010dalo \u0159\u00edkat \u201e\u017eulov\u00e1 revoluce\u201c; obdob\u00ed velk\u00e9ho intelektu\u00e1ln\u00edho zmatku. V t\u00e9 dob\u011b mnoho Ukrajinc\u016f neuva\u017eovalo o tom, \u017ee se Rusov\u00e9 cht\u011bj\u00ed osvobodit od sov\u011btsk\u00e9ho re\u017eimu tak jako oni. Mnoz\u00ed p\u0159ijali tezi, \u017ee SSSR je jen formou rusk\u00e9ho imperialismu a \u017ee Rusov\u00e9 cht\u011bj\u00ed zni\u010dit jejich zemi.<\/p>\n<p>Kdy\u017e Ukrajina 24. srpna 1991 vyhl\u00e1sila nez\u00e1vislost, banderist\u00e9 vy\u0161li zcela otev\u0159en\u011b ze st\u00ednu. Neprezentovali se jako b\u00fdval\u00ed spolupracovn\u00edci nacist\u016f, kte\u0159\u00ed se dopustili zlo\u010din\u016f proti lidskosti, ale jako \u201enacionalist\u00e9\u201c a protisov\u011bt\u0161t\u00ed militanti. Poda\u0159ilo se jim p\u0159im\u011bt mlad\u00e9 brance, aby podepsali dokument, v n\u011bm\u017e se zavazuj\u00ed v\u00a0p\u0159\u00edpad\u011b konfliktu k boji proti Rusku. Poda\u0159ilo se jim tak\u00e9 v roce 1992 zorganizovat sedmitis\u00edcovou demonstraci v ulic\u00edch hlavn\u00edho m\u011bsta na oslavu 70. v\u00fdro\u010d\u00ed banderitsk\u00e9 arm\u00e1dy \u2013 tentokr\u00e1t u\u017e za \u00fa\u010dasti Banderovc\u016f zven\u010d\u00ed, kte\u0159\u00ed se vr\u00e1tili do zem\u011b.<\/p>\n<p><img decoding=\"async\" loading=\"lazy\" class=\"aligncenter\" title=\"PP\" src=\"http:\/\/protiproud.azurewebsites.net\/images\/textiky\/Slavateso.jpg\" alt=\"pp\" width=\"652\" height=\"490\" \/><\/p>\n<p><em>Slava Stetsko, vdova po expremi\u00e9rovi nacisty obsazen\u00e9 Ukrajiny (1941) Jaroslavu Stetskovi, zahajuje zased\u00e1n\u00ed Ukrajinsk\u00e9ho parlamentu (Nejvy\u0161\u0161\u00ed rady). Slava Stetsko se vr\u00e1tila na Ukrajinu v \u010dervenci 1991 z Mnichova. V n\u00e1sleduj\u00edc\u00edm roce vytvo\u0159ila a stala se p\u0159edsedkyn\u00ed Kongresu ukrajinsk\u00fdch nacionalist\u016f (CUN), politick\u00e9 strany, kter\u00e1 na Ukrajin\u011b vznikla na z\u00e1klad\u011b Organizace ukrajinsk\u00fdch nacionalist\u016f (OUN), kterou tak\u00e9 posledn\u00ed desetilet\u00ed vedla. Sv\u016fj projev zakon\u010duje zvol\u00e1n\u00edm banderovc\u016f: \u201eSl\u00e1va Ukrajin\u011b!<\/em><\/p>\n<h2>Reorganizace banderovc\u016f (1990-98)<\/h2>\n<p>Vnit\u0159n\u00ed banderist\u00e9 (OUN-B) se rozd\u011blili na Soci\u00e1ln\u011b nacionalistickou stranu Ukrajiny (SNPU) a pot\u00e9 stranu Svoboda, zat\u00edmco ti ost\u0159\u00edlen\u011bj\u0161\u00ed vytvo\u0159ili Ukrajinsk\u00e9 n\u00e1rodn\u00ed shrom\u00e1\u017ed\u011bn\u00ed a Ukrajinsk\u00e9 lidov\u00e9 sebeobrann\u00e9 milice.<\/p>\n<p>Polovojensk\u00e9 jednotky Andrije Biletsk\u00e9ho (&#8222;B\u00edl\u00fd F\u00fchrer&#8220;) se od Svobody administrativn\u011b odd\u011blily, aby vytvo\u0159ily vlastn\u00ed organizaci. Svoboda se ale neprom\u011bnila. Platforma strany nad\u00e1le uv\u00e1d\u011bla, \u017ee hodl\u00e1 &#8222;fyzicky zlikvidovat\u201c ve\u0161kerou ruskojazy\u010dnou inteligenci a bez soudu povra\u017edit v\u0161echny ukrajinofoby. Strana za\u010dala zakl\u00e1dat tajn\u00e9 informa\u010dn\u00ed slo\u017eky o prorusk\u00fdch, prorumunsk\u00fdch, proma\u010farsk\u00fdch a protatarsk\u00fdch ob\u010danech, proto\u017ee &#8220; toto st\u00e1do by se m\u011blo sn\u00ed\u017eit asi o 5 a\u017e 6 milion\u016f jedinc\u016f\u201c.<\/p>\n<p>Ukrajinsk\u00fdm milic\u00edm lidov\u00e9 sebeobrany p\u0159edsedal banderista Jurij \u0160uchevy\u010d, syn zn\u00e1m\u00e9ho v\u00e1le\u010dn\u00e9ho zlo\u010dince. Jeho skupina se zapojila pod veden\u00edm CIA do v\u00e1lek proti Rus\u016fm, \u010dasto na stran\u011b islamist\u016f. Nen\u00ed jist\u00e9, zda bojovali s Gruz\u00ednci v Abch\u00e1zii (1998), ale zcela jist\u011b s Rumuny v Podn\u011bst\u0159\u00ed (1992), s arabskou legi\u00ed Us\u00e1my bin L\u00e1dina v Jugosl\u00e1vii (1992-95), s Azery v N\u00e1horn\u00edm Karabachu (do roku 1994) a p\u0159edev\u0161\u00edm s islamisty v prvn\u00ed \u010de\u010densk\u00e9 v\u00e1lce.<\/p>\n<p>Rusk\u00e1 prokuratura identifikovala n\u011bkolik vedouc\u00edch bojovn\u00edk\u016f, v\u010detn\u011b Igora Mazura, Valerije Bobrovi\u010de, Dmytra Kor\u010dy\u0148sk\u00e9ho, Andrije \u0164ahniboka (bratr Oleha \u0164ahniboka), Dmytra Jaro\u0161e, Vladimira Mamalygy a Olexandra Muzy\u010dka. Vyzna\u010dovali se jak sv\u00fdmi bojov\u00fdmi schopnostmi, tak mimo\u0159\u00e1dnou krutost\u00ed. Olexandr Muzy\u010dko byl Isl\u00e1msk\u00fdm emir\u00e1tem I\u010dkeria (\u010ce\u010densko) pov\u00fd\u0161en na \u201ehrdinu n\u00e1roda\u201c za to, \u017ee \u201el\u00e1mal rusk\u00fdm d\u016fstojn\u00edk\u016fm prsty, vyp\u00edchal jim o\u010di, vytrh\u00e1val jim nehty a zuby a pak je zast\u0159elil. Stal se \u0161\u00e9fem osobn\u00ed str\u00e1\u017ee Emira D\u017eokara Dudaeva.<\/p>\n<p><img decoding=\"async\" loading=\"lazy\" class=\"aligncenter\" title=\"PP\" src=\"http:\/\/protiproud.azurewebsites.net\/images\/textiky\/kucmosa.jpg\" alt=\"pp\" width=\"480\" height=\"640\" \/><\/p>\n<p style=\"text-align: center;\"><em>N\u011bkolik m\u011bs\u00edc\u016f po sv\u00e9m zvolen\u00ed, 6. kv\u011btna 1995, Leonid Ku\u010dma, druh\u00fd prezident nov\u00e9 Ukrajiny, odcestoval do Mnichova, aby se setkal se Slavou Stetsko a t\u00fdmem NBA (nadn\u00e1rodn\u00ed protibol\u0161evick\u00e9 aliance zalo\u017een\u00e9 v\u00a0roce 1943 v nacisty obsazen\u00e9 Ukrajin\u011b v\u00a0\u017ditomiru). Mohl by tak t\u011b\u017eit z diskr\u00e9tn\u00ed podpory Spojen\u00fdch st\u00e1t\u016f k liberalizaci zem\u011b.<\/em><\/p>\n<h2>Atent\u00e1t na Georgie Gongadzeho (2000)<\/h2>\n<p>Leonid Ku\u010dma b\u011bhem sv\u00e9ho prezidentov\u00e1n\u00ed zprivatizoval v\u0161e, co mohl. Bohatstv\u00ed se tak soust\u0159edilo do rukou t\u0159in\u00e1cti oligarch\u016f seskupen\u00fdch do t\u0159\u00ed klan\u016f (Don\u011bck, Dn\u011bpropetrovsk a Kyjev). Brzy m\u011bli v\u011bt\u0161\u00ed moc ne\u017e politici. Tento syst\u00e9m, kter\u00fd dodnes p\u0159etrv\u00e1v\u00e1, fakticky zbavuje Ukrajince suverenity a jejich zemi zcela rozost\u0159il hranice.<\/p>\n<p>V roce 2000 zmizel novin\u00e1\u0159 Georgiy Gongadze, kter\u00fd odjel bojovat do Gruzie s\u00a0banderisty, a pot\u00e9 vy\u0161et\u0159oval korupci prezidenta Ku\u010dmy a jeho doprovodu. Jeho t\u011blo bylo pozd\u011bji nalezeno roz\u010dtvrcen\u00e9 a post\u0159\u00edkan\u00e9 dioxinem, aby bylo obt\u00ed\u017en\u00e9 jej identifikovat. Tehdy p\u0159edsedovi Nejvy\u0161\u0161\u00ed rady unikly nahr\u00e1vky rozhovoru mezi prezidentem Ku\u010dmou, \u0161\u00e9fem jeho kabinetu a ministrem vnitra o tom, jak Georgije Gongadzeho uml\u010det. Konec Ku\u010dmova prezidentstv\u00ed byl \u017ealostn\u00fd.<\/p>\n<p><img decoding=\"async\" loading=\"lazy\" class=\"aligncenter\" title=\"PP\" src=\"http:\/\/protiproud.azurewebsites.net\/images\/textiky\/gong.jpg\" alt=\"pp\" width=\"526\" height=\"589\" \/><\/p>\n<p style=\"text-align: center;\"><em>Zavra\u017ed\u011bn\u00fd novin\u00e1\u0159 Georgij Gongadze<\/em><\/p>\n<p>Koncem roku 2000 uspo\u0159\u00e1dal americk\u00fd velvyslanec Lev E. Dobriansky (v\u016fdce Banderovc\u016f v USA) ve Washingtonu konferenci o bilater\u00e1ln\u00edch vztaz\u00edch mezi USA a Ukrajinou. Zazn\u011blo 70 projev\u016f ve 12 pracovn\u00edch skupin\u00e1ch. Delegaci Republik\u00e1nsk\u00e9 strany vedl sionista Paul Wolfowitz, delegaci Demokratick\u00e9 strany Zbignew Brzezinki.<\/p>\n<p>Wolfowitz pochv\u00e1lil likvidaci ukrajinsk\u00fdch jadern\u00fdch zbran\u00ed, uzav\u0159en\u00ed \u010dernobylsk\u00e9 elektr\u00e1rny a \u010dlenstv\u00ed v Partnerstv\u00ed pro m\u00edr s NATO, na\u010de\u017e ozn\u00e1mil uvoln\u011bn\u00ed p\u016fj\u010dky MMF ve v\u00fd\u0161i 2,6 milionu dolar\u016f a p\u0159iznal tlak Washingtonu na EU, aby Ukrajinu p\u0159ijala za \u010dlena. P\u0159edev\u0161\u00edm v\u0161ak zd\u016fraznil, \u017ee Rusko je st\u00e1le imperialistickou velmoc\u00ed, jak pr\u00fd uk\u00e1zala v\u00e1lka v\u00a0\u010ce\u010densku, kter\u00e9 se banderist\u00e9 aktivn\u011b z\u00fa\u010dastnili. Bylo je prost\u011b nutn\u00e9 proti Rusku podpo\u0159it.<\/p>\n<p>Brzezinski zase p\u0159irovnal Ukrajinu k Rusku, shledal ji v\u0161ak demokrati\u010dt\u011bj\u0161\u00ed a m\u00e9n\u011b zkorumpovanou (!). Ob\u0161\u00edrn\u011b se p\u0159imlouval, aby Ukrajina nebyla pova\u017eov\u00e1na za st\u00e1t postsov\u011btsk\u00fd, ale za evropsk\u00fd, a aby tak sn\u00e1ze mohla vstoupit do uzav\u0159en\u00e9ho klubu Evropsk\u00e9 unie.<\/p>\n<p>Sumasum\u00e1rum: Banderit\u0161t\u00ed spojenci z\u00a0dob studen\u00e9 v\u00e1lky byli nyn\u00ed uzn\u00e1ni jako jedni z\u00a0hlavn\u00edch spojenc\u016f USA p\u0159i v\u00fdstavb\u011b \u201eamerick\u00e9ho unipol\u00e1rn\u00edho sv\u011bta.<\/p>\n<p><img decoding=\"async\" loading=\"lazy\" class=\"aligncenter\" title=\"PP\" src=\"http:\/\/protiproud.azurewebsites.net\/images\/textiky\/paboukos.jpg\" alt=\"pp\" width=\"636\" height=\"396\" \/><\/p>\n<h2>Oran\u017eov\u00e1 revoluce (2004)<\/h2>\n<p>Prezidentsk\u00e9 n\u00e1stupnictv\u00ed nem\u011blo zm\u011bnit rovnov\u00e1hu mezi klany. Ku\u010dma (klan Dn\u011bpropetrovsk) nakonec ustoupil kandidatu\u0159e sv\u00e9ho premi\u00e9ra Viktora Janukovy\u010de (klan Don\u011btsk\u016f). Volby sice vyhr\u00e1l, ale vyvolalo to ostr\u00fd protest kyjevsk\u00e9ho klanu (podporovan\u00fdm N\u00e1rodn\u00ed nadac\u00ed pro demokracii \u2013 NED. Volby se proto opakovaly \u2013 a v\u00a0nich u\u017e zv\u00edt\u011bzil Viktor Ju\u0161\u010denko. Tedy to, co je dnes zn\u00e1m\u00e9 jako &#8222;oran\u017eov\u00e1 revoluce&#8220;.<\/p>\n<p>Nov\u00fd t\u00fdm se v\u0161ak rychle rozpadl na skupiny za Viktorem Ju\u0161\u010denkem na jedn\u00e9 stran\u011b a Juli\u00ed Tymo\u0161enkovou na stran\u011b druh\u00e9. Banderist\u00e9 vyu\u017eili vnit\u0159n\u00edho rozkolu v oligarchii k tomu, aby v obou t\u00e1borech posunuli sv\u00e9 p\u011b\u0161\u00e1ky o n\u011bco v\u00fd\u0161e.<\/p>\n<p><img decoding=\"async\" loading=\"lazy\" class=\"aligncenter\" title=\"PP\" src=\"http:\/\/protiproud.azurewebsites.net\/images\/textiky\/Slavatesa.jpg\" alt=\"pp\" width=\"643\" height=\"480\" \/><\/p>\n<p style=\"text-align: center;\"><em>Slava Stetsko op\u011bt zahajuje zased\u00e1n\u00ed Ukrajinsk\u00e9ho parlamentu v roce 2002: \u201eSl\u00e1va Ukrajin\u011b! &#8222;<\/em><\/p>\n<p>Z iniciativy CIA Banderovci z Ukrajinsk\u00e9 lidov\u00e9 sebeobrany spolu s\u00a0islamisty vytvo\u0159ili 8. kv\u011btna 2007 v Termopolu protiruskou \u201eAntiimperialistickou frontu\u201c pod spole\u010dn\u00fdm p\u0159edsednictv\u00edm Dmytra Jaro\u0161e a em\u00edra I\u010dkeria, Dokka Umarova. Z\u00fa\u010dastnily se j\u00ed obdobn\u00e9 organizace z Litvy, Polska, Ukrajiny a Ruska, v\u010detn\u011b islamistick\u00fdch separatist\u016f z Krymu, Adygeje, Dagest\u00e1nu, Ingu\u0161ska, Kabardino-Balkarska, Kara\u010dajeva-\u010cerkeska, Osetie a \u010ce\u010denska. Dokka Umarov, kter\u00fd tam kv\u016fli mezin\u00e1rodn\u00edm sankc\u00edm zat\u00edm nemohl p\u0159ijet, nechal sv\u016fj projev alespo\u0148 p\u0159e\u010d\u00edst. Jinak \u0159e\u010deno: Nacistick\u00e9 Ministerstvo v\u00fdchodu Alfreda Rosenberga a ABN Stepana Bandery byly pod z\u00e1\u0161titou ukrajinsk\u00e9ho st\u00e1tu o\u017eiveny v\u00a0jin\u00e9m n\u00e1t\u011bru.<\/p>\n<h2>\u017didovsk\u00e1 karta<\/h2>\n<p>Rozd\u011blen\u00ed kyjevsk\u00e9ho klanu umo\u017enilo zvolen\u00ed Viktora Janukovy\u010de v roce 2010. Klanov\u00fd syst\u00e9m nahradil svou rodinou, kterou um\u00edstil na nejvy\u0161\u0161\u00ed m\u00edsta st\u00e1tu. Pochopil, \u017ee je d\u016fle\u017eit\u011bj\u0161\u00ed udr\u017eovat dobr\u00e9 vztahy s p\u0159\u00edbuzn\u00fdm ne\u017e zastupovat konkr\u00e9tn\u00edho oligarchu. Tento \u201enov\u00fd\u201c prezident Janukovy\u010d prost\u0159ednictv\u00edm sv\u00e9 politick\u00e9 strany Strana region\u016f postupn\u011b ovl\u00e1dl ve\u0161ker\u00fd politick\u00fd a ekonomick\u00fd \u017eivot. Ze syst\u00e9mu tak vypadlo p\u011bt oligarch\u016f, kte\u0159\u00ed by se jinak spojili se Straussiany a Banderisty, aby znovu z\u00edskali moc.<\/p>\n<p><img decoding=\"async\" loading=\"lazy\" class=\"aligncenter\" title=\"PP\" src=\"http:\/\/protiproud.azurewebsites.net\/images\/textiky\/jarosal.jpg\" alt=\"pp\" width=\"738\" height=\"407\" \/><\/p>\n<p style=\"text-align: center;\"><em>B\u011bhem &#8222;revoluce d\u016fstojnosti&#8220; (2014) je davu na n\u00e1m\u011bst\u00ed Majdan v Kyjev\u011b p\u0159edstaven tajemn\u00fd v\u016fdce Prav\u00e9ho sektoru, Dmytro Jaro\u0161.\u00a0<a href=\"https:\/\/rumble.com\/v14qd6p-na-majdanu-v-kyjev-v-noru-2014-vystoupil-i-tajemn-vdce-pravho-sektoru-dmytr.html\">Jak vid\u00edme,\u00a0<\/a>Ukrajinci ho mile v\u00edtaj\u00ed a p\u0159eb\u00edraj\u00ed jeho hesla. Sekvence kon\u010d\u00ed shrom\u00e1\u017ed\u011bn\u00fdm pok\u0159ikem banderovc\u016f: &#8222;Sl\u00e1va Ukrajin\u011b!\u00a0<\/em><\/p>\n<p>Propaganda v\u0161ak jela naplno, tak\u017ee Ukrajinci si v\u011bt\u0161inov\u011b na p\u0159\u00edtomnost Banderovc\u016f \u2013 nyn\u00ed financovan\u00fdch \u017eidovsk\u00fdm oligarchou Ihorem Kolomojsk\u00fdm (majitelem v\u00fdznamn\u00e9 \u010d\u00e1sti priv\u00e1tn\u00edch m\u00e9di\u00ed v\u010detn\u011b televize), postupn\u011b zvykli. V roce 2011 prosadili z\u00e1kon zakazuj\u00edc\u00ed oslavy konce druh\u00e9 sv\u011btov\u00e9 v\u00e1lky \u2013 proto\u017ee jej vyhr\u00e1li Sov\u011bti a prohr\u00e1li Banderovci. Prezident Ju\u0161\u010denko tento z\u00e1kon ale odm\u00edtl podepsat. Rozzu\u0159en\u00ed banderist\u00e9 pak za\u00fato\u010dili na pr\u016fvod veter\u00e1n\u016f Rud\u00e9 arm\u00e1dy \u2013 a nic se jim nestalo. O dva roky pozd\u011bji m\u011bsta Lvov a Ivano-Frankivsk zru\u0161ily ceremonie Dne v\u00edt\u011bzstv\u00ed a zak\u00e1zaly v\u0161echny oslavy. Prezident Ju\u0161\u010denko rezignovan\u011b \u2013 kr\u00e1tce p\u0159ed koncem sv\u00e9ho funk\u010dn\u00edho obdob\u00ed \u2013 ud\u011blil v\u00e1le\u010dn\u00e9mu zlo\u010dinci Stepanu Banderovi titul \u201eHrdina n\u00e1roda\u201c.<\/p>\n<p>Kdy\u017e komunistickou stranu udivilo, \u017ee \u017did financuje neonacisty, \u017didovsk\u00fd v\u00fdbor Ukrajiny dot\u010den\u011b odpov\u011bd\u011bl, \u017ee t\u00edm komunist\u00e9 \u0161\u00ed\u0159\u00ed novou verzi antisemitsk\u00e9ho narativu, \u017ee to byli \u017did\u00e9, kdo p\u0159ivedli bol\u0161eviky k moci a \u017ee to byli \u017did\u00e9, kte\u0159\u00ed rozpoutali druhou sv\u011btovou v\u00e1lku. A bylo ticho.<\/p>\n<p><img decoding=\"async\" loading=\"lazy\" class=\"aligncenter\" title=\"PP\" src=\"http:\/\/protiproud.azurewebsites.net\/images\/textiky\/banderosal.jpg\" alt=\"pp\" width=\"763\" height=\"361\" \/><\/p>\n<p><em>Zat\u00edmco &#8222;revoluce d\u016fstojnosti&#8220; je\u0161t\u011b neskon\u010dila, Banderovci po\u0159\u00e1dali\u00a0<a href=\"https:\/\/rumble.com\/v14m0yg-oslava-stepana-bandery-v-kyjev.html\">pochod\u0148ov\u00fd pochod\u00a0<\/a>v Kyjev\u011b na\u00a0<a href=\"https:\/\/rumble.com\/v14qdjr-banderovci-podan-pochodov-pochod-v-kyjev-v-noru-2014-na-poest-stepana-bande.html\">po\u010dest zlo\u010dince Stepana Bandery<\/a>. U\u017e to nen\u00ed mal\u00e1 skupina.<\/em><\/p>\n<h2>D\u00e1l u\u017e jako po m\u00e1sle\u2026<\/h2>\n<p>Dal\u0161\u00ed p\u0159evrat \u2013 takzvanou Revoluci d\u016fstojnosti \u2013 v roce 2014 ji\u017e zorganizovala sionistka Victoria Nulandov\u00e1 (n\u00e1m\u011bstkyn\u011b Obamova ministra zahrani\u010d\u00ed) s pomoc\u00ed bojem zocelen\u00fdch banderist\u016f. Tentokr\u00e1t se prezidentem stal oligarcha Petro Poro\u0161enko a ofici\u00e1ln\u00ed m\u00edsta byla ji\u017e zcela otev\u0159en\u011b obsazena Banderovci.<\/p>\n<p><img decoding=\"async\" loading=\"lazy\" class=\"aligncenter\" title=\"PP\" src=\"http:\/\/protiproud.azurewebsites.net\/images\/textiky\/soval.jpg\" alt=\"pp\" width=\"479\" height=\"481\" \/><\/p>\n<p><em>Prezident Poro\u0161enko zm\u011bnil 24. \u0159\u00edjna 2016 znak tajn\u00e9 slu\u017eby. Nyn\u00ed je to sova dr\u017e\u00edc\u00ed me\u010d nam\u00ed\u0159en\u00fd proti Rusku s mottem \u201eMoudr\u00fd bude vl\u00e1dnout hv\u011bzd\u00e1m\u201c.<\/em><\/p>\n<p>T\u0159etina ministr\u016f byla ze Svobody nebo z Ukrajinsk\u00fdch milic\u00ed lidov\u00e9 sebeobrany. Andrij Parubij se stal tajemn\u00edkem Rady n\u00e1rodn\u00ed bezpe\u010dnosti a obrany a Dmytro Jaro\u0161 jeho z\u00e1stupcem. Nov\u00fd re\u017eim okam\u017eit\u011b zak\u00e1zal rusk\u00fd jazyk, p\u0159esto\u017ee j\u00edm mluvila asi polovina Ukrajinc\u016f.<\/p>\n<p>Krym tento brut\u00e1ln\u00ed akt odm\u00edtl, hlasoval pro nez\u00e1vislost a p\u0159ipojil se k Rusk\u00e9 federaci, zat\u00edmco oblasti Donbasu (Don\u011bck a Luhansk) se prohl\u00e1sily za autonomn\u00ed.<\/p>\n<p>V b\u0159eznu 2014 se Ukrajinsk\u00e9 n\u00e1rodn\u00ed shrom\u00e1\u017ed\u011bn\u00ed a milice Ukrajinsk\u00e9 lidov\u00e9 sebeobrany p\u0159ejmenovaly na Prav\u00fd sektor pod veden\u00edm Dmytra Jaro\u0161e a Andrije Biletsk\u00e9ho.<\/p>\n<p><img decoding=\"async\" loading=\"lazy\" class=\"aligncenter\" title=\"PP\" src=\"http:\/\/protiproud.azurewebsites.net\/images\/textiky\/jarosalo.jpg\" alt=\"pp\" width=\"663\" height=\"497\" \/><\/p>\n<p style=\"text-align: center;\"><em>Dmytro Jaro\u0161<\/em><\/p>\n<h2>Druh\u00e1 sv\u011btov\u00e1 v\u00e1lka pr\u00fd neskon\u010dila<\/h2>\n<p>V dubnu 2015 Nejvy\u0161\u0161\u00ed rada prohl\u00e1sila \u010dleny Organizace ukrajinsk\u00fdch nacionalist\u016f (OUN) za \u201ebojovn\u00edky za nez\u00e1vislost\u201c. Z\u00e1kon byl schv\u00e1len v prosinci 2018 prezidentem Poro\u0161enkem. B\u00fdval\u00ed Waffen SS dostali zp\u011btn\u011b n\u00e1rok na odchod do d\u016fchodu a dostali dal\u0161\u00ed nejr\u016fzn\u011bj\u0161\u00ed v\u00fdhody.<\/p>\n<p>\u0160koln\u00ed osnovy byly zm\u011bn\u011bny tak, aby se d\u011bti u\u010dily novou historii (kdyby o n\u00ed z\u00e1padn\u00ed ve\u0159ejnost v\u011bd\u011bla, byla by \u0161okovan\u00e1): Druh\u00e1 sv\u011btov\u00e1 v\u00e1lka pr\u00fd neskon\u010dila, ale brzy skon\u010d\u00ed \u2013 a to por\u00e1\u017ekou Ruska a triumfem Ukrajiny.<\/p>\n<p>Banderist\u00e9 v\u0161ude postupovali na zp\u016fsob nacistick\u00fdch \u00fato\u010dn\u00fdch odd\u00edl\u016f (SA) ve 30. letech 20. stolet\u00ed: Zcela otev\u0159en\u011b tla\u010dili na soudy, soudc\u016fm vyhro\u017eovali, administrativu podrobili skute\u010dn\u00e9mu teroru, aby p\u0159inutily starosty a guvern\u00e9ry jednat podle jejich po\u017eadavk\u016f. Jejich nejzn\u00e1m\u011bj\u0161\u00edm \u201evym\u00e1h\u00e1n\u00edm pr\u00e1va\u201c bylo\u00a0<a href=\"https:\/\/rumble.com\/v13azjh-masakr-v-odse-2.-kvtna-2014-dokument-esk-titulky.html\">beztrestn\u00e9 up\u00e1len\u00ed\u00a0<\/a>des\u00edtek lid\u00ed v\u010detn\u011b \u017een a d\u011bti v Dom\u011b odbor\u016f v Od\u011bse.<\/p>\n<p>Nikoho p\u0159\u00edli\u0161 neznepokojovalo, kdy\u017e Irina Farionov\u00e1, poslankyn\u011b za Svobodu v letech 2012 a\u017e 2014,\u00a0<a href=\"https:\/\/rumble.com\/v14qiub-irina-farionov-poslankyn-za-svobodu-mme-jen-jeden-cl-zniit-moskvu.html\">prohl\u00e1sila<\/a>:<\/p>\n<p>&#8222;M\u00e1me jen jeden c\u00edl: zni\u010dit Moskvu. Pro tohle \u017eijeme, pro tohle jsme p\u0159i\u0161li na sv\u011bt: zni\u010dit Moskvu. Zni\u010dit nejen Moskvany v na\u0161\u00ed zemi, ale i tu \u010dernou d\u00edru pro evropskou bezpe\u010dnost, kter\u00e1 mus\u00ed b\u00fdt vymaz\u00e1na z mapy sv\u011bta,\u201c<\/p>\n<p><img decoding=\"async\" loading=\"lazy\" class=\"aligncenter\" title=\"PP\" src=\"http:\/\/protiproud.azurewebsites.net\/images\/textiky\/cvoli.jpg\" alt=\"pp\" width=\"633\" height=\"533\" \/><\/p>\n<h2>Zat\u00edm posledn\u00ed krok Banderovc\u016f: Volodymyr Zelenskyj<\/h2>\n<p>\u017didovsk\u00fd oligarcha a sponzor banderovc\u016f Ihor Kolomojskij p\u0159ivedl do politiky komick\u00e9ho herce Volodymyra Zelensk\u00e9ho. Odvys\u00edlal mu televizn\u00ed seri\u00e1l Sluha lidu, pak pro n\u011bj zorganizoval politickou stranu a nakonec ho p\u0159ivedl k prezidentsk\u00fdm volb\u00e1m.<\/p>\n<p><em>Alexej Arystowitsch, poradce prezidenta Zelensk\u00e9ho pro strategickou komunikaci, se na\u00a0<a href=\"https:\/\/vk.com\/video-31371206_456252895\">hodin\u011b politick\u00e9 komunikace pt\u00e1<\/a>: \u201eJak m\u016f\u017eeme podv\u00e1d\u011bt? Kdo m\u016f\u017ee definovat principy?\u201c, pak si v\u0161iml, \u017ee odpov\u011bdi nep\u0159ich\u00e1zej\u00ed, a \u0159\u00edk\u00e1: \u201eMus\u00edte \u0159\u00edct prav\u00fd opak. Pokud jste siln\u00ed, uka\u017ete, \u017ee jste slab\u00ed. Pokud jste bl\u00edzko, uka\u017ete, \u017ee jste daleko. Pokud jste daleko, uka\u017ete, \u017ee jste bl\u00edzko. Mus\u00edte ud\u011blat opak skute\u010dn\u00e9 situace. V\u0161imn\u011bte si, \u017ee toto nen\u00ed trivi\u00e1ln\u00ed z\u00e1le\u017eitost. Jak p\u0159esn\u011b podv\u00e1d\u00edte? Jak\u00fdm sm\u011brem se rozhodnout podv\u00e1d\u011bt, abyste podv\u00e1d\u011bli spr\u00e1vn\u011b a \u00fasp\u011b\u0161n\u011b. V\u011bdecky \u0159e\u010deno klamat.&#8220;<\/em><\/p>\n<p>Zelensk\u00e9ho (Kolomojsk\u00e9ho) program se skl\u00e1d\u00e1 ze \u0161esti bod\u016f:<\/p>\n<p>Decentralizovat moc v souladu s evropsk\u00fdmi standardy<\/p>\n<p>Transformovat ve\u0159ejnou spr\u00e1vu na prefektury evropsk\u00e9ho typu<\/p>\n<p>Zv\u00fd\u0161it \u017eivotn\u00ed \u00farove\u0148 Ukrajinc\u016f nad evropsk\u00fd pr\u016fm\u011br<\/p>\n<p>P\u0159ijmout z\u00e1kony nezbytn\u00e9 pro prov\u00e1d\u011bn\u00ed dohody o p\u0159idru\u017een\u00ed mezi Ukrajinou a EU<\/p>\n<p>Rozv\u00edjet spolupr\u00e1ci s EU a NATO<\/p>\n<p>Reformovat ozbrojen\u00e9 s\u00edly v souladu se standardy NATO.<\/p>\n<p>Ukrajinci, kte\u0159\u00ed ocenili k\u0159\u00ed\u017eovou v\u00fdpravu tohoto mlad\u00e9ho um\u011blce, kter\u00fd se samoz\u0159ejm\u011b (jako v\u0161ichni p\u0159ed n\u00edm) p\u0159edev\u0161\u00edm vymezoval proti korupci. Svedeni jeho evropsk\u00fdm snem o rychl\u00e9 zm\u011bn\u011b tragick\u00e9 \u017eivotn\u00ed \u00farovn\u011b Ukrajinc\u016f m\u00e1vli rukou nad jeho obdivem k NATO, a 21. dubna 2019 jej zvolili prezidentem 73 % hlas\u016f.<\/p>\n<p>V b\u0159eznu 2021 m\u011bsto Ternopol a pot\u00e9 Lvovsk\u00e1 oblast p\u0159ejmenovaly sv\u00e9 stadiony na po\u010dest gener\u00e1la Romana Shukhevi\u010de (otce zakladatele Ukrajinsk\u00e9 lidov\u00e9 sebeobrany) a Stepana Bandery.<\/p>\n<p>1. \u010dervence 2021 prezident Zelenskij vyhl\u00e1sil z\u00e1kon o p\u016fvodn\u00edch obyvatel\u00edch Ukrajiny. Ob\u010dan\u00e9 rusk\u00e9ho p\u016fvodu se ji\u017e proto nemohou u soudu dovol\u00e1vat standardn\u00edch lidsk\u00fdch pr\u00e1v.<\/p>\n<p>2. listopadu 2021 se Dmitrij Jaro\u0161 stal poradcem vrchn\u00edho velitele ukrajinsk\u00fdch arm\u00e1d gener\u00e1la Valerije Zalu\u017en\u00e9ho. V\u0161echny banderovsk\u00e9 polovojensk\u00e9 organizace \u2013 102 000 mu\u017e\u016f \u2013 byly za\u010dlen\u011bny do ozbrojen\u00fdch sil Ukrajiny. Pak vypracovali pl\u00e1n \u00fatoku na Krym a Donbas. USA, respektive \u201ejejich\u201c NATO, kter\u00e9 u\u017e na m\u00edst\u011b m\u011blo poradce a vojensk\u00e9 instruktory, jim k\u00a0tomu poslalo zbran\u011b.<\/p>\n<p>24. \u00fanora 2022 rusk\u00fd prezident Vladimir Putin spustil \u201eSpeci\u00e1ln\u00ed vojenskou operaci\u201c, aby \u201edenacifikoval Ukrajinu\u201c.<\/p>\n<p>Jak to dopadne? Skon\u010d\u00ed \u2013 \u00fadajn\u011b\u00a0 neskon\u010den\u00e1 \u2013 Druh\u00e1 sv\u011btov\u00e1 v\u00e1lka plynul\u00fdm p\u0159echodem do T\u0159et\u00ed, jadern\u00e9?<\/p>\n<p><a href=\"https:\/\/www.voltairenet.org\/article216618.html\">Zdroj<\/a>.<\/p>\n<\/div>\n<p><a href=\"https:\/\/protiproud.info\/politika\/6464-o-cem-zapadni-verejnost-nesmi-vedet-druha-svetova-valka-pry-neskoncila-alespon-podle-banderovcu-kteri-postupne-zcela-ovladli-ukrajinu-jediny-cil-navazat-na-hiltera-vymazat-rusko-cia-pripravila-putin-do-toho-hodil-vidle.htm\">PROTIPROUD<\/a><\/p>\n<p>&nbsp;<\/p>\n","protected":false},"excerpt":{"rendered":"<p>Alespo\u0148 podle Banderovc\u016f, kte\u0159\u00ed postupn\u011b zcela ovl\u00e1dli Ukrajinu. Jedin\u00fd c\u00edl: Nav\u00e1zat na Hitlera. Vymazat Rusko&#8230;.<\/p>\n","protected":false},"author":2,"featured_media":8574,"comment_status":"closed","ping_status":"closed","sticky":false,"template":"","format":"standard","meta":[],"categories":[7],"tags":[944,170,248,26,92],"_links":{"self":[{"href":"https:\/\/www.infokuryr.cz\/n\/wp-json\/wp\/v2\/posts\/10638"}],"collection":[{"href":"https:\/\/www.infokuryr.cz\/n\/wp-json\/wp\/v2\/posts"}],"about":[{"href":"https:\/\/www.infokuryr.cz\/n\/wp-json\/wp\/v2\/types\/post"}],"author":[{"embeddable":true,"href":"https:\/\/www.infokuryr.cz\/n\/wp-json\/wp\/v2\/users\/2"}],"replies":[{"embeddable":true,"href":"https:\/\/www.infokuryr.cz\/n\/wp-json\/wp\/v2\/comments?post=10638"}],"version-history":[{"count":0,"href":"https:\/\/www.infokuryr.cz\/n\/wp-json\/wp\/v2\/posts\/10638\/revisions"}],"wp:featuredmedia":[{"embeddable":true,"href":"https:\/\/www.infokuryr.cz\/n\/wp-json\/wp\/v2\/media\/8574"}],"wp:attachment":[{"href":"https:\/\/www.infokuryr.cz\/n\/wp-json\/wp\/v2\/media?parent=10638"}],"wp:term":[{"taxonomy":"category","embeddable":true,"href":"https:\/\/www.infokuryr.cz\/n\/wp-json\/wp\/v2\/categories?post=10638"},{"taxonomy":"post_tag","embeddable":true,"href":"https:\/\/www.infokuryr.cz\/n\/wp-json\/wp\/v2\/tags?post=10638"}],"curies":[{"name":"wp","href":"https:\/\/api.w.org\/{rel}","templated":true}]}}