{"id":10634,"date":"2022-05-15T04:48:26","date_gmt":"2022-05-15T02:48:26","guid":{"rendered":"http:\/\/www.infokuryr.cz\/n\/?p=10634"},"modified":"2022-05-15T04:48:26","modified_gmt":"2022-05-15T02:48:26","slug":"jmenem-vsech-zidu-obklicenych-v-azovstalu","status":"publish","type":"post","link":"https:\/\/www.infokuryr.cz\/n\/2022\/05\/15\/jmenem-vsech-zidu-obklicenych-v-azovstalu\/","title":{"rendered":"\u201eJm\u00e9nem v\u0161ech \u017did\u016f obkl\u00ed\u010den\u00fdch v Azovstalu\u201c"},"content":{"rendered":"<div id=\"fb-root\"><\/div>\n<p><strong>\u017didovsk\u00e1 teroristick\u00e1 organizace Azov apeluje na Izrael, aby na rusk\u00e9 vl\u00e1d\u011b vymohl jejich propu\u0161t\u011bn\u00ed z \u00fazem\u00ed z\u00e1vodu Azovstal a pomohl jim dostat se do zahrani\u010d\u00ed.<\/strong>\u00a0<a href=\"https:\/\/cont.ws\/@malachit1399\/2283692\">ZDROJ<\/a><\/p>\n<p><iframe loading=\"lazy\" id=\"_dytid_7150\" title=\"YouTube video player\" src=\"https:\/\/www.youtube.com\/embed\/vbwJEWxu_2I\" width=\"800\" height=\"440\" frameborder=\"0\" allowfullscreen=\"allowfullscreen\" data-gtm-yt-inspected-12=\"true\" data-mce-fragment=\"1\"><\/iframe><\/p>\n<p><a href=\"https:\/\/e-news.su\/in-ukraine\/425544-ot-imeni-vseh-evreev-okruzhennyh-v-azovstali.html\">ZDROJ<\/a><\/p>\n<p>\u201eV trosk\u00e1ch Azovstalu jsou \u017did\u00e9 jako j\u00e1, jako vy. Pamatujeme si, jak na\u0161i p\u0159edkov\u00e9 trp\u011bli genocidou, Ukrajinci od Stalina, \u017did\u00e9 od Hitlera. Dnes na\u0161e spole\u010dn\u00e9 ko\u0159eny zas\u00e1hla nov\u00e1 trag\u00e9die, kter\u00e1 obnovuje a spojuje \u00fasil\u00ed dvou dikt\u00e1tor\u016f minulosti v osob\u011b Putina. Obrac\u00edm se jm\u00e9nem v\u0161ech \u017did\u016f, kte\u0159\u00ed jsou obkl\u00ed\u010deni: \u2013 Jsem zran\u011bn\u00fd, ale m\u00e1m mo\u017enost nato\u010dit toto video. A ostatn\u00ed pr\u00e1v\u011b te\u010f chr\u00e1n\u00ed ka\u017ed\u00fd kousek zem\u011b, kterou ukrajinsk\u00fd lid kdysi sd\u00edlel s na\u0161imi p\u0159edky.<\/p>\n<p>Rusko u\u017e t\u0159et\u00ed m\u011bs\u00edc ni\u010d\u00ed v\u0161e, co souvis\u00ed s na\u0161imi spole\u010dn\u00fdmi ko\u0159eny a na\u0161\u00ed spole\u010dnou histori\u00ed.\u00a0Celou dobu n\u00e1s spojovaly dv\u011b spole\u010dn\u00e9 trag\u00e9die, ale te\u010f mus\u00edme bojovat, proto\u017ee tohle je na\u0161e zem\u011b.\u00a0 Ukrajinci se nikdy neoto\u010dili k \u017did\u016fm z\u00e1dy, tak\u017ee Izrael by se tak\u00e9 nem\u011bl odvracet, ale m\u011bl by se postavit bok po boku proti rusk\u00fdm vet\u0159elc\u016fm.<\/p>\n<p>Nyn\u00ed, kdy\u017e jsme zde, \u017e\u00e1d\u00e1me Izrael o pomoc p\u0159i sta\u017een\u00ed cel\u00e9 pos\u00e1dky Mariupolu a vyz\u00fdv\u00e1me k jej\u00ed z\u00e1chran\u011b.\u00a0Vy, jako nikdo jin\u00fd, m\u00e1te moc a my, jako na nikoho jin\u00e9ho, m\u00e1me nad\u011bji ve v\u00e1s.\u201c<\/p>\n<p><span style=\"font-size: 18pt;\"><strong>A LAVROV M\u011aL PRAVDU!<\/strong><\/span><\/p>\n<div class=\"wp-block-image\">\n<figure class=\"aligncenter size-large is-resized\"><img decoding=\"async\" loading=\"lazy\" class=\"aligncenter\" src=\"https:\/\/cont.ws\/uploads\/pic\/2022\/5\/%D0%A1%D0%BA%D1%80%D0%B8%D0%BD%D1%88%D0%BE%D1%82%2014-05-2022%20070020.jpg\" alt=\"\" width=\"729\" height=\"542\" \/><\/figure>\n<\/div>\n<p><span style=\"font-size: 18pt;\"><strong>P\u0159ipome\u0148me si pozad\u00ed:<\/strong><\/span><\/p>\n<p>K \u017eidovsk\u00e9mu k\u0159iku do\u0161lo pot\u00e9, co rusk\u00fd ministr zahrani\u010d\u00ed Lavrov \u0159ekl, \u017ee na Ukrajin\u011b \u201ezajat\u00ed ozbrojenci nos\u00ed symbol a tetov\u00e1n\u00ed h\u00e1kov\u00e9ho k\u0159\u00ed\u017ee, nacistick\u00fdch prapor\u016f\u201c.<\/p>\n<p>O n\u011bco d\u0159\u00edve se ukrajinsk\u00fd prezident Zelenskij pokusil toto t\u00e9ma zleh\u010dit pomoc\u00ed jezuitsk\u00e9 logiky.<\/p>\n<p>Jako \u2026 jac\u00ed mohou b\u00fdt na Ukrajin\u011b nacist\u00e9, kdy\u017e je jej\u00edm prezidentem \u017did?!<\/p>\n<p>Lavrov op\u00e1\u010dil slovy: Mohu se m\u00fdlit, ale Hitler m\u011bl tak\u00e9 \u017eidovskou krev, to v\u0161ak absolutn\u011b nic neznamen\u00e1.\u00a0Moudr\u00fd \u017eidovsk\u00fd n\u00e1rod \u0159\u00edk\u00e1, \u017ee nejzaryt\u011bj\u0161\u00ed antisemit\u00e9 jsou zpravidla \u017did\u00e9.<\/p>\n<p>Berl Lazar (hlavn\u00ed rab\u00edn Ruska) kritizoval rusk\u00e9ho ministra zahrani\u010d\u00ed Sergeje Lavrova a ozna\u010dil jeho prvom\u00e1jov\u00e1 prohl\u00e1\u0161en\u00ed ohledn\u011b Adolfa Hitlera, Vladim\u00edra Zelensk\u00e9ho, nacist\u016f obecn\u011b a nacistick\u00fdch \u017did\u016f zvl\u00e1\u0161t\u011b, za \u0161okuj\u00edc\u00ed.<\/p>\n<p>\u201e\u2026 bylo by hezk\u00e9, kdyby se omluvil \u017did\u016fm a p\u0159iznal chybu. Mysl\u00edm, \u017ee pak by bylo mo\u017en\u00e9 pova\u017eovat incident za vy\u0159\u00edzen\u00fd a obr\u00e1tit list,\u201c \u0159ekl Lazar (podrobnosti\u00a0 <a href=\"https:\/\/cont.ws\/@antonblagin\/2278850).\">ZDE<\/a> .)<\/p>\n<p>Nikdo se samoz\u0159ejm\u011b neza\u010dal omlouvat, v Izraeli sice hovo\u0159ili o \u201ePutinov\u00fdch omluv\u00e1ch\u201c, ale p\u0159epis rozhovoru nikdo neuk\u00e1zal.<\/p>\n<p>A te\u010f \u017did-banderovec z nacistick\u00e9ho praporu Azov.<\/p>\n<p>\u201eJm\u00e9nem v\u0161ech \u017did\u016f obkl\u00ed\u010den\u00fdch v Azovstalu\u201c: \u201eobr\u00e1nce\u201c Mariupolu Vitalij Baraba\u0161, p\u0159ezd\u00edvka \u201eBenja\u201c, se obr\u00e1til na Izrael.<\/p>\n<p><a href=\"https:\/\/bit.ly\/3wcnaJY\">ZDROJ<\/a><\/p>\n<p>&nbsp;<\/p>\n","protected":false},"excerpt":{"rendered":"<p>\u017didovsk\u00e1 teroristick\u00e1 organizace Azov apeluje na Izrael, aby na rusk\u00e9 vl\u00e1d\u011b vymohl jejich propu\u0161t\u011bn\u00ed z&#8230;<\/p>\n","protected":false},"author":2,"featured_media":10635,"comment_status":"closed","ping_status":"closed","sticky":false,"template":"","format":"standard","meta":[],"categories":[7],"tags":[473,2300,189,2095,26,92],"_links":{"self":[{"href":"https:\/\/www.infokuryr.cz\/n\/wp-json\/wp\/v2\/posts\/10634"}],"collection":[{"href":"https:\/\/www.infokuryr.cz\/n\/wp-json\/wp\/v2\/posts"}],"about":[{"href":"https:\/\/www.infokuryr.cz\/n\/wp-json\/wp\/v2\/types\/post"}],"author":[{"embeddable":true,"href":"https:\/\/www.infokuryr.cz\/n\/wp-json\/wp\/v2\/users\/2"}],"replies":[{"embeddable":true,"href":"https:\/\/www.infokuryr.cz\/n\/wp-json\/wp\/v2\/comments?post=10634"}],"version-history":[{"count":0,"href":"https:\/\/www.infokuryr.cz\/n\/wp-json\/wp\/v2\/posts\/10634\/revisions"}],"wp:featuredmedia":[{"embeddable":true,"href":"https:\/\/www.infokuryr.cz\/n\/wp-json\/wp\/v2\/media\/10635"}],"wp:attachment":[{"href":"https:\/\/www.infokuryr.cz\/n\/wp-json\/wp\/v2\/media?parent=10634"}],"wp:term":[{"taxonomy":"category","embeddable":true,"href":"https:\/\/www.infokuryr.cz\/n\/wp-json\/wp\/v2\/categories?post=10634"},{"taxonomy":"post_tag","embeddable":true,"href":"https:\/\/www.infokuryr.cz\/n\/wp-json\/wp\/v2\/tags?post=10634"}],"curies":[{"name":"wp","href":"https:\/\/api.w.org\/{rel}","templated":true}]}}