{"id":10632,"date":"2022-05-15T04:40:01","date_gmt":"2022-05-15T02:40:01","guid":{"rendered":"http:\/\/www.infokuryr.cz\/n\/?p=10632"},"modified":"2022-05-15T04:40:01","modified_gmt":"2022-05-15T02:40:01","slug":"americky-kongresman-pred-rokem-jsme-prohrali-valku-s-pastevci-koz-a-nyni-jdeme-proti-narodu-s-6000-jadernymi-hlavicemi","status":"publish","type":"post","link":"https:\/\/www.infokuryr.cz\/n\/2022\/05\/15\/americky-kongresman-pred-rokem-jsme-prohrali-valku-s-pastevci-koz-a-nyni-jdeme-proti-narodu-s-6000-jadernymi-hlavicemi\/","title":{"rendered":"Americk\u00fd kongresman: \u201eP\u0159ed rokem jsme prohr\u00e1li v\u00e1lku s pastevci koz a nyn\u00ed jdeme proti n\u00e1rodu s 6000 jadern\u00fdmi hlavicemi\u201c"},"content":{"rendered":"<div id=\"fb-root\"><\/div>\n<p><strong>V Americe s\u00edl\u00ed odpor proti rozs\u00e1hl\u00e9 pomoci Ukrajin\u011b.<\/strong><\/p>\n<p>Ameri\u010dan\u00e9 mluv\u00ed opatrn\u011b: politick\u00e1 korektnost zavazuje. \u010cernochy nelze nazvat \u010dernochy, pouze Afroameri\u010dany, t\u011bhotn\u00e9 \u2013 \u017eenami (co kdy\u017e se jedn\u00e1 o transgender d\u00e1mu, kter\u00e1 se je\u0161t\u011b \u00fapln\u011b nep\u0159evt\u011blila do mu\u017ee). Ale zr\u00e1dcem m\u016f\u017ee b\u00fdt nazv\u00e1n kdokoli, dokonce i sen\u00e1tor a kongresman. Nap\u0159\u00edklad jen proto, \u017ee odm\u00edtli podpo\u0159it n\u00e1vrh z\u00e1kona o p\u0159id\u011blen\u00ed rekordn\u00edch 40 miliard dolar\u016f na vojenskou, finan\u010dn\u00ed a humanit\u00e1rn\u00ed pomoc Ukrajin\u011b.<\/p>\n<p>Republik\u00e1n Matt Goetz hlasoval proti.<\/p>\n<p>Goetz ve Sn\u011bmovn\u011b bez obalu prohl\u00e1sil, \u017ee pokud bude n\u00e1vrh z\u00e1kona schv\u00e1len, \u201edovede Spojen\u00e9 st\u00e1ty k v\u00e1lce s Ruskem\u201c. A po\u017eadoval, aby americk\u00e1 vl\u00e1da up\u0159ednostnila dom\u00e1c\u00ed agendu.<\/p>\n<p>Od sam\u00e9ho za\u010d\u00e1tku speci\u00e1ln\u00ed operace rusk\u00fdch jednotek na Ukrajin\u011b Goetz \u0159\u00edkal, \u017ee by se Ameri\u010dan\u00e9 m\u011bli starat o stav v\u011bc\u00ed ve vlastn\u00ed zemi.<\/p>\n<p>\u201eV\u00edc m\u011b znepokojuje americko-mexick\u00e1 hranice ne\u017e rusko-ukrajinsk\u00e1,\u201c napsal tehdy na Twitteru.<\/p>\n<p>Kdy\u017e se Goetz dozv\u011bd\u011bl o pl\u00e1nech Bidena p\u0159id\u011blit Kyjevu n\u011bkolik des\u00edtek miliard dolar\u016f, nevyj\u00e1d\u0159il p\u0159ekvapen\u00ed, ale uch\u00fdlil se k jednoduch\u00e9mu srovn\u00e1n\u00ed a p\u0159ipomn\u011bl, \u017ee v rozpo\u010dtu bylo vy\u010dlen\u011bno 15,3 miliardy dolar\u016f na pr\u00e1ci celn\u00edch a pohrani\u010dn\u00edch slu\u017eeb USA. B\u00edl\u00fd d\u016fm tedy hodl\u00e1 na Ukrajinu p\u0159ev\u00e9st t\u00e9m\u011b\u0159 t\u0159ikr\u00e1t v\u00edce.<\/p>\n<p>\u201eUkrajina je samoz\u0159ejm\u011b v\u00edce ne\u017e dvakr\u00e1t d\u016fle\u017eit\u011bj\u0161\u00ed ne\u017e na\u0161e vlast,\u201c shrnul Goetz.<\/p>\n<p>Obr\u00e1til se s kritikou na sv\u00e9ho demokratick\u00e9ho kolegu Setha Molutona, kter\u00fd v jednom rozhovoru \u0159ekl, \u017ee\u2026 USA jsou ve skute\u010dnosti ve v\u00e1lce s Ruskem.<\/p>\n<p>\u201ePokud jsme ve v\u00e1lce, pro\u010d nehlasujeme, jak bychom m\u011bli, pro povolen\u00ed pou\u017e\u00edt vojenskou s\u00edlu? Nebo budeme jednat na Ukrajin\u011b, stejn\u011b jako v Jemenu, jako na cel\u00e9m sv\u011bt\u011b, tedy v\u00e9st nevyhl\u00e1\u0161en\u00e9 v\u00e1lky?\u201c zeptal se Goetz s podez\u0159en\u00edm, \u017ee mnoz\u00ed jeho kolegov\u00e9 nebudou cht\u00edt na toto t\u00e9ma diskutovat, proto\u017ee \u201ejejich skute\u010dn\u00fdm c\u00edlem je zm\u011bna re\u017eimu v Rusku, nikoli obrana Ukrajiny.<\/p>\n<p><em>\u201eDemokrat\u00e9 v USA ka\u017ed\u00fd den lov\u00ed zast\u00e1nce b\u00edl\u00e9 nad\u0159azenosti. A p\u0159esto d\u00e1vaj\u00ed rakety skute\u010dn\u00fdm p\u0159\u00edvr\u017eenc\u016fm b\u00edl\u00e9 nad\u0159azenosti na Ukrajin\u011b,\u201c<\/em>\u00a0\u0159ekl Goetz s odkazem na jednotku ukrajinsk\u00fdch ozbrojen\u00fdch sil, prapor Azov.<\/p>\n<p><strong>Tak\u00e9 sv\u00fdm koleg\u016fm sen\u00e1tor\u016fm a kongresman\u016fm p\u0159ipomn\u011bl, \u017ee p\u0159ed rokem Spojen\u00e9 st\u00e1ty v Afgh\u00e1nist\u00e1nu \u201eprohr\u00e1ly v\u00e1lku s pastevci koz, kte\u0159\u00ed m\u00e1vali pu\u0161kami\u201c a nyn\u00ed \u201esp\u011bchaj\u00ed bojovat s n\u00e1rodem, kter\u00fd m\u00e1 6000 jadern\u00fdch hlavic\u201c.<\/strong><\/p>\n<p><em>\u201eKongres je p\u0159ipraven poslat do Kyjeva miliardy dolar\u016f, kter\u00e9 napln\u00ed kapsy zkorumpovan\u00fdch \u00fa\u0159edn\u00edk\u016f, stejn\u011b jako tomu bylo v Afgh\u00e1nist\u00e1nu. Pro\u010d by m\u011bli Ameri\u010dan\u00e9 platit za svobodu n\u011bkoho jin\u00e9ho n\u011bkde jinde, kdy\u017e se na\u0161i vlastn\u00ed l\u00edd\u0159i nepostav\u00ed za na\u0161i svobodu?\u201c<\/em><\/p>\n<p>Sou\u010dasnou situaci porovnal s \u00fatoky z 11. z\u00e1\u0159\u00ed a za\u010d\u00e1tkem pandemie koronaviru.<\/p>\n<p>Goetz si je jist\u00fd, \u017ee v obou t\u011bchto p\u0159\u00edpadech se americk\u00e9 \u00fa\u0159ady usp\u011bchaly se z\u00e1v\u011bry a vyvolaly v\u00e1lku v Ir\u00e1ku a zavedly zbyte\u010dn\u00e9 karant\u00e9ny.<\/p>\n<p><em>\u201eKdy\u017e te\u010f zpochyb\u0148ujete americk\u00e9 akce na Ukrajin\u011b, jste prost\u011b pova\u017eov\u00e1ni za zr\u00e1dce,\u201c\u00a0<\/em>shrnul politik.<\/p>\n<p>\u0158e\u010di o mo\u017en\u00e9m nasazen\u00ed americk\u00fdch voj\u00e1k\u016f na Ukrajin\u011b ho d\u011bs\u00ed a sv\u016fj strach maskuje vtipy.<\/p>\n<p>\u201eJsem proti posl\u00e1n\u00ed na\u0161ich voj\u00e1k\u016f na Ukrajinu. Tedy a\u017e na jednoho \u010dlov\u011bka \u2013 Dr. Fauci. Ten pom\u016f\u017ee Rusku destabilizovat Ukrajinu beze zbran\u00ed,\u201c sna\u017e\u00ed se usm\u00e1t a z\u00e1rove\u0148 nar\u00e1\u017e\u00ed na dnes ji\u017e sv\u011btozn\u00e1m\u00e9ho hlavn\u00edho specialistu na infek\u010dn\u00ed choroby v Americe, doktora Anthonyho Fauciho, jeho\u017e vina a dokonce p\u0159\u00edm\u00e1 \u00fa\u010dast na vzniku nov\u00e9ho koronavirusu i zmatek, ve kter\u00e9m se Amerika ocitla po za\u010d\u00e1tku pandemie COVID-19, jsou st\u00e1le p\u0159edm\u011btem \u010detn\u00fdch vy\u0161et\u0159ov\u00e1n\u00ed.<\/p>\n<p>Goetz\u016fv n\u00e1zor sd\u00edl\u00ed i kongresmanka Marjorie Taylor-Greenov\u00e1.<\/p>\n<p>\u201eAmerick\u00fd lid nepodporuje placen\u00ed pokra\u010duj\u00edc\u00edho zapojen\u00ed Spojen\u00fdch st\u00e1t\u016f do mezin\u00e1rodn\u00edch z\u00e1le\u017eitost\u00ed, zat\u00edmco na\u0161e vlastn\u00ed vl\u00e1da zklamala na\u0161i vlastn\u00ed zemi,\u201c \u0159ekla a dodala: \u201eP\u0159\u00edsahali jsme, \u017ee budeme slou\u017eit Spojen\u00fdm st\u00e1t\u016fm americk\u00fdm, nikoli Spojen\u00fdm st\u00e1t\u016fm Ukrajiny.\u201c<\/p>\n<p>Mimochodem, Taylor-Greenov\u00e1 se ji\u017e dostala pod palbu kritiky \u2013 byla jedin\u00fdm \u010dlenem Kongresu, kter\u00fd odm\u00edtl tleskat ukrajinsk\u00e9mu prezidentu Zelensk\u00e9mu, kdy\u017e hovo\u0159il s americk\u00fdmi poslanci.<\/p>\n<p><strong>KDO JE KDO<\/strong><\/p>\n<p>Matthew (Matt) Goetz je \u010dlenem americk\u00e9 Sn\u011bmovny reprezentant\u016f a byl oslavov\u00e1n jako vych\u00e1zej\u00edc\u00ed hv\u011bzda v Republik\u00e1nsk\u00e9 stran\u011b. Profes\u00ed pr\u00e1vn\u00edk a d\u011bdi\u010dn\u00fd politik: jeho otec byl \u010dlenem floridsk\u00e9ho st\u00e1tn\u00edho sen\u00e1tu a jeho d\u011bde\u010dek byl starostou Rugby a kandid\u00e1tem na guvern\u00e9ra Severn\u00ed Dakoty.<\/p>\n<p>Goetz je pova\u017eov\u00e1n za jednoho z nejzaryt\u011bj\u0161\u00edch obr\u00e1nc\u016f Trumpa a je naz\u00fdv\u00e1n jeho chr\u00e1n\u011bncem.<\/p>\n<p>Dal\u0161\u00ed podporovatelka Trumpa, z\u00e1stupkyn\u011b st\u00e1tu Georgie Marjorie Taylor-Greenov\u00e1, je zn\u00e1m\u00e1 t\u00edm, \u017ee pat\u0159\u00ed do skupiny republik\u00e1n\u016f, kte\u0159\u00ed se pokusili zpochybnit v\u00fdsledek s\u010d\u00edt\u00e1n\u00ed hlas\u016f na volebn\u00edm kolegiu, kter\u00fd prohl\u00e1sil Bidena za v\u00edt\u011bze voleb. Den po Bidenov\u011b inauguraci podala \u017e\u00e1dost, aby bylo proti nov\u011b zvolen\u00e9mu prezidentovi zah\u00e1jeno \u0159\u00edzen\u00ed o impeachmentu.<\/p>\n<p>Amerika dodnes cituje slova Taylor-Greenov\u00e9 z projevu, kter\u00fd p\u0159ednesla, kdy\u017e vyhr\u00e1la volby ve sv\u00e9m volebn\u00edm obvodu. Tehdy politi\u010dka nazvala p\u0159edsedkyni Kongresu Nancy Pelosiovou \u201eprotiamerickou, pokryteckou fenou.\u201c<\/p>\n<p><a href=\"https:\/\/bit.ly\/3wMoX7J\">ZDROJ<\/a><\/p>\n<p>&nbsp;<\/p>\n","protected":false},"excerpt":{"rendered":"<p>V Americe s\u00edl\u00ed odpor proti rozs\u00e1hl\u00e9 pomoci Ukrajin\u011b. Ameri\u010dan\u00e9 mluv\u00ed opatrn\u011b: politick\u00e1 korektnost zavazuje. \u010cernochy&#8230;<\/p>\n","protected":false},"author":2,"featured_media":7372,"comment_status":"closed","ping_status":"closed","sticky":false,"template":"","format":"standard","meta":[],"categories":[7],"tags":[22,37,40],"_links":{"self":[{"href":"https:\/\/www.infokuryr.cz\/n\/wp-json\/wp\/v2\/posts\/10632"}],"collection":[{"href":"https:\/\/www.infokuryr.cz\/n\/wp-json\/wp\/v2\/posts"}],"about":[{"href":"https:\/\/www.infokuryr.cz\/n\/wp-json\/wp\/v2\/types\/post"}],"author":[{"embeddable":true,"href":"https:\/\/www.infokuryr.cz\/n\/wp-json\/wp\/v2\/users\/2"}],"replies":[{"embeddable":true,"href":"https:\/\/www.infokuryr.cz\/n\/wp-json\/wp\/v2\/comments?post=10632"}],"version-history":[{"count":0,"href":"https:\/\/www.infokuryr.cz\/n\/wp-json\/wp\/v2\/posts\/10632\/revisions"}],"wp:featuredmedia":[{"embeddable":true,"href":"https:\/\/www.infokuryr.cz\/n\/wp-json\/wp\/v2\/media\/7372"}],"wp:attachment":[{"href":"https:\/\/www.infokuryr.cz\/n\/wp-json\/wp\/v2\/media?parent=10632"}],"wp:term":[{"taxonomy":"category","embeddable":true,"href":"https:\/\/www.infokuryr.cz\/n\/wp-json\/wp\/v2\/categories?post=10632"},{"taxonomy":"post_tag","embeddable":true,"href":"https:\/\/www.infokuryr.cz\/n\/wp-json\/wp\/v2\/tags?post=10632"}],"curies":[{"name":"wp","href":"https:\/\/api.w.org\/{rel}","templated":true}]}}