{"id":10631,"date":"2022-05-15T04:36:24","date_gmt":"2022-05-15T02:36:24","guid":{"rendered":"http:\/\/www.infokuryr.cz\/n\/?p=10631"},"modified":"2022-05-15T04:36:24","modified_gmt":"2022-05-15T02:36:24","slug":"americke-skoly-rozmisti-damske-vlozky-i-na-chlapeckych-zachodech","status":"publish","type":"post","link":"https:\/\/www.infokuryr.cz\/n\/2022\/05\/15\/americke-skoly-rozmisti-damske-vlozky-i-na-chlapeckych-zachodech\/","title":{"rendered":"Americk\u00e9 \u0161koly rozm\u00edst\u00ed d\u00e1msk\u00e9 vlo\u017eky i na chlapeck\u00fdch z\u00e1chodech"},"content":{"rendered":"<div id=\"fb-root\"><\/div>\n<h2 class=\"entry-title\">D\u0159\u00edve byli sexu\u00e1ln\u00ed devianti l\u00e9\u010deni, dnes ud\u00e1vaj\u00ed spole\u010densk\u00fd trend a v\u0161ichni se jich boj\u00ed<\/h2>\n<p><strong>\u0160koly v americk\u00e9m Portlandu rozm\u00edst\u00ed na na chlapeck\u00fdch z\u00e1chodech d\u00e1msk\u00e9 vlo\u017eky. C\u00edlem pr\u00fd je, aby se v\u0161echna pohlav\u00ed c\u00edtila na chlapeck\u00fdch toalet\u00e1ch dob\u0159e<\/strong>. Na\u0159\u00edzen\u00ed\u00a0<a href=\"https:\/\/thepostmillennial.com\/portland-schools-to-offer-period-products-instructions-on-their-usage-in-both-girls-and-boys-restrooms\">\u201eMenstrual Dignity Act<\/a>\u201c (z\u00e1kon o menstrua\u010dn\u00ed d\u016fstojnosti) podepsala guvern\u00e9rka st\u00e1tu Oregon Kate Brownov\u00e1 ji\u017e loni a nyn\u00ed vstupuje v platnost.\u00a0<strong>Menstrua\u010dn\u00ed vlo\u017eky a tampony mus\u00ed b\u00fdt rozm\u00edst\u011bny na v\u0161echny z\u00e1kladn\u00edch, vy\u0161\u0161\u00edch a st\u0159edn\u00edch \u0161kol\u00e1ch v\u010detn\u011b n\u00e1vodu na jejich pou\u017eit\u00ed.<\/strong><\/p>\n<p>Kolika sexu\u00e1ln\u00edm deviant\u016fm bude podobn\u00e9 opat\u0159en\u00ed slou\u017eit nen\u00ed bohu\u017eel zn\u00e1mo.\u00a0<strong>D\u0159\u00edve byla t\u011bmto zjevn\u011b ment\u00e1ln\u011b nemocn\u00fdm lidem poskytov\u00e1na odborn\u00e1 terapeutick\u00e1 p\u00e9\u010de, nyn\u00ed jsou ale vyd\u00e1v\u00e1ni za vzor spole\u010dnosti a jejich agenda ud\u00e1v\u00e1 ve spole\u010dnosti vzor.<\/strong>\u00a0Kritici podobn\u00fdch opat\u0159en\u00ed jsou naopak oso\u010dov\u00e1ni a spole\u010densky a profesn\u011b likvidov\u00e1ni.<\/p>\n<p>Podpora podobn\u00fdch perverz\u00ed ze strany glob\u00e1ln\u00edch finan\u010dn\u00edch elit je\u00a0<strong>zn\u00e1mkou \u0159\u00edzen\u00e9ho z\u00e1niku z\u00e1padn\u00edch spole\u010dnost\u00ed a USA v tom ud\u00e1vaj\u00ed hraj\u00ed hlavn\u00ed roli.<\/strong><\/p>\n<p><a href=\"https:\/\/ceskavec.com\/2022\/05\/americke-skoly-rozmisti-damske-vlozky-i-na-chlapeckych-zachodech-drive-byli-sexualni-devianti-leceni-dnes-udavaji-spolecensky-trend-a-vsichni-se-jich-boji\">\u010cesk\u00e1 v\u011bc<\/a><\/p>\n<p>&nbsp;<\/p>\n","protected":false},"excerpt":{"rendered":"<p>D\u0159\u00edve byli sexu\u00e1ln\u00ed devianti l\u00e9\u010deni, dnes ud\u00e1vaj\u00ed spole\u010densk\u00fd trend a v\u0161ichni se jich boj\u00ed \u0160koly&#8230;<\/p>\n","protected":false},"author":2,"featured_media":994,"comment_status":"closed","ping_status":"closed","sticky":false,"template":"","format":"standard","meta":[],"categories":[7],"tags":[1345,157,1392,37,2410],"_links":{"self":[{"href":"https:\/\/www.infokuryr.cz\/n\/wp-json\/wp\/v2\/posts\/10631"}],"collection":[{"href":"https:\/\/www.infokuryr.cz\/n\/wp-json\/wp\/v2\/posts"}],"about":[{"href":"https:\/\/www.infokuryr.cz\/n\/wp-json\/wp\/v2\/types\/post"}],"author":[{"embeddable":true,"href":"https:\/\/www.infokuryr.cz\/n\/wp-json\/wp\/v2\/users\/2"}],"replies":[{"embeddable":true,"href":"https:\/\/www.infokuryr.cz\/n\/wp-json\/wp\/v2\/comments?post=10631"}],"version-history":[{"count":0,"href":"https:\/\/www.infokuryr.cz\/n\/wp-json\/wp\/v2\/posts\/10631\/revisions"}],"wp:featuredmedia":[{"embeddable":true,"href":"https:\/\/www.infokuryr.cz\/n\/wp-json\/wp\/v2\/media\/994"}],"wp:attachment":[{"href":"https:\/\/www.infokuryr.cz\/n\/wp-json\/wp\/v2\/media?parent=10631"}],"wp:term":[{"taxonomy":"category","embeddable":true,"href":"https:\/\/www.infokuryr.cz\/n\/wp-json\/wp\/v2\/categories?post=10631"},{"taxonomy":"post_tag","embeddable":true,"href":"https:\/\/www.infokuryr.cz\/n\/wp-json\/wp\/v2\/tags?post=10631"}],"curies":[{"name":"wp","href":"https:\/\/api.w.org\/{rel}","templated":true}]}}