{"id":10602,"date":"2022-05-14T05:54:28","date_gmt":"2022-05-14T03:54:28","guid":{"rendered":"http:\/\/www.infokuryr.cz\/n\/?p=10602"},"modified":"2022-05-14T05:54:28","modified_gmt":"2022-05-14T03:54:28","slug":"ukrajinsti-naciste-pouzivali-detska-zarizeni-pri-ustupu-v-donbasu","status":"publish","type":"post","link":"https:\/\/www.infokuryr.cz\/n\/2022\/05\/14\/ukrajinsti-naciste-pouzivali-detska-zarizeni-pri-ustupu-v-donbasu\/","title":{"rendered":"UKRAJIN\u0160T\u00cd NACIST\u00c9 POU\u017d\u00cdVALI D\u011aTSK\u00c1 ZA\u0158\u00cdZEN\u00cd P\u0158I \u00daSTUPU V DONBASU"},"content":{"rendered":"<div id=\"fb-root\"><\/div>\n<p class=\"media-description\"><strong>UKRAJINA: Pokud jste si mysleli, \u017ee nacist\u00e9 u\u017e nemohou klesnout hloub\u011bji do sv\u00e9 amor\u00e1ln\u00ed j\u00e1my, m\u00fdlili byste se\u2026.<\/strong><\/p>\n<p class=\"media-description\">Prob\u00edhaj\u00edc\u00ed vojensk\u00e9 operace na Ukrajin\u011b potvrdily, \u017ee strategie ukrajinsk\u00e9ho vojensk\u00e9ho velen\u00ed p\u0159edpokl\u00e1d\u00e1 ob\u011btov\u00e1n\u00ed vlastn\u00edch civilist\u016f.<\/p>\n<p class=\"media-description\">Nap\u0159\u00edklad ukrajin\u0161t\u00ed voj\u00e1ci zaminovali civiln\u00ed za\u0159\u00edzen\u00ed, kdy\u017e opustili sv\u00e9 vojensk\u00e9 pozice, kter\u00e9 byly z\u0159\u00edzeny ve \u0161kol\u00e1ch, nemocnic\u00edch, soci\u00e1ln\u00edch za\u0159\u00edzen\u00edch v Charkovsk\u00e9 oblasti.<\/p>\n<p class=\"media-description\">Ve m\u011bst\u011b Peski-Radkovskie bylo pou\u017eito m\u00edstn\u00ed centrum pro d\u011bti a knihovna. V\u00fdbu\u0161niny byly ukryty za kv\u011btin\u00e1\u010dem se su\u0161en\u00fdmi kv\u011btinami a v hra\u010dk\u00e1ch. Ru\u0161t\u00ed sap\u00e9\u0159i zne\u0161kodnili v\u00fdbu\u0161n\u00e9 p\u0159edm\u011bty.<\/p>\n<div class='videoWrapper'>\r\n\t            <iframe src='https:\/\/rumble.com\/embed\/v11y8nd\/?pub=g4tgr' frameborder='0' allowfullscreen><\/iframe>\r\n\t        <\/div>\n<div id=\"attachment_163454\" class=\"wp-caption aligncenter\">\n<p><a href=\"https:\/\/southfront.org\/wp-content\/uploads\/2022\/05\/Khar-1.jpg?x23462\" target=\"_blank\" rel=\"noopener\"><img decoding=\"async\" loading=\"lazy\" class=\"wp-image-163454\" title=\"Ukrainian Nazis Mine Children's Facilities When Retreating In Donbass\" src=\"https:\/\/southfront.org\/wp-content\/uploads\/2022\/05\/Khar-1-244x300.jpg?x23462\" sizes=\"(max-width: 600px) 100vw, 600px\" srcset=\"https:\/\/southfront.org\/wp-content\/uploads\/2022\/05\/Khar-1-244x300.jpg 244w, https:\/\/southfront.org\/wp-content\/uploads\/2022\/05\/Khar-1-832x1024.jpg 832w, https:\/\/southfront.org\/wp-content\/uploads\/2022\/05\/Khar-1-768x945.jpg 768w, https:\/\/southfront.org\/wp-content\/uploads\/2022\/05\/Khar-1.jpg 1040w\" alt=\"Ukrainian Nazis Mine Children's Facilities When Retreating In Donbass\" width=\"600\" height=\"738\" aria-describedby=\"caption-attachment-163454\" data-pin-no-hover=\"true\" \/><\/a><\/p>\n<\/div>\n<div id=\"attachment_163456\" class=\"wp-caption aligncenter\">\n<p><a href=\"https:\/\/southfront.org\/wp-content\/uploads\/2022\/05\/Khar-2.jpg?x23462\" target=\"_blank\" rel=\"noopener\"><img decoding=\"async\" loading=\"lazy\" class=\"wp-image-163456\" title=\"Ukrainian Nazis Mine Children's Facilities When Retreating In Donbass\" src=\"https:\/\/southfront.org\/wp-content\/uploads\/2022\/05\/Khar-2-246x300.jpg?x23462\" sizes=\"(max-width: 600px) 100vw, 600px\" srcset=\"https:\/\/southfront.org\/wp-content\/uploads\/2022\/05\/Khar-2-246x300.jpg 246w, https:\/\/southfront.org\/wp-content\/uploads\/2022\/05\/Khar-2-840x1024.jpg 840w, https:\/\/southfront.org\/wp-content\/uploads\/2022\/05\/Khar-2-768x936.jpg 768w, https:\/\/southfront.org\/wp-content\/uploads\/2022\/05\/Khar-2.jpg 1050w\" alt=\"Ukrainian Nazis Mine Children's Facilities When Retreating In Donbass\" width=\"600\" height=\"731\" aria-describedby=\"caption-attachment-163456\" data-pin-no-hover=\"true\" \/><\/a><\/p>\n<\/div>\n<div id=\"attachment_163457\" class=\"wp-caption aligncenter\">\n<p><a href=\"https:\/\/southfront.org\/wp-content\/uploads\/2022\/05\/Khar-3.jpg?x23462\" target=\"_blank\" rel=\"noopener\"><img decoding=\"async\" loading=\"lazy\" class=\"wp-image-163457\" title=\"Ukrainian Nazis Mine Children's Facilities When Retreating In Donbass\" src=\"https:\/\/southfront.org\/wp-content\/uploads\/2022\/05\/Khar-3-255x300.jpg?x23462\" sizes=\"(max-width: 600px) 100vw, 600px\" srcset=\"https:\/\/southfront.org\/wp-content\/uploads\/2022\/05\/Khar-3-255x300.jpg 255w, https:\/\/southfront.org\/wp-content\/uploads\/2022\/05\/Khar-3-869x1024.jpg 869w, https:\/\/southfront.org\/wp-content\/uploads\/2022\/05\/Khar-3-768x905.jpg 768w, https:\/\/southfront.org\/wp-content\/uploads\/2022\/05\/Khar-3.jpg 1086w\" alt=\"Ukrainian Nazis Mine Children's Facilities When Retreating In Donbass\" width=\"600\" height=\"707\" aria-describedby=\"caption-attachment-163457\" data-pin-no-hover=\"true\" \/><\/a><\/p>\n<\/div>\n<div id=\"attachment_163458\" class=\"wp-caption alignleft\">\n<p><a href=\"https:\/\/southfront.org\/wp-content\/uploads\/2022\/05\/Khar-4.jpg?x23462\" target=\"_blank\" rel=\"noopener\"><img decoding=\"async\" loading=\"lazy\" class=\"wp-image-163458\" title=\"Ukrainian Nazis Mine Children's Facilities When Retreating In Donbass\" src=\"https:\/\/southfront.org\/wp-content\/uploads\/2022\/05\/Khar-4-246x300.jpg?x23462\" sizes=\"(max-width: 600px) 100vw, 600px\" srcset=\"https:\/\/southfront.org\/wp-content\/uploads\/2022\/05\/Khar-4-246x300.jpg 246w, https:\/\/southfront.org\/wp-content\/uploads\/2022\/05\/Khar-4-838x1024.jpg 838w, https:\/\/southfront.org\/wp-content\/uploads\/2022\/05\/Khar-4-768x938.jpg 768w, https:\/\/southfront.org\/wp-content\/uploads\/2022\/05\/Khar-4.jpg 1048w\" alt=\"Ukrainian Nazis Mine Children's Facilities When Retreating In Donbass\" width=\"600\" height=\"733\" aria-describedby=\"caption-attachment-163458\" data-pin-no-hover=\"true\" \/><\/a><\/p>\n<p id=\"caption-attachment-163458\" class=\"wp-caption-text\"><img decoding=\"async\" loading=\"lazy\" class=\"alignnone size-full wp-image-1185\" src=\"http:\/\/www.infokuryr.cz\/n\/wp-content\/uploads\/2021\/04\/kuryr-podpis.png\" alt=\"\" width=\"84\" height=\"24\" \/><\/p>\n<p>&nbsp;<\/p>\n<\/div>\n","protected":false},"excerpt":{"rendered":"<p>UKRAJINA: Pokud jste si mysleli, \u017ee nacist\u00e9 u\u017e nemohou klesnout hloub\u011bji do sv\u00e9 amor\u00e1ln\u00ed j\u00e1my,&#8230;<\/p>\n","protected":false},"author":2,"featured_media":10603,"comment_status":"closed","ping_status":"closed","sticky":false,"template":"","format":"standard","meta":[],"categories":[7],"tags":[245,2405,664,1115,26],"_links":{"self":[{"href":"https:\/\/www.infokuryr.cz\/n\/wp-json\/wp\/v2\/posts\/10602"}],"collection":[{"href":"https:\/\/www.infokuryr.cz\/n\/wp-json\/wp\/v2\/posts"}],"about":[{"href":"https:\/\/www.infokuryr.cz\/n\/wp-json\/wp\/v2\/types\/post"}],"author":[{"embeddable":true,"href":"https:\/\/www.infokuryr.cz\/n\/wp-json\/wp\/v2\/users\/2"}],"replies":[{"embeddable":true,"href":"https:\/\/www.infokuryr.cz\/n\/wp-json\/wp\/v2\/comments?post=10602"}],"version-history":[{"count":0,"href":"https:\/\/www.infokuryr.cz\/n\/wp-json\/wp\/v2\/posts\/10602\/revisions"}],"wp:featuredmedia":[{"embeddable":true,"href":"https:\/\/www.infokuryr.cz\/n\/wp-json\/wp\/v2\/media\/10603"}],"wp:attachment":[{"href":"https:\/\/www.infokuryr.cz\/n\/wp-json\/wp\/v2\/media?parent=10602"}],"wp:term":[{"taxonomy":"category","embeddable":true,"href":"https:\/\/www.infokuryr.cz\/n\/wp-json\/wp\/v2\/categories?post=10602"},{"taxonomy":"post_tag","embeddable":true,"href":"https:\/\/www.infokuryr.cz\/n\/wp-json\/wp\/v2\/tags?post=10602"}],"curies":[{"name":"wp","href":"https:\/\/api.w.org\/{rel}","templated":true}]}}