{"id":10585,"date":"2022-05-14T01:01:26","date_gmt":"2022-05-13T23:01:26","guid":{"rendered":"http:\/\/www.infokuryr.cz\/n\/?p=10585"},"modified":"2022-05-13T18:12:03","modified_gmt":"2022-05-13T16:12:03","slug":"bergoglio-prijal-ve-vatikanu-neonacistku","status":"publish","type":"post","link":"https:\/\/www.infokuryr.cz\/n\/2022\/05\/14\/bergoglio-prijal-ve-vatikanu-neonacistku\/","title":{"rendered":"Bergoglio p\u0159ijal ve Vatik\u00e1nu neonacistku"},"content":{"rendered":"<div id=\"fb-root\"><\/div>\n<p>Je zn\u00e1m\u00fd fakt, \u017ee Vatik\u00e1n sv\u00e9ho \u010dasu jako prvn\u00ed na sv\u011bt\u011b uznal 3. \u0159\u00ed\u0161i. Stejn\u011b tak kn\u011b\u017e\u00ed nev\u00e1hali po\u017eehnat nacistick\u00fdm zbran\u00edm. O mnoh\u00e9m vypov\u00edd\u00e1 i samotn\u00e1 instalace Bergoglia, b\u00fdval\u00e9ho komunisty, pozd\u011bji z\u00e1zrakem \u201ep\u0159em\u011bn\u011bn\u00e9ho\u201c na katol\u00edka, na post pape\u017ee.<\/p>\n<p>Ov\u0161em jeho podpora islamizace Evropy \u010di LGBTQI nesmysl\u016f n\u00e1m jasn\u011b ukazuje, \u017ee na tento post byl p\u0159edem velmi pe\u010dliv\u011b vybr\u00e1n. Ne ka\u017ed\u00fd pape\u017e by z\u0159ejm\u011b byl ochoten nad\u0161en\u011b v\u00edtat ty, kdo pot\u00e9 zdevastuj\u00ed kostely po cel\u00e9 Evrop\u011b.<\/p>\n<p><a href=\"https:\/\/voxnews.info\/2022\/05\/12\/bergoglio-riceva-nazista-ucraina-in-vaticano-hitler-is-back-%f0%9f%98%82\/\">Nyn\u00ed<\/a>\u00a0se objevil star\u0161\u00ed obr\u00e1zek, ukazuj\u00edc\u00ed hajluj\u00edc\u00ed ukrajinskou neonacistku, jistou Katerinu Prokopenko, vedle zbrusu nov\u00e9ho obr\u00e1zku, na n\u011bm\u017e m\u016f\u017eete vid\u011bt Bergoglia, kter\u00fd tut\u00e9\u017e z\u0159ejm\u011b nad\u0161enou mladou neonacistku p\u0159iv\u00edtal ve Vatik\u00e1nu (viz tituln\u00ed obr\u00e1zek).<\/p>\n<p>Ostatn\u011b, hajlov\u00e1n\u00ed nen\u00ed u c\u00edrkevn\u00edch hodnost\u00e1\u0159\u016f nic a\u017e tak neobvykl\u00e9ho\u2026<\/p>\n<p><img decoding=\"async\" loading=\"lazy\" class=\"\" src=\"https:\/\/pbs.twimg.com\/media\/FSj3aSlXoAAuzom?format=jpg&amp;name=360x360\" alt=\"Obr\u00e1zek\" width=\"542\" height=\"370\" \/><img decoding=\"async\" loading=\"lazy\" class=\"\" src=\"https:\/\/pbs.twimg.com\/media\/FSj3aSqXEAEcq_M?format=jpg&amp;name=small\" alt=\"Obr\u00e1zek\" width=\"522\" height=\"376\" \/><\/p>\n<p><a href=\"https:\/\/necenzurovanapravda.cz\/2022\/05\/bergoglio-prijal-ve-vatikanu-neonacistku\/\">ZDROJ<\/a><\/p>\n","protected":false},"excerpt":{"rendered":"<p>Je zn\u00e1m\u00fd fakt, \u017ee Vatik\u00e1n sv\u00e9ho \u010dasu jako prvn\u00ed na sv\u011bt\u011b uznal 3. \u0159\u00ed\u0161i. Stejn\u011b&#8230;<\/p>\n","protected":false},"author":2,"featured_media":10586,"comment_status":"closed","ping_status":"closed","sticky":false,"template":"","format":"standard","meta":[],"categories":[7],"tags":[473,664,254,329],"_links":{"self":[{"href":"https:\/\/www.infokuryr.cz\/n\/wp-json\/wp\/v2\/posts\/10585"}],"collection":[{"href":"https:\/\/www.infokuryr.cz\/n\/wp-json\/wp\/v2\/posts"}],"about":[{"href":"https:\/\/www.infokuryr.cz\/n\/wp-json\/wp\/v2\/types\/post"}],"author":[{"embeddable":true,"href":"https:\/\/www.infokuryr.cz\/n\/wp-json\/wp\/v2\/users\/2"}],"replies":[{"embeddable":true,"href":"https:\/\/www.infokuryr.cz\/n\/wp-json\/wp\/v2\/comments?post=10585"}],"version-history":[{"count":1,"href":"https:\/\/www.infokuryr.cz\/n\/wp-json\/wp\/v2\/posts\/10585\/revisions"}],"predecessor-version":[{"id":10587,"href":"https:\/\/www.infokuryr.cz\/n\/wp-json\/wp\/v2\/posts\/10585\/revisions\/10587"}],"wp:featuredmedia":[{"embeddable":true,"href":"https:\/\/www.infokuryr.cz\/n\/wp-json\/wp\/v2\/media\/10586"}],"wp:attachment":[{"href":"https:\/\/www.infokuryr.cz\/n\/wp-json\/wp\/v2\/media?parent=10585"}],"wp:term":[{"taxonomy":"category","embeddable":true,"href":"https:\/\/www.infokuryr.cz\/n\/wp-json\/wp\/v2\/categories?post=10585"},{"taxonomy":"post_tag","embeddable":true,"href":"https:\/\/www.infokuryr.cz\/n\/wp-json\/wp\/v2\/tags?post=10585"}],"curies":[{"name":"wp","href":"https:\/\/api.w.org\/{rel}","templated":true}]}}