{"id":105647,"date":"2026-05-01T07:39:41","date_gmt":"2026-05-01T05:39:41","guid":{"rendered":"https:\/\/www.infokuryr.cz\/n\/?p=105647"},"modified":"2026-05-01T07:39:41","modified_gmt":"2026-05-01T05:39:41","slug":"izraelske-sily-zautocily-na-flotilu-global-sumud-u-pobrezi-krety-a-zadrzely-jeji-ucastniky","status":"publish","type":"post","link":"https:\/\/www.infokuryr.cz\/n\/2026\/05\/01\/izraelske-sily-zautocily-na-flotilu-global-sumud-u-pobrezi-krety-a-zadrzely-jeji-ucastniky\/","title":{"rendered":"Izraelsk\u00e9 s\u00edly za\u00fato\u010dily na flotilu Global Sumud u pob\u0159e\u017e\u00ed Kr\u00e9ty a zadr\u017eely jej\u00ed \u00fa\u010dastn\u00edky"},"content":{"rendered":"<div id=\"fb-root\"><\/div>\n<section class=\"perex\"><strong>Ve st\u0159edu 29. dubna 2026, mezi 22:00 a 23:00, byly lod\u011b v \u010dele flotily Global Sumud nejprve zastra\u0161ov\u00e1ny \u010detn\u00fdmi p\u0159elety dron\u016f; osln\u011bn\u00edm laserem z \u010dlun\u016f izraelsk\u00e9 arm\u00e1dy, z nich\u017e voj\u00e1ci m\u00ed\u0159\u00ed zbran\u011bmi na osoby na palub\u011b lod\u00ed.<\/strong><\/p>\n<p><strong>Operaci p\u0159edch\u00e1zelo ru\u0161en\u00ed komunika\u010dn\u00edch prost\u0159edk\u016f flotily Global Sumud.<\/strong><\/p>\n<\/section>\n<section class=\"clanek-obsah\">\n<div class=\"karta\">\n<figure><img decoding=\"async\" loading=\"lazy\" class=\"aligncenter\" src=\"https:\/\/zvedavec.news\/images\/26\/izrael-zajal-flotilu-global-sumud-1.jpg\" alt=\"[...]\" width=\"578\" height=\"338\" \/><\/figure>\n<\/div>\n<p>Je t\u0159eba poznamenat, \u017ee tento nov\u00fd akt pir\u00e1tstv\u00ed sp\u00e1chan\u00fd izraelsk\u00fdmi \u00fa\u0159ady se odehr\u00e1v\u00e1 u pob\u0159e\u017e\u00ed Kr\u00e9ty (\u0158ecko), v mezin\u00e1rodn\u00edch vod\u00e1ch a asi 935 km od Gazy.<\/p>\n<div class=\"karta\">\n<figure><img decoding=\"async\" loading=\"lazy\" class=\"aligncenter\" src=\"https:\/\/zvedavec.news\/images\/26\/izrael-zajal-flotilu-global-sumud-2.jpg\" alt=\"[...]\" width=\"573\" height=\"519\" \/><\/figure>\n<\/div>\n<p>V 03:35 n\u00e1s informa\u010dn\u00ed slu\u017eba flotily Global Sumud, kter\u00e1 od za\u010d\u00e1tku pir\u00e1tsk\u00fdch ud\u00e1lost\u00ed nep\u0159estala komunikovat, informovala, \u017ee \u00fa\u010dastn\u00edci (dobrovoln\u00edci a humanit\u00e1rn\u00ed pracovn\u00edci) byli uneseni izraelsk\u00fdmi silami. Hovo\u0159\u00ed se tedy o \u00fanosech nebo \u00fanosu, co\u017e je trestn\u00fd \u010din. Viz n\u00ed\u017ee uveden\u00e9 prohl\u00e1\u0161en\u00ed.<\/p>\n<p>Vyvst\u00e1v\u00e1 tedy ot\u00e1zka, pro\u010d Izraelci zasahuj\u00ed tak brzy do plavby t\u00e9to bezprecedentn\u00ed humanit\u00e1rn\u00ed flotily, kter\u00e1 se skl\u00e1d\u00e1 z v\u00edce ne\u017e stovky lod\u00ed a kter\u00e1 opustila sv\u016fj domovsk\u00fd p\u0159\u00edstav v Barcelon\u011b v ned\u011bli 12. dubna 2026?<\/p>\n<p>Odpov\u011b\u010f se zd\u00e1 b\u00fdt z\u0159ejm\u00e1. Veden\u00ed Global Sumud Flotilla pl\u00e1novalo zast\u00e1vku v Turecku, kde \u010dekaly dal\u0161\u00ed lod\u011b a humanit\u00e1rn\u00ed pracovn\u00edci, aby se p\u0159ipojili k expedici. Vztahy mezi Tureckem a Izraelem se v\u0161ak natolik zhor\u0161ily, \u017ee Turecko nevylu\u010duje vojensk\u00fd z\u00e1sah, pokud Izrael bude i nad\u00e1le p\u0159ekra\u010dovat v\u0161echny \u010derven\u00e9 \u010d\u00e1ry, jak prohl\u00e1sil Recep Tayyip Erdogan.<\/p>\n<p>Vzhledem k v\u00fd\u0161e uveden\u00e9mu by bylo mnohem nebezpe\u010dn\u011bj\u0161\u00ed za\u00fato\u010dit na flotilu pot\u00e9, co by se k n\u00ed p\u0159ipojily tureck\u00e9 posily.<\/p>\n<div class=\"karta\">\n<figure><img decoding=\"async\" loading=\"lazy\" class=\"aligncenter\" src=\"https:\/\/zvedavec.news\/images\/26\/izrael-zajal-flotilu-global-sumud-3.jpg\" alt=\"[Prohl\u00e1\u0161en\u00ed...]\" width=\"572\" height=\"888\" \/><figcaption>Prohl\u00e1\u0161en\u00ed Global Sumud Flotilla<\/figcaption><\/figure>\n<\/div>\n<p>30. dubna 2026, 03:35<\/p>\n<p>St\u0159edozemn\u00ed mo\u0159e \u2013 Dne\u0161n\u00ed akce Izraele (st\u0159eda 29. dubna 2026) znamenaj\u00ed nebezpe\u010dnou a bezprecedentn\u00ed eskalaci: \u00fanos civilist\u016f uprost\u0159ed St\u0159edozemn\u00edho mo\u0159e, v\u00edce ne\u017e 965 kilometr\u016f od Gazy, p\u0159ed zraky cel\u00e9ho sv\u011bta.<\/p>\n<p>\u0158ekn\u011bme to na rovinu: jedn\u00e1 se o pir\u00e1tstv\u00ed. Jedn\u00e1 se o neleg\u00e1ln\u00ed zajet\u00ed lid\u00ed na voln\u00e9m mo\u0159i pobl\u00ed\u017e Kr\u00e9ty, co\u017e je d\u016fkazem toho, \u017ee Izrael m\u016f\u017ee jednat zcela beztrestn\u011b, daleko za sv\u00fdmi hranicemi, bez jak\u00fdchkoli n\u00e1sledk\u016f.<\/p>\n<p>Jsme sv\u011bdky pokusu o normalizaci izraelsk\u00e9 kontroly nad St\u0159edozemn\u00edm mo\u0159em a eskalace beztrestnosti Izraele. \u017d\u00e1dn\u00fd st\u00e1t nem\u00e1 pr\u00e1vo si n\u00e1rokovat, kontrolovat nebo okupovat mezin\u00e1rodn\u00ed vody. P\u0159esn\u011b to v\u0161ak Izrael ud\u011blal, kdy\u017e roz\u0161\u00ed\u0159il svou nadvl\u00e1du a obsadil St\u0159edozemn\u00ed mo\u0159e u evropsk\u00fdch b\u0159eh\u016f.<\/p>\n<p>V r\u00e1mci sv\u00e9 agrese izraelsk\u00e9 n\u00e1mo\u0159nictvo zadr\u017eovalo lod\u011b, ru\u0161ilo komunikaci, v\u010detn\u011b nouzov\u00fdch kan\u00e1l\u016f, a un\u00e1\u0161elo civilisty. Nejedn\u00e1 se o sporn\u00e9 pohrani\u010dn\u00ed oblasti, ale o mezin\u00e1rodn\u00ed vody.<\/p>\n<p>Je\u0161t\u011b v\u00edce znepokojuj\u00edc\u00ed je ml\u010den\u00ed. Vl\u00e1dy, kter\u00e9 tvrd\u00ed, \u017ee dodr\u017euj\u00ed mezin\u00e1rodn\u00ed pr\u00e1vo, op\u011bt ml\u010d\u00ed. \u017d\u00e1dn\u00e9 r\u00e1zn\u00e9 odsouzen\u00ed. \u017d\u00e1dn\u00e1 okam\u017eit\u00e1 \u017e\u00e1dost o propu\u0161t\u011bn\u00ed zajatc\u016f. \u017d\u00e1dn\u00e1 v\u00fdzva k zodpov\u011bdnosti. Tato absence reakce nen\u00ed neutralitou, je to souhlas a spoluvina.<\/p>\n<p>Po\u017eadujeme okam\u017eit\u00e9 odpov\u011bdi a spravedlnost:<\/p>\n<p>Kde jsou unesen\u00ed civilist\u00e9? Kam byli odvezeni? Spolupracovaly evropsk\u00e9 vl\u00e1dy s Izraelem na usnadn\u011bn\u00ed t\u011bchto \u00fanos\u016f?<\/p>\n<p>Z\u016fst\u00e1v\u00e1 v\u0161ak z\u00e1sadn\u011bj\u0161\u00ed ot\u00e1zka: jak se Izrael mohl dostat do bodu, kdy m\u016f\u017ee p\u0159ed zraky v\u0161ech a s jejich v\u011bdom\u00edm beztrestn\u011b un\u00e1\u0161et neozbrojen\u00e9 civilisty?<\/p>\n<p>To vytv\u00e1\u0159\u00ed katastrof\u00e1ln\u00ed precedens a mus\u00ed b\u00fdt co nejd\u016frazn\u011bji odsouzeno. Ml\u010den\u00ed vl\u00e1d po cel\u00e9m sv\u011bt\u011b nazna\u010duje, \u017ee mezin\u00e1rodn\u00ed pr\u00e1vo se uplat\u0148uje selektivn\u011b a \u017ee Izrael m\u016f\u017ee beztrestn\u011b \u00fato\u010dit na civilisty kdekoli na sv\u011bt\u011b a kdykoli.<\/p>\n<p>\u017d\u00e1d\u00e1me, aby se za to zodpov\u00eddalo.<\/p>\n<p><b>Fran\u00e7ois Meylan<\/b><\/p>\n<p>&nbsp;<\/p>\n<\/section>\n","protected":false},"excerpt":{"rendered":"<p>Ve st\u0159edu 29. dubna 2026, mezi 22:00 a 23:00, byly lod\u011b v \u010dele flotily Global&#8230;<\/p>\n","protected":false},"author":2,"featured_media":105648,"comment_status":"closed","ping_status":"closed","sticky":false,"template":"","format":"standard","meta":[],"categories":[7],"tags":[2457,107,627],"_links":{"self":[{"href":"https:\/\/www.infokuryr.cz\/n\/wp-json\/wp\/v2\/posts\/105647"}],"collection":[{"href":"https:\/\/www.infokuryr.cz\/n\/wp-json\/wp\/v2\/posts"}],"about":[{"href":"https:\/\/www.infokuryr.cz\/n\/wp-json\/wp\/v2\/types\/post"}],"author":[{"embeddable":true,"href":"https:\/\/www.infokuryr.cz\/n\/wp-json\/wp\/v2\/users\/2"}],"replies":[{"embeddable":true,"href":"https:\/\/www.infokuryr.cz\/n\/wp-json\/wp\/v2\/comments?post=105647"}],"version-history":[{"count":0,"href":"https:\/\/www.infokuryr.cz\/n\/wp-json\/wp\/v2\/posts\/105647\/revisions"}],"wp:featuredmedia":[{"embeddable":true,"href":"https:\/\/www.infokuryr.cz\/n\/wp-json\/wp\/v2\/media\/105648"}],"wp:attachment":[{"href":"https:\/\/www.infokuryr.cz\/n\/wp-json\/wp\/v2\/media?parent=105647"}],"wp:term":[{"taxonomy":"category","embeddable":true,"href":"https:\/\/www.infokuryr.cz\/n\/wp-json\/wp\/v2\/categories?post=105647"},{"taxonomy":"post_tag","embeddable":true,"href":"https:\/\/www.infokuryr.cz\/n\/wp-json\/wp\/v2\/tags?post=105647"}],"curies":[{"name":"wp","href":"https:\/\/api.w.org\/{rel}","templated":true}]}}