{"id":105644,"date":"2026-05-01T07:35:15","date_gmt":"2026-05-01T05:35:15","guid":{"rendered":"https:\/\/www.infokuryr.cz\/n\/?p=105644"},"modified":"2026-05-01T07:35:15","modified_gmt":"2026-05-01T05:35:15","slug":"vojenska-prehlidka-ke-dni-vitezstvi-v-moskve-bude-bez-pozemni-vojenske-techniky-a-bez-kadetu-pechotnich-a-dustojnickych-skol","status":"publish","type":"post","link":"https:\/\/www.infokuryr.cz\/n\/2026\/05\/01\/vojenska-prehlidka-ke-dni-vitezstvi-v-moskve-bude-bez-pozemni-vojenske-techniky-a-bez-kadetu-pechotnich-a-dustojnickych-skol\/","title":{"rendered":"Vojensk\u00e1 p\u0159ehl\u00eddka ke Dni v\u00edt\u011bzstv\u00ed v Moskv\u011b bude bez pozemn\u00ed vojensk\u00e9 techniky a bez kadet\u016f p\u011bchotn\u00edch a d\u016fstojnick\u00fdch \u0161kol!"},"content":{"rendered":"<div id=\"fb-root\"><\/div>\n<h4>Vojensk\u00e1 p\u0159ehl\u00eddka ke Dni v\u00edt\u011bzstv\u00ed v Moskv\u011b bude bez pozemn\u00ed vojensk\u00e9 techniky a bez kadet\u016f p\u011bchotn\u00edch a d\u016fstojnick\u00fdch \u0161kol! Rusk\u00e1 duma \u0159e\u0161ila video Rusky z Monaka a \u0161\u00e9f komunist\u016f varoval, \u017ee pokud se nevy\u0159e\u0161\u00ed probl\u00e9my, tak Rusko \u010dek\u00e1 na podzim revoluce jako v roce 1917! Policie v Rusku za\u010dala leg\u00e1ln\u00edm dr\u017eitel\u016fm bez vysv\u011btlen\u00ed konfiskovat zbran\u011b, sta\u010d\u00ed pr\u00fd zji\u0161t\u011bn\u00ed, \u017ee si zapnuli VPN pro p\u0159\u00edstup na Telegram!<\/h4>\n<p>V\u00e1lka na Ukrajin\u011b b\u011b\u017e\u00ed ji\u017e p\u00e1t\u00fdm rokem a transformace rusk\u00e9 ekonomiky v roce 2022 m\u011bla od po\u010d\u00e1tku jednu z\u00e1sadn\u00ed hrozbu, kterou m\u00e1 ka\u017ed\u00e1 v\u00e1le\u010dn\u00e1 ekonomika. V prvn\u00edch letech v\u00e1le\u010dn\u00e1 ekonomika generuje vysok\u00fd r\u016fst HDP v d\u016fsledku masivn\u00edho pumpov\u00e1n\u00ed pen\u011bz do zbrojn\u00ed v\u00fdroby, kter\u00e1 \u017eene n\u00e1rodn\u00ed HDP do z\u00e1vratn\u00fdch v\u00fd\u0161ek. Jen\u017ee tento\u00a0<em>boost<\/em>\u00a0efekt trv\u00e1 jen tak dlouho, dokud vysok\u00fd r\u016fst HDP neza\u010dne tla\u010dit na mzdy ve zbrojn\u00edm pr\u016fmyslu a v p\u0159idru\u017een\u00fdch odv\u011btv\u00edch jako je metalurgie, stroj\u00edrenstv\u00ed, elektrotechnika a chemick\u00fd pr\u016fmysl.<\/p>\n<figure id=\"attachment_65772\" class=\"wp-caption aligncenter\" style=\"width: 693px;\"><a href=\"https:\/\/aeronet.news\/wp-content\/uploads\/PutinSVOcenterHQ.jpg\"><img decoding=\"async\" loading=\"lazy\" class=\"wp-image-65772 \" src=\"https:\/\/aeronet.news\/wp-content\/uploads\/PutinSVOcenterHQ-1024x683.jpg\" sizes=\"(max-width: 700px) 100vw, 700px\" srcset=\"https:\/\/aeronet.news\/wp-content\/uploads\/PutinSVOcenterHQ-1024x683.jpg 1024w, https:\/\/aeronet.news\/wp-content\/uploads\/PutinSVOcenterHQ-300x200.jpg 300w, https:\/\/aeronet.news\/wp-content\/uploads\/PutinSVOcenterHQ-768x512.jpg 768w, https:\/\/aeronet.news\/wp-content\/uploads\/PutinSVOcenterHQ-700x467.jpg 700w, https:\/\/aeronet.news\/wp-content\/uploads\/PutinSVOcenterHQ-536x357.jpg 536w, https:\/\/aeronet.news\/wp-content\/uploads\/PutinSVOcenterHQ-725x483.jpg 725w, https:\/\/aeronet.news\/wp-content\/uploads\/PutinSVOcenterHQ.jpg 1200w\" alt=\"\" width=\"693\" height=\"462\" \/><\/a><figcaption class=\"wp-caption-text\">Vladimir Putin<\/figcaption><\/figure>\n<p>V Rusku za 4 roky v d\u016fsledku vysok\u00e9ho r\u016fstu HDP rostly mzdy, ale s nimi zcela \u00fam\u011brn\u011b i ceny zbo\u017e\u00ed a slu\u017eeb, a to prakticky \u00fapln\u011b v\u0161ude. A nav\u00edc zbrojn\u00ed pr\u016fmysl nen\u00ed samofinancovan\u00fd, ale je pln\u011b dotovan\u00fd, jako ka\u017ed\u00fd zbrojn\u00ed pr\u016fmysl v\u0161ude na sv\u011bt\u011b. Rusko nen\u00ed v\u00fdjimkou.<\/p>\n<p><strong>Po 4 letech za\u010d\u00edn\u00e1 rusk\u00e1 ekonomika zpomalovat a prvn\u00ed kvart\u00e1l tohoto roku dopadl v Rusku s propadem 1,8% v porovn\u00e1n\u00ed se stejn\u00fdm obdob\u00edm p\u0159edchoz\u00edho roku [<a href=\"https:\/\/href.li\/?https:\/\/x.com\/FAB87F\/status\/2044553870731350174\" target=\"_blank\" rel=\"nofollow noopener\">1<\/a>].<\/strong>\u00a0Letos m\u00e1 Rusko r\u016fst p\u0159ibli\u017en\u011b 1,7% HDP za cel\u00fd rok, co\u017e je sice v\u00edce ne\u017e v\u011bt\u0161ina zem\u00ed v EU, ale to nen\u00ed \u00fat\u011bcha.<\/p>\n<h3>Chabad nen\u00ed spokojen s v\u00fdsledky ani B\u00edl\u00e9ho domu, ani Kremlu<\/h3>\n<p>Pro Rusko je to propad o v\u00edce ne\u017e 2% meziro\u010dn\u011b a za norm\u00e1ln\u00ed situace bychom \u0159ekli, \u017ee Rusko se dost\u00e1v\u00e1 do recese. Jen\u017ee tady mluv\u00edme o subvencovan\u00e9 zbrojn\u00ed ekonomice, kter\u00e1 t\u00e1hne mzdy cel\u00e9ho pr\u016fmyslu nahoru a s nimi jdou nahoru i ceny zbo\u017e\u00ed a slu\u017eeb.<\/p>\n<p>A to nen\u00ed recese, ale v podstat\u011b stagflace, tedy stagnuj\u00edc\u00ed r\u016fst, ale spojen\u00fd s r\u016fstem inflace v d\u016fsledku subvenc\u00ed do zbrojn\u00edho pr\u016fmyslu. Rusko bude muset nad\u00e1le sahat do st\u00e1tn\u00edch rezerv a rozprod\u00e1vat zlat\u00e9 rezervy, co\u017e u\u017e rusk\u00e1 centr\u00e1ln\u00ed banka za\u010dala. To vede k propadu cen zlata na sv\u011btov\u00fdch trz\u00edch, proto\u017ee Rusko se zbavuje opravdu velk\u00fdch objem\u016f zlata.<\/p>\n<p>&nbsp;<\/p>\n<div id=\"rumble_v76zs7k\">\n<div id=\"vid_v76zs7k\" class=\"rumble_v76zs7k-Rumble-cls\" tabindex=\"-1\">\n<div><div class='videoWrapper'>\r\n\t            <iframe src='https:\/\/rumble.com\/embed\/pj.v76zs7k\/' frameborder='0' allowfullscreen><\/iframe>\r\n\t        <\/div><\/div>\n<\/div>\n<\/div>\n<p>&nbsp;<\/p>\n<p>Jist\u011b si pamatujete na moji anal\u00fdzu, kde jsem predikoval, \u017ee letos na podzim m\u016f\u017ee skon\u010dit nejen Donald Trump, ale i Vladimir Putin. Zaj\u00edmavost\u00ed je, \u017ee ke stejn\u00e9mu n\u00e1zoru nyn\u00ed do\u0161el i v\u016fdce rusk\u00fdch komunist\u016f Genadij Zjuganov, kter\u00fd u\u017e v polovin\u011b dubna v Dum\u011b reagoval na vir\u00e1ln\u00ed video rusk\u00e9 modelky z Monaka. Viktorie Bonja toti\u017e nato\u010dila video pro Putina, kde mu \u0159ekla, \u017ee se ho lid\u00e9 boj\u00ed, jakou disponuje obrovskou moc\u00ed, tak pro\u010d pr\u00fd nic neud\u011bl\u00e1 s nepravostmi v Rusku, kter\u00e9 se tam d\u011bj\u00ed.<\/p>\n<h3>Rusk\u00e1 modelka poslala do Kremlu otev\u0159en\u00fd vzkaz Putinovi<\/h3>\n<p>Blogerka Viktorie Bonja zve\u0159ejnila na Instagramu v\u00fdzvu \u201e<em>jm\u00e9nem lidu<\/em>\u201c adresovanou prezidentovi Rusk\u00e9 federace Vladim\u00edru Putinovi. V osmn\u00e1ctiminutov\u00e9m videu Bonja mimo jin\u00e9 prohl\u00e1sila:\u00a0<em>Vladimire Vladimirovi\u010di, lid\u00e9 se v\u00e1s boj\u00ed.\u00a0<strong>Boj\u00ed se v\u00e1s lid, boj\u00ed se v\u00e1s bloge\u0159i, um\u011blci i guvern\u00e9\u0159i.<\/strong>\u00a0A vy jste prezidentem na\u0161\u00ed zem\u011b. Mysl\u00edm, \u017ee bychom se nem\u011bli b\u00e1t.\u00a0<\/em>Samotn\u00e1 Bonja se podle sv\u00fdch slov Putina neboj\u00ed, proto\u017ee \u017eije \u201e<em>podle sv\u00e9ho srdce<\/em>\u201c. Blogerka prohl\u00e1sila, \u017ee pova\u017euje Putina za siln\u00e9ho politika, kter\u00fd v\u0161ak \u201e<em>mnoho nev\u00ed<\/em>\u201c. Uvedla p\u011bt nal\u00e9hav\u00fdch probl\u00e9m\u016f, \u201e<em>o nich\u017e \u017e\u00e1dn\u00fd guvern\u00e9r Putinovi nic ne\u0159ekne<\/em>\u201c:<\/p>\n<ul>\n<li>Povode\u0148 v Dagest\u00e1nu, b\u011bhem n\u00ed\u017e lid\u00e9 v prvn\u00edch dnech nedostali \u017e\u00e1dnou pomoc<\/li>\n<li>Zne\u010di\u0161t\u011bn\u00ed pl\u00e1\u017e\u00ed a mo\u0159e v Anap\u011b topn\u00fdm olejem, kter\u00e9 dosud nebylo \u00fapln\u011b odstran\u011bno<\/li>\n<li>Pravidla, kter\u00e1 umo\u017e\u0148uj\u00ed zab\u00edjet zv\u00ed\u0159ata zapsan\u00e1 v \u010cerven\u00e9 knize<\/li>\n<li>Odcizen\u00ed a zabit\u00ed hospod\u00e1\u0159sk\u00fdch zv\u00ed\u0159at v Novosibirsk\u00e9 oblasti<\/li>\n<li>Blokov\u00e1n\u00ed internetu.<\/li>\n<\/ul>\n<p>Bonja rovn\u011b\u017e pouk\u00e1zala na dal\u0161\u00ed probl\u00e9my, s nimi\u017e se Rusov\u00e9 pot\u00fdkaj\u00ed, v\u010detn\u011b prudk\u00e9ho r\u016fstu cen a obt\u00ed\u017e\u00ed p\u0159i provozov\u00e1n\u00ed mal\u00e9ho podnik\u00e1n\u00ed.\u00a0<strong>\u201e<em>Lid\u00e9 te\u010f k\u0159i\u010d\u00ed na pln\u00e9 pecky. Vzali jim to posledn\u00ed a st\u00e1le jim berou. Podnik\u00e1n\u00ed um\u00edr\u00e1<\/em>,\u201c<\/strong>\u00a0prohl\u00e1sila. \u201e<em>Lid\u00e9 googluj\u00ed, jak odjet z Ruska. Je to jeden z nejobl\u00edben\u011bj\u0161\u00edch dotaz\u016f v sou\u010dasn\u00e9 dob\u011b,<\/em>\u201c zd\u016fraznila Bonja. Bonja se pokusila znovu upozornit na soudn\u00ed st\u00edh\u00e1n\u00ed Valerie a Artema \u010cekalinov\u00fdch a z\u00e1rove\u0148 si post\u011b\u017eovala na ur\u00e1\u017eliv\u00e9 v\u00fdroky v\u016f\u010di \u017een\u00e1m, kter\u00e9 pronesl poslanec St\u00e1tn\u00ed dumy za stranu \u201e\u00a0<em>Jednotn\u00e9 Rusko<\/em>\u201c Vitalije Milonova, kter\u00e9ho ozna\u010dila za \u201e<em>odpornou osobu<\/em>\u201c.<\/p>\n<h3>Solovjov se t\u011b\u017ece sp\u00e1lil, kdy\u017e nepochopil, \u017ee rusk\u00e1 holka z Monaka je sou\u010d\u00e1st\u00ed medi\u00e1ln\u00edho aran\u017em\u00e1 Kremlu<\/h3>\n<p>Blogerka vyzvala Putina, aby nap\u0159\u00edklad v aplikaci Max vytvo\u0159il \u201e<em>n\u011bjakou platformu, kde by v\u00e1m lid\u00e9 mohli skute\u010dn\u011b p\u0159\u00edmo ps\u00e1t o tom, co se u nich d\u011bje, a p\u0159\u00edmo ps\u00e1t o sv\u00fdch probl\u00e9mech<\/em>\u201c. \u201eJe t\u0159eba vid\u011bt, co si dnes lid\u00e9 mysl\u00ed. To je velmi d\u016fle\u017eit\u00e9,\u201c prohl\u00e1sila blogerka. \u201e<em>Douf\u00e1m, \u017ee n\u00e1m tato zpr\u00e1va umo\u017en\u00ed naj\u00edt spojen\u00ed a vy\u0159e\u0161it v\u0161echny tyto ot\u00e1zky. Proto\u017ee moc slou\u017e\u00ed lidem. Ale v \u017e\u00e1dn\u00e9m p\u0159\u00edpad\u011b ne naopak<\/em>,\u201c \u0159ekla. Za 13 hodin z\u00edskalo video v\u00edce ne\u017e 500 tis\u00edc lajk\u016f. Viktoria Bonja, kter\u00e1 \u017eije v Monaku, ji\u017e n\u011bkolikr\u00e1t nato\u010dila videa k aktu\u00e1ln\u00edm ud\u00e1lostem.<\/p>\n<p>Cel\u00e1 tahle akce s ruskou bloggerkou ale p\u016fsob\u00ed jako zinscenovan\u00e9 p\u0159edstaven\u00ed, proto\u017ee Bonja nejen, \u017ee Putina nijak nekritizovala jako n\u011bjak\u00e9ho tyrana, ale naopak se na n\u011bho obracela jako na toho, kdo m\u00e1 s\u00edlu \u0159e\u0161it probl\u00e9my. A potvrzuje to i incident a \u0161patn\u00e9 vyhodnocen\u00ed ze strany Vladimira Solovjova. Ten toti\u017e na jej\u00ed video prudce za\u00fato\u010dil, ale o p\u00e1r dn\u00ed pozd\u011bji p\u0159i\u0161el neuv\u011b\u0159iteln\u00fd obrat.<\/p>\n<div class=\"twitter-tweet twitter-tweet-rendered\"><a href=\"https:\/\/x.com\/SprinterPress\/status\/2046188917217513969?ref_src=twsrc%5Etfw%7Ctwcamp%5Etweetembed%7Ctwterm%5E2046188917217513969%7Ctwgr%5E06e3cf8d1d8d7e50c695e851d065fc8c1703f835%7Ctwcon%5Es1_&amp;ref_url=https%3A%2F%2Faeronet.news%2Fvojenska-prehlidka-ke-dni-vitezstvi-v-moskve-bude-bez-pozemni-vojenske-techniky-a-bez-kadetu-pechotnich-a-dustojnickych-skol-ruska-duma-resila-video-rusky-z-monaka-a-sef-komunistu-varoval%2F\"><img decoding=\"async\" loading=\"lazy\" class=\"wp-image-105645 aligncenter\" src=\"http:\/\/www.infokuryr.cz\/n\/wp-content\/uploads\/2026\/05\/x-203x300.jpg\" alt=\"\" width=\"423\" height=\"625\" \/><\/a><\/div>\n<p>Televizn\u00ed moder\u00e1tor Vladimir Solovjov se v p\u0159\u00edm\u00e9m p\u0159enosu toti\u017e omluvil blogerce pot\u00e9, co se na n\u011bj ve\u0159ejn\u011b obr\u00e1tila, a \u0159ekl j\u00ed, \u017ee byl ve sv\u00fdch v\u00fdroc\u00edch p\u0159\u00edli\u0161 neopatrn\u00fd. Samoz\u0159ejm\u011b, \u017ee Rusov\u00e9 na soci\u00e1ln\u00edch s\u00edt\u00edch v\u011bd\u00ed, co se stalo. Solovjov se j\u00ed neomluvil proto, \u017ee se mu ozvala, ale proto, \u017ee z Kremlu p\u0159i\u0161el p\u0159\u00edkaz od Putina, aby se j\u00ed ihned omluvil. \u201e<em>Za prv\u00e9, vypad\u00e1\u0161 \u00fa\u017easn\u011b. Za druh\u00e9: ano, samoz\u0159ejm\u011b, m\u011bl bych se omluvit. M\u00e1\u0161 naprostou pravdu.<\/em><\/p>\n<p><em>Samoz\u0159ejm\u011b jsem byl p\u0159\u00edli\u0161 emocion\u00e1ln\u00ed a samoz\u0159ejm\u011b, a\u0165 u\u017e byla motivace za t\u00edm, co jsem \u0159ekl, a pro\u010d jsem to \u0159ekl jak\u00e1koli \u2013 samoz\u0159ejm\u011b jsem m\u011bl b\u00fdt mnohem opatrn\u011bj\u0161\u00ed ve sv\u00fdch slovech, kter\u00e1 zazn\u011bla v p\u0159\u00edm\u00e9m p\u0159enosu<\/em>,\u201c \u0159ekl Solovjov b\u011bhem \u017eiv\u00e9ho vys\u00edl\u00e1n\u00ed s Bonjou ve sv\u00e9m po\u0159adu\u00a0<em>Polny Kontakt<\/em>\u00a0\u201e<em>Full Contact<\/em>\u201c.\u00a0<strong>Bylo zcela jasn\u00e9, \u017ee Solovjov nepochopil, \u017ee to video z Monaka bylo ne proti Putinovi, ale na jeho podporu.<\/strong>\u00a0Tyto ud\u00e1losti ale ukazuj\u00ed, \u017ee Putinovi za\u010d\u00ednaj\u00ed v Kremlu h\u00e1zet klacky pod nohy a Putin se obrac\u00ed na pomoc bloger\u016f a lid\u00ed zvenku. Nespokojenost s Putinem ze strany Chabadu roste. Stejn\u011b jako roste nespokojenost Chabadu s Trumpem.<\/p>\n<h3>Konfiskace leg\u00e1ln\u011b dr\u017een\u00fdch zbran\u00ed v d\u016fsledku podez\u0159en\u00ed<\/h3>\n<p>S t\u00edm souvis\u00ed i paranoia v Rusku, kdy st\u00e1tn\u00ed org\u00e1ny za\u010daly konfiskovat leg\u00e1ln\u011b dr\u017een\u00e9 zbran\u011b, a to bez ud\u00e1n\u00ed d\u016fvodu. Na rusk\u00fdch soci\u00e1ln\u00edch s\u00edt\u00edch se uv\u00e1d\u00ed, \u017ee t\u00edm d\u016fvodem je zji\u0161t\u011bn\u00ed, \u017ee dr\u017eitel zbran\u011b zapnul na sv\u00e9m po\u010d\u00edta\u010di nebo mobilu VPN, tedy n\u00e1stroj pro obch\u00e1zen\u00ed blokac\u00ed pro p\u0159\u00edstup na z\u00e1padn\u00ed weby a rovn\u011b\u017e na z\u00e1padn\u00ed soci\u00e1ln\u00ed s\u00edt\u011b a komunika\u010dn\u00ed platformy. Pr\u00e1v\u011b na nich ukrajinsk\u00e1 SBU verbuje Rusy pro prov\u00e1d\u011bn\u00ed teroristick\u00fdch \u00fatok\u016f v Rusku.<\/p>\n<p>&nbsp;<\/p>\n<div id=\"rumble_v76zs86\">\n<div id=\"vid_v76zs86\" class=\"rumble_v76zs86-Rumble-cls\" tabindex=\"-1\">\n<div><div class='videoWrapper'>\r\n\t            <iframe src='https:\/\/rumble.com\/embed\/pj.v76zs86\/' frameborder='0' allowfullscreen><\/iframe>\r\n\t        <\/div><\/div>\n<\/div>\n<\/div>\n<p>&nbsp;<\/p>\n<p>A proto\u017ee t\u011bch \u00fatok\u016f p\u0159ib\u00fdv\u00e1, paranoia st\u00e1tn\u00edch \u00fatvar\u016f graduje a jakmile dr\u017eitel\u00e9 zbran\u00ed jsou identifikov\u00e1ni jako ti, kte\u0159\u00ed se p\u0159ipojuj\u00ed p\u0159es VPN na z\u00e1padn\u00ed webov\u00e9 servery, okam\u017eit\u011b jsou podez\u0159el\u00ed a ihned za nimi vyraz\u00ed policie a odejme jim zbra\u0148. V\u00e1lka se toti\u017e dost\u00e1v\u00e1 do hloubi Ruska, m\u00e1 formu ukrajinsk\u00e9ho teroru, ale \u010dasto p\u00e1chan\u00e9ho naverbovan\u00fdmi Rusy z \u0159ad civiln\u00edho obyvatelstva. A verbov\u00e1n\u00ed prob\u00edh\u00e1 na Telegramu spu\u0161t\u011bn\u00e9m p\u0159es VPN.<\/p>\n<p>Prost\u011b v\u00e1lka likviduje svobody lid\u00ed a i kdy\u017e jde jen o specku a ne o regul\u00e9rn\u00ed v\u00e1lku, tak v d\u016fsledc\u00edch rozd\u00edl nen\u00ed. Co je ale z\u00e1sadn\u00ed a alarmuj\u00edc\u00ed, to je ozn\u00e1men\u00ed\u00a0<strong>[<a href=\"https:\/\/href.li\/?https:\/\/t.me\/mod_russia\/63019\" target=\"_blank\" rel=\"nofollow noopener\">2<\/a>]<\/strong>\u00a0ministerstva obrany o zru\u0161en\u00ed p\u0159ehl\u00eddky bojov\u00e9 techniky na Rud\u00e9m n\u00e1m\u011bst\u00ed a rovn\u011b\u017e zru\u0161en\u00ed \u00fa\u010dasti kadetn\u00edch p\u011bchotn\u00edch podd\u016fstojnick\u00fdch a d\u016fstojnick\u00fdch \u0161kol. Ministerstvo uvedlo toto:<\/p>\n<ul>\n<li>Dne 9. kv\u011btna 2026 se na Rud\u00e9m n\u00e1m\u011bst\u00ed v Moskv\u011b uskute\u010dn\u00ed vojensk\u00e1 p\u0159ehl\u00eddka u p\u0159\u00edle\u017eitosti 81. v\u00fdro\u010d\u00ed v\u00edt\u011bzstv\u00ed ve Velk\u00e9 vlasteneck\u00e9 v\u00e1lce.<\/li>\n<li>V pochodov\u00e9 kolon\u011b se z\u00fa\u010dastn\u00ed voj\u00e1ci nejvy\u0161\u0161\u00edch vojensk\u00fdch vysok\u00fdch \u0161kol v\u0161ech druh\u016f a samostatn\u00fdch vojsk ozbrojen\u00fdch sil Rusk\u00e9 federace.<\/li>\n<li><strong>Voj\u00e1ci Suvorovsk\u00fdch a Nachimovsk\u00fdch \u0161kol, kadetsk\u00fdch sbor\u016f, stejn\u011b jako kolona vojensk\u00e9 techniky, se v leto\u0161n\u00edm roce nep\u0159ipoj\u00ed k vojensk\u00e9 p\u0159ehl\u00eddce vzhledem k aktu\u00e1ln\u00ed opera\u010dn\u00ed situaci.<\/strong><\/li>\n<li>B\u011bhem p\u0159ehl\u00eddky bude demonstrov\u00e1na pr\u00e1ce voj\u00e1k\u016f v\u0161ech druh\u016f a vojsk ozbrojen\u00fdch sil, kte\u0159\u00ed pln\u00ed \u00fakoly v z\u00f3n\u011b speci\u00e1ln\u00ed vojensk\u00e9 operace, stejn\u011b jako voj\u00e1k\u016f ve slu\u017eb\u011b, v\u010detn\u011b t\u011bch, kte\u0159\u00ed slou\u017e\u00ed na velitelsk\u00fdch stanovi\u0161t\u00edch raketov\u00fdch vojsk strategick\u00e9ho ur\u010den\u00ed, vzdu\u0161n\u011b-kosmick\u00fdch sil a na lod\u00edch n\u00e1mo\u0159nictva.<\/li>\n<li>B\u011bhem leteck\u00e9 \u010d\u00e1sti p\u0159ehl\u00eddky p\u0159elet\u00ed nad Rud\u00fdm n\u00e1m\u011bst\u00edm letadla rusk\u00fdch akrobatick\u00fdch leteck\u00fdch skupin a na z\u00e1v\u011br p\u0159ehl\u00eddky piloti \u00fato\u010dn\u00fdch letoun\u016f Su-25 obarv\u00ed moskevskou oblohu barvami rusk\u00e9 vlajky.<\/li>\n<\/ul>\n<p>\u2013<em>Ministerstvo obrany<\/em>\u2013<\/p>\n<h3>M\u00e1jov\u00e1 p\u0159ehl\u00eddka bez tank\u016f a pozemn\u00ed techniky<\/h3>\n<p>Podle rusk\u00fdch zdroj\u016f jsou v\u0161ichni kadeti nasazeni k obran\u011b rusk\u00fdch m\u011bst u PVO syst\u00e9m\u016f a protidronov\u00fdch bateri\u00ed. Po ukrajinsk\u00fdch \u00fatoc\u00edch na rusk\u00e9 ropn\u00e9 rafin\u00e9rie je v Rusk\u00e9 arm\u00e1d\u011b nejvy\u0161\u0161\u00ed poplach. Jsou nasazeni \u00fapln\u011b v\u0161ichni, co\u017e ukazuje na akutn\u00ed nedostatek person\u00e1lu Rusk\u00e9 arm\u00e1dy k obran\u011b rusk\u00e9ho vnitrozem\u00ed p\u0159ed ukrajinsk\u00fdmi \u00fatoky drony. Tato informace na Telegramu rusk\u00e9ho ministerstva obrany vyvolala na rusk\u00fdch s\u00edt\u00edch obrovsk\u00e9 znepokojen\u00ed, \u017ee by se mohlo jednat o p\u0159edzv\u011bst a p\u0159\u00edznak bl\u00ed\u017e\u00edc\u00ed se druh\u00e9 vlny mobilizace.<\/p>\n<figure id=\"attachment_51625\" class=\"wp-caption aligncenter\" style=\"width: 704px;\"><a href=\"https:\/\/aeronet.news\/wp-content\/uploads\/PutinParade2022_03.jpg\"><img decoding=\"async\" loading=\"lazy\" class=\"wp-image-51625 \" src=\"https:\/\/aeronet.news\/wp-content\/uploads\/PutinParade2022_03-1024x576.jpg\" sizes=\"(max-width: 700px) 100vw, 700px\" srcset=\"https:\/\/aeronet.news\/wp-content\/uploads\/PutinParade2022_03-1024x576.jpg 1024w, https:\/\/aeronet.news\/wp-content\/uploads\/PutinParade2022_03-300x169.jpg 300w, https:\/\/aeronet.news\/wp-content\/uploads\/PutinParade2022_03-768x432.jpg 768w, https:\/\/aeronet.news\/wp-content\/uploads\/PutinParade2022_03-700x394.jpg 700w, https:\/\/aeronet.news\/wp-content\/uploads\/PutinParade2022_03-635x357.jpg 635w, https:\/\/aeronet.news\/wp-content\/uploads\/PutinParade2022_03-859x483.jpg 859w, https:\/\/aeronet.news\/wp-content\/uploads\/PutinParade2022_03.jpg 1280w\" alt=\"\" width=\"704\" height=\"396\" \/><\/a><figcaption class=\"wp-caption-text\">Leto\u0161n\u00ed p\u0159ehl\u00eddka Dne v\u00edt\u011bzstv\u00ed se bude muset obej\u00edt bez kadet\u016f p\u011bchotn\u00edch a motost\u0159eleck\u00fdch \u0161kol<\/figcaption><\/figure>\n<p>Aby toti\u017e bylo jasno, tyto kadetn\u00ed \u0161koly pozemn\u00edch vojsk vychov\u00e1vaj\u00ed velitele tank\u016f, obrn\u011bn\u00fdch voz\u016f, velitele motost\u0159eleck\u00fdch odd\u00edl\u016f, velitele p\u011bchoty a rovn\u011b\u017e si tyto \u0161koly nov\u011b vzaly na starost v\u00fdchovu velitel\u016f REB a BPLA \u00fatvar\u016f, tedy radioelektronick\u00e9ho boje a bezpilotn\u00edch letoun\u016f.<\/p>\n<p>V\u0161echny ostatn\u00ed \u00fatvary se p\u0159ehl\u00eddky z\u00fa\u010dastn\u00ed. Nen\u00ed t\u0159eba b\u00fdt g\u00e9nius na to, aby b\u011b\u017en\u00e9mu Rusovi do\u0161lo, co to znamen\u00e1. Zjuganov m\u00e1 stejn\u00fd n\u00e1zor jako j\u00e1.\u00a0<strong>Pokud Trump a Putin do podzimu nedok\u00e1\u017e\u00ed ukon\u010dit v\u00e1lky na Ukrajin\u011b a v Persk\u00e9m z\u00e1livu, budou oba dva na odst\u0159el.<\/strong>\u00a0Obrazn\u011b, anebo v p\u0159\u00edpad\u011b Trumpa dost mo\u017en\u00e1 i doslova. Proto\u017ee na Ukrajin\u011b se hraje o transformaci na Nebesk\u00fd Jeruzal\u00e9m, zat\u00edmco v \u00cdr\u00e1nu jde o deblokaci pl\u00e1nu na realizaci Velk\u00e9ho Izraele. Dva c\u00edle se spole\u010dn\u00fdm jmenovatelem \u2013\u00a0<em>halachou<\/em>! A ti, kte\u0159\u00ed slou\u017e\u00ed pod halachou, mus\u00ed plnit \u00fakoly. Pokud \u00fakoly nezvl\u00e1dnou, budou vym\u011bn\u011bn\u00ed. Takov\u00e1 je realita.<\/p>\n<p><a href=\"https:\/\/aeronet.news\/vojenska-prehlidka-ke-dni-vitezstvi-v-moskve-bude-bez-pozemni-vojenske-techniky-a-bez-kadetu-pechotnich-a-dustojnickych-skol-ruska-duma-resila-video-rusky-z-monaka-a-sef-komunistu-varoval\/\">-VK-<\/a><\/p>\n<p>&nbsp;<\/p>\n","protected":false},"excerpt":{"rendered":"<p>Vojensk\u00e1 p\u0159ehl\u00eddka ke Dni v\u00edt\u011bzstv\u00ed v Moskv\u011b bude bez pozemn\u00ed vojensk\u00e9 techniky a bez kadet\u016f&#8230;<\/p>\n","protected":false},"author":2,"featured_media":105646,"comment_status":"closed","ping_status":"closed","sticky":false,"template":"","format":"standard","meta":[],"categories":[6],"tags":[9660,246,4770],"_links":{"self":[{"href":"https:\/\/www.infokuryr.cz\/n\/wp-json\/wp\/v2\/posts\/105644"}],"collection":[{"href":"https:\/\/www.infokuryr.cz\/n\/wp-json\/wp\/v2\/posts"}],"about":[{"href":"https:\/\/www.infokuryr.cz\/n\/wp-json\/wp\/v2\/types\/post"}],"author":[{"embeddable":true,"href":"https:\/\/www.infokuryr.cz\/n\/wp-json\/wp\/v2\/users\/2"}],"replies":[{"embeddable":true,"href":"https:\/\/www.infokuryr.cz\/n\/wp-json\/wp\/v2\/comments?post=105644"}],"version-history":[{"count":0,"href":"https:\/\/www.infokuryr.cz\/n\/wp-json\/wp\/v2\/posts\/105644\/revisions"}],"wp:featuredmedia":[{"embeddable":true,"href":"https:\/\/www.infokuryr.cz\/n\/wp-json\/wp\/v2\/media\/105646"}],"wp:attachment":[{"href":"https:\/\/www.infokuryr.cz\/n\/wp-json\/wp\/v2\/media?parent=105644"}],"wp:term":[{"taxonomy":"category","embeddable":true,"href":"https:\/\/www.infokuryr.cz\/n\/wp-json\/wp\/v2\/categories?post=105644"},{"taxonomy":"post_tag","embeddable":true,"href":"https:\/\/www.infokuryr.cz\/n\/wp-json\/wp\/v2\/tags?post=105644"}],"curies":[{"name":"wp","href":"https:\/\/api.w.org\/{rel}","templated":true}]}}