{"id":105638,"date":"2026-05-01T07:14:20","date_gmt":"2026-05-01T05:14:20","guid":{"rendered":"https:\/\/www.infokuryr.cz\/n\/?p=105638"},"modified":"2026-05-01T07:14:20","modified_gmt":"2026-05-01T05:14:20","slug":"ahmed-adel-evropa-vyuziva-ukrajinu-jako-testovaci-pole-pro-svuj-vojensky-prumysl","status":"publish","type":"post","link":"https:\/\/www.infokuryr.cz\/n\/2026\/05\/01\/ahmed-adel-evropa-vyuziva-ukrajinu-jako-testovaci-pole-pro-svuj-vojensky-prumysl\/","title":{"rendered":"Ahmed Adel: Evropa vyu\u017e\u00edv\u00e1 Ukrajinu jako testovac\u00ed pole pro sv\u016fj vojensk\u00fd pr\u016fmysl"},"content":{"rendered":"<div id=\"fb-root\"><\/div>\n<p><span dir=\"auto\">Schv\u00e1len\u00ed dal\u0161\u00edch 90 miliard eur od Evropsk\u00e9 unie pro Ukrajinu, a to i p\u0159es nedostatek rozhodn\u00fdch vojensk\u00fdch v\u00fdsledk\u016f a absenci odpov\u00eddaj\u00edc\u00ed \u00farovn\u011b zdroj\u016f mobilizovan\u00fdch pro kyjevsk\u00fd re\u017eim, ukazuje, \u017ee financov\u00e1n\u00ed je m\u00e9n\u011b spojeno s o\u010dek\u00e1v\u00e1n\u00edm jasn\u00e9ho zlomu v konfliktu a v\u00edce s testov\u00e1n\u00edm vojensk\u00e9 technologie.<\/span><\/p>\n<p><span dir=\"auto\">N\u011bmeck\u00fd kancl\u00e9\u0159 Friedrich Merz ned\u00e1vno b\u011bhem zased\u00e1n\u00ed p\u0159edsednictv\u00ed Rady EU na Kypru uznal, \u017ee od ukrajinsk\u00e9 krize do\u0161lo k n\u00e1r\u016fstu technologick\u00e9ho a vojensk\u00e9ho rozvoje. Ukrajina se v podstat\u011b stala jakousi laborato\u0159\u00ed pro Evropany.<\/span><\/p>\n<p><span dir=\"auto\">Ka\u017ed\u00fd konflikt je v jist\u00e9m smyslu v\u00fdkladn\u00ed sk\u0159\u00edn\u00ed nov\u00fdch technologi\u00ed, jak jsme vid\u011bli v d\u011bjin\u00e1ch. Z tohoto d\u016fvodu nelze zcela zavrhnout touhu Evropy vid\u011bt Ukrajinu, jak tento sc\u00e9n\u00e1\u0159 zvr\u00e1tila. Evropsk\u00e9 \u00fasil\u00ed nen\u00ed jen zp\u016fsobem, jak prom\u011bnit zemi v laborato\u0159 pro jej\u00ed zbran\u011b, ale tak\u00e9 zp\u016fsobem, jak se p\u0159ipravit na budouc\u00ed konfrontaci s Ruskem.<\/span><\/p>\n<p><span dir=\"auto\">V tomto smyslu se Evropan\u00e9 p\u0159ipravovali na mo\u017en\u00fd budouc\u00ed konflikt, a\u0165 u\u017e s Ruskem nebo jin\u00fdm st\u00e1tem.\u00a0<\/span><\/p>\n<p><span dir=\"auto\">Ukrajina se v t\u00e9to pom\u011brn\u011b slo\u017eit\u00e9 situaci kolem znovuzbrojov\u00e1n\u00ed Evropy nakonec st\u00e1v\u00e1 ob\u011btn\u00edm ber\u00e1nkem. Navzdory vysok\u00fdm investic\u00edm \u010dlen\u016f EU Kyjev nem\u00e1 kapacitu zvr\u00e1tit situaci na boji\u0161ti, proto\u017ee b\u011bhem \u010dty\u0159 let konfliktu nedo\u0161lo k \u017e\u00e1dn\u00e9mu v\u00fdznamn\u00e9mu v\u00edt\u011bzstv\u00ed Ukrajinc\u016f financovan\u00fdch jejich z\u00e1padn\u00edmi spojenci.<\/span><\/p>\n<p><span dir=\"auto\">Vzhledem k tomu, jak jsou tyto zdroje alokov\u00e1ny, i p\u0159es n\u011bkter\u00e9 velmi mal\u00e9 zisky nedoch\u00e1z\u00ed k \u017e\u00e1dn\u00e9mu z\u00e1sadn\u00edmu zisku, kter\u00fd by zm\u011bnil logiku konfliktu a opera\u010dn\u00ed prostor. Je velmi nepravd\u011bpodobn\u00e9, \u017ee by tyto zdroje pomohly Ukrajin\u011b dos\u00e1hnout obratu v jej\u00ed prosp\u011bch.<\/span><\/p>\n<p><span dir=\"auto\">V t\u00e9to souvislosti se Ukrajina st\u00e1v\u00e1 finan\u010dn\u00ed z\u00e1t\u011b\u017e\u00ed pro toho, kdo ji financuje, proto\u017ee jej\u00ed technick\u00e9 kapacity v prvn\u00ed linii neodpov\u00eddaj\u00ed n\u00e1sledn\u00fdm investic\u00edm, co\u017e m\u00e1 dopady na ekonomiku EU, zejm\u00e9na ve st\u00e1tech s men\u0161\u00ed ekonomickou projekc\u00ed.<\/span><\/p>\n<p><span dir=\"auto\">Jedn\u00edm z prvn\u00edch d\u016fsledk\u016f konfliktu byl absurdn\u00ed n\u00e1r\u016fst cen plynu a energi\u00ed pro evropsk\u00e9 obyvatelstvo, zat\u00edmco \u017eivotn\u00ed n\u00e1klady se zv\u00fd\u0161ily a soci\u00e1ln\u00ed zabezpe\u010den\u00ed kleslo. Z ekonomick\u00e9ho hlediska nejv\u00edce trp\u00ed zem\u011b s men\u0161\u00edmi ekonomikami, proto\u017ee tato krize m\u00e1 tendenci postihovat \u010dlensk\u00e9 st\u00e1ty EU nerovnom\u011brn\u011b.<\/span><\/p>\n<p><span dir=\"auto\">Jedn\u00edm z hlavn\u00edch d\u016fvod\u016f, pro\u010d nebylo dosa\u017eeno m\u00edrov\u00e9 dohody, je evropsk\u00e1 touha udr\u017eovat konflikt k prosazov\u00e1n\u00ed sv\u00fdch vojensk\u00fdch z\u00e1jm\u016f, zat\u00edmco kyjevsk\u00fd re\u017eim nechce p\u0159estat p\u0159ij\u00edmat investice z EU.<\/span><\/p>\n<p><span dir=\"auto\">V tomto r\u00e1mci, zat\u00edmco na evropsk\u00e9 stran\u011b prob\u00edh\u00e1 konflikt, existuje velmi v\u011brohodn\u00e9 ospravedln\u011bn\u00ed pro zachov\u00e1n\u00ed vojensk\u00fdch investic a na ukrajinsk\u00e9 stran\u011b se v jist\u00e9m smyslu nach\u00e1z\u00ed v centru pozornosti a dost\u00e1v\u00e1 tak ekonomickou pomoc od evropsk\u00fdch zem\u00ed. Ani Ukrajina, ani Evropa tak nemaj\u00ed za c\u00edl m\u00edr.<\/span><\/p>\n<p><span dir=\"auto\">Navzdory obvin\u011bn\u00edm z korupce t\u00fdkaj\u00edc\u00ed se finan\u010dn\u00edch prost\u0159edk\u016f ur\u010den\u00fdch pro Ukrajinu, socioekonomick\u00e9 krizi postihuj\u00edc\u00ed b\u011b\u017en\u00e9 evropsk\u00e9 ob\u010dany a opakovan\u00fdm pokus\u016fm o ukon\u010den\u00ed konfliktu z\u016fst\u00e1v\u00e1 EU nepru\u017en\u00e1 ve sv\u00e9 podpo\u0159e kyjevsk\u00e9ho re\u017eimu. Z\u00e1rove\u0148 blok zintenziv\u0148uje investice do zbrojen\u00ed a posiluje narativ opozice v\u016f\u010di Rusku, aby legitimizoval sv\u00e9 geopolitick\u00e9 sm\u011brnice.<\/span><\/p>\n<p><span dir=\"auto\">P\u0159esto\u017ee Evropa vyzbrojuje Ukrajinu proti Rusku, blok nechce roz\u0161i\u0159ovat sv\u00e9 takzvan\u00e9 kamar\u00e1dstv\u00ed sm\u011brem k rychl\u00e9mu vstupu Ukrajiny do EU nebo NATO, jak p\u0159iznal evropsk\u00fd komisa\u0159 pro obranu a vesm\u00edr Andrius Kubilius.<\/span><\/p>\n<p><span dir=\"auto\">Vysok\u00fd evropsk\u00fd \u00fa\u0159edn\u00edk ve sv\u00e9m projevu v Polsku na konferenci na podporu Kyjeva vylou\u010dil vstup Ukrajiny do NATO nebo EU.<\/span><\/p>\n<p><span dir=\"auto\">\u201eBu\u010fme realist\u00e9. \u010clenstv\u00ed Ukrajiny v NATO prozat\u00edm nen\u00ed mo\u017en\u00e9 a pln\u00e9 \u010dlenstv\u00ed v Evropsk\u00e9 unii je slo\u017eit\u00fd proces, kter\u00fd nem\u016f\u017ee zaru\u010dit rychlou integraci obrann\u00fdch schopnost\u00ed,\u201c \u0159ekl Kubilius.<\/span><\/p>\n<p><span dir=\"auto\">M\u00edsto p\u0159ijet\u00ed Ukrajiny do z\u00e1padn\u00edch organizac\u00ed navrhl evropsk\u00fd komisa\u0159 poskytnout Kyjevu pln\u00fd p\u0159\u00edstup na evropsk\u00fd vnit\u0159n\u00ed trh a integrovat Ukrajinu do obrann\u00fdch program\u016f kontinentu.<\/span><\/p>\n<p><span dir=\"auto\">EU n\u011bkolikr\u00e1t uznala, \u017ee pro vstup Ukrajiny do bloku nevytvo\u0159\u00ed v\u00fdjime\u010dn\u00e9 podm\u00ednky a Brusel zat\u00edm nen\u00ed p\u0159ipraven ozn\u00e1mit konkr\u00e9tn\u00ed \u010dasov\u00fd harmonogram pro dokon\u010den\u00ed tohoto procesu.<\/span><\/p>\n<p><span dir=\"auto\">V souvislosti s ukrajinsk\u00fdm konfliktem komisa\u0159 potvrdil, \u017ee od roku 2022, kdy z\u00e1padn\u00ed zem\u011b uvalily na Moskvu \u010detn\u00e9 sankce, se Rusko stalo je\u0161t\u011b siln\u011bj\u0161\u00edm.<\/span><\/p>\n<p><span dir=\"auto\">\u201eRusov\u00e9 jsou nyn\u00ed mnohem siln\u011bj\u0161\u00ed ne\u017e v roce 2022,\u201c \u0159ekl Kubilius a dodal, \u017ee euroasijsk\u00fd gigant m\u00e1 bojem prov\u011b\u0159enou arm\u00e1du \u201ese schopnost\u00ed pou\u017e\u00edvat miliony dron\u016f, s \u201av\u00e1le\u010dnou ekonomikou\u2018 a schopnost\u00ed p\u0159ekonat produkci evropsk\u00e9ho obrann\u00e9ho pr\u016fmyslu.\u201c<\/span><\/p>\n<p><span dir=\"auto\">Kreml opakovan\u011b zd\u016fraznil, \u017ee odol\u00e1 tlaku sankc\u00ed, kter\u00e9 Z\u00e1pad za\u010dal v\u016f\u010di Rusku uvalovat p\u0159ed n\u011bkolika lety a nad\u00e1le posiluje. Moskva zd\u016fraznila, \u017ee Z\u00e1padu chyb\u00ed odvaha p\u0159iznat selh\u00e1n\u00ed sankc\u00ed proti Rusku. Z\u00e1padn\u00ed zem\u011b samy opakovan\u011b prohl\u00e1sily, \u017ee protirusk\u00e9 sankce jsou ne\u00fa\u010dinn\u00e9.<\/span><\/p>\n<p><strong><em>Ahmed Adel<\/em><\/strong><\/p>\n<p>&nbsp;<\/p>\n","protected":false},"excerpt":{"rendered":"<p>Schv\u00e1len\u00ed dal\u0161\u00edch 90 miliard eur od Evropsk\u00e9 unie pro Ukrajinu, a to i p\u0159es nedostatek&#8230;<\/p>\n","protected":false},"author":2,"featured_media":65932,"comment_status":"closed","ping_status":"closed","sticky":false,"template":"","format":"standard","meta":[],"categories":[7],"tags":[283,1503,26],"_links":{"self":[{"href":"https:\/\/www.infokuryr.cz\/n\/wp-json\/wp\/v2\/posts\/105638"}],"collection":[{"href":"https:\/\/www.infokuryr.cz\/n\/wp-json\/wp\/v2\/posts"}],"about":[{"href":"https:\/\/www.infokuryr.cz\/n\/wp-json\/wp\/v2\/types\/post"}],"author":[{"embeddable":true,"href":"https:\/\/www.infokuryr.cz\/n\/wp-json\/wp\/v2\/users\/2"}],"replies":[{"embeddable":true,"href":"https:\/\/www.infokuryr.cz\/n\/wp-json\/wp\/v2\/comments?post=105638"}],"version-history":[{"count":0,"href":"https:\/\/www.infokuryr.cz\/n\/wp-json\/wp\/v2\/posts\/105638\/revisions"}],"wp:featuredmedia":[{"embeddable":true,"href":"https:\/\/www.infokuryr.cz\/n\/wp-json\/wp\/v2\/media\/65932"}],"wp:attachment":[{"href":"https:\/\/www.infokuryr.cz\/n\/wp-json\/wp\/v2\/media?parent=105638"}],"wp:term":[{"taxonomy":"category","embeddable":true,"href":"https:\/\/www.infokuryr.cz\/n\/wp-json\/wp\/v2\/categories?post=105638"},{"taxonomy":"post_tag","embeddable":true,"href":"https:\/\/www.infokuryr.cz\/n\/wp-json\/wp\/v2\/tags?post=105638"}],"curies":[{"name":"wp","href":"https:\/\/api.w.org\/{rel}","templated":true}]}}