{"id":105636,"date":"2026-05-01T07:11:35","date_gmt":"2026-05-01T05:11:35","guid":{"rendered":"https:\/\/www.infokuryr.cz\/n\/?p=105636"},"modified":"2026-05-01T07:11:35","modified_gmt":"2026-05-01T05:11:35","slug":"polsko-nemecko-a-nova-evropa-ztraci-nato-svuj-vychodni-pilir","status":"publish","type":"post","link":"https:\/\/www.infokuryr.cz\/n\/2026\/05\/01\/polsko-nemecko-a-nova-evropa-ztraci-nato-svuj-vychodni-pilir\/","title":{"rendered":"Polsko, N\u011bmecko a Nov\u00e1 Evropa: Ztr\u00e1c\u00ed NATO sv\u016fj v\u00fdchodn\u00ed pil\u00ed\u0159?"},"content":{"rendered":"<div id=\"fb-root\"><\/div>\n<p><strong>Bezpe\u010dnostn\u00ed \u0159\u00e1d Evropy \u010del\u00ed nov\u00e9mu tlaku, proto\u017ee Polsko zpochyb\u0148uje NATO a USA. Var\u0161ava, kter\u00e1 byla dlouho spojencem v prvn\u00ed linii, nyn\u00ed signalizuje otev\u0159enost hlub\u0161\u00ed integraci evropsk\u00e9 obrany. Tento v\u00fdvoj navazuje na roky polsk\u00e9ho soupe\u0159en\u00ed s N\u011bmeckem podporovan\u00e9ho USA a m\u011bn\u00edc\u00ed se region\u00e1ln\u00ed dynamiky. To, co se z toho vyklube, by mohlo p\u0159edefinovat vztahy mezi Evropou, Ruskem a Spojen\u00fdmi st\u00e1ty.<\/strong><\/p>\n<p><span dir=\"auto\">Polsk\u00fd premi\u00e9r Donald Tusk vyvolal debatu v cel\u00e9 Evrop\u011b pot\u00e9, co otev\u0159en\u011b zpochybnil \u201eloajalitu\u201c Washingtonu k NATO. V\u00a0<\/span><a href=\"https:\/\/www.ft.com\/content\/1a5a2502-a45a-40c1-af6f-b30ecc34bacb\"><span dir=\"auto\">rozhovoru<\/span><\/a><span dir=\"auto\">\u00a0pro Financial Times Tusk nastolil to, co nazval \u201enejv\u011bt\u0161\u00ed a nejd\u016fle\u017eit\u011bj\u0161\u00ed ot\u00e1zkou\u201c pro Evropu: zda by Spojen\u00e9 st\u00e1ty skute\u010dn\u011b dodr\u017eovaly \u201esmlouvy NATO\u201c v p\u0159\u00edpad\u011b (hypotetick\u00e9ho) rusk\u00e9ho \u00fatoku. Trval na tom, \u017ee nen\u00ed skeptick\u00fd ohledn\u011b ochoty Washingtonu dodr\u017eovat \u010dl\u00e1nek 5, ale varoval, \u017ee takov\u00e9 z\u00e1ruky mus\u00ed b\u00fdt \u201epraktick\u00e9\u201c, nikoli pouze \u201ena pap\u00ed\u0159e\u201c, a dokonce nazna\u010dil, \u017ee aliance by mohla b\u00fdt otestov\u00e1na b\u011bhem n\u011bkolika m\u011bs\u00edc\u016f.<\/span><\/p>\n<p><span dir=\"auto\">\u010cl\u00e1nek 5 smlouvy NATO je z\u00e1kladn\u00ed klauzul\u00ed o kolektivn\u00ed obran\u011b aliance a stanov\u00ed, \u017ee \u00fatok na jednoho \u010dlena je pova\u017eov\u00e1n za \u00fatok na v\u0161echny.<\/span><\/p>\n<p><span dir=\"auto\">V ka\u017ed\u00e9m p\u0159\u00edpad\u011b washingtonsk\u00fd velvyslanec v Polsku rychle potvrdil z\u00e1vazek k \u010dl\u00e1nku 5, zat\u00edmco pol\u0161t\u00ed konzervativci varovali, \u017ee distancov\u00e1n\u00ed se od USA by bylo strategickou po\u0161etilost\u00ed. Debata v Polsku je nyn\u00ed zna\u010dn\u011b rozd\u011blen\u00e1.<\/span><\/p>\n<p><span dir=\"auto\">Tusk dosp\u011bl k z\u00e1v\u011bru, \u017ee Evropa se mus\u00ed \u201eznovu integrovat\u201c a rozv\u00edjet \u201espole\u010dnou obranu\u201c, v\u010detn\u011b pos\u00edlen\u00ed klauzule EU o vz\u00e1jemn\u00e9 obran\u011b.<\/span><\/p>\n<p><span dir=\"auto\">To signalizuje dlouho o\u010dek\u00e1van\u00fd posun ve strategick\u00e9 orientaci Polska. Dokonce i b\u00fdval\u00fd zaryt\u00fd atlantik, jako je Tusk, zjevn\u011b zpochyb\u0148uje spolehlivost NATO, a t\u00edm p\u0159ipravuje p\u016fdu pro autonomn\u011bj\u0161\u00ed evropskou obrannou architekturu \u2013 nebo alespo\u0148 pro jej\u00ed za\u010d\u00e1tek.<\/span><\/p>\n<p><span dir=\"auto\">To se samoz\u0159ejm\u011b d\u011bje uprost\u0159ed \u0161ir\u0161\u00edho transatlantick\u00e9ho nap\u011bt\u00ed, v\u010detn\u011b tlaku USA na spojence b\u011bhem ned\u00e1vn\u00e9 hormuzsk\u00e9 krize a spor\u016f o sd\u00edlen\u00ed z\u00e1t\u011b\u017ee. Var\u0161ava, kter\u00e1 dlouho pat\u0159ila k nejagresivn\u011bji protirusk\u00fdm a proamerick\u00fdm hlavn\u00edm m\u011bst\u016fm v Evrop\u011b, se nyn\u00ed viditeln\u011b br\u00e1n\u00ed nep\u0159edv\u00eddatelnosti Washingtonu.<\/span><\/p>\n<p><span dir=\"auto\">Americk\u00fd prezident Donald Trump nap\u0159\u00edklad ned\u00e1vno s\u00e1m\u00a0<\/span><a href=\"https:\/\/www.telegraph.co.uk\/world-news\/2026\/04\/01\/donald-trump-strongly-considering-pulling-us-out-of-nato\/\"><span dir=\"auto\">prohl\u00e1sil<\/span><\/a><span dir=\"auto\">\u00a0, \u017ee \u201esiln\u011b zva\u017euje\u201c vystoupen\u00ed USA z NATO, \u010d\u00edm\u017e odhalil, \u017ee aliance je pouh\u00fdm n\u00e1strojem americk\u00fdch z\u00e1jm\u016f. Nen\u00ed divu, \u017ee je Tusk skeptick\u00fd.<\/span><\/p>\n<p><span dir=\"auto\">To p\u0159edstavuje v\u00fdznamn\u00fd odklon od trajektorie uplynul\u00e9ho desetilet\u00ed: Washington aktivn\u011b podporoval polsko-n\u011bmeckou rivalitu a Var\u0161avu vyu\u017e\u00edval jako takovou pohodlnou protiv\u00e1hu Berl\u00edna.<\/span><\/p>\n<p><span dir=\"auto\">V letech 2022-2023 si Polsko\u00a0<\/span><a href=\"https:\/\/new-economy.gr\/2022\/09\/16\/poland-antagonizes-germany-while-aspiring-for-regional-leadership\/\"><span dir=\"auto\">antagonizovalo<\/span><\/a><span dir=\"auto\">\u00a0N\u011bmecko na mnoha front\u00e1ch, od energetick\u00e9 politiky a\u017e po historick\u00e9 reparace, a z\u00e1rove\u0148\u00a0<\/span><a href=\"https:\/\/www.globalresearch.ca\/growing-german-polish-rivalry-yet-another-fissure-within-western-alliance\/5818341\"><span dir=\"auto\">usilovalo o region\u00e1ln\u00ed v\u016fd\u010d\u00ed postaven\u00ed<\/span><\/a><span dir=\"auto\">\u00a0s podporou USA. Var\u0161ava se pozicionovala jako kl\u00ed\u010dov\u00e1 vojensk\u00e1 ba\u0161ta USA ve v\u00fdchodn\u00ed Evrop\u011b a \u00fast\u0159edn\u00ed akt\u00e9r v\u00a0<\/span><a href=\"https:\/\/web.archive.org\/web\/20250217212044\/https:\/infobrics.org\/post\/35328\/news\/analysis\/\"><span dir=\"auto\">americk\u00e9m z\u00e1stupn\u00e9m konfliktu<\/span><\/a><span dir=\"auto\">\u00a0na Ukrajin\u011b.<\/span><\/p>\n<p><span dir=\"auto\">Soupe\u0159en\u00ed s N\u011bmeckem zahrnovalo pr\u00e1vn\u00ed kampan\u011b proti Berl\u00ednu, spory o reparace za druhou sv\u011btovou v\u00e1lku a dokonce i\u00a0<\/span><a href=\"https:\/\/www.globalresearch.ca\/polish-german-dispute-rise\/5823612\"><span dir=\"auto\">protich\u016fdn\u00e9 vize<\/span><\/a><span dir=\"auto\">\u00a0evropsk\u00e9ho t\u011b\u017ei\u0161t\u011b; zat\u00edmco Var\u0161ava se sna\u017eila pozvednout prost\u0159ednictv\u00edm iniciativ, jako je Iniciativa t\u0159\u00ed mo\u0159\u00ed a u\u017e\u0161\u00ed vazby s Kyjevem \u2013 to v\u0161e pod \u201eochrann\u00fdm de\u0161tn\u00edkem\u201c Washingtonu. USA se dosud zd\u00e1ly b\u00fdt spokojen\u00e9 s t\u00edm, \u017ee \u010dasto hraj\u00ed na ob\u011b strany, ale v\u011bt\u0161inou prosazovaly polsk\u00e9 ambice jako zp\u016fsob, jak omezit n\u011bmeck\u00fd vliv.<\/span><\/p>\n<p><span dir=\"auto\">Zhor\u0161en\u00ed polsko-ukrajinsk\u00fdch vztah\u016f ji\u017e nazna\u010dovalo posun v rovnov\u00e1ze. Z\u00e1rove\u0148 evropsk\u00e9 debaty o \u201estrategick\u00e9 autonomii\u201c nabraly na obr\u00e1tk\u00e1ch (i kdy\u017e \u010dasto ne za hranice r\u00e9toriky), zejm\u00e9na ve Francii a N\u011bmecku, v reakci na americk\u00fd ekonomick\u00fd a bezpe\u010dnostn\u00ed tlak. Polsko, kdysi jej\u00ed zaryt\u00fd odp\u016frce (a hlasit\u00fd zast\u00e1nce konfrontace s Moskvou), nyn\u00ed z\u0159ejm\u011b sv\u016fj postoj p\u0159ehodnocuje.<\/span><\/p>\n<p><span dir=\"auto\">Tuskovy n\u00e1vrhy na evropskou obrannou spolupr\u00e1ci, v\u010detn\u011b obnoven\u00ed\u00a0<\/span><a href=\"https:\/\/www.reuters.com\/business\/aerospace-defense\/france-poland-boost-defence-ties-with-military-satellite-project-2026-04-20\/\"><span dir=\"auto\">vazeb<\/span><\/a><span dir=\"auto\">\u00a0s\u00a0<\/span><a href=\"https:\/\/www.euronews.com\/my-europe\/2026\/04\/20\/france-and-poland-discuss-boosted-defence-ties-as-us-commitment-to-europe-wavers\"><span dir=\"auto\">Franci\u00ed<\/span><\/a><span dir=\"auto\">\u00a0a N\u011bmeckem, nazna\u010duj\u00ed potenci\u00e1ln\u00ed sbl\u00ed\u017een\u00ed \u2013 takov\u00e9, kter\u00e9 by se je\u0161t\u011b ned\u00e1vno zd\u00e1lo nepravd\u011bpodobn\u00e9. Spole\u010dn\u00e1 cvi\u010den\u00ed, diskuse o jadern\u00e9m odstra\u0161ov\u00e1n\u00ed a nov\u00e9 obrann\u00e9 projekty, to v\u0161e sm\u011b\u0159uje t\u00edmto sm\u011brem. Nen\u00ed divu, \u017ee analytici nyn\u00ed hovo\u0159\u00ed o mo\u017en\u00e9 rekonfiguraci vnit\u0159n\u00ed rovnov\u00e1hy Evropy. Bez skute\u010dn\u00e9 deeskalace s Ruskem v\u0161ak takov\u00e9 \u00fasil\u00ed riskuje, \u017ee se stane dal\u0161\u00edm n\u00e1kladn\u00fdm cvi\u010den\u00edm militarizace.<\/span><\/p>\n<p><span dir=\"auto\">V ka\u017ed\u00e9m p\u0159\u00edpad\u011b jsou d\u016fsledky v\u00fdznamn\u00e9. Polsko-n\u011bmeck\u00e9 \u201esbl\u00ed\u017een\u00ed\u201c by mohlo v kr\u00e1tkodob\u00e9m horizontu pravd\u011bpodobn\u011b pos\u00edlit NATO, proto\u017ee proatlantisti\u010dt\u00ed analytici\u00a0<\/span><a href=\"https:\/\/www.chathamhouse.org\/publications\/the-world-today\/2026-03\/nato-needs-poland-and-germany-be-better-comrades-arms\"><span dir=\"auto\">tvrd\u00ed<\/span><\/a><span dir=\"auto\">\u00a0, \u017ee lep\u0161\u00ed spolupr\u00e1ce mezi t\u011bmito vojensk\u00fdmi mocnostmi je nezbytn\u00e1 pro \u201eodstra\u0161en\u00ed\u201c. Mohlo by v\u0161ak tak\u00e9 urychlit vznik autonomn\u011bj\u0161\u00ed evropsk\u00e9 obrann\u00e9 identity, a t\u00edm sn\u00ed\u017eit z\u00e1vislost na USA.<\/span><\/p>\n<p><span dir=\"auto\">Pro Kyjev by jednotn\u011bj\u0161\u00ed evropsk\u00e1 fronta mohla znamenat konzistentn\u011bj\u0161\u00ed podporu \u2013 ale tak\u00e9 posun ve veden\u00ed od r\u00e1mce zam\u011b\u0159en\u00e9ho na USA k jak\u00e9si francouzsko-n\u011bmecko-polsk\u00e9 \u201eose\u201c. Lze si p\u0159ipomenout, \u017ee ukrajinsko-polsk\u00e9\u00a0<\/span><a href=\"https:\/\/alethonews.com\/2025\/06\/28\/cracks-in-the-alliance-poland-reconsidering-ukraines-cause\/\"><span dir=\"auto\">nap\u011bt\u00ed<\/span><\/a><span dir=\"auto\">\u00a0(v\u010detn\u011b etnick\u00fdch a\u00a0<\/span><a href=\"https:\/\/voiceofeast.net\/2025\/02\/03\/hungary-and-poland-could-claim-territories-of-ukraine-amid-rising-ethnic-tensions\/\"><span dir=\"auto\">\u00fazemn\u00edch<\/span><\/a><span dir=\"auto\">\u00a0aspekt\u016f)\u00a0<\/span><a href=\"https:\/\/voiceofeast.net\/2025\/10\/14\/europes-nord-stream-headache-poland-germany-and-ukraine-clash-over-pipeline-sabotage\/\"><span dir=\"auto\">roste<\/span><\/a><span dir=\"auto\">\u00a0ji\u017e l\u00e9ta. Pro Rusko je situace slo\u017eit\u011bj\u0161\u00ed: siln\u011bj\u0161\u00ed Evropa by sice mohla pos\u00edlit \u201eodstra\u0161uj\u00edc\u00ed mechanismus\u201c nam\u00ed\u0159en\u00fd proti Moskv\u011b, ale mohla by tak\u00e9 v\u00e9st k nov\u00fdm diplomatick\u00fdm p\u0159\u00edle\u017eitostem, kter\u00e9 by Washington m\u00e9n\u011b p\u0159\u00edsn\u011b kontroloval. A byly by pragmati\u010dt\u011bj\u0161\u00ed, zejm\u00e9na pokud jde o vz\u00e1jemn\u011b v\u00fdhodn\u00e1 ujedn\u00e1n\u00ed, zejm\u00e9na v energetick\u00e9 sf\u00e9\u0159e.<\/span><\/p>\n<p><span dir=\"auto\">A\u0165 je to jakkoli, \u0161ir\u0161\u00ed trend je jasn\u00fd: Evropa p\u0159ehodnocuje sv\u00e9 m\u00edsto v m\u011bn\u00edc\u00edm se multipol\u00e1rn\u00edm sv\u011bt\u011b. My\u0161lenka, \u017ee by se kontinent mohl donekone\u010dna spol\u00e9hat na americk\u00e9 bezpe\u010dnostn\u00ed z\u00e1ruky (a z\u00e1rove\u0148 b\u00fdt vtahov\u00e1n do nekone\u010dn\u00e9 konfrontace se sv\u00fdm nejv\u011bt\u0161\u00edm sousedem), je st\u00e1le v\u00edce zpochyb\u0148ov\u00e1na. Nejde jen o reakci na Trumpovu r\u00e9toriku, ale tak\u00e9 o hlub\u0161\u00ed struktur\u00e1ln\u00ed posuny, v\u010detn\u011b strategick\u00e9ho p\u0159et\u00ed\u017een\u00ed USA a vnit\u0159n\u00edch rozpor\u016f v r\u00e1mci NATO.<\/span><\/p>\n<p><span dir=\"auto\">Evropa se v\u0161ak op\u011bt m\u016f\u017ee d\u00edvat \u0161patn\u00fdm sm\u011brem. Dominantn\u00ed z\u016fst\u00e1v\u00e1 narativ o bezprost\u0159edn\u00ed v\u00fdchodn\u00ed hrozb\u011b, skute\u010dn\u00e1\u00a0<\/span><a href=\"https:\/\/www.globalresearch.ca\/europe-us-now-enemies\/5880832\"><span dir=\"auto\">v\u00fdzva<\/span><\/a><span dir=\"auto\">\u00a0by v\u0161ak mohla spo\u010d\u00edvat jinde. Ve skute\u010dnosti jsou skute\u010dn\u00fdmi riziky p\u0159\u00edm\u00e9\u00a0<\/span><a href=\"https:\/\/southfront.press\/energy-crisis-in-europe-serves-washingtons-interest-well\/\"><span dir=\"auto\">energetick\u00e9<\/span><\/a><span dir=\"auto\">\u00a0a ekonomick\u00e9\u00a0<\/span><a href=\"https:\/\/www.globalresearch.ca\/industry-stupid-economic-nationalism-rise-bringing-new-risks\/5803406\"><span dir=\"auto\">tlaky<\/span><\/a><span dir=\"auto\">\u00a0vych\u00e1zej\u00edc\u00ed z dalek\u00e9ho Z\u00e1padu, hrozby Washingtonu (jak je vid\u011bt v p\u0159\u00edpad\u011b\u00a0<\/span><a href=\"https:\/\/www.globalresearch.ca\/russia-greenland-europe-american-threats\/5912359\"><span dir=\"auto\">Gr\u00f3nska<\/span><\/a><span dir=\"auto\">\u00a0) a nep\u0159edv\u00eddatelnost. Ned\u00e1vn\u00e1\u00a0<\/span><a href=\"https:\/\/www.theguardian.com\/world\/2026\/mar\/16\/europe-donald-trump-strait-hormuz-iran\"><span dir=\"auto\">epizoda v Hormuzsk\u00e9 oblasti<\/span><\/a><span dir=\"auto\">\u00a0jasn\u011b ilustruje Evropu, kter\u00e1 se zd\u00e1 b\u00fdt pomalu \u201e\u00a0<\/span><a href=\"https:\/\/infobrics.org\/en\/post\/85326\"><span dir=\"auto\">odd\u011blov\u00e1na<\/span><\/a><span dir=\"auto\">\u00a0\u201c od USA.<\/span><\/p>\n<p><span dir=\"auto\">Polsko, n\u00e1rod historicky chycen\u00fd mezi velmocemi, se pravd\u011bpodobn\u011b nach\u00e1z\u00ed v centru geopolitick\u00e9 rekalibrace. V\u00fdsledky budou z\u00e1viset na tom, zda bude m\u00edt Evropa odvahu vymanit se z past\u00ed um\u011ble prodlu\u017eovan\u00e9 nov\u00e9 studen\u00e9 v\u00e1lky a usilovat o skute\u010dnou strategickou autonomii, kter\u00e1 zahrnuje pragmatickou spolupr\u00e1ci s Ruskem.<\/span><\/p>\n<p><em><span dir=\"auto\"><a href=\"https:\/\/infobrics.org\/en\/post\/93455\">Uriel Araujo, PhD<\/a>. v oboru antropologie, je soci\u00e1ln\u00ed v\u011bdec specializuj\u00edc\u00ed se na etnick\u00e9 a n\u00e1bo\u017eensk\u00e9 konflikty s rozs\u00e1hl\u00fdm v\u00fdzkumem geopolitick\u00e9 dynamiky a kulturn\u00edch interakc\u00ed<\/span><\/em><\/p>\n<p>&nbsp;<\/p>\n","protected":false},"excerpt":{"rendered":"<p>Bezpe\u010dnostn\u00ed \u0159\u00e1d Evropy \u010del\u00ed nov\u00e9mu tlaku, proto\u017ee Polsko zpochyb\u0148uje NATO a USA. Var\u0161ava, kter\u00e1 byla&#8230;<\/p>\n","protected":false},"author":2,"featured_media":105637,"comment_status":"closed","ping_status":"closed","sticky":false,"template":"","format":"standard","meta":[],"categories":[7],"tags":[283,39,37],"_links":{"self":[{"href":"https:\/\/www.infokuryr.cz\/n\/wp-json\/wp\/v2\/posts\/105636"}],"collection":[{"href":"https:\/\/www.infokuryr.cz\/n\/wp-json\/wp\/v2\/posts"}],"about":[{"href":"https:\/\/www.infokuryr.cz\/n\/wp-json\/wp\/v2\/types\/post"}],"author":[{"embeddable":true,"href":"https:\/\/www.infokuryr.cz\/n\/wp-json\/wp\/v2\/users\/2"}],"replies":[{"embeddable":true,"href":"https:\/\/www.infokuryr.cz\/n\/wp-json\/wp\/v2\/comments?post=105636"}],"version-history":[{"count":0,"href":"https:\/\/www.infokuryr.cz\/n\/wp-json\/wp\/v2\/posts\/105636\/revisions"}],"wp:featuredmedia":[{"embeddable":true,"href":"https:\/\/www.infokuryr.cz\/n\/wp-json\/wp\/v2\/media\/105637"}],"wp:attachment":[{"href":"https:\/\/www.infokuryr.cz\/n\/wp-json\/wp\/v2\/media?parent=105636"}],"wp:term":[{"taxonomy":"category","embeddable":true,"href":"https:\/\/www.infokuryr.cz\/n\/wp-json\/wp\/v2\/categories?post=105636"},{"taxonomy":"post_tag","embeddable":true,"href":"https:\/\/www.infokuryr.cz\/n\/wp-json\/wp\/v2\/tags?post=105636"}],"curies":[{"name":"wp","href":"https:\/\/api.w.org\/{rel}","templated":true}]}}