{"id":105634,"date":"2026-05-01T00:22:37","date_gmt":"2026-04-30T22:22:37","guid":{"rendered":"https:\/\/www.infokuryr.cz\/n\/?p=105634"},"modified":"2026-04-30T15:01:03","modified_gmt":"2026-04-30T13:01:03","slug":"jiri-paroubek-ci-zajmy-vlastne-haji-prezident-pavel","status":"publish","type":"post","link":"https:\/\/www.infokuryr.cz\/n\/2026\/05\/01\/jiri-paroubek-ci-zajmy-vlastne-haji-prezident-pavel\/","title":{"rendered":"Ji\u0159\u00ed Paroubek: \u010c\u00ed z\u00e1jmy vlastn\u011b h\u00e1j\u00ed prezident Pavel?"},"content":{"rendered":"<div id=\"fb-root\"><\/div>\n<p><strong>U\u017e dlouhou dobu si mysl\u00edm, \u017ee prezident Pavel je zcela pod vlivem lid\u00ed ze sv\u00e9ho bezprost\u0159edn\u00edho okol\u00ed. Tedy p\u0159edev\u0161\u00edm p\u00e1n\u016f Kol\u00e1\u0159e a \u017dantovsk\u00e9ho. Tito lid\u00e9 jsou jeho \u0159\u00edd\u00edc\u00edmi d\u016fstojn\u00edky. On je koneckonc\u016f jako b\u00fdval\u00fd komunistick\u00fd rozv\u011bd\u010d\u00edk zvykl\u00fd na to, \u017ee je \u0159\u00edzen. Je to m\u016fj n\u00e1zor. V\u011b\u0159\u00edm, \u017ee se uveden\u00ed p\u00e1nov\u00e9, v\u010detn\u011b pana prezidenta, za to na m\u011b nebudou zlobit. Ostatn\u011b, m\u00e1me svobodu slova.<\/strong><\/p>\n<p style=\"font-weight: 400;\">A tak si p\u0159ipome\u0148me n\u011bkter\u00e9 \u010diny pana prezidenta v pr\u016fb\u011bhu jeho volebn\u00edho obdob\u00ed. V posledn\u00ed dob\u011b se pan prezident velmi intenzivn\u011b v\u011bnoval Lichten\u0161tejnsku. Tedy zemi, kter\u00e1 je jednou z nejbohat\u0161\u00edch v Evrop\u011b a jej\u00ed\u017e panovn\u00edk je v soudn\u00edm sporu s \u010ceskou republikou. Ve sporu jsou ve h\u0159e\u00a0 restituce rozs\u00e1hl\u00e9ho nemovit\u00e9ho majetku a 35 miliard korun sank\u010dn\u00edch n\u00e1hrad po\u017eadovan\u00fdch kn\u00ed\u017eetem. Nicm\u00e9n\u011b pan prezident se nezapomn\u011bl s t\u00edmto \u010dlov\u011bkem jako hlava st\u00e1tu sej\u00edt\u00a0 loni v z\u00e1\u0159\u00ed, kdy nav\u0161t\u00edvil v New Yorku Organizaci spojen\u00fdch n\u00e1rod\u016f.<\/p>\n<p style=\"font-weight: 400;\">Douf\u00e1m proto, \u017ee v tomto roce neud\u011bl\u00e1 Babi\u0161ova vl\u00e1da tu chybu, aby prezident dostal mand\u00e1t k\u00a0 zastupov\u00e1n\u00ed republiky v OSN. Proto\u017ee pak by hrozilo, \u017ee by se se\u0161el nedej Bo\u017ee s lichten\u0161tejnsk\u00fdm kn\u00ed\u017eetem znovu. To, \u017ee toto setk\u00e1n\u00ed, kter\u00e9mu p\u0159edch\u00e1zela z\u0159ejm\u011b \u0159ada dal\u0161\u00edch soukrom\u00fdch setk\u00e1n\u00ed na\u0161\u00ed hlavy st\u00e1tu s kn\u00ed\u017eetem Lichten\u0161tejnska, oslabuje objektivn\u011b na\u0161i pozici u Evropsk\u00e9ho soudu pro lidsk\u00e1 pr\u00e1va, je zbyte\u010dn\u00e9 uv\u00e1d\u011bt. Mus\u00ed to doj\u00edt ka\u017ed\u00e9mu i tomu nejzavilej\u0161\u00edmu stoupenci Petra Pavla.<\/p>\n<p style=\"font-weight: 400;\">Ot\u00e1zka zn\u00ed, pro\u010d to prezident d\u011bl\u00e1? Jedna z mo\u017en\u00fdch variant odpov\u011bdi je, \u017ee se jedn\u00e1 o hloupost, neschopnost. I to je pochopiteln\u011b mo\u017en\u00e9. Ale nemysl\u00edm si, \u017ee prezident se chov\u00e1 izolovan\u011b od z\u00e1jm\u016f jist\u00fdch z\u00e1jmov\u00fdch skupin a tak\u00e9 jeho poradc\u016f. Ov\u0161em jeho aktivity jsou pro st\u00e1t nebezpe\u010dn\u00e9 z toho d\u016fvodu, \u017ee eventu\u00e1ln\u00ed prohra \u010ceska u zm\u00edn\u011bn\u00e9ho Evropsk\u00e9ho soudu by mohla b\u00fdt beranidlem, kter\u00fdm by se otev\u00edraly dal\u0161\u00ed, zat\u00edm zmra\u017een\u00e9 soudn\u00ed spory, co\u017e by mohla b\u00fdt cesta k prolomen\u00ed tzv. Bene\u0161ov\u00fdch dekret\u016f.<\/p>\n<p style=\"font-weight: 400;\">P\u0159ed n\u011bkolika dny se na soci\u00e1ln\u00edch s\u00edt\u00edch objevil status s fotografi\u00ed prezidenta, kde se v souvislosti se sjezdem sudeton\u011bmeck\u00e9ho landsman\u0161aftu v Brn\u011b v p\u0159\u00ed\u0161t\u00edm m\u011bs\u00edci objevuj\u00ed \u00fadajn\u00e1 slova Petra Pavla, kter\u00e1 vyb\u00edzej\u00ed ke\u00a0 &#8222;sm\u00ed\u0159en\u00ed&#8220;. Nev\u00edm, kdo z na\u0161ich spoluob\u010dan\u016f se chce s politickou reprezentac\u00ed sudetsk\u00fdch N\u011bmc\u016f smi\u0159ovat.\u00a0 J\u00e1 tedy ne. Stoj\u00ed za p\u0159ipomenut\u00ed, \u017ee\u00a0 d\u011bdov\u00e9 a prad\u011bdov\u00e9 a mo\u017en\u00e1 i otcov\u00e9 t\u011bchto lid\u00ed v roce 1938 ud\u011blali v\u0161echno pro to, aby pomohli rozb\u00edt demokratickou \u010ceskoslovenskou republiku.<\/p>\n<p style=\"font-weight: 400;\">Ve zcela svobodn\u00fdch komun\u00e1ln\u00edch volb\u00e1ch v kv\u011btnu a \u010dervnu 1938, kter\u00e9 rozhodovaly o slo\u017een\u00ed obecn\u00edch zastupitelstev, dostala iredentistick\u00e1 Sudetendeutsche Partei p\u0159es 92% hlas\u016f \u010desk\u00fdch N\u011bmc\u016f. A to byla jejich smutn\u00e1 politick\u00e1 vizitka p\u00e1t\u00e9 kolony. A samoz\u0159ejm\u011b to bylo propagandisticky zneu\u017eito goebbelsovskou propagandou a Adolfem Hitlerem k front\u00e1ln\u00edmu \u00fatoku na demokratick\u00fd \u010deskoslovensk\u00fd st\u00e1t. A bylo to jednou z p\u0159\u00ed\u010din jeho zni\u010den\u00ed. Tedy, krom\u011b zrady na\u0161ich z\u00e1padn\u00edch spojenc\u016f v Mnichov\u011b.<\/p>\n<p style=\"font-weight: 400;\">\u00a0Nezb\u00fdv\u00e1 ne\u017e p\u0159ipomenout tak\u00e9 jin\u00e9 protilidov\u00e9 aktivity prezidenta Pavla. Nen\u00ed to tak dlouho, co pan prezident aktivn\u011b vystupoval ve prosp\u011bch zru\u0161en\u00ed pr\u00e1va veta \u010dlensk\u00fdch st\u00e1t\u016f Evropsk\u00e9 unie v zahrani\u010dn\u011b-politick\u00fdch ot\u00e1zk\u00e1ch. Zru\u0161en\u00ed tohoto pr\u00e1va by pro\u00a0 st\u00e1t velikosti \u010ceska bylo politickou katastrofou. Dostalo by n\u00e1s to do stavu politick\u00e9 bezv\u00fdznamnosti podobn\u00e9 t\u00e9, do kter\u00e9 se dostalo \u010ceskoslovensko po roce 1968 v d\u016fsledku tzv. Bre\u017en\u011bvovy doktr\u00edny. Tu pan prezident\u00a0 dob\u0159e zn\u00e1 z \u010das\u016f komunistick\u00e9ho re\u017eimu, jeho\u017e byl sice malou, ale p\u0159esto oporou. V d\u016fsledku\u00a0 Bre\u017en\u011bvovy doktr\u00edny bylo tehdej\u0161\u00ed \u010ceskoslovensko\u00a0 bezv\u00fdznamn\u00e9 v r\u00e1mci obrovsk\u00e9 sov\u011btsk\u00e9 \u0159\u00ed\u0161e. Obnovit tuto situaci m\u016f\u017ee cht\u00edt jenom \u010dlov\u011bk, jemu\u017e nez\u00e1le\u017e\u00ed na suverenit\u011b vlastn\u00edho n\u00e1roda.<\/p>\n<p style=\"font-weight: 400;\">\u00a0Prezident Pavel tak\u00e9 ve\u0159ejn\u011b vystupoval na nejr\u016fzn\u011bj\u0161\u00edch f\u00f3rech ve prosp\u011bch p\u0159ijet\u00ed eura u n\u00e1s. P\u0159ijet\u00ed evropsk\u00e9 m\u011bny je jist\u011b do budoucna spr\u00e1vn\u00fdm krokem. Ale nikoliv nyn\u00ed, kdy tranzitivn\u00ed kurz \u010desk\u00e9 koruny k euru by byl mimo\u0159\u00e1dn\u011b nev\u00fdhodn\u00fd.\u00a0 A kdy by p\u0159ijet\u00ed evropsk\u00e9 m\u011bny nam\u00edsto koruny znamenalo znehodnocen\u00ed \u010d\u00e1sti \u00faspor st\u0159edn\u00ed t\u0159\u00eddy a pokles \u017eivotn\u00ed \u00farovn\u011b v\u0161ech ob\u010dan\u016f.<\/p>\n<p style=\"font-weight: 400;\">O podpo\u0159e dnes u\u017e zlopov\u011bstn\u00e9ho Green dealu ze strany prezidenta snad ani nem\u00e1 smysl hovo\u0159it. To je jen mal\u00fd h\u0159\u00ed\u0161ek, kter\u00fd se snad \u00fasil\u00edm sou\u010dasn\u00e9 vl\u00e1dy i jin\u00fdch vl\u00e1d zem\u00ed EU poda\u0159\u00ed do jist\u00e9 m\u00edry anebo \u00fapln\u011b napravit.<\/p>\n<p style=\"font-weight: 400;\">Ale nejv\u011bt\u0161\u00edm h\u0159\u00edchem P. Pavla ze v\u0161ech je ten aktu\u00e1ln\u00ed, kdy prezident\u00a0 prosazuje nekompromisn\u011b pln\u011bn\u00ed tzv. spojeneck\u00fdch z\u00e1vazk\u016f, co\u017e by ve sv\u00fdch d\u016fsledc\u00edch znamenalo, \u017ee p\u011btina\u00a0 vytvo\u0159en\u00fdch p\u0159\u00edjm\u016f st\u00e1tn\u00edho rozpo\u010dtu by \u0161la ve prosp\u011bch zbrojen\u00ed. Tedy, p\u0159edev\u0161\u00edm ve prosp\u011bch velk\u00fdch zbroja\u0159sk\u00fdch firem USA a z\u00e1padn\u00ed Evropy. Co na tom, \u017ee by n\u011bco m\u00e1lo dostaly udrobeno tak\u00e9 \u010desk\u00e9 zbroja\u0159sk\u00e9 firmy. Prezidentu republiky je \u00fapln\u011b jedno, \u017ee by v takov\u00e9m p\u0159\u00edpad\u011b nebylo dost pen\u011bz ve st\u00e1tn\u00edm rozpo\u010dtu na jin\u00e9 d\u016fle\u017eit\u00e9 oblasti rozvoje st\u00e1tu a \u017eivotn\u00ed \u00farovn\u011b obyvatel.\u00a0 M\u00e1m na mysli oblasti bydlen\u00ed, \u0161kolstv\u00ed zdravotnictv\u00ed, v\u011bdy a\u00a0v\u00fdzkumu, kultury, rozvoje dopravn\u00ed s\u00edt\u011b, a\u0165 u\u017e silni\u010dn\u00ed \u010di \u017eelezni\u010dn\u00ed atd.<\/p>\n<p style=\"font-weight: 400;\">Co s takov\u00fdm prezidentem. Pry\u010d s n\u00edm.\u00a0\u00a0Zkr\u00e1tka, je pot\u0159eba naj\u00edt vhodn\u00e9ho kandid\u00e1ta, kter\u00fd sou\u010dasn\u00e9ho prezidenta, respektive ty, kdo vl\u00e1dnou za n\u011bj (tedy p\u00e1ny Kol\u00e1\u0159e a \u017dantovsk\u00e9ho) poraz\u00ed a vystrnad\u00ed z jejich pozic. Tak, aby p\u0159estali \u0161kodit lidem.<\/p>\n<p><a href=\"https:\/\/vasevec.info\/domaci-politika\/jiri-paroubek-ci-zajmy-vlastne-haji-prezident-pavel\">Ji\u0159\u00ed Paroubek<\/a><\/p>\n<p><img decoding=\"async\" loading=\"lazy\" class=\"alignnone size-medium wp-image-2342\" src=\"http:\/\/www.infokuryr.cz\/n\/wp-content\/uploads\/2021\/06\/paroubek-300x208.jpg\" alt=\"\" width=\"300\" height=\"208\" srcset=\"https:\/\/www.infokuryr.cz\/n\/wp-content\/uploads\/2021\/06\/paroubek-300x208.jpg 300w, https:\/\/www.infokuryr.cz\/n\/wp-content\/uploads\/2021\/06\/paroubek.jpg 318w\" sizes=\"(max-width: 300px) 100vw, 300px\" \/><\/p>\n","protected":false},"excerpt":{"rendered":"<p>U\u017e dlouhou dobu si mysl\u00edm, \u017ee prezident Pavel je zcela pod vlivem lid\u00ed ze sv\u00e9ho&#8230;<\/p>\n","protected":false},"author":2,"featured_media":93451,"comment_status":"closed","ping_status":"closed","sticky":false,"template":"","format":"standard","meta":[],"categories":[6],"tags":[1503,1173,122],"_links":{"self":[{"href":"https:\/\/www.infokuryr.cz\/n\/wp-json\/wp\/v2\/posts\/105634"}],"collection":[{"href":"https:\/\/www.infokuryr.cz\/n\/wp-json\/wp\/v2\/posts"}],"about":[{"href":"https:\/\/www.infokuryr.cz\/n\/wp-json\/wp\/v2\/types\/post"}],"author":[{"embeddable":true,"href":"https:\/\/www.infokuryr.cz\/n\/wp-json\/wp\/v2\/users\/2"}],"replies":[{"embeddable":true,"href":"https:\/\/www.infokuryr.cz\/n\/wp-json\/wp\/v2\/comments?post=105634"}],"version-history":[{"count":0,"href":"https:\/\/www.infokuryr.cz\/n\/wp-json\/wp\/v2\/posts\/105634\/revisions"}],"wp:featuredmedia":[{"embeddable":true,"href":"https:\/\/www.infokuryr.cz\/n\/wp-json\/wp\/v2\/media\/93451"}],"wp:attachment":[{"href":"https:\/\/www.infokuryr.cz\/n\/wp-json\/wp\/v2\/media?parent=105634"}],"wp:term":[{"taxonomy":"category","embeddable":true,"href":"https:\/\/www.infokuryr.cz\/n\/wp-json\/wp\/v2\/categories?post=105634"},{"taxonomy":"post_tag","embeddable":true,"href":"https:\/\/www.infokuryr.cz\/n\/wp-json\/wp\/v2\/tags?post=105634"}],"curies":[{"name":"wp","href":"https:\/\/api.w.org\/{rel}","templated":true}]}}