{"id":105633,"date":"2026-05-01T00:19:19","date_gmt":"2026-04-30T22:19:19","guid":{"rendered":"https:\/\/www.infokuryr.cz\/n\/?p=105633"},"modified":"2026-04-30T13:17:09","modified_gmt":"2026-04-30T11:17:09","slug":"jiri-vyvadil-trump-je-putinem-zcela-uhranuty","status":"publish","type":"post","link":"https:\/\/www.infokuryr.cz\/n\/2026\/05\/01\/jiri-vyvadil-trump-je-putinem-zcela-uhranuty\/","title":{"rendered":"Ji\u0159\u00ed Vyvadil: Trump je Putinem zcela uhranut\u00fd"},"content":{"rendered":"<div id=\"fb-root\"><\/div>\n<p><strong>S t\u00edm nikdo nic nenad\u011bl\u00e1.<\/strong><\/p>\n<p style=\"font-weight: 400;\">Uprost\u0159ed v\u0161eobecn\u00e9ho v\u00e1le\u010dn\u00e9ho \u0161\u00edlenstv\u00ed, zejm\u00e9na kdy\u017e\u00a0 americko-izraelsk\u00e1 v\u00e1lka proti Ir\u00e1nu, kter\u00e1 u\u017e nyn\u00ed rozvr\u00e1tila Bl\u00edzk\u00fd V\u00fdchod, vyhnala cenu ropy zrovna v\u010dera : Brent vystoupala a\u017e na \u2248120,9 USD za barel a WTI a\u017e na \u2248108,9 USD za barel, a nov\u011b i odstartovala rozpad kartelu OPEC odchodem Spojen\u00fdch arabsk\u00fdch Emir\u00e1t\u016f po 50 ti letech, plat\u00ed trval\u00e1 Trumpova fascinace Vladim\u00edrem Putinem. Zjevn\u011b ji\u017e u\u017e d\u00e1vn\u00e9 doby, kdy hodlal postavit je\u0161t\u011b jako pouh\u00fd developer \u201eTrump Tower Moscow\u201c \u00a0a kdy bloumal po socialistick\u00e9m Gottwaldov\u011b a hledal si tu svou man\u017eelku.<\/p>\n<p style=\"font-weight: 400;\">A tak i p\u0159edev\u010d\u00edrem\u00a0\u00a0p\u0159i historick\u00e9 n\u00e1v\u0161t\u011bv\u011b britsk\u00e9ho kr\u00e1le Charlese v\u00a0USA zaplavila zpravodajstv\u00ed informace,\u00a0\u00a0\u017ee Trump Karlu III. vytrvale opakoval, \u017ee Putin chce v\u00e1lku a \u017ee dok\u00e1\u017ee zni\u010dit \u201ecelou populaci\u201c.<\/p>\n<p style=\"font-weight: 400;\">Alespo\u0148 tak si jeho slova interpretovali ode\u010d\u00edta\u010di ze rt\u016f, informuje New York Post.<\/p>\n<p style=\"font-weight: 400;\">B\u011bhem uv\u00edtac\u00edho ceremoni\u00e1lu se Karel III. setkal s poru\u0161en\u00edm kr\u00e1lovsk\u00e9ho protokolu ze strany Trumpa (co\u017e mn\u011b ur\u010dit\u011b nevad\u00ed)\u00a0\u00a0americk\u00e1 hlava st\u00e1tu se dotkla panovn\u00edkova ramene a podle ode\u010d\u00edta\u010d\u016f ze rt\u016f zm\u00ednila ned\u00e1vn\u00fd pokus o atent\u00e1t\u00a0a sv\u016fj rozhovor s rusk\u00fdm prezidentem.<\/p>\n<p style=\"font-weight: 400;\">\u201eTahle st\u0159elba. Nen\u00ed dobr\u00e1. Nebyl jsem p\u0159ipraven\u00fd, ale te\u010f u\u017e ano,\u201c \u0159ekl Trump.<\/p>\n<p style=\"font-weight: 400;\">\u201eRad\u011bji tu nebudu dlouho st\u00e1t. M\u00e1m pocit, \u017ee sem nepat\u0159\u00edm,\u201c zavtipkoval Karl v odpov\u011bdi.<\/p>\n<p style=\"font-weight: 400;\">\u201ePr\u00e1v\u011b te\u010f mluv\u00edm s Putinem. Chce v\u00e1lku,\u201c \u0159ekl Trump.<\/p>\n<p style=\"font-weight: 400;\">A tak zat\u00edmco kr\u00e1l burcoval v\u00a0americk\u00e9m kongresu,\u00a0\u00a0aby se USA postavily za v\u00edt\u011bzstv\u00ed Ukrajiny, Trump si nenechal p\u0159eru\u0161it svou my\u0161lenkovou ni\u0165.<\/p>\n<p style=\"font-weight: 400;\">Karel se pokusil zm\u011bnit t\u00e9ma: \u201eO tom si promluv\u00edme pozd\u011bji.\u201c<\/p>\n<p style=\"font-weight: 400;\">Trump ale d\u00e1le vysv\u011btloval: \u201eM\u00e1m pocit&#8230; pokud ud\u011bl\u00e1, co \u0159\u00edk\u00e1, vyhlad\u00ed celou populaci.\u201c<\/p>\n<p style=\"font-weight: 400;\">A nakonec z\u00a0celkov\u00e9 n\u00e1v\u0161t\u011bvy Charlese vyzn\u011blo, \u017ee Putin p\u0159emlouval Trumpa, aby neza\u00fato\u010dil v\u00a0pozemn\u00ed operaci\u00a0\u00a0na Ir\u00e1n a po\u017e\u00e1dal ho o podporu my\u0161lenky vyhl\u00e1\u0161en\u00ed p\u0159\u00edm\u011b\u0159\u00ed na Den osvobozen\u00ed 9. kv\u011btna.<\/p>\n<p style=\"font-weight: 400;\">V\u00a0jednom pro Putina i Trumpa plat\u00ed v\u00a0Evrop\u011b\u00a0\u00a0jedna z\u00e1sada : Oba jsou m\u00edrn\u011b \u0159e\u010deno velmi nemilovan\u00ed globalistsk\u00fdmi v\u00e1le\u010dnick\u00fdmi elitami.<\/p>\n<p style=\"font-weight: 400;\">V\u017edy\u0165 i n\u00e1\u0161 Pavel prakticky ka\u017ed\u00e9 sv\u00e9 vystoupen\u00ed \u010dasto i sebekrat\u0161\u00ed zakon\u010d\u00ed prohl\u00e1\u0161en\u00edm o pot\u0159eb\u011b zbrojit a \u017ee Rusko je n\u00e1\u0161 nejnebezpe\u010dn\u011bj\u0161\u00ed nep\u0159\u00edtel. A stejn\u011b i na\u0161e opozice m\u00e1 pro v\u0161echno p\u0159ipravenu glosu : Je to prorusk\u00e9..<\/p>\n<p style=\"font-weight: 400;\">Kdo je nep\u0159\u00edtel je ov\u0161em v\u011bc relativn\u00ed. Pro mne je to nepochybn\u011b Ursula von der Leyen.<\/p>\n<p style=\"font-weight: 400;\">A Putin se nesporn\u011b nemus\u00ed \u00faskok\u016f ze strany Trumpa nic ob\u00e1vat.<\/p>\n<p style=\"font-weight: 400;\">Za\u017eili spolu toho tolik. A Trump mu uprost\u0159ed nemilosrdn\u00fdch vy\u0161et\u0159ov\u00e1n\u00ed veden\u00fdch soldateskami demokratick\u00fdch vy\u0161et\u0159ovatel\u016f na impeachmenty i v\u00a0dob\u011b, kdy nebyl prezidentem.<\/p>\n<p style=\"font-weight: 400;\">Asi tak.<\/p>\n<p><a href=\"https:\/\/vasevec.info\/blogy\/trump-je-putinem-zcela-uhranuty\">Ji\u0159\u00ed Vyvadil<\/a><\/p>\n<p><img decoding=\"async\" loading=\"lazy\" class=\"alignnone size-medium wp-image-16474\" src=\"http:\/\/www.infokuryr.cz\/n\/wp-content\/uploads\/2022\/10\/jiri-vyvadil-300x200.jpg\" alt=\"\" width=\"300\" height=\"200\" srcset=\"https:\/\/www.infokuryr.cz\/n\/wp-content\/uploads\/2022\/10\/jiri-vyvadil-300x200.jpg 300w, https:\/\/www.infokuryr.cz\/n\/wp-content\/uploads\/2022\/10\/jiri-vyvadil-768x512.jpg 768w, https:\/\/www.infokuryr.cz\/n\/wp-content\/uploads\/2022\/10\/jiri-vyvadil.jpg 800w\" sizes=\"(max-width: 300px) 100vw, 300px\" \/><\/p>\n<p>&nbsp;<\/p>\n","protected":false},"excerpt":{"rendered":"<p>S t\u00edm nikdo nic nenad\u011bl\u00e1. Uprost\u0159ed v\u0161eobecn\u00e9ho v\u00e1le\u010dn\u00e9ho \u0161\u00edlenstv\u00ed, zejm\u00e9na kdy\u017e\u00a0 americko-izraelsk\u00e1 v\u00e1lka proti Ir\u00e1nu,&#8230;<\/p>\n","protected":false},"author":2,"featured_media":90263,"comment_status":"closed","ping_status":"closed","sticky":false,"template":"","format":"standard","meta":[],"categories":[6],"tags":[1503,102,452],"_links":{"self":[{"href":"https:\/\/www.infokuryr.cz\/n\/wp-json\/wp\/v2\/posts\/105633"}],"collection":[{"href":"https:\/\/www.infokuryr.cz\/n\/wp-json\/wp\/v2\/posts"}],"about":[{"href":"https:\/\/www.infokuryr.cz\/n\/wp-json\/wp\/v2\/types\/post"}],"author":[{"embeddable":true,"href":"https:\/\/www.infokuryr.cz\/n\/wp-json\/wp\/v2\/users\/2"}],"replies":[{"embeddable":true,"href":"https:\/\/www.infokuryr.cz\/n\/wp-json\/wp\/v2\/comments?post=105633"}],"version-history":[{"count":0,"href":"https:\/\/www.infokuryr.cz\/n\/wp-json\/wp\/v2\/posts\/105633\/revisions"}],"wp:featuredmedia":[{"embeddable":true,"href":"https:\/\/www.infokuryr.cz\/n\/wp-json\/wp\/v2\/media\/90263"}],"wp:attachment":[{"href":"https:\/\/www.infokuryr.cz\/n\/wp-json\/wp\/v2\/media?parent=105633"}],"wp:term":[{"taxonomy":"category","embeddable":true,"href":"https:\/\/www.infokuryr.cz\/n\/wp-json\/wp\/v2\/categories?post=105633"},{"taxonomy":"post_tag","embeddable":true,"href":"https:\/\/www.infokuryr.cz\/n\/wp-json\/wp\/v2\/tags?post=105633"}],"curies":[{"name":"wp","href":"https:\/\/api.w.org\/{rel}","templated":true}]}}