{"id":105632,"date":"2026-05-01T00:16:49","date_gmt":"2026-04-30T22:16:49","guid":{"rendered":"https:\/\/www.infokuryr.cz\/n\/?p=105632"},"modified":"2026-04-30T13:10:41","modified_gmt":"2026-04-30T11:10:41","slug":"colt-cz-uz-nestaci-praha-vstup-do-amsterdamu-otevira-ceske-zbrojovce-novou-investicni-etapu","status":"publish","type":"post","link":"https:\/\/www.infokuryr.cz\/n\/2026\/05\/01\/colt-cz-uz-nestaci-praha-vstup-do-amsterdamu-otevira-ceske-zbrojovce-novou-investicni-etapu\/","title":{"rendered":"Colt CZ u\u017e nesta\u010d\u00ed Praha: Vstup do Amsterdamu otev\u00edr\u00e1 \u010desk\u00e9 zbrojovce novou investi\u010dn\u00ed etapu"},"content":{"rendered":"<div id=\"fb-root\"><\/div>\n<p><strong>Colt CZ v polovin\u011b dubna ud\u011blal krok, kter\u00fd nen\u00ed pro \u010deskou ve\u0159ejn\u011b obchodovanou firmu b\u011b\u017en\u00fd. Skupina po schv\u00e1len\u00ed valnou hromadou vstoupila na burzu Euronext Amsterdam, kde se jej\u00ed akcie za\u010daly obchodovat 15. dubna pod tickerem COLT, a t\u00edm roz\u0161\u00ed\u0159ila sv\u00e9 p\u016fsoben\u00ed vedle st\u00e1vaj\u00edc\u00edho listingu v Praze. Nejde p\u0159itom jen o technick\u00e9 roz\u0161\u00ed\u0159en\u00ed obchodov\u00e1n\u00ed na dal\u0161\u00ed trh, ale o sign\u00e1l, \u017ee Colt chce b\u00fdt viditeln\u011bj\u0161\u00ed pro \u0161ir\u0161\u00ed evropskou investorskou z\u00e1kladnu, zv\u00fd\u0161it likviditu sv\u00fdch akci\u00ed a vytvo\u0159it si prostor pro dal\u0161\u00ed kapit\u00e1lov\u00e9 kroky v dob\u011b, kdy je obrann\u00fd sektor v centru pozornosti finan\u010dn\u00edch trh\u016f.<sup>1<\/sup><\/strong><\/p>\n<h3><strong>Amsterdam nen\u00ed jen symbolick\u00fd dopln\u011bk<\/strong><\/h3>\n<p>Du\u00e1ln\u00ed listing na Euronext Amsterdam navazuje na rozhodnut\u00ed valn\u00e9 hromady z 10. dubna a znamen\u00e1, \u017ee Colt CZ nov\u011b obchoduje sv\u00e9 akcie i na regulovan\u00e9m nizozemsk\u00e9m trhu, p\u0159i\u010dem\u017e pra\u017esk\u00fd Prime Market z\u016fst\u00e1v\u00e1 zachov\u00e1n jako p\u016fvodn\u00ed a strategicky d\u016fle\u017eit\u00e1 dom\u00e1c\u00ed kotace. Tento krok je d\u016fle\u017eit\u00fd i z hlediska positioning firmy na kapit\u00e1lov\u00e9m trhu, proto\u017ee Colt t\u00edm d\u00e1v\u00e1 najevo, \u017ee u\u017e nechce b\u00fdt vn\u00edm\u00e1na pouze jako region\u00e1ln\u00ed titul z pra\u017esk\u00e9 burzy, ale jako evropsk\u00e1 obrann\u00e1 spole\u010dnost s ambic\u00ed oslovit \u0161ir\u0161\u00ed okruh institucion\u00e1ln\u00edch i mezin\u00e1rodn\u00edch investor\u016f. V prost\u0159ed\u00ed, kde obrann\u00fd sektor z\u00edsk\u00e1v\u00e1 v Evrop\u011b st\u00e1le v\u011bt\u0161\u00ed v\u00e1hu, m\u016f\u017ee pr\u00e1v\u011b p\u0159\u00edtomnost na v\u011bt\u0161\u00ed z\u00e1padoevropsk\u00e9 burze v\u00fdrazn\u011b pomoci tomu, aby se investi\u010dn\u00ed p\u0159\u00edb\u011bh firmy posunul na vy\u0161\u0161\u00ed \u00farove\u0148 viditelnosti.<a href=\"#_ftn1\" name=\"_ftnref1\">[1]<\/a><a href=\"#_ftn2\" name=\"_ftnref2\">[2]<\/a><\/p>\n<h3><strong>V\u011bt\u0161\u00ed viditelnost m\u00e1 p\u0159in\u00e9st i vy\u0161\u0161\u00ed likviditu<\/strong><\/h3>\n<p>Samotn\u00e1 spole\u010dnost i Euronext uv\u00e1d\u011bj\u00ed, \u017ee hlavn\u00edm c\u00edlem vstupu do Amsterdamu je roz\u0161\u00ed\u0159it viditelnost mezi mezin\u00e1rodn\u00edmi investory a zv\u00fd\u0161it likviditu akci\u00ed, co\u017e je pro dal\u0161\u00ed v\u00fdvoj ve\u0159ejn\u011b obchodovan\u00e9 firmy kl\u00ed\u010dov\u00e9. Vy\u0161\u0161\u00ed likvidita je p\u0159itom pro firmu d\u016fle\u017eit\u00e1 nejen z pohledu ka\u017edodenn\u00edho obchodov\u00e1n\u00ed, ale tak\u00e9 z hlediska dlouhodob\u011bj\u0161\u00ed atraktivity pro v\u011bt\u0161\u00ed fondy a institucion\u00e1ln\u00ed kapit\u00e1l, kter\u00fd \u010dasto preferuje tituly s \u0161ir\u0161\u00edm investorsk\u00fdm dosahem a aktivn\u011bj\u0161\u00edm sekund\u00e1rn\u00edm trhem. Gener\u00e1ln\u00ed \u0159editel Radek Musil nav\u00edc uvedl, \u017ee nov\u00fd listing vytv\u00e1\u0159\u00ed i platformu pro budouc\u00ed aktivity na kapit\u00e1lov\u00fdch trz\u00edch v\u010detn\u011b mo\u017en\u00e9ho nav\u00fd\u0161en\u00ed kapit\u00e1lu, tak\u017ee nejde jen o presti\u017e nebo marketingov\u00fd efekt, ale i o praktickou p\u0159\u00edpravu na dal\u0161\u00ed r\u016fstov\u00e9 kroky, pokud by je skupina v budoucnu pot\u0159ebovala financovat.<a href=\"#_ftn3\" name=\"_ftnref3\">[3]<\/a><\/p>\n<h3><strong>Praha z\u016fst\u00e1v\u00e1, ale investi\u010dn\u00ed p\u0159\u00edb\u011bh se m\u011bn\u00ed<\/strong><\/h3>\n<p>D\u016fle\u017eit\u00e9 je, \u017ee akcie maj\u00ed z\u016fstat mezi Prahou a Amsterdamem pln\u011b zastupiteln\u00e9 a firma ponech\u00e1v\u00e1 stejn\u00e9 ISIN CZ0009008942, tak\u017ee pro investory nejde o vznik nov\u00e9ho cenn\u00e9ho pap\u00edru, ale o roz\u0161\u00ed\u0159en\u00ed obchodn\u00edho prostoru pro stejn\u00fd titul. To je podstatn\u00e9 hlavn\u011b pro st\u00e1vaj\u00edc\u00ed akcion\u00e1\u0159e, proto\u017ee se nem\u011bn\u00ed samotn\u00e1 podstata investice, ale zvy\u0161uje se po\u010det m\u00edst, kde m\u016f\u017ee b\u00fdt titul obchodov\u00e1n a sledov\u00e1n. Pr\u00e1v\u011b tato kombinace dom\u00e1c\u00edho trhu a \u0161ir\u0161\u00ed evropsk\u00e9 distribuce m\u016f\u017ee Coltu pomoci posunout se z pohledu trhu z \u00fasp\u011b\u0161n\u00e9 \u010desk\u00e9 akcie do kategorie obrann\u00fdch titul\u016f, kter\u00e9 se za\u010d\u00ednaj\u00ed posuzovat v celoevropsk\u00e9m kontextu, a ne pouze podle m\u011b\u0159\u00edtek pra\u017esk\u00e9 burzy.<sup>1<\/sup><\/p>\n<h3><strong>Za listov\u00e1n\u00edm stoj\u00ed siln\u011bj\u0161\u00ed a \u0161ir\u0161\u00ed skupina<\/strong><\/h3>\n<p>Na\u010dasov\u00e1n\u00ed nov\u00e9ho listingu nen\u00ed n\u00e1hodn\u00e9, proto\u017ee Colt CZ za sebou nem\u00e1 jen r\u016fst obrann\u00e9 popt\u00e1vky, ale i v\u00fdrazn\u00e9 roz\u0161\u00ed\u0159en\u00ed skupiny o nov\u00e9 segmenty a aktiva, v\u010detn\u011b Sellier &amp; Bellot a ned\u00e1vno dokon\u010den\u00e9ho p\u0159evzet\u00ed v\u011bt\u0161inov\u00e9ho pod\u00edlu v Synthesia Nitrocellulose. To znamen\u00e1, \u017ee firma dnes stoj\u00ed na \u0161ir\u0161\u00edm pr\u016fmyslov\u00e9m z\u00e1kladu ne\u017e d\u0159\u00edve a jej\u00ed p\u0159\u00edb\u011bh u\u017e nen\u00ed postaven jen na v\u00fdrob\u011b zbran\u00ed, ale tak\u00e9 na munici a dal\u0161\u00edch navazuj\u00edc\u00edch \u010d\u00e1stech obrann\u00e9ho a bezpe\u010dnostn\u00edho \u0159et\u011bzce. Skupina loni vyk\u00e1zala v\u00fdnosy 23,398 miliardy CZK a \u010dist\u00fd zisk p\u0159es 2,044 miliardy CZK, zat\u00edmco Euronext p\u0159i vstupu do Amsterdamu uv\u00e1d\u011bl tr\u017en\u00ed kapitalizaci kolem 2,6 miliardy EUR a v\u00edce ne\u017e 4 500 zam\u011bstnanc\u016f v n\u011bkolika zem\u00edch, co\u017e dob\u0159e ukazuje, \u017ee Colt u\u017e d\u00e1vno nen\u00ed jen lok\u00e1ln\u00ed \u010desk\u00e1 spole\u010dnost.<a href=\"#_ftn4\" name=\"_ftnref4\">[4]<\/a><\/p>\n<h3><strong>Trh sly\u0161\u00ed i na nov\u00fd analytick\u00fd impuls<\/strong><\/h3>\n<p>Vedle samotn\u00e9ho listingu p\u0159i\u0161la v posledn\u00edch dnech i dal\u0161\u00ed d\u016fle\u017eit\u00e1 zpr\u00e1va pro investory, proto\u017ee Patria zv\u00fd\u0161ila \u0161estim\u011bs\u00ed\u010dn\u00ed c\u00edlovou cenu akci\u00ed Colt CZ na 1\u00a0129 CZK a ponechala doporu\u010den\u00ed koupit, p\u0159i\u010dem\u017e jako hlavn\u00ed d\u016fvod uvedla vy\u0161\u0161\u00ed o\u010dek\u00e1vanou EBITDA po konsolidaci Synthesia Nitrocellulose a kvalitativn\u00ed prom\u011bnu cel\u00e9 skupiny. Tato analytick\u00e1 reakce je d\u016fle\u017eit\u00e1, proto\u017ee ukazuje, \u017ee trh nevn\u00edm\u00e1 amsterdamsk\u00fd listing izolovan\u011b, ale jako sou\u010d\u00e1st \u0161ir\u0161\u00edho p\u0159\u00edb\u011bhu firmy, kter\u00e1 roz\u0161i\u0159uje sv\u00e9 aktivity, zvy\u0161uje provozn\u00ed kvalitu a sna\u017e\u00ed se pos\u00edlit sv\u016fj status mezi evropsk\u00fdmi obrann\u00fdmi spole\u010dnostmi. Do stejn\u00e9ho \u010dasov\u00e9ho r\u00e1mce nav\u00edc zapad\u00e1 i person\u00e1ln\u00ed zm\u011bna ve veden\u00ed firmy, kdy\u017e se s \u00fa\u010dinnost\u00ed od 7. dubna stal \u010dlenem p\u0159edstavenstva Martin Dur\u010d\u00e1k.<a href=\"#_ftn5\" name=\"_ftnref5\">[5]<\/a><\/p>\n<h5><strong>Roman Vykou\u0159il, analytik <\/strong><a href=\"https:\/\/wonderinteresttrading.cz\/\"><strong>Wonderinterest Trading s.r.o.<\/strong><\/a><\/h5>\n<p><a href=\"#_ftnref1\" name=\"_ftn1\">[1]<\/a> <a href=\"https:\/\/www.coltczgroup.com\/en\/media-press-releases\/colt-cz-group-se-announces-dual-listing-and-admission-to-trading-on-euronext-amsterdam\">https:\/\/www.coltczgroup.com\/en\/media-press-releases\/colt-cz-group-se-announces-dual-listing-and-admission-to-trading-on-euronext-amsterdam<\/a><\/p>\n<p><a href=\"#_ftnref2\" name=\"_ftn2\">[2]<\/a> <a href=\"https:\/\/www.marketscreener.com\/news\/colt-cz-results-of-the-ordinary-general-meeting-of-colt-cz-group-se-held-on-10-april-2026-ce7e50d9d188f122\">https:\/\/www.marketscreener.com\/news\/colt-cz-results-of-the-ordinary-general-meeting-of-colt-cz-group-se-held-on-10-april-2026-ce7e50d9d188f122<\/a><\/p>\n<p><a href=\"#_ftnref3\" name=\"_ftn3\">[3]<\/a> <a href=\"https:\/\/www.euronext.com\/en\/about\/media\/euronext-press-releases\/colt-cz-group-lists-euronext\">https:\/\/www.euronext.com\/en\/about\/media\/euronext-press-releases\/colt-cz-group-lists-euronext<\/a><\/p>\n<p><a href=\"#_ftnref4\" name=\"_ftn4\">[4]<\/a> <a href=\"https:\/\/www.e15.cz\/byznys\/burzy-a-trhy\/colt-cz-miri-na-amsterodamskou-burzu-obchodovani-zacne-ve-stredu-1432073\">https:\/\/www.e15.cz\/byznys\/burzy-a-trhy\/colt-cz-miri-na-amsterodamskou-burzu-obchodovani-zacne-ve-stredu-1432073<\/a><\/p>\n<p><a href=\"#_ftnref5\" name=\"_ftn5\">[5]<\/a> <a href=\"https:\/\/www.patria.cz\/zpravodajstvi\/video\/6939195\/analyticky-radar-colt-cz-roste-diky-vyssi-marzi-sirsi-integraci-i-stabilnejsimu-byznysu.html\">https:\/\/www.patria.cz\/zpravodajstvi\/video\/6939195\/analyticky-radar-colt-cz-roste-diky-vyssi-marzi-sirsi-integraci-i-stabilnejsimu-byznysu.html<\/a><\/p>\n<p>&nbsp;<\/p>\n<p>&nbsp;<\/p>\n","protected":false},"excerpt":{"rendered":"<p>Colt CZ v polovin\u011b dubna ud\u011blal krok, kter\u00fd nen\u00ed pro \u010deskou ve\u0159ejn\u011b obchodovanou firmu b\u011b\u017en\u00fd&#8230;.<\/p>\n","protected":false},"author":2,"featured_media":102963,"comment_status":"closed","ping_status":"closed","sticky":false,"template":"","format":"standard","meta":[],"categories":[6],"tags":[1042,45,331,3027],"_links":{"self":[{"href":"https:\/\/www.infokuryr.cz\/n\/wp-json\/wp\/v2\/posts\/105632"}],"collection":[{"href":"https:\/\/www.infokuryr.cz\/n\/wp-json\/wp\/v2\/posts"}],"about":[{"href":"https:\/\/www.infokuryr.cz\/n\/wp-json\/wp\/v2\/types\/post"}],"author":[{"embeddable":true,"href":"https:\/\/www.infokuryr.cz\/n\/wp-json\/wp\/v2\/users\/2"}],"replies":[{"embeddable":true,"href":"https:\/\/www.infokuryr.cz\/n\/wp-json\/wp\/v2\/comments?post=105632"}],"version-history":[{"count":0,"href":"https:\/\/www.infokuryr.cz\/n\/wp-json\/wp\/v2\/posts\/105632\/revisions"}],"wp:featuredmedia":[{"embeddable":true,"href":"https:\/\/www.infokuryr.cz\/n\/wp-json\/wp\/v2\/media\/102963"}],"wp:attachment":[{"href":"https:\/\/www.infokuryr.cz\/n\/wp-json\/wp\/v2\/media?parent=105632"}],"wp:term":[{"taxonomy":"category","embeddable":true,"href":"https:\/\/www.infokuryr.cz\/n\/wp-json\/wp\/v2\/categories?post=105632"},{"taxonomy":"post_tag","embeddable":true,"href":"https:\/\/www.infokuryr.cz\/n\/wp-json\/wp\/v2\/tags?post=105632"}],"curies":[{"name":"wp","href":"https:\/\/api.w.org\/{rel}","templated":true}]}}