{"id":105629,"date":"2026-05-01T00:24:03","date_gmt":"2026-04-30T22:24:03","guid":{"rendered":"https:\/\/www.infokuryr.cz\/n\/?p=105629"},"modified":"2026-04-30T13:02:59","modified_gmt":"2026-04-30T11:02:59","slug":"zprava-o-kriminalite-v-eu-pocet-hlasenych-znasilneni-ve-spanelsku-za-posledni-desetileti-vzrostl-o-322-v-eu-o-150","status":"publish","type":"post","link":"https:\/\/www.infokuryr.cz\/n\/2026\/05\/01\/zprava-o-kriminalite-v-eu-pocet-hlasenych-znasilneni-ve-spanelsku-za-posledni-desetileti-vzrostl-o-322-v-eu-o-150\/","title":{"rendered":"Zpr\u00e1va o kriminalit\u011b v EU: Po\u010det hl\u00e1\u0161en\u00fdch zn\u00e1siln\u011bn\u00ed ve \u0160pan\u011blsku za posledn\u00ed desetilet\u00ed vzrostl o 322 %, v EU o 150 %"},"content":{"rendered":"<div id=\"fb-root\"><\/div>\n<h3 class=\"s-tagline fw-tagline\"><span dir=\"auto\">Data ukazuj\u00ed, \u017ee ve \u0160pan\u011blsku cizinci sp\u00e1chaj\u00ed na obyvatele o 500 % v\u00edce zn\u00e1siln\u011bn\u00ed a o 414 % v\u00edce vra\u017ed ne\u017e \u0161pan\u011bl\u0161t\u00ed ob\u010dan\u00e9<\/span><\/h3>\n<p><span dir=\"auto\">Nov\u00e9 \u00fadaje zve\u0159ejn\u011bn\u00e9 ve st\u0159edu Eurostatem odhaluj\u00ed ohromuj\u00edc\u00ed n\u00e1r\u016fst hl\u00e1\u0161en\u00fdch sexu\u00e1ln\u00edch trestn\u00fdch \u010din\u016f v cel\u00e9 Evropsk\u00e9 unii, p\u0159i\u010dem\u017e \u0160pan\u011blsko vykazuje n\u00e1r\u016fst daleko za kontinent\u00e1ln\u00edm pr\u016fm\u011brem.<\/span><\/p>\n<p><span dir=\"auto\">\u0160pan\u011blsko zaznamenalo jeden z nejv\u00fdznamn\u011bj\u0161\u00edch posun\u016f v hl\u00e1\u0161en\u00ed, uv\u00e1d\u00ed \u0161pan\u011blsk\u00fd\u00a0<\/span><a href=\"https:\/\/www.larazon.es\/sociedad\/denuncias-violaciones-espana-dispararon-322-ultima-decada_2026042969f25a3f7b1d574ac65f8a0a.html?utm_campaign=mrf-twitter-larazon_es&amp;mrfcid=2026042969eff8807209832ad729d0d1\"><span dir=\"auto\">den\u00edk La Razon<\/span><\/a><span dir=\"auto\">\u00a0. V roce 2024 zem\u011b zaznamenala \u201e5 222 poru\u0161en\u00ed\u201c ve srovn\u00e1n\u00ed s pouh\u00fdmi \u201e1 239 v roce 2014\u201c. To p\u0159edstavuje \u201en\u00e1r\u016fst o 322 procent\u201c, co\u017e je \u010d\u00edslo, kter\u00e9 \u201ev\u00fdrazn\u011b p\u0159ekra\u010duje 150procentn\u00ed pr\u016fm\u011br v EU\u201c.<\/span><\/p>\n<p><span dir=\"auto\">Eurostat neposkytuje \u00fadaje o tom, kdo tyto trestn\u00e9 \u010diny pach\u00e1. Jin\u00e9 zdroje se v\u0161ak touto problematikou zab\u00fdvaly. Jak\u00a0<\/span><a href=\"https:\/\/rmx.news\/article\/imported-crime-foreigners-commit-500-more-rapes-than-spaniards-400-more-murders-according-to-new-study\/\"><span dir=\"auto\">loni informovala agentura Remix News,<\/span><\/a><span dir=\"auto\">\u00a0zpr\u00e1va Demografick\u00e9 observato\u0159e CEU-CEFAS s n\u00e1zvem \u201e\u00a0<\/span><a href=\"https:\/\/cefas.ceu.es\/wp-content\/uploads\/Informe_delincuencia_21_Observatorio_Demografico_CEU_CEFAS.pdf\"><span dir=\"auto\">Demografie kriminality ve \u0160pan\u011blsku<\/span><\/a><span dir=\"auto\"> \u201c uk\u00e1zala, \u017ee cizinci, kte\u0159\u00ed tvo\u0159\u00ed 31 procent \u0161pan\u011blsk\u00e9 v\u011bze\u0148sk\u00e9 populace a p\u00e1chaj\u00ed na obyvatele o 500 procent v\u00edce zn\u00e1siln\u011bn\u00ed a o 414 procent v\u00edce vra\u017ed ne\u017e \u0161pan\u011bl\u0161t\u00ed ob\u010dan\u00e9. Nejvy\u0161\u0161\u00ed m\u00edra kriminality je zaznamen\u00e1na mezi Araby a Latinoameri\u010dany, p\u0159i\u010dem\u017e mnoz\u00ed z nich poch\u00e1zej\u00ed ze zem\u00ed Ji\u017en\u00ed Ameriky, kter\u00e9 jsou zn\u00e1m\u00e9 svou extr\u00e9mn\u011b vysokou m\u00edrou kriminality.<\/span><\/p>\n<p><span dir=\"auto\">Zat\u00edmco po\u010det vra\u017ed je ve \u0160pan\u011blsku stabiln\u00ed na 300 ro\u010dn\u011b, do\u0161lo k explozivn\u00edmu n\u00e1r\u016fstu pokus\u016f o vra\u017edu. B\u011bhem pouh\u00fdch \u010dty\u0159 let, mezi lety 2019 a 2023, se po\u010det p\u0159\u00edpad\u016f pokus\u016f o vra\u017edu t\u00e9m\u011b\u0159 zdvojn\u00e1sobil, z 836 na 1 507.<\/span><\/p>\n<p><span dir=\"auto\">Za pouh\u00fdch p\u011bt let se po\u010det p\u0159\u00edpad\u016f zn\u00e1siln\u011bn\u00ed penetra\u010dn\u00edm zp\u016fsobem zv\u00fd\u0161il o 143 procent, z 2 143 v roce 2019 na 5 206 v roce 2024.<\/span><\/p>\n<p><span dir=\"auto\">Jak ji\u017e v minulosti informoval server Remix News, v mnoha \u0161pan\u011blsk\u00fdch st\u00e1tech ukazuj\u00ed statistiky kriminality masivn\u00ed nadm\u011brn\u00e9 zastoupen\u00ed cizinc\u016f v z\u00e1va\u017en\u00fdch trestn\u00fdch \u010dinech, jako je sexu\u00e1ln\u00ed napaden\u00ed,\u00a0\u00a0<\/span><a href=\"https:\/\/rmx.news\/article\/spain-64-of-those-arrested-for-crimes-in-basque-region-are-foreigners-including-68-of-sexual-assaults-and-robberies\/\"><span dir=\"auto\">a to i v Baskicku<\/span><\/a><span dir=\"auto\"> .<\/span><\/p>\n<p><span dir=\"auto\">V p\u0159\u00edpadech loupe\u017e\u00ed s n\u00e1sil\u00edm je o 440 procent vy\u0161\u0161\u00ed pravd\u011bpodobnost, \u017ee se takov\u00e9ho trestn\u00e9ho \u010dinu dopust\u00ed cizinci. Mnoho takov\u00fdch p\u0159\u00edpad\u016f se dostalo na tituln\u00ed str\u00e1nky \u0161pan\u011blsk\u00fdch m\u00e9di\u00ed.<\/span><\/p>\n<p><span dir=\"auto\">Vedouc\u00ed studie nazna\u010dili, \u017ee st\u00e1rnouc\u00ed \u0161pan\u011blsk\u00e1 populace m\u011bla v\u00e9st k poklesu kriminality, ale p\u0159\u00edliv migrant\u016f, kter\u00fd dosahuje 3,8 milionu za desetilet\u00ed, vedl k probl\u00e9mu \u201eimportovan\u00e9 kriminality\u201c.<\/span><\/p>\n<p><span dir=\"auto\">Zpr\u00e1va potvrdila konzistentn\u00ed trend, \u017ee n\u00e1silnou trestnou \u010dinnost p\u00e1chaj\u00ed p\u0159ev\u00e1\u017en\u011b mlad\u00ed mu\u017ei. Konkr\u00e9tn\u011b pokud jde o n\u00e1rodnost, studie ukazuje, \u017ee cizinci maj\u00ed mnohem vy\u0161\u0161\u00ed m\u00edru kriminality ne\u017e \u0160pan\u011bl\u00e9, zejm\u00e9na u nejz\u00e1va\u017en\u011bj\u0161\u00edch trestn\u00fdch \u010din\u016f proti osob\u00e1m, jako jsou vra\u017edy, zn\u00e1siln\u011bn\u00ed a loupe\u017ee. Toto nadm\u011brn\u00e9 zastoupen\u00ed je obzvl\u00e1\u0161t\u011b v\u00fdrazn\u00e9 u osob africk\u00e9ho a latinskoamerick\u00e9ho p\u016fvodu.<\/span><\/p>\n<div class=\"twitter-tweet twitter-tweet-rendered\"><iframe id=\"twitter-widget-0\" class=\"\" title=\"X P\u0159\u00edsp\u011bvek\" src=\"https:\/\/platform.twitter.com\/embed\/Tweet.html?creatorScreenName=RMXnews&amp;dnt=false&amp;embedId=twitter-widget-0&amp;features=eyJ0ZndfdGltZWxpbmVfbGlzdCI6eyJidWNrZXQiOltdLCJ2ZXJzaW9uIjpudWxsfSwidGZ3X2ZvbGxvd2VyX2NvdW50X3N1bnNldCI6eyJidWNrZXQiOnRydWUsInZlcnNpb24iOm51bGx9LCJ0ZndfdHdlZXRfZWRpdF9iYWNrZW5kIjp7ImJ1Y2tldCI6Im9uIiwidmVyc2lvbiI6bnVsbH0sInRmd19yZWZzcmNfc2Vzc2lvbiI6eyJidWNrZXQiOiJvbiIsInZlcnNpb24iOm51bGx9LCJ0ZndfZm9zbnJfc29mdF9pbnRlcnZlbnRpb25zX2VuYWJsZWQiOnsiYnVja2V0Ijoib24iLCJ2ZXJzaW9uIjpudWxsfSwidGZ3X21peGVkX21lZGlhXzE1ODk3Ijp7ImJ1Y2tldCI6InRyZWF0bWVudCIsInZlcnNpb24iOm51bGx9LCJ0ZndfZXhwZXJpbWVudHNfY29va2llX2V4cGlyYXRpb24iOnsiYnVja2V0IjoxMjA5NjAwLCJ2ZXJzaW9uIjpudWxsfSwidGZ3X3Nob3dfYmlyZHdhdGNoX3Bpdm90c19lbmFibGVkIjp7ImJ1Y2tldCI6Im9uIiwidmVyc2lvbiI6bnVsbH0sInRmd19kdXBsaWNhdGVfc2NyaWJlc190b19zZXR0aW5ncyI6eyJidWNrZXQiOiJvbiIsInZlcnNpb24iOm51bGx9LCJ0ZndfdXNlX3Byb2ZpbGVfaW1hZ2Vfc2hhcGVfZW5hYmxlZCI6eyJidWNrZXQiOiJvbiIsInZlcnNpb24iOm51bGx9LCJ0ZndfdmlkZW9faGxzX2R5bmFtaWNfbWFuaWZlc3RzXzE1MDgyIjp7ImJ1Y2tldCI6InRydWVfYml0cmF0ZSIsInZlcnNpb24iOm51bGx9LCJ0ZndfbGVnYWN5X3RpbWVsaW5lX3N1bnNldCI6eyJidWNrZXQiOnRydWUsInZlcnNpb24iOm51bGx9LCJ0ZndfdHdlZXRfZWRpdF9mcm9udGVuZCI6eyJidWNrZXQiOiJvbiIsInZlcnNpb24iOm51bGx9fQ%3D%3D&amp;frame=false&amp;hideCard=false&amp;hideThread=false&amp;id=1982788791225012628&amp;lang=cs&amp;origin=https%3A%2F%2Frmx.news%2Farticle%2Feu-crime-report-rape-reports-in-spain-surge-by-322-over-the-last-decade-eu-sees-150-increase%2F&amp;sessionId=50feb76fad5dd9cc90fac2c7d262717f162f6363&amp;theme=light&amp;widgetsVersion=2615f7e52b7e0%3A1702314776716&amp;width=550px\" frameborder=\"0\" scrolling=\"no\" allowfullscreen=\"allowfullscreen\" data-tweet-id=\"1982788791225012628\" data-mce-fragment=\"1\"><\/iframe><\/div>\n<p><span dir=\"auto\">Data o v\u011bze\u0148sk\u00e9 populaci toto zji\u0161t\u011bn\u00ed podporuj\u00ed: v roce 2024 tvo\u0159ili 31 procent v\u011bze\u0148sk\u00e9 populace lid\u00e9 narozen\u00ed v zahrani\u010d\u00ed (s v\u00fdjimkou naturalizovan\u00fdch imigrant\u016f nebo imigrant\u016f druh\u00e9 generace). Tento pod\u00edl je v\u00edce ne\u017e dvojn\u00e1sobn\u00fd oproti jejich pod\u00edlu na celkov\u00e9 populaci ve v\u011bkov\u00e9 skupin\u011b 20\u201369 let, p\u0159i\u010dem\u017e v\u00fdrazn\u011b nadm\u011brn\u011b zastoupeni jsou Severoafri\u010dan\u00e9 a Latinskoameri\u010dan\u00e9.<\/span><\/p>\n<h2 class=\"wp-block-heading\"><span dir=\"auto\">Zn\u00e1siln\u011bn\u00ed a sexu\u00e1ln\u00ed zlo\u010diny prudce rostou v Evrop\u011b<\/span><\/h2>\n<p><span dir=\"auto\">Podle zpr\u00e1vy policejn\u00ed sbory v \u010dlensk\u00fdch st\u00e1tech EU v roce 2024 registrovaly \u201ev\u00edce ne\u017e 250 000 trestn\u00fdch \u010din\u016f sexu\u00e1ln\u00edho n\u00e1sil\u00ed\u201c. Z t\u011bchto zaznamenan\u00fdch trestn\u00fdch \u010din\u016f \u201et\u00e9m\u011b\u0159 100 000 (38 procent) tvo\u0159ily zn\u00e1siln\u011bn\u00ed\u201c, co\u017e p\u0159edstavuje n\u00e1r\u016fst \u201eo 150 procent v\u00edce ne\u017e p\u0159ed deseti lety\u201c.<\/span><\/p>\n<p><span dir=\"auto\">Statistick\u00fd \u00fa\u0159ad Eurostat zd\u016fraznil \u201etrval\u00fd vzestupn\u00fd trend v posledn\u00edch deseti letech s pr\u016fm\u011brn\u00fdm ro\u010dn\u00edm n\u00e1r\u016fstem sexu\u00e1ln\u00edho n\u00e1sil\u00ed o t\u00e9m\u011b\u0159 10 procent a zn\u00e1siln\u011bn\u00ed o 7 procent\u201c. Celkov\u011b se p\u0159\u00edpady sexu\u00e1ln\u00edho n\u00e1sil\u00ed v EU t\u00e9m\u011b\u0159 zdvojn\u00e1sobily, co\u017e je \u201eo 124 350 p\u0159\u00edpad\u016f v\u00edce ne\u017e v roce 2014\u201c, zat\u00edmco po\u010det zn\u00e1siln\u011bn\u00ed \u201eznamenal v tomto obdob\u00ed t\u00e9m\u011b\u0159 59 000 dal\u0161\u00edch trestn\u00fdch \u010din\u016f\u201c.<\/span><\/p>\n<p><span dir=\"auto\">Eurostat v\u0161ak nazna\u010duje, \u017ee tato \u010d\u00edsla nemus\u00ed odr\u00e1\u017eet pouze prost\u00fd n\u00e1r\u016fst kriminality. \u00da\u0159ad poznamenal, \u017ee n\u00e1r\u016fst \u201eby mohl souviset s v\u011bt\u0161\u00edm spole\u010densk\u00fdm pov\u011bdom\u00edm, co\u017e by ovlivnilo m\u00edru hl\u00e1\u0161en\u00ed\u201c.<\/span><\/p>\n<p><img decoding=\"async\" loading=\"lazy\" class=\"alignnone size-full wp-image-1185\" src=\"http:\/\/www.infokuryr.cz\/n\/wp-content\/uploads\/2021\/04\/kuryr-podpis.png\" alt=\"\" width=\"84\" height=\"24\" \/><\/p>\n<p>&nbsp;<\/p>\n","protected":false},"excerpt":{"rendered":"<p>Data ukazuj\u00ed, \u017ee ve \u0160pan\u011blsku cizinci sp\u00e1chaj\u00ed na obyvatele o 500 % v\u00edce zn\u00e1siln\u011bn\u00ed a&#8230;<\/p>\n","protected":false},"author":2,"featured_media":39439,"comment_status":"closed","ping_status":"closed","sticky":false,"template":"","format":"standard","meta":[],"categories":[7],"tags":[41,1503,369],"_links":{"self":[{"href":"https:\/\/www.infokuryr.cz\/n\/wp-json\/wp\/v2\/posts\/105629"}],"collection":[{"href":"https:\/\/www.infokuryr.cz\/n\/wp-json\/wp\/v2\/posts"}],"about":[{"href":"https:\/\/www.infokuryr.cz\/n\/wp-json\/wp\/v2\/types\/post"}],"author":[{"embeddable":true,"href":"https:\/\/www.infokuryr.cz\/n\/wp-json\/wp\/v2\/users\/2"}],"replies":[{"embeddable":true,"href":"https:\/\/www.infokuryr.cz\/n\/wp-json\/wp\/v2\/comments?post=105629"}],"version-history":[{"count":0,"href":"https:\/\/www.infokuryr.cz\/n\/wp-json\/wp\/v2\/posts\/105629\/revisions"}],"wp:featuredmedia":[{"embeddable":true,"href":"https:\/\/www.infokuryr.cz\/n\/wp-json\/wp\/v2\/media\/39439"}],"wp:attachment":[{"href":"https:\/\/www.infokuryr.cz\/n\/wp-json\/wp\/v2\/media?parent=105629"}],"wp:term":[{"taxonomy":"category","embeddable":true,"href":"https:\/\/www.infokuryr.cz\/n\/wp-json\/wp\/v2\/categories?post=105629"},{"taxonomy":"post_tag","embeddable":true,"href":"https:\/\/www.infokuryr.cz\/n\/wp-json\/wp\/v2\/tags?post=105629"}],"curies":[{"name":"wp","href":"https:\/\/api.w.org\/{rel}","templated":true}]}}