{"id":105627,"date":"2026-05-01T00:23:45","date_gmt":"2026-04-30T22:23:45","guid":{"rendered":"https:\/\/www.infokuryr.cz\/n\/?p=105627"},"modified":"2026-04-30T13:00:26","modified_gmt":"2026-04-30T11:00:26","slug":"nic-se-nenaucili-recko-islam-a-pomatena-levice","status":"publish","type":"post","link":"https:\/\/www.infokuryr.cz\/n\/2026\/05\/01\/nic-se-nenaucili-recko-islam-a-pomatena-levice\/","title":{"rendered":"Nic se nenau\u010dili? \u0158ecko, isl\u00e1m a pomaten\u00e1 levice"},"content":{"rendered":"<div id=\"fb-root\"><\/div>\n<p><strong><span dir=\"auto\">Po 1400 let \u0158ekov\u00e9 sn\u00e1\u0161eli t\u00e9m\u011b\u0159 nep\u0159etr\u017eit\u00e9, hr\u016fzn\u00e9 zku\u0161enosti s expanzivn\u00edmi a vra\u017eedn\u00fdmi muslimsk\u00fdmi barbary. Zat\u00edmco v\u011bt\u0161ina \u0158ek\u016f z toho vyvozuje logick\u00e9 z\u00e1v\u011bry, sou\u010dasn\u00ed levi\u010d\u00e1ci v zemi se ukazuj\u00ed jako u\u017eite\u010dn\u00ed idioti d\u017eih\u00e1dist\u016f.<\/span><\/strong><\/p>\n<p><span dir=\"auto\">\u0158ecko je kol\u00e9bkou evropsk\u00e9 kultury. Evropsk\u00e1 filozofie, um\u011bn\u00ed, p\u0159\u00edrodn\u00ed v\u011bdy a kritick\u00e9 my\u0161len\u00ed, to v\u0161e zde vzniklo.<\/span><\/p>\n<h3 id=\"h-griechischer-kulturraum\" class=\"wp-block-heading\"><span dir=\"auto\">\u0158eck\u00e1 kulturn\u00ed sf\u00e9ra<\/span><\/h3>\n<p><span dir=\"auto\">Kulturn\u00ed sf\u00e9ra starov\u011bk\u00e9ho \u0158ecka byla mnohem v\u011bt\u0161\u00ed ne\u017e dne\u0161n\u00ed \u0158ecko. Rozkl\u00e1dala se nap\u0159\u00ed\u010d v\u0161emi pob\u0159e\u017en\u00edmi oblastmi v\u00fdchodn\u00edho St\u0159edomo\u0159\u00ed, v\u010detn\u011b Kypru, Bl\u00edzk\u00e9ho v\u00fdchodu, severn\u00ed Afriky, \u010cern\u00e9ho mo\u0159e, ji\u017en\u00ed It\u00e1lie a zejm\u00e9na Mal\u00e9 Asie (dne\u0161n\u00ed Turecko).<\/span><\/p>\n<p><span dir=\"auto\">Politicky se jednalo o dlouhodob\u011b soupe\u0159\u00edc\u00ed m\u011bstsk\u00e9 st\u00e1ty, dokud Alexandr Velik\u00fd nesjednotil \u0159eck\u00e1 \u00fazem\u00ed. Jeho \u0159\u00ed\u0161e a jej\u00ed n\u00e1stupnick\u00e9 st\u00e1ty vedly k \u010d\u00e1ste\u010dn\u00e9 helenizaci dal\u0161\u00edch oblast\u00ed v z\u00e1padn\u00ed Asii a severn\u00ed Africe.<\/span><\/p>\n<p><span dir=\"auto\">Ve 2. stolet\u00ed p\u0159. n. l. byla \u0159eck\u00e1 \u00fazem\u00ed za\u010dlen\u011bna do \u0158\u00edmsk\u00e9 \u0159\u00ed\u0161e. \u0158eckou kulturu \u0158\u00edman\u00e9 m\u00edrn\u011b adaptovali a v mnoha oblastech ji p\u0159ijali.<\/span><\/p>\n<p><span dir=\"auto\">\u0158\u00edmsk\u00e1 \u0159\u00ed\u0161e byla zni\u010dena germ\u00e1nsk\u00fdmi migracemi kolem 5. stolet\u00ed n. l. Zat\u00edmco v z\u00e1padn\u00ed polovin\u011b vznikly st\u00e1ty Frank\u016f, G\u00f3t\u016f, Vandal\u016f a Sas\u016f, v\u00fdchodn\u00ed polovina se stala V\u00fdchodo\u0159\u00edmskou neboli Byzantskou \u0159\u00ed\u0161\u00ed. S hlavn\u00edm m\u011bstem Konstantinopol\u00ed (= Byzanc) se tato \u0159ecky mluv\u00edc\u00ed \u0159\u00ed\u0161e stala na n\u011bkolik stalet\u00ed dominantn\u00ed mocnost\u00ed ve v\u00fdchodn\u00edm St\u0159edomo\u0159\u00ed.<\/span><\/p>\n<p><span dir=\"auto\">Byzanc zachovala starov\u011bkou \u0159eckou kulturn\u00ed a v\u011bdeckou tradici. Po osmansk\u00e9m dobyt\u00ed Konstantinopole uprchli byzant\u0161t\u00ed u\u010denci do z\u00e1padn\u00ed Evropy a v\u00fdznamn\u011b p\u0159isp\u011bli k renesanci, znovuzrozen\u00ed starov\u011bk\u00e9ho \u0159eck\u00e9ho pozn\u00e1n\u00ed. (Tvrzen\u00ed, \u017ee se toto pozn\u00e1n\u00ed zachovalo v arabsko-muslimsk\u00fdch st\u00e1tech, je islamofilsk\u00fd m\u00fdtus; ve skute\u010dnosti se jednalo o byzantsk\u00e9 u\u010dence, kte\u0159\u00ed byli po ur\u010ditou dobu tolerov\u00e1ni pod muslimskou nadvl\u00e1dou.)<\/span><\/p>\n<h3 id=\"h-mohammedanische-rauber\" class=\"wp-block-heading\"><span dir=\"auto\">Moslim\u0161t\u00ed lupi\u010di<\/span><\/h3>\n<p><span dir=\"auto\">V 7. stolet\u00ed se Byzanc dostala pod tlak arabsk\u00fdch \u201ebarbar\u016f\u201c (z \u0159eck\u00e9ho \u201eVarvari\u201c, co\u017e znamen\u00e1 cizojazy\u010dn\u00fd mluv\u010d\u00ed). Stejn\u011b jako jin\u00e9 n\u00e1rody v such\u00fdch oblastech se i tito obyvatel\u00e9 pou\u0161t\u011b tradi\u010dn\u011b siln\u011b spol\u00e9hali na n\u00e1jezdy. Politicky sjednoceni isl\u00e1mem nyn\u00ed zintenzivnili sv\u00e9 \u00fatoky na Perskou \u0159\u00ed\u0161i a Byzanc, kter\u00e9 se d\u0159\u00edve vz\u00e1jemn\u011b oslabovaly.<\/span><\/p>\n<p><span dir=\"auto\">Arabsk\u00e9 dobyt\u00ed S\u00fdrie, Palestiny a Egypta (asi 634\u2013642 n. l.) bylo rozhoduj\u00edc\u00edm zlomem, v n\u011bm\u017e muslimsk\u00e9 arm\u00e1dy porazily Byzantskou \u0159\u00ed\u0161i v jej\u00edch nejd\u016fle\u017eit\u011bj\u0161\u00edch v\u00fdchodn\u00edch provinci\u00edch. Tato d\u0159\u00edve k\u0159es\u0165ansk\u00e1 pravoslavn\u00e1 \u00fazem\u00ed byla pot\u00e9 v pr\u016fb\u011bhu n\u011bkolika stalet\u00ed arabizov\u00e1na a islamizov\u00e1na \u2013 prost\u0159ednictv\u00edm zvl\u00e1\u0161tn\u00edch dan\u00ed proti \u201enev\u011b\u0159\u00edc\u00edm\u201c, \u00fanos\u016f \u017een a obt\u011b\u017eov\u00e1n\u00ed, poni\u017eov\u00e1n\u00ed a ka\u017edodenn\u00edho n\u00e1sil\u00ed.<\/span><\/p>\n<p><span dir=\"auto\">Po t\u011bchto \u00fazemn\u00edch ztr\u00e1t\u00e1ch byla Byzanc v pr\u016fb\u011bhu n\u00e1sleduj\u00edc\u00edch \u010dty\u0159 stolet\u00ed zredukov\u00e1na na Malou Asii, dne\u0161n\u00ed \u0158ecko, ji\u017en\u00ed Balk\u00e1n a pob\u0159e\u017en\u00ed oblasti v ji\u017en\u00ed It\u00e1lii a \u010cern\u00e9ho mo\u0159e. Jej\u00ed pob\u0159e\u017e\u00ed a ostrovy v Egejsk\u00e9m mo\u0159i byly vystaveny neust\u00e1l\u00fdm a ni\u010div\u00fdm n\u00e1jezd\u016fm Sarac\u00e9n\u016f, muslimsk\u00fdch pir\u00e1t\u016f ze severn\u00ed Afriky, zejm\u00e9na v 9. a 10. stolet\u00ed.<\/span><\/p>\n<p><span dir=\"auto\">Sarac\u00e9ni v tomto obdob\u00ed zneu\u017e\u00edvali slabosti byzantsk\u00e9ho n\u00e1mo\u0159nictva k obohacen\u00ed se drancov\u00e1n\u00edm a obchodem s otroky. Obzvl\u00e1\u0161t\u011b zni\u010duj\u00edc\u00ed byl \u00fatok na Solu\u0148 v roce 904, tehdy druh\u00e9 nejd\u016fle\u017eit\u011bj\u0161\u00ed m\u011bsto \u0159\u00ed\u0161e, kter\u00fd vedl k zotro\u010den\u00ed v\u00edce ne\u017e 20 000 lid\u00ed.<\/span><\/p>\n<p><span dir=\"auto\">N\u00e1jezdy se zam\u011b\u0159ovaly i na men\u0161\u00ed m\u011bsta a vesnice. D\u016fsledky jsou viditeln\u00e9 dodnes: Samotn\u00e9 \u0159eck\u00e9 vesnice \u010dasto nele\u017e\u00ed p\u0159\u00edmo na pob\u0159e\u017e\u00ed, ale sp\u00ed\u0161e na vyv\u00fd\u0161en\u00fdch m\u00edstech a d\u00e1le, aby bylo \u010das dostat obyvatele (a zejm\u00e9na mlad\u00e9 d\u00edvky) do bezpe\u010d\u00ed. Tradi\u010dn\u011b se proto na pob\u0159e\u017e\u00ed (kter\u00e9 se v posledn\u00edch desetilet\u00edch prom\u011bnily v turistick\u00e9 osady) nach\u00e1zely pouze mal\u00e9 p\u0159\u00edstavy a ryb\u00e1\u0159sk\u00e9 chatr\u010de.<\/span><\/p>\n<h3 id=\"h-die-osmanen\" class=\"wp-block-heading\"><span dir=\"auto\">Osman\u00e9<\/span><\/h3>\n<p><span dir=\"auto\">V 11. stolet\u00ed Turci, ji\u017e islamizovan\u00ed ve St\u0159edn\u00ed Asii, postupn\u011b dobyli v\u00fdchodn\u00ed a st\u0159edn\u00ed Anatolii, vytla\u010dovali \u0159eck\u00e9 k\u0159es\u0165any a st\u00e1le v\u00edce turkifikovali a islamizovali Malou Asii. Tureck\u00fdmi centry se postupn\u011b stala Konya (d\u0159\u00edve \u0159eck\u00e9 Ikonium), Bursa (d\u0159\u00edve Prusa) a pot\u00e9 Edirne (d\u0159\u00edve Adrianopol).<\/span><\/p>\n<p><span dir=\"auto\">Od roku 1300 vedli Turky osmansk\u00e1 dynastie, kter\u00e1 se v\u016f\u010di Byzantinc\u016fm st\u00e1vala st\u00e1le agresivn\u011bj\u0161\u00ed. Po n\u011bkolika p\u0159edchoz\u00edch ne\u00fasp\u011b\u0161n\u00fdch pokusech byla Konstantinopol kone\u010dn\u011b dobyta v roce 1453. P\u0159esto\u017ee se p\u0159ibli\u017en\u011b 100 000 \u00fato\u010dn\u00edk\u016f na hradb\u00e1ch st\u0159etlo pouze s 7 000 \u0158eky, boje byly dlouh\u00e9 a nam\u00e1hav\u00e9. Konstantin XI. padl v bitv\u011b.<\/span><\/p>\n<p><span dir=\"auto\">M\u011bsto bylo sult\u00e1nem na t\u0159i dny vyd\u00e1no k plen\u011bn\u00ed. P\u0159ibli\u017en\u011b 4 000 civilist\u016f (10 % populace) bylo zmasakrov\u00e1no a v\u011bt\u0161ina \u017een byla zn\u00e1siln\u011bna. Hagia Sofia, nejv\u011bt\u0161\u00ed a nejd\u016fle\u017eit\u011bj\u0161\u00ed chr\u00e1m pravoslavn\u00fdch k\u0159es\u0165an\u016f, byl p\u0159em\u011bn\u011bn na me\u0161itu. Centrum pravoslavn\u00e9ho k\u0159es\u0165anstv\u00ed se p\u0159esunulo z \u0159eck\u00e9 Byzance do Ruska.<\/span><\/p>\n<p><span dir=\"auto\">V d\u016fsledku toho se dne\u0161n\u00ed \u0158ecko postupn\u011b dostalo pod osmanskou nadvl\u00e1du. Solu\u0148 padla ji\u017e v roce 1430 po dlouh\u00e9m obl\u00e9h\u00e1n\u00ed. Pozd\u011bji byly Ath\u00e9ny (1458) a Pelopon\u00e9s dobyty Turky. V n\u00e1sleduj\u00edc\u00edm obdob\u00ed se o kontrolu nad \u0159eck\u00fdmi ostrovy a pob\u0159e\u017en\u00edmi m\u011bsty utkaly Ben\u00e1tsk\u00e1 republika s Osmany, nap\u0159\u00edklad ve v\u00e1lce na Kr\u00e9t\u011b (1645\u20131669).<\/span><\/p>\n<p><span dir=\"auto\">Pod osmanskou nadvl\u00e1dou \u017eili \u0158ekov\u00e9 v syst\u00e9mu millet, kter\u00fd nemuslimsk\u00fdm komunit\u00e1m (hlavn\u011b k\u0159es\u0165an\u016fm a \u017did\u016fm) poskytoval ur\u010ditou autonomii \u2013 pokud p\u0159\u00edsahaly v\u011brnost sult\u00e1novi a platily zvl\u00e1\u0161tn\u00ed dan\u011b (nap\u0159\u00edklad d\u017eizju\u00a0<\/span><em><span dir=\"auto\">)<\/span><\/em><span dir=\"auto\">\u00a0. \u0158eck\u00e9 d\u00edvky a mlad\u00e9 \u017eeny byly opakovan\u011b un\u00e1\u0161eny a zotro\u010dov\u00e1ny.<\/span><\/p>\n<p><span dir=\"auto\">\u0158ecko, stejn\u011b jako ostatn\u00ed k\u0159es\u0165ansk\u00e9 balk\u00e1nsk\u00e9 zem\u011b, bylo nyn\u00ed podrobeno \u201edani z chlapc\u016f\u201c (turecky\u00a0<\/span><em><span dir=\"auto\">Dev\u015firme<\/span><\/em><span dir=\"auto\">\u00a0, co\u017e znamen\u00e1 \u201ev\u00fdb\u011br\u201c), v r\u00e1mci n\u00ed\u017e byli n\u00e1siln\u011b rekrutov\u00e1ni k\u0159es\u0165an\u0161t\u00ed chlapci od osmi let. D\u011bti byly n\u00e1siln\u011b konvertov\u00e1ny k isl\u00e1mu, pos\u00edl\u00e1ny do tureck\u00fdch rodin v Anatolii k akulturaci a n\u00e1sledn\u011b cvi\u010deny jako voj\u00e1ci ve vojensk\u00fdch \u0161kol\u00e1ch.<\/span><\/p>\n<h3 id=\"h-terror-der-korsaren\" class=\"wp-block-heading\"><span dir=\"auto\">Teror korz\u00e1r\u016f<\/span><\/h3>\n<p><span dir=\"auto\">Od 16. do 19. stolet\u00ed byly n\u00e1jezdy korz\u00e1r\u016f na \u0158ecko ni\u010div\u00fdm jevem. Byly sou\u010d\u00e1st\u00ed n\u00e1mo\u0159n\u00edho \u201ed\u017eih\u00e1du\u201c Osmansk\u00e9 \u0159\u00ed\u0161e proti k\u0159es\u0165ansk\u00fdm mocnostem \u2013 zejm\u00e9na Ben\u00e1tk\u00e1m, kter\u00e9 ovl\u00e1daly J\u00f3nsk\u00e9 ostrovy, Kr\u00e9tu a ob\u010das i \u010d\u00e1sti Pelopon\u00e9su. P\u0159edev\u0161\u00edm v\u0161ak slou\u017eily drancov\u00e1n\u00ed a obchodu s otroky.<\/span><\/p>\n<p><span dir=\"auto\">Korz\u00e1\u0159i, zn\u00e1m\u00ed tak\u00e9 jako \u201eberber\u0161t\u00ed pir\u00e1ti\u201c, byli pir\u00e1ti z Al\u017e\u00edru, Tunisu a Tripolisu (v\u011bt\u0161inou ve slu\u017eb\u00e1ch osmansk\u00e9ho sult\u00e1na), kte\u0159\u00ed pravideln\u011b p\u0159epadali \u0159eck\u00e1 pob\u0159e\u017e\u00ed a ostrovy. Unesli des\u00edtky tis\u00edc lid\u00ed, aby je prodali jako otroky nebo za n\u011b vym\u00e1hali v\u00fdkupn\u00e9. Obzvl\u00e1\u0161t\u011b posti\u017eeny byly Kyklady, Kr\u00e9ta, J\u00f3nsk\u00e9 ostrovy a pob\u0159e\u017e\u00ed Pelopon\u00e9su.\u00a0<\/span><\/p>\n<p><span dir=\"auto\">Neust\u00e1l\u00fd strach z n\u00e1jezd\u016f vedl k opev\u0148ov\u00e1n\u00ed, opou\u0161t\u011bn\u00ed nebo p\u0159emis\u0165ov\u00e1n\u00ed pob\u0159e\u017en\u00edch m\u011bst. Ekonomiky ostrov\u016f byly v\u00e1\u017en\u011b zasa\u017eeny \u00fanosy d\u011bln\u00edk\u016f a drancov\u00e1n\u00edm. Pir\u00e1tsk\u00e9 n\u00e1jezdy upadly a\u017e v 19. stolet\u00ed, kdy mlad\u00e9 Spojen\u00e9 st\u00e1ty, jejich\u017e lod\u011b byly tak\u00e9 napad\u00e1ny pir\u00e1ty, kone\u010dn\u011b vym\u00fdtily pir\u00e1tstv\u00ed v severn\u00ed Africe (\u00a0<\/span><a href=\"https:\/\/www.youtube.com\/watch?v=s-2x9nMnZTM\"><span dir=\"auto\">jak je dob\u0159e pops\u00e1no v tomto dokument\u00e1rn\u00edm dramatu<\/span><\/a><span dir=\"auto\">\u00a0).<\/span><\/p>\n<h3 id=\"h-unabhangigkeit-und-kampf-um-griechische-gebiete\" class=\"wp-block-heading\"><span dir=\"auto\">Nez\u00e1vislost a boj o \u0159eck\u00e1 \u00fazem\u00ed<\/span><\/h3>\n<p><span dir=\"auto\">B\u011bhem p\u0159ibli\u017en\u011b 400 let osmansk\u00e9 nadvl\u00e1dy doch\u00e1zelo v \u0158ecku, zejm\u00e9na na Pelopon\u00e9su, k neust\u00e1l\u00fdm, i kdy\u017e v\u011bt\u0161inou lok\u00e1ln\u00edm, povst\u00e1n\u00edm. Kulturn\u00ed a n\u00e1bo\u017eensk\u00e1 identita se zachovala prost\u0159ednictv\u00edm \u0159eck\u00e9 pravoslavn\u00e9 c\u00edrkve, kter\u00e1 v tomto obdob\u00ed nebyla sp\u00ed\u0161e vl\u00e1dnouc\u00ed ne\u017e lidovou c\u00edrkv\u00ed.<\/span><\/p>\n<p><span dir=\"auto\">\u0158eck\u00e1 v\u00e1lka za nez\u00e1vislost za\u010dala v roce 1821. Lond\u00fdnsk\u00fdm protokolem z roku 1830 byl zalo\u017een nez\u00e1visl\u00fd \u0159eck\u00fd st\u00e1t, kter\u00fd v\u0161ak zahrnoval pouze Pelopon\u00e9s, st\u0159edn\u00ed \u0158ecko v\u010detn\u011b Ath\u00e9n a Kyklady. V\u011bt\u0161ina oblast\u00ed os\u00eddlen\u00fdch \u0158eky (Thes\u00e1lie, severn\u00ed \u0158ecko, v\u011bt\u0161ina ostrov\u016f a pob\u0159e\u017en\u00ed oblasti Mal\u00e9 Asie) z\u016fstala mimo nov\u00fd \u0159eck\u00fd n\u00e1rodn\u00ed st\u00e1t.<\/span><\/p>\n<p><span dir=\"auto\">Prost\u0159ednictv\u00edm balk\u00e1nsk\u00fdch v\u00e1lek z\u00edskalo \u0158ecko v roce 1913 dal\u0161\u00ed \u0159ecky mluv\u00edc\u00ed \u00fazem\u00ed, konkr\u00e9tn\u011b ji\u017en\u00ed Epirus, ji\u017en\u00ed Makedonii, severov\u00fdchodn\u00ed ostrovy v Egejsk\u00e9m mo\u0159i a Kr\u00e9tu. V prvn\u00ed sv\u011btov\u00e9 v\u00e1lce bojovala Osmansk\u00e1 \u0159\u00ed\u0161e na stran\u011b N\u011bmecka a Rakouska-Uherska, zat\u00edmco \u0158ecko bojovalo na stran\u011b Dohody.<\/span><\/p>\n<p><span dir=\"auto\">\u0158ecko jako v\u00edt\u011bzov\u00e9 v\u00e1lky doufalo, \u017ee z\u00edsk\u00e1 p\u0159ev\u00e1\u017en\u011b \u0159eck\u00e1 \u00fazem\u00ed v Mal\u00e9 Asii. V souladu s t\u00edm \u0158ecko v roce 1920 v S\u00e8vresk\u00e9 smlouv\u011b z\u00edskalo od pora\u017een\u00e9ho Bulharska z\u00e1padn\u00ed Thr\u00e1kii a od Osmansk\u00e9 \u0159\u00ed\u0161e v\u00fdchodn\u00ed Thr\u00e1kii a oblast Smyrna (dne\u0161n\u00ed Izmir). Kv\u016fli r\u016fzn\u00fdm soupe\u0159\u00edc\u00edm z\u00e1jm\u016fm mezi velmocemi si \u0158ecko nedok\u00e1zalo v\u011bt\u0161inu t\u011bchto \u00fazem\u00ed udr\u017eet.<\/span><\/p>\n<h3 id=\"h-der-griechisch-turkische-krieg\" class=\"wp-block-heading\"><span dir=\"auto\">\u0158ecko-tureck\u00e1 v\u00e1lka<\/span><\/h3>\n<p><span dir=\"auto\">Dokonce i b\u011bhem prvn\u00ed sv\u011btov\u00e9 v\u00e1lky sp\u00e1chal turecko-isl\u00e1msk\u00fd re\u017eim dv\u011b genocidy proti pravoslavn\u00fdm k\u0159es\u0165an\u016fm: v letech 1915\/16 bylo zabito a\u017e 1,5 milionu Arm\u00e9n\u016f a v letech 1915 a\u017e 1917 p\u0159ibli\u017en\u011b 250 000 syrsk\u00fdch k\u0159es\u0165an\u016f. Nav\u00edc \u00fatoky proti p\u0159ibli\u017en\u011b dv\u011bma milion\u016fm \u0158ek\u016f z Mal\u00e9 Asie, kte\u0159\u00ed se zde usadili od starov\u011bku, za\u010daly je\u0161t\u011b b\u011bhem v\u00e1lky.<\/span><\/p>\n<p><span dir=\"auto\">Zat\u00edmco ztr\u00e1ta v\u00fdchodn\u00ed Thr\u00e1kie a oblasti Smyrny nebyla v nov\u00e9 Tureck\u00e9 republice akceptov\u00e1na, v \u0158ecku zast\u00e1nci \u201eMegali Idea\u201c (\u201eVelk\u00e9 Idey\u201c) vid\u011bli svou p\u0159\u00edle\u017eitost a nyn\u00ed cht\u011bli dob\u00fdt v\u0161echna \u0159ecky mluv\u00edc\u00ed \u00fazem\u00ed. Kl\u00ed\u010dovou postavou v tomto \u00fasil\u00ed byl politik Eleftherios Venizelos, kter\u00fd jako premi\u00e9r b\u011bhem balk\u00e1nsk\u00fdch v\u00e1lek zdvojn\u00e1sobil \u0159eck\u00e9 \u00fazem\u00ed (dnes je po n\u011bm pojmenov\u00e1no at\u00e9nsk\u00e9 leti\u0161t\u011b).<\/span><\/p>\n<p><span dir=\"auto\">Venizelos a dal\u0161\u00ed se zam\u011b\u0159ili nejen na oblast Smyrny a v\u00fdchodn\u00ed Thr\u00e1kie, ale tak\u00e9 na \u0159eck\u00e1 \u00fazem\u00ed na pob\u0159e\u017e\u00ed \u010cern\u00e9ho mo\u0159e, ji\u017en\u00ed tureck\u00e9 pob\u0159e\u017e\u00ed a Konstantinopol (Istanbul). Navzdory ve\u0161ker\u00e9 islamizaci a turkifikaci minul\u00fdch stalet\u00ed tvo\u0159ili \u0158ekov\u00e9 st\u00e1le relativn\u00ed v\u011bt\u0161inu obyvatel b\u00fdval\u00e9ho byzantsk\u00e9ho hlavn\u00edho m\u011bsta (vedle Turk\u016f, Arm\u00e9n\u016f, \u017did\u016f, Slovan\u016f a Arab\u016f).<\/span><\/p>\n<p><span dir=\"auto\">V\u00fdsledkem byla \u0159ecko-tureck\u00e1 v\u00e1lka v letech 1919\u20131923. \u0158ecko reagovalo na tureck\u00e9 \u00fatoky na Smyrnu ofenz\u00edvou, kter\u00e1 byla zpo\u010d\u00e1tku \u00fasp\u011b\u0161n\u00e1. V l\u00e9t\u011b 1921 v\u0161ak byli \u0158ekov\u00e9, kte\u0159\u00ed daleko postoupili, odrazeni tureck\u00fdmi vojsky veden\u00fdmi Mustafou Kemalem v bitv\u011b u Sakarji, co\u017e znamenalo zlom ve v\u00e1lce. \u0158eck\u00e1 fronta se definitivn\u011b zhroutila v srpnu 1922.<\/span><\/p>\n<h3 id=\"h-ursachen-der-niederlage\" class=\"wp-block-heading\"><span dir=\"auto\">D\u016fvody por\u00e1\u017eky<\/span><\/h3>\n<p><span dir=\"auto\">Za to mohly z velk\u00e9 \u010d\u00e1sti velmocensk\u00e9 z\u00e1jmy. Francie a It\u00e1lie m\u011bly v regionu sv\u00e9 vlastn\u00ed \u00fazemn\u00ed a koloni\u00e1ln\u00ed ambice. Necht\u011bly, aby se \u0158ecko stalo p\u0159\u00edli\u0161 mocn\u00fdm, a sabotovaly \u0159eck\u00e9 snahy. Francie okupovala S\u00fdrii a cht\u011bla anektovat dal\u0161\u00ed \u010d\u00e1sti b\u00fdval\u00e9 Osmansk\u00e9 \u0159\u00ed\u0161e.<\/span><\/p>\n<p><span dir=\"auto\">It\u00e1lie ji\u017e vlastnila (\u0159ecky mluv\u00edc\u00ed) Dodekan\u00e9sk\u00e9 ostrovy a byla j\u00ed ud\u011blena z\u00f3na na jihoz\u00e1pad\u011b pevninsk\u00e9 Mal\u00e9 Asie, kter\u00e1 byla \u010d\u00e1ste\u010dn\u011b os\u00eddlena \u0158eky a do kter\u00e9 cht\u011bla \u0158ecku udr\u017eet p\u0159\u00edstup. Zejm\u00e9na It\u00e1lie proto dod\u00e1vala zbran\u011b Turecku.<\/span><\/p>\n<p><span dir=\"auto\">K tomu se p\u0159idaly akce komunistick\u00e9ho Ruska. Bol\u0161evick\u00e1 revolu\u010dn\u00ed vl\u00e1da, tv\u00e1\u0159\u00ed v tv\u00e1\u0159 nep\u0159\u00e1telstv\u00ed a obkl\u00ed\u010den\u00ed ze strany r\u016fzn\u00fdch velmoc\u00ed, zoufale hledala spojence. Na\u0161la je v \u201eantiimperialistick\u00fdch\u201c hnut\u00edch, zejm\u00e9na v Asii. Nap\u0159\u00edklad dlouho podporovala Kuomintang \u010cankaj\u0161ka v \u010c\u00edn\u011b (ten pak v roce 1927 jako odm\u011bnu zmasakroval \u010d\u00ednsk\u00e9 komunisty v \u0160anghaji).<\/span><\/p>\n<p><span dir=\"auto\">A na \u201eKonferenci n\u00e1rod\u016f V\u00fdchodu\u201c v Baku v roce 1920 Grigorij Zinov\u011bv dokonce v\u00fdslovn\u011b vyzval muslimy k \u201ed\u017eih\u00e1du\u201c proti koloni\u00e1ln\u00edm mocnostem. Tento kurz nakonec tak\u00e9 tvo\u0159il z\u00e1klad pro podporu ajatoll\u00e1ha Chomejn\u00edho ze strany \u00edr\u00e1nsk\u00e9 levice v roce 1979 (kter\u00fd byl pot\u00e9 v n\u00e1sleduj\u00edc\u00edch letech zavra\u017ed\u011bn islamistick\u00fdmi mull\u00e1hy).<\/span><\/p>\n<p><span dir=\"auto\">Tento postup m\u011bl okam\u017eit\u00e9 d\u016fsledky \u2013 zejm\u00e9na pro \u0158eky a Turky. Aby zabr\u00e1nili Brit\u016fm a Francouz\u016fm v usazen\u00ed se v Mal\u00e9 Asii a zejm\u00e9na v ovl\u00e1dnut\u00ed Bosporsk\u00e9 a Dardanelov\u00e9 \u00fa\u017einy, bol\u0161evici nyn\u00ed podporovali tureck\u00fd re\u017eim Mustafy Kemala (\u201eAtat\u00fcrka\u201c), kter\u00fd masivn\u011b vyzbrojili. Za t\u00edmto \u00fa\u010delem tak\u00e9 ob\u011btovali tureck\u00e9 komunisty, kter\u00e9 kemalist\u00e9 zmasakrovali.<\/span><\/p>\n<p><span dir=\"auto\">Britov\u00e9, kte\u0159\u00ed po druh\u00e9 sv\u011btov\u00e9 v\u00e1lce kontrolovali \u00fa\u017einu, zpo\u010d\u00e1tku \u0158ecko politicky podporovali. Nicm\u00e9n\u011b nebyli ochotni vyslat vlastn\u00ed vojska. To bylo doma po v\u00e1lce p\u0159\u00edli\u0161 nepopul\u00e1rn\u00ed. Kdy\u017e pak kemalist\u00e9 spolupracovali s bol\u0161eviky, Brit\u00e1nie necht\u011bla riskovat, \u017ee Turecko (a \u00fa\u017einu) zcela ztrat\u00ed ve prosp\u011bch Sov\u011bt\u016f. A tak Brit\u00e1nie uzav\u0159ela dohodu s Tureckem a opustila \u0158ecko.<\/span><\/p>\n<h3 id=\"h-die-kleinasiatische-katastrophe\" class=\"wp-block-heading\"><span dir=\"auto\">\u201eMaloasijsk\u00e1 katastrofa\u201c<\/span><\/h3>\n<p><span dir=\"auto\">D\u016fsledkem byla tzv. \u201emaloasijsk\u00e1 katastrofa\u201c. Tureck\u00e1 vojska pod Kemalov\u00fdm velen\u00edm vpadla do \u0159eck\u00fdch osad a systematicky masakrovala obyvatelstvo. Jen ve Smyrn\u011b bylo zavra\u017ed\u011bno 40 000 \u0158ek\u016f a \u0159eck\u00e1 a arm\u00e9nsk\u00e1 \u010dtvrt\u011b byly vyp\u00e1leny do z\u00e1klad\u016f.<\/span><\/p>\n<p><span dir=\"auto\">Mezi lety 1915 a 1923 bylo v Mal\u00e9 Asii zabito p\u0159ibli\u017en\u011b 500 000 \u0158ek\u016f. 1,5 milionu \u0158ek\u016f bylo vyhn\u00e1no do \u0158ecka, kter\u00e9 v t\u00e9 dob\u011b m\u011blo necel\u00fdch 6 milion\u016f obyvatel (v roce 1923 \u017eilo v Turecku 8\u20139 milion\u016f Turk\u016f). T\u00edm se skon\u010dily 3 000 lety \u0159eck\u00e9 historie v Mal\u00e9 Asii (Turci tam byli asi 1 000 let).<\/span><\/p>\n<p><span dir=\"auto\">Abych vdechl trochu \u017eivota such\u00fdm statistik\u00e1m: Asi p\u0159ed 15 lety jsem se v ji\u017en\u00edm N\u011bmecku setkal s marxistou z Turecka. \u0158ekl mi, \u017ee jeho babi\u010dka, kdy\u017e si myslela, \u017ee je sama, \u010dasto zp\u00edvala p\u00edsn\u011b v jazyce, kter\u00e9mu nerozum\u011bl. Nakonec se j\u00ed na to zeptal a ona mu postupem \u010dasu vypr\u00e1v\u011bla st\u00e1le v\u00edce a v\u00edce ze sv\u00e9ho p\u0159\u00edb\u011bhu. Narodila se do \u0159eck\u00e9 rodiny v Mal\u00e9 Asii. Kdy\u017e j\u00ed bylo sedm let, byla sv\u011bdkem toho, jak tureck\u00e9 paramilit\u00e1rn\u00ed jednotky zavra\u017edily jej\u00ed rodi\u010de, dva bratry a t\u0159in\u00e1ctiletou sestru, kter\u00e1 se zu\u0159iv\u011b br\u00e1nila zn\u00e1siln\u011bn\u00ed n\u011bkolika mu\u017ei. Sama si ji pak vzal za t\u0159et\u00ed man\u017eelku v\u016fdce vra\u017eedn\u00e9ho gangu. Podle vzoru Mohameda \u010dekal s napln\u011bn\u00edm man\u017eelstv\u00ed, dokud j\u00ed nebylo dev\u011bt let. N\u00e1sledn\u011b porodila sv\u00e9mu \u201eman\u017eelovi\u201c, kter\u00fd byl o 40 let star\u0161\u00ed, t\u0159i d\u011bti, v\u010detn\u011b otce m\u00e9 zn\u00e1m\u00e9. Po smrti jej\u00edho man\u017eela p\u0159evzali kontrolu nad jej\u00edm \u017eivotem star\u0161\u00ed nevlastn\u00ed synov\u00e9. Zp\u00edvala \u0159eck\u00e9 p\u00edsn\u011b sv\u00e9ho d\u011btstv\u00ed sm\u011bsic\u00ed melancholie a vzdoru.<\/span><\/p>\n<p><span dir=\"auto\">V Lausannsk\u00e9 smlouv\u011b z roku 1923 bylo \u0158ecko ofici\u00e1ln\u011b donuceno vzd\u00e1t se oblasti Smyrna a v\u00fdchodn\u00ed Thr\u00e1kie. Byla dohodnuta \u201ev\u00fdm\u011bna obyvatelstva\u201c, v jej\u00edm\u017e r\u00e1mci bylo z \u0158ecka p\u0159es\u00eddleno 400 000 Turk\u016f. V\u00fdjimkou byli pouze \u0158ekov\u00e9 v Konstantinopoli a Turci v z\u00e1padn\u00ed Thr\u00e1kii.<\/span><\/p>\n<p><span dir=\"auto\">\u201eMaloasijsk\u00e1 katastrofa\u201c je hluboce vryta do historick\u00e9 pam\u011bti \u0158ek\u016f. Nap\u0159\u00edklad slavn\u00fd \u0159eck\u00fd hudebn\u00ed styl Rembetiko (\u201e\u0159eck\u00e9 blues\u201c) sah\u00e1 a\u017e k \u0158ek\u016fm vyhnan\u00fdm z Mal\u00e9 Asie, kte\u0159\u00ed zp\u00edvali o ztr\u00e1t\u011b vlasti a \u00fatrap\u00e1ch oby\u010dejn\u00fdch lid\u00ed ve slumech Pireu, Ath\u00e9n a Solun\u011b. A v n\u00e1zvech zn\u00e1m\u00fdch fotbalov\u00fdch klub\u016f AEK At\u00e9ny a PAOK Solu\u0148 \u201eK\u201c znamen\u00e1 Konstantinopol. To jsou kluby vyhnan\u00fdch \u0158ek\u016f.<\/span><\/p>\n<h3 id=\"h-fortgesetzte-turkische-aggression\" class=\"wp-block-heading\"><span dir=\"auto\">Pokra\u010duj\u00edc\u00ed tureck\u00e1 agrese<\/span><\/h3>\n<p><span dir=\"auto\">Kemalistick\u00e9 Turecko, podobn\u011b jako \u0160pan\u011blsko za gener\u00e1la Franca, \u00fazce spolupracovalo s nacistick\u00fdm N\u011bmeckem, ale z\u00e1rove\u0148 bylo natolik proz\u00edrav\u00e9, aby se v\u00e1lky p\u0159\u00edmo ne\u00fa\u010dastnilo. Z tohoto d\u016fvodu a kv\u016fli studen\u00e9 v\u00e1lce z\u00e1padn\u00ed mocnosti pozd\u011bji p\u0159ehl\u00e9dly vazby Turecka na nacisty a v roce 1952 ho p\u0159ijaly do NATO jako \u201est\u00e1t v prvn\u00ed linii\u201c proti Sov\u011btsk\u00e9mu svazu, a to sou\u010dasn\u011b s \u0158eckem.<\/span><\/p>\n<p><span dir=\"auto\">P\u0159esto v roce 1955 do\u0161lo k dal\u0161\u00edmu pogromu proti zb\u00fdvaj\u00edc\u00edm \u0158ek\u016fm v Istanbulu. Dav v\u00edce ne\u017e 200 000 tureck\u00fdch nacionalist\u016f a islamist\u016f \u0159\u00e1dil v \u201enev\u011b\u0159\u00edc\u00edch\u201c \u010dtvrt\u00edch. D\u016fsledky zahrnovaly 400 zn\u00e1siln\u011bn\u00ed \u017eidovsk\u00fdch, arm\u00e9nsk\u00fdch a zejm\u00e9na \u0159eck\u00fdch \u017een, 15 vra\u017ed, nespo\u010det mrza\u010den\u00ed a nucen\u00fdch ob\u0159\u00edzek, rabov\u00e1n\u00ed, vyp\u00e1len\u00ed k\u0159es\u0165ansk\u00fdch \u0161kol a kostel\u016f, znesv\u011bcen\u00ed h\u0159bitov\u016f, 3 500 dom\u016f a 5 000 obchod\u016f pat\u0159\u00edc\u00edch \u0158ek\u016fm, kte\u0159\u00ed byli d\u0159\u00edve ozna\u010deni n\u00e1pisem \u201ene Turek\u201c.<\/span><\/p>\n<p><span dir=\"auto\">V d\u016fsledku toho bylo z Istanbulu vyhn\u00e1no 125 000 \u0158ek\u016f. Po obnoven\u00e9 proti\u0159eck\u00e9 nen\u00e1vistn\u00e9 kampani bylo v roce 1962 z Istanbulu deportov\u00e1no posledn\u00edch 50 000 \u0158ek\u016f \u2013 m\u011bsta, kter\u00e9 bylo \u0159eck\u00e9 dlouho p\u0159ed tureck\u00fdm dobyt\u00edm v pozdn\u00edm st\u0159edov\u011bku. V roce 1974 tureck\u00e1 agrese pokra\u010dovala okupac\u00ed severn\u00edho Kypru. \u010cty\u0159icet procent \u00fazem\u00ed si n\u00e1rokovalo 18 procent kypersk\u00e9 populace, kter\u00e1 byla tureck\u00e1, zat\u00edmco 80 procent \u0159eck\u00e9 populace bylo nama\u010dk\u00e1no na p\u0159ibli\u017en\u011b 53 procentech ostrova.<\/span><\/p>\n<p><span dir=\"auto\">Ani to ale nesta\u010d\u00ed pro expanzivn\u00ed tureck\u00fd nacionalismus. Turecko si po cel\u00e1 desetilet\u00ed n\u00e1rokuje rozs\u00e1hl\u00e1 p\u0159\u00edmo\u0159sk\u00e1 \u00fazem\u00ed, co\u017e by z Egejsk\u00e9ho mo\u0159e, sahaj\u00edc\u00edho a\u017e k v\u00fdchodn\u00edmu pob\u0159e\u017e\u00ed Kr\u00e9ty, a z \u010d\u00e1st\u00ed St\u0159edozemn\u00edho mo\u0159e daleko na jih od Kypru ud\u011blalo tureckou \u201ev\u00fdhradn\u00ed ekonomickou z\u00f3nu\u201c, \u010d\u00edm\u017e by se v\u0161echny \u0159eck\u00e9 ostrovy v t\u00e9to oblasti prom\u011bnily v enkl\u00e1vy. Ture\u010dt\u00ed zast\u00e1nci tvrd\u00e9 linie opakovan\u011b a zcela otev\u0159en\u011b po\u017eadovali anexi \u0159eck\u00fdch ostrov\u016f ve v\u00fdchodn\u00ed polovin\u011b Egejsk\u00e9ho mo\u0159e.<\/span><\/p>\n<p><span dir=\"auto\">V posledn\u00edch desetilet\u00edch opakovan\u011b doch\u00e1z\u00ed nad \u0159eck\u00fdmi ostrovy k nebezpe\u010dn\u00fdm konfrontac\u00edm mezi \u0159eck\u00fdmi a tureck\u00fdmi letectvem a n\u00e1mo\u0159nictvem. Turecko nen\u00ed signat\u00e1\u0159em \u00damluvy OSN o mo\u0159sk\u00e9m pr\u00e1vu. Tato \u00famluva \u0158ecku d\u00e1v\u00e1 pr\u00e1vo roz\u0161\u00ed\u0159it sv\u00e9 \u00fazemn\u00ed n\u00e1roky na mezin\u00e1rodn\u011b uzn\u00e1van\u00fdch a pr\u00e1vn\u011b p\u0159\u00edpustn\u00fdch dvan\u00e1ct n\u00e1mo\u0159n\u00edch mil. K tomuto roz\u0161\u00ed\u0159en\u00ed dosud nedo\u0161lo, jeliko\u017e Turecko toto roz\u0161\u00ed\u0159en\u00ed \u0159eck\u00fdch teritori\u00e1ln\u00edch vod na dvan\u00e1ct n\u00e1mo\u0159n\u00edch mil v Egejsk\u00e9m mo\u0159i ofici\u00e1ln\u011b prohl\u00e1silo za casus belli.<\/span><\/p>\n<p><span dir=\"auto\">Vzhledem k t\u00e9to neust\u00e1l\u00e9 hrozb\u011b \u0158ecko v posledn\u00ed dob\u011b pos\u00edlilo sv\u00e1 spojenectv\u00ed s Kyprem a Izraelem. Krom\u011b politick\u00e9 a vojensk\u00e9 spolupr\u00e1ce jsou nezbytn\u00e9 tak\u00e9 vz\u00e1jemn\u00e9 bezpe\u010dnostn\u00ed z\u00e1ruky a p\u0159\u00edsliby pomoci \u2013 aby tureck\u00e9mu re\u017eimu bylo jasn\u00e9, \u017ee se nejedn\u00e1 pouze o mal\u00fd, izolovan\u00fd st\u00e1t (jak\u00a0<\/span><a href=\"https:\/\/report24.news\/das-31-buendnis-im-ostmittelmeer-israel-griechenland-zypern-und-die-usa\/\"><span dir=\"auto\">jsme ji\u017e informovali<\/span><\/a><span dir=\"auto\">\u00a0).<\/span><\/p>\n<h3 id=\"h-arabischer-nationalismus-gegen-griechen\" class=\"wp-block-heading\"><span dir=\"auto\">Arabsk\u00fd nacionalismus proti \u0158ek\u016fm<\/span><\/h3>\n<p><span dir=\"auto\">Po druh\u00e9 sv\u011btov\u00e9 v\u00e1lce se nen\u00e1vist v\u016f\u010di \u0158ek\u016fm a k\u0159es\u0165an\u016fm neomezovala pouze na Turecko. V Libanonu i nad\u00e1le \u010delili demografick\u00e9mu tlaku ze strany muslim\u016f \u2013 a pom\u011brn\u011b \u010dasto i \u00fatok\u016fm. B\u011bhem libanonsk\u00e9 ob\u010dansk\u00e9 v\u00e1lky (1975-90) uprchlo do \u0158ecka p\u0159ibli\u017en\u011b 30 000 \u0159eck\u00fdch pravoslavn\u00fdch k\u0159es\u0165an\u016f. Dnes st\u00e1le tvo\u0159\u00ed asi 8 procent libanonsk\u00e9 populace, kter\u00e1 \u010d\u00edt\u00e1 p\u0159ibli\u017en\u011b 500 000 lid\u00ed.<\/span><\/p>\n<p><span dir=\"auto\">Velk\u00e1 \u0159eck\u00e1 komunita byla z Egypta v 50. a 60. letech 20. stolet\u00ed zcela vyhn\u00e1na. Jejich historie sah\u00e1 a\u017e do starov\u011bku. Naukratis byl zalo\u017een kolem roku 630 p\u0159. n. l. S Alexandrem Velik\u00fdm (332 p\u0159. n. l.) a zalo\u017een\u00edm Alexandrie se \u0159e\u010dtina stala jazykem spr\u00e1vy a kultury. Alexandrie byla starov\u011bk\u00fdm centrem v\u011bdy a kultury. M\u011bsto ukr\u00fdvalo nejv\u011bt\u0161\u00ed knihovnu starov\u011bku. Na rozd\u00edl od v\u0161eobecn\u00e9ho p\u0159esv\u011bd\u010den\u00ed nebyl rodn\u00fdm jazykem slavn\u00e9 kr\u00e1lovny Kleopatry egypt\u0161tina, ale \u0159e\u010dtina.<\/span><\/p>\n<p><span dir=\"auto\">V 19. a na po\u010d\u00e1tku 20. stolet\u00ed za\u017eila \u0159eck\u00e1 komunita v Egypt\u011b, \u010d\u00edtaj\u00edc\u00ed p\u0159ibli\u017en\u011b 150 000 lid\u00ed, nov\u00fd zlat\u00fd v\u011bk. Organizovan\u00e9 komunity existovaly v Alexandrii, K\u00e1hi\u0159e, Port Saidu, Mans\u00fa\u0159e, Tant\u011b a Zagazigu. Jako v\u00fdznamn\u00e1 men\u0161ina \u0158ekov\u00e9 utv\u00e1\u0159eli ekonomiku, obchod a kulturu; byli tak\u00e9 nadm\u011brn\u011b zastoupeni v mal\u00e9 pr\u016fmyslov\u00e9 pracovn\u00ed s\u00edle.<\/span><\/p>\n<p><span dir=\"auto\">Od 40. let 20. stolet\u00ed se v\u0161ak egypt\u0161t\u00ed \u0158ekov\u00e9 stali ter\u010dem \u00fatok\u016f, nejprve Muslimsk\u00e9ho bratrstva, kter\u00e9 se stejn\u011b cht\u011blo zbavit v\u0161ech nemuslim\u016f. Pot\u00e9 byli za vl\u00e1dy Gamala Abdela N\u00e1sira vyhn\u00e1ni ze zem\u011b \u2013 v d\u016fsledku rostouc\u00edho arabsk\u00e9ho nacionalismu a \u201eegyptizace\u201c ekonomiky.<\/span><\/p>\n<p><span dir=\"auto\">Masov\u00fd exodus za\u010dal po Suezsk\u00e9 krizi v roce 1956 a vrcholu dos\u00e1hl kolem let 1961\/1962. N\u00e1sirovy \u201esocialistick\u00e9\u201c z\u00e1kony z roku 1961, kter\u00e9 zn\u00e1rodnily banky, obchodn\u00ed a v\u00fdrobn\u00ed spole\u010dnosti, p\u0159ipravily mnoho \u0158ek\u016f (jako vlastn\u00edky i zam\u011bstnance) o jejich ekonomick\u00e9 \u017eivobyt\u00ed.<\/span><\/p>\n<p><span dir=\"auto\">A\u010dkoli historie \u0158ek\u016f v Egypt\u011b p\u0159edch\u00e1z\u00ed historii Arab\u016f, byli nyn\u00ed pova\u017eov\u00e1ni za koloni\u00e1ln\u00ed cizince. V d\u016fsledku toho v\u011bt\u0161ina \u0158ek\u016f z Egypta uprchla \u2013 p\u0159edev\u0161\u00edm do \u0158ecka, ale tak\u00e9 do Austr\u00e1lie, Ji\u017en\u00ed Afriky, Kanady a USA. V zemi z\u016fstalo jen n\u011bkolik tis\u00edc \u0158ek\u016f.<\/span><\/p>\n<h3 id=\"h-die-gestorte-griechische-linke\" class=\"wp-block-heading\"><span dir=\"auto\">Zmaten\u00e1 \u0159eck\u00e1 levice<\/span><\/h3>\n<p><span dir=\"auto\">V\u011bt\u0161ina \u0159eck\u00e9 populace se pou\u010dila z historick\u00fdch zku\u0161enost\u00ed popsan\u00fdch v souvislosti s expanzivn\u00edm isl\u00e1mem. V\u011bd\u00ed, co mohou o\u010dek\u00e1vat, zejm\u00e9na od turkick\u00fdch muslim\u016f, ale i od dal\u0161\u00edch stoupenc\u016f isl\u00e1mu. Ve venkovsk\u00fdch oblastech zem\u011b se n\u011bkdy st\u00e1v\u00e1, \u017ee mal\u00e1 so\u0161ka \u010f\u00e1bla, sp\u00e1len\u00e1 u velikono\u010dn\u00edho ohn\u011b, je zabalena do tureck\u00e9 vlajky. A sou\u010dasn\u00e1 \u0159eck\u00e1 vl\u00e1da se pro ochranu zem\u011b orientuje na logick\u00e9 spojenectv\u00ed s Izraelem.<\/span><\/p>\n<p><span dir=\"auto\">Na rozd\u00edl od v\u011bt\u0161iny \u0158ek\u016f zauj\u00edm\u00e1 \u0159eck\u00e1 levice zkreslen\u00fd postoj, kter\u00fd je p\u0159\u00edmo v rozporu se z\u00e1jmy jej\u00ed vlastn\u00ed zem\u011b a lidu. Stejn\u011b jako v z\u00e1padn\u00ed Evrop\u011b je levicov\u00e1 sc\u00e9na v \u0158ecku proisl\u00e1msk\u00e1 a vehementn\u011b protiizraelsk\u00e1. To pramen\u00ed ze \u010dty\u0159 zdroj\u016f.<\/span><\/p>\n<p><span dir=\"auto\">Zaprv\u00e9, od meziv\u00e1le\u010dn\u00e9ho obdob\u00ed a\u017e do 70. let 20. stolet\u00ed byli stalinist\u00e9 dominantn\u00ed silou \u0159eck\u00e9 levice. Slep\u011b a nekriticky obhajovali ka\u017ed\u00fd posun v sov\u011btsk\u00e9 zahrani\u010dn\u00ed politice \u2013 v\u010detn\u011b podpory kemalismu. T\u00edm se obr\u00e1tili proti vlastn\u00edmu n\u00e1rodu a v\u00edcem\u00e9n\u011b otev\u0159en\u011b se postavili na stranu genocidn\u00edho nep\u0159\u00edtele.\u00a0<\/span><\/p>\n<p><span dir=\"auto\">Druh\u00fdm zdrojem je tradi\u010dn\u00ed \u201eantisionismus\u201c stalinist\u016f z doby studen\u00e9 v\u00e1lky. Zat\u00edmco Sov\u011btsk\u00fd svaz podporoval Izrael ve v\u00e1lce za nez\u00e1vislost v roce 1948, pozd\u011bji podporoval arabsk\u00e9 st\u00e1ty proti Z\u00e1padu. Toto bylo politicky podpo\u0159eno \u201eteori\u00ed\u201c \u201eantisionismu\u201c, kter\u00e1 byla ob\u010das kombinov\u00e1na i s antisemitsk\u00fdmi kampan\u011bmi v Sov\u011btsk\u00e9m svazu.<\/span><\/p>\n<p><span dir=\"auto\">Za t\u0159et\u00ed, je tu \u201eradik\u00e1ln\u00ed\u201c r\u00e9torika ran\u00e9ho PASOKu za Andrease Papandreoua. A\u010dkoli vznikla z liber\u00e1ln\u00ed opozice v\u016f\u010di vojensk\u00e9 diktatu\u0159e (1967-74) a byla v souladu se z\u00e1padoevropskou soci\u00e1ln\u00ed demokraci\u00ed, rozvinula si tak\u00e9 \u201eantikolonialistick\u00fd\u201c a n\u00e1sledn\u011b proarabsk\u00fd sklon s ohledem na americkou podporu vojensk\u00e9 junty. Spolu s Brunem Kreiskym z Rakouska a Olofem Palmem ze \u0160v\u00e9dska se Papandreou dvo\u0159il teroristick\u00e9 organizaci PLO.<\/span><\/p>\n<p><span dir=\"auto\">\u010ctvrt\u00fdm zdrojem proisl\u00e1msk\u00e9 a protiizraelsk\u00e9 orientace \u0159eck\u00e9 levice je \u201epostkolonialismus\u201c p\u0159evl\u00e1daj\u00edc\u00ed na \u0159eck\u00fdch univerzit\u00e1ch. Ideologii sebenen\u00e1visti b\u00edl\u00fdch lid\u00ed zrodili akademici v Severn\u00ed Americe a z\u00e1padn\u00ed Evrop\u011b a odtud se infiltrovala mezi \u0159eck\u00e9 studenty. To m\u011blo obzvl\u00e1\u0161t\u011b siln\u00fd vliv na studenty ovl\u00e1danou, radik\u00e1ln\u00ed levici a anarchistickou subkulturu.<\/span><\/p>\n<p><span dir=\"auto\">Tento proisl\u00e1msk\u00fd postoj je obzvl\u00e1\u0161t\u011b absurdn\u00ed v \u0158ecku \u2013 vzhledem k historii zem\u011b s isl\u00e1mem, stalet\u00edm n\u00e1jezd\u016f a \u00fanos\u016f d\u00edvek severoafrick\u00fdmi isl\u00e1msk\u00fdmi pir\u00e1ty (Sarac\u00e9ny), stalet\u00edm osmansk\u00e9ho \u00fatlaku, tureck\u00e9 genocid\u011b a vyhn\u00e1n\u00ed \u0159eck\u00e9 men\u0161iny z Egypta za vl\u00e1dy Gamala N\u00e1sira. Ale i v \u0158ecku ideologick\u00fd fanatismus zakr\u00fdv\u00e1 realitu.<\/span><\/p>\n<p><em><span dir=\"auto\">od <a href=\"https:\/\/report24.news\/nichts-gelernt-griechenland-der-islam-und-eine-gestoerte-linke\/\">Erica Angerera<\/a><\/span><\/em><\/p>\n<p>&nbsp;<\/p>\n","protected":false},"excerpt":{"rendered":"<p>Po 1400 let \u0158ekov\u00e9 sn\u00e1\u0161eli t\u00e9m\u011b\u0159 nep\u0159etr\u017eit\u00e9, hr\u016fzn\u00e9 zku\u0161enosti s expanzivn\u00edmi a vra\u017eedn\u00fdmi muslimsk\u00fdmi barbary&#8230;.<\/p>\n","protected":false},"author":2,"featured_media":105628,"comment_status":"closed","ping_status":"closed","sticky":false,"template":"","format":"standard","meta":[],"categories":[7],"tags":[119,1503,539],"_links":{"self":[{"href":"https:\/\/www.infokuryr.cz\/n\/wp-json\/wp\/v2\/posts\/105627"}],"collection":[{"href":"https:\/\/www.infokuryr.cz\/n\/wp-json\/wp\/v2\/posts"}],"about":[{"href":"https:\/\/www.infokuryr.cz\/n\/wp-json\/wp\/v2\/types\/post"}],"author":[{"embeddable":true,"href":"https:\/\/www.infokuryr.cz\/n\/wp-json\/wp\/v2\/users\/2"}],"replies":[{"embeddable":true,"href":"https:\/\/www.infokuryr.cz\/n\/wp-json\/wp\/v2\/comments?post=105627"}],"version-history":[{"count":0,"href":"https:\/\/www.infokuryr.cz\/n\/wp-json\/wp\/v2\/posts\/105627\/revisions"}],"wp:featuredmedia":[{"embeddable":true,"href":"https:\/\/www.infokuryr.cz\/n\/wp-json\/wp\/v2\/media\/105628"}],"wp:attachment":[{"href":"https:\/\/www.infokuryr.cz\/n\/wp-json\/wp\/v2\/media?parent=105627"}],"wp:term":[{"taxonomy":"category","embeddable":true,"href":"https:\/\/www.infokuryr.cz\/n\/wp-json\/wp\/v2\/categories?post=105627"},{"taxonomy":"post_tag","embeddable":true,"href":"https:\/\/www.infokuryr.cz\/n\/wp-json\/wp\/v2\/tags?post=105627"}],"curies":[{"name":"wp","href":"https:\/\/api.w.org\/{rel}","templated":true}]}}