{"id":105621,"date":"2026-05-01T00:20:37","date_gmt":"2026-04-30T22:20:37","guid":{"rendered":"https:\/\/www.infokuryr.cz\/n\/?p=105621"},"modified":"2026-04-30T12:52:12","modified_gmt":"2026-04-30T10:52:12","slug":"eu-chce-prohlasit-kritiku-nelegalni-masove-migrace-za-rasismus","status":"publish","type":"post","link":"https:\/\/www.infokuryr.cz\/n\/2026\/05\/01\/eu-chce-prohlasit-kritiku-nelegalni-masove-migrace-za-rasismus\/","title":{"rendered":"EU chce prohl\u00e1sit kritiku neleg\u00e1ln\u00ed masov\u00e9 migrace za \u201erasismus\u201c"},"content":{"rendered":"<div id=\"fb-root\"><\/div>\n<p><strong><span dir=\"auto\">Evropu ni\u010d\u00ed nekontrolovan\u00e1 imigrace z kulturn\u011b ciz\u00edch region\u016f. Obyvatelstvo toho m\u00e1 dost. Evropsk\u00e1 komise z toho vyvozuje vlastn\u00ed z\u00e1v\u011br: kritiku azylov\u00e9 a migra\u010dn\u00ed politiky hodl\u00e1 ozna\u010dit za \u201estruktur\u00e1ln\u00ed rasismus\u201c a systematicky proti n\u00ed bojovat.<\/span><\/strong><\/p>\n<p><span dir=\"auto\">Nov\u00fd strategick\u00fd dokument s n\u00e1zvem \u201eUnie rovnosti: Strategie boje proti rasismu 2026\u20132030\u201c odhaluje, jak Brusel p\u0159ehodnocuje realitu na \u00fakor p\u016fvodn\u00edho obyvatelstva. Evropa \u010del\u00ed obrovsk\u00fdm probl\u00e9m\u016fm kv\u016fli prob\u00edhaj\u00edc\u00ed neleg\u00e1ln\u00ed migraci. Ve V\u00eddni je pod\u00edl muslimsk\u00fdch student\u016f na z\u00e1kladn\u00edch a st\u0159edn\u00edch \u0161kol\u00e1ch ji\u017e p\u0159es 41 procent a tento pod\u00edl st\u00e1le roste. V \u201eprobl\u00e9mov\u00fdch \u0161kol\u00e1ch\u201c tvo\u0159\u00ed muslimsk\u00e9 d\u011bti 90 procent a v\u00edce student\u016f. Za 15 let by se V\u00edde\u0148 mohla st\u00e1t \u0159\u00edzenou pr\u00e1vem \u0161ar\u00eda, kter\u00e9 by v ulic\u00edch, u policie i v arm\u00e1d\u011b vym\u00e1hali mlad\u00ed muslim\u0161t\u00ed mu\u017ei. Vysok\u00fd po\u010det \u017eadatel\u016f o azyl zat\u011b\u017euje soci\u00e1ln\u00ed syst\u00e9my a\u017e do bodu kolapsu, ni\u010d\u00ed soci\u00e1ln\u00ed soudr\u017enost a podkop\u00e1v\u00e1 vnit\u0159n\u00ed bezpe\u010dnost.<\/span><\/p>\n<p><span dir=\"auto\">Drtiv\u00e1 v\u011bt\u0161ina ob\u010dan\u016f tento v\u00fdvoj odm\u00edt\u00e1. EU nyn\u00ed chce toto odm\u00edtnut\u00ed kriminalizovat \u2013 konkr\u00e9tn\u011b odm\u00edtnut\u00ed toho, co je nyn\u00ed \u0161iroce vn\u00edm\u00e1no jako invaze do azylov\u00fdch syst\u00e9m\u016f, nikoli jako samotn\u00e1 neleg\u00e1ln\u00ed masov\u00e1 migrace. Dne 20. ledna 2026 zve\u0159ejnila Evropsk\u00e1 komise svou \u201e\u00a0<\/span><a href=\"https:\/\/commission.europa.eu\/document\/download\/f4acc4d4-689e-4db8-8c89-c7243b76ab88_en?filename=JUST_template_comingsoon_standard_0.pdf\"><span dir=\"auto\">Strategii boje proti rasismu 2026\u20132030<\/span><\/a><span dir=\"auto\"> \u201c. V n\u00ed definuje \u201erasismus\u201c jako jakoukoli formu \u201enen\u00e1visti v\u016f\u010di migrant\u016fm\u201c souvisej\u00edc\u00ed s etnick\u00fdm p\u016fvodem, n\u00e1bo\u017eenstv\u00edm nebo n\u00e1rodnost\u00ed. \u201eStruktur\u00e1ln\u00ed rasismus\u201c m\u00e1 b\u00fdt pot\u00edr\u00e1n nejen ve \u0161kol\u00e1ch, vl\u00e1dn\u00edch agentur\u00e1ch a podnic\u00edch, ale tak\u00e9 v zahrani\u010dn\u00ed politice, a to prost\u0159ednictv\u00edm podpory migrace. Strategie p\u0159edpokl\u00e1d\u00e1 zakotven\u00ed \u201eopat\u0159en\u00ed proti rasismu\u201c ve v\u0161ech aspektech politiky EU, v\u010detn\u011b masivn\u00ed finan\u010dn\u00ed podpory promigra\u010dn\u00edm nevl\u00e1dn\u00edm organizac\u00edm.<\/span><\/p>\n<p><span dir=\"auto\">P\u0159irozen\u011b se m\u00e1 tak\u00e9 zintenzivnit boj proti \u201enen\u00e1vistn\u00fdm projev\u016fm\u201c. Ka\u017ed\u00fd, kdo se bude zab\u00fdvat negativn\u00edmi d\u016fsledky paraleln\u00edch spole\u010dnost\u00ed a ne\u00fam\u011brnou m\u00edrou kriminality ur\u010dit\u00fdch skupin, riskuje, \u017ee bude ozna\u010den za rasistu a pron\u00e1sledov\u00e1n. Komise pl\u00e1nuje p\u0159ev\u00fdchovn\u00e9 programy ve \u0161kol\u00e1ch, kter\u00e9 pod rou\u0161kou koloni\u00e1ln\u00ed viny a \u201erozmanitosti\u201c maj\u00ed v\u0161t\u00edpit d\u011btem pocit viny ohledn\u011b jejich vlastn\u00ed evropsk\u00e9 kultury. Dokument z\u00e1rove\u0148 definuje obzvl\u00e1\u0161t\u011b \u201eohro\u017een\u00e9\u201c skupiny ob\u011bt\u00ed, jako jsou \u201e\u010derno\u0161i\u201c a \u201emuslimov\u00e9\u201c. Rodil\u00ed Evropan\u00e9 jsou tak automaticky obsazov\u00e1ni do role potenci\u00e1ln\u00edch pachatel\u016f. Perverzn\u00ed p\u0159evr\u00e1cen\u00ed reality.<\/span><\/p>\n<p><span dir=\"auto\">Strategie EU kriminalizuje demokratickou debatu a vytv\u00e1\u0159\u00ed atmosf\u00e9ru strachu, v n\u00ed\u017e ji\u017e nelze hovo\u0159it o faktech o nedostate\u010dn\u00e9 integraci, n\u00e1kladech na \u017eadatele o azyl nebo jejich kulturn\u00ed neslu\u010ditelnosti. Zv\u00fd\u0161en\u00e9 pen\u00edze da\u0148ov\u00fdch poplatn\u00edk\u016f maj\u00ed b\u00fdt pumpov\u00e1ny do levicov\u00fdch nevl\u00e1dn\u00edch organizac\u00ed, kter\u00e9 agituj\u00ed proti zabezpe\u010den\u00ed hranic a nal\u00e9hav\u011b pot\u0159ebn\u00e9 remigraci. Od roku 2028 \u010del\u00ed neochotn\u00e9 \u010dlensk\u00e9 st\u00e1ty \u0161krt\u016fm ve financov\u00e1n\u00ed EU, co\u017e je fakticky vyd\u00edr\u00e1, aby potla\u010dily svou n\u00e1rodn\u00ed suverenitu. P\u0159ev\u00fdchova ve vzd\u011bl\u00e1vac\u00edch instituc\u00edch m\u00e1 tomuto procesu poskytovat propagandistickou podporu a d\u00e1le naru\u0161ovat soudr\u017enost p\u016fvodn\u00edch spole\u010dnost\u00ed. Definov\u00e1n\u00edm ve\u0161ker\u00e9 imigrace jako nedotknuteln\u00e9ho obohacen\u00ed m\u00e1 b\u00fdt ideologicky zaji\u0161t\u011bna a urychlena demografick\u00e1 transformace Evropy.<\/span><\/p>\n<p><span dir=\"auto\">Ob\u010dan\u00e9 Evropy ji\u017e dlouho za\u017e\u00edvaj\u00ed realitu \u201eobohat\u011bn\u00ed\u201c slibovan\u00e9ho politiky prost\u0159ednictv\u00edm migrace. Z\u00f3ny s no-go, prudce rostouc\u00ed m\u00edra n\u00e1sil\u00ed a zn\u00e1siln\u011bn\u00ed a soci\u00e1ln\u00ed st\u00e1t, kter\u00fd slou\u017e\u00ed prim\u00e1rn\u011b nov\u011b p\u0159\u00edchoz\u00edm. M\u00edsto \u0159e\u0161en\u00ed t\u011bchto probl\u00e9m\u016f a uzav\u0159en\u00ed hranic se Brusel st\u00e1le v\u00edce spol\u00e9h\u00e1 na cenzuru, propagandu a pron\u00e1sledov\u00e1n\u00ed v\u0161ech kritik\u016f. Brusel ignoruje skute\u010dnost, \u017ee skute\u010dn\u00e1 spole\u010densk\u00e1 soudr\u017enost m\u016f\u017ee vzniknout pouze kulturn\u00ed homogenitou a velmi omezenou, kontrolovanou imigrac\u00ed, nikoli vynucenou diverzitou za ka\u017edou cenu. Evropsk\u00e1 komise obrac\u00ed role ob\u011bti a pachatele a ignoruje skute\u010dnost, \u017ee masov\u00e1 migrace drasticky sni\u017euje kvalitu \u017eivota p\u016fvodn\u00edch ob\u010dan\u016f. Ka\u017ed\u00fd, kdo kritizuje azylovou invazi, je prohl\u00e1\u0161en za nep\u0159\u00edtele \u201eUnie rovnosti\u201c. Vytv\u00e1\u0159\u00ed Evropu, v n\u00ed\u017e (prozat\u00edm) p\u016fvodn\u00ed v\u011bt\u0161ina mus\u00ed ml\u010det, zat\u00edmco nov\u011b p\u0159\u00edchoz\u00ed \u201emen\u0161iny\u201c jsou zv\u00fdhod\u0148ov\u00e1ny a chr\u00e1n\u011bny p\u0159ed jakoukoli kritikou.<\/span><\/p>\n<p><span dir=\"auto\">Pan\u00ed von der Leyenov\u00e1 a jej\u00ed ideologi\u010dt\u00ed komplicov\u00e9 tak\u00e9 (pravd\u011bpodobn\u011b \u00famysln\u011b) p\u0159ehl\u00ed\u017eej\u00ed zjevn\u00fd fakt: Ne v\u0161ichni lid\u00e9 jsou si rovni. Ne v\u0161echny kultury jsou si rovny. I kdyby nyn\u00ed hodl\u00e1 vnutit ideologii \u201eUnie rovnosti\u201c ve v\u0161ech \u010dlensk\u00fdch st\u00e1tech za pou\u017eit\u00ed v\u0161ech prost\u0159edk\u016f propagandy, cenzury, vyd\u00edr\u00e1n\u00ed a soud\u016f, nem\u016f\u017ee zm\u011bnit realitu. Ti, kdo dov\u00e1\u017eej\u00ed lidi ze zem\u00ed, kde jsou homosexu\u00e1lov\u00e9 h\u00e1zeni ze st\u0159ech, \u017eeny kamenov\u00e1ny a nev\u011b\u0159\u00edc\u00ed masakrov\u00e1ni, nedov\u00e1\u017eej\u00ed ani \u201eobohacov\u00e1n\u00ed\u201c, ani \u201erovnost\u201c. Otev\u00edraj\u00ed br\u00e1ny barbar\u016fm a vyb\u00edzej\u00ed ke zni\u010den\u00ed jejich vlastn\u00ed civilizace. Evropsk\u00e1 komise je jasn\u011b odhodl\u00e1na dokon\u010dit nezvratn\u00e9 zni\u010den\u00ed evropsk\u00e9 kultury a spole\u010dnosti.<\/span><\/p>\n<p><em><span dir=\"auto\">Koment\u00e1\u0159 <a href=\"https:\/\/report24.news\/eu-will-kritik-an-der-illegalen-massenmigration-zum-rassismus-erklaeren\/\">Chrise Vebera<\/a><\/span><\/em><\/p>\n<p>&nbsp;<\/p>\n","protected":false},"excerpt":{"rendered":"<p>Evropu ni\u010d\u00ed nekontrolovan\u00e1 imigrace z kulturn\u011b ciz\u00edch region\u016f. Obyvatelstvo toho m\u00e1 dost. Evropsk\u00e1 komise z&#8230;<\/p>\n","protected":false},"author":2,"featured_media":105622,"comment_status":"closed","ping_status":"closed","sticky":false,"template":"","format":"standard","meta":[],"categories":[7],"tags":[41,567,1884,93],"_links":{"self":[{"href":"https:\/\/www.infokuryr.cz\/n\/wp-json\/wp\/v2\/posts\/105621"}],"collection":[{"href":"https:\/\/www.infokuryr.cz\/n\/wp-json\/wp\/v2\/posts"}],"about":[{"href":"https:\/\/www.infokuryr.cz\/n\/wp-json\/wp\/v2\/types\/post"}],"author":[{"embeddable":true,"href":"https:\/\/www.infokuryr.cz\/n\/wp-json\/wp\/v2\/users\/2"}],"replies":[{"embeddable":true,"href":"https:\/\/www.infokuryr.cz\/n\/wp-json\/wp\/v2\/comments?post=105621"}],"version-history":[{"count":0,"href":"https:\/\/www.infokuryr.cz\/n\/wp-json\/wp\/v2\/posts\/105621\/revisions"}],"wp:featuredmedia":[{"embeddable":true,"href":"https:\/\/www.infokuryr.cz\/n\/wp-json\/wp\/v2\/media\/105622"}],"wp:attachment":[{"href":"https:\/\/www.infokuryr.cz\/n\/wp-json\/wp\/v2\/media?parent=105621"}],"wp:term":[{"taxonomy":"category","embeddable":true,"href":"https:\/\/www.infokuryr.cz\/n\/wp-json\/wp\/v2\/categories?post=105621"},{"taxonomy":"post_tag","embeddable":true,"href":"https:\/\/www.infokuryr.cz\/n\/wp-json\/wp\/v2\/tags?post=105621"}],"curies":[{"name":"wp","href":"https:\/\/api.w.org\/{rel}","templated":true}]}}