{"id":105619,"date":"2026-05-01T00:19:13","date_gmt":"2026-04-30T22:19:13","guid":{"rendered":"https:\/\/www.infokuryr.cz\/n\/?p=105619"},"modified":"2026-04-30T12:49:59","modified_gmt":"2026-04-30T10:49:59","slug":"vojska-na-ukrajine-strack-zimmermann-zvysuje-spiralu-eskalace","status":"publish","type":"post","link":"https:\/\/www.infokuryr.cz\/n\/2026\/05\/01\/vojska-na-ukrajine-strack-zimmermann-zvysuje-spiralu-eskalace\/","title":{"rendered":"Vojska na Ukrajin\u011b: Strack-Zimmermann zvy\u0161uje spir\u00e1lu eskalace"},"content":{"rendered":"<div id=\"fb-root\"><\/div>\n<p><strong><span dir=\"auto\">Politi\u010dka strany FDP Marie-Agnes Strack-Zimmermannov\u00e1 d\u00e1le vyhrotila r\u00e9torickou spir\u00e1lu sm\u011b\u0159uj\u00edc\u00ed k tot\u00e1ln\u00ed v\u00e1lce. Evropa si mus\u00ed zvyknout na nasazen\u00ed vojsk na Ukrajin\u011b, prohl\u00e1sila p\u0159edsedkyn\u011b V\u00fdboru Evropsk\u00e9ho parlamentu pro bezpe\u010dnost a obranu. \u201eBudeme muset akceptovat nasazen\u00ed vojsk, v\u010detn\u011b n\u011bmeck\u00fdch, na Ukrajin\u011b. A to bude vy\u017eadovat velk\u00e9 mno\u017estv\u00ed voj\u00e1k\u016f z Evropy,\u201c uvedla v\u00a0<\/span><a href=\"https:\/\/www.t-online.de\/nachrichten\/tagesanbruch\/id_100601894\/ukraine-nato-deutschland-amerikas-kurswechsel-aendert-alles.html\"><span dir=\"auto\">podcastu \u201eTagesanbruch\u201c (\u00dasvit) televize t-online<\/span><\/a><span dir=\"auto\"> .<\/span><\/strong><\/p>\n<p><span dir=\"auto\">Vzpome\u0148me si. Na za\u010d\u00e1tku se \u0159\u00edkalo, \u017ee p\u016fjde jen o humanit\u00e1rn\u00ed pomoc pro Ukrajinu. P\u00e1r p\u0159ileb, n\u011bjak\u00e9 zdravotnick\u00e9 pot\u0159eby. Dnes ti sam\u00ed politici mluv\u00ed o nasazen\u00ed cel\u00fdch vojensk\u00fdch jednotek. Samoz\u0159ejm\u011b a\u017e \u201epo m\u00edrov\u00e9 dohod\u011b\u201c (smajl\u00edk).<\/span><\/p>\n<p><span dir=\"auto\">Nasazen\u00edm vojsk EU a NATO na Ukrajinu m\u00e1 Strack-Zimmermannov\u00e1 v \u00famyslu po m\u00edrov\u00e9 dohod\u011b realizovat p\u0159esn\u011b to, co Moskva pova\u017eovala za jeden z hlavn\u00edch d\u016fvod\u016f v\u00e1lky. To samoz\u0159ejm\u011b v\u00ed. Co\u017e vrh\u00e1 pochybnosti na to, zda si m\u00edr skute\u010dn\u011b p\u0159eje. Ale rozhodn\u011b chce voj\u00e1ky. Naprosto. Strack-Zimmermannov\u00e1 je hluboce propojena s transatlantick\u00fdmi s\u00edt\u011bmi a s\u00edt\u011bmi obrann\u00fdch technologi\u00ed. Pravideln\u011b se objevuje na akc\u00edch po\u0159\u00e1dan\u00fdch Atlantik-Br\u00fccke (Atlantick\u00fd most), kter\u00fd \u00fazce propojuje politiku, obchod a arm\u00e1du na obou stran\u00e1ch Atlantiku. Do roku 2023 p\u016fsobila tak\u00e9 ve spr\u00e1vn\u00ed rad\u011b N\u011bmeck\u00e9 spole\u010dnosti pro obrann\u00e9 technologie (Deutsche Gesellschaft f\u00fcr Wehrtechnik e.V.) a N\u011bmeck\u00e9ho spolku na podporu arm\u00e1dy (F\u00f6rderkreis Deutsches Heer e.V.), organizac\u00ed, kter\u00e9 sdru\u017euj\u00ed politiky, gener\u00e1ly a v\u00fdrobce zbran\u00ed jako Rheinmetall a Krauss-Maffei Wegmann. Klasick\u00e9 \u201enevl\u00e1dn\u00ed organizace\u201c tedy (smajl\u00edk).<\/span><\/p>\n<p><span dir=\"auto\">Friedrich Merz, stejn\u011b ne\u0161\u0165astn\u00fd p\u0159edseda CDU a kancl\u00e9\u0159, tak\u00e9 rozhodn\u011b kr\u00e1\u010d\u00ed k tot\u00e1ln\u00ed v\u00e1lce. Vstup Ukrajiny do EU a NATO pova\u017euje za\u00a0<\/span><a href=\"https:\/\/kyivindependent.com\/future-german-chancellor-backs-ukraines-nato-eu-path-but-only-after-war-ends\/\"><span dir=\"auto\">\u201enezvratn\u00fd\u201c.<\/span><\/a><span dir=\"auto\">\u00a0Samoz\u0159ejm\u011b a\u017e po skon\u010den\u00ed v\u00e1lky. Merz stejn\u011b jako Strack-Zimmermann velmi dob\u0159e v\u00ed, \u017ee Rusko nikdy nebude souhlasit s \u010dlenstv\u00edm Ukrajiny v NATO. Koneckonc\u016f, pr\u00e1v\u011b tento vstup byl jedn\u00edm z hlavn\u00edch spou\u0161t\u011b\u010d\u016f v\u00e1lky. Nikdy nebude uzav\u0159ena m\u00edrov\u00e1 smlouva, po n\u00ed\u017e by n\u00e1sledovalo \u010dlenstv\u00ed v NATO.<\/span><\/p>\n<p><span dir=\"auto\">Jedin\u00fdm logick\u00fdm vysv\u011btlen\u00edm chov\u00e1n\u00ed politik\u016f, jako jsou Merz a Strack-Zimmermann, se zd\u00e1 b\u00fdt to, \u017ee usiluj\u00ed o neust\u00e1lou v\u00e1lku v orwellovsk\u00e9m smyslu. U\u010dinit z p\u0159\u00ed\u010diny v\u00e1lky z\u00e1klad m\u00edru prost\u011b nefunguje. Vojensk\u00e1 por\u00e1\u017eka Ruska, jak neust\u00e1le po\u017eaduj\u00ed v\u00e1le\u010dn\u00ed \u0161tv\u00e1\u010di, je stejn\u011b nemo\u017en\u00e1. Rusko je jadern\u00e1 supervelmoc. Z\u00e1rove\u0148 Ukrajina \u201enesm\u00ed prohr\u00e1t\u201c, je mantra opakovan\u00e1 donekone\u010dna z Bruselu, Berl\u00edna a dokonce i \u00fadajn\u011b neutr\u00e1ln\u00ed V\u00eddn\u011b (d\u00edky beate z NATO). Jedinou zb\u00fdvaj\u00edc\u00ed mo\u017enost\u00ed je neust\u00e1l\u00e1 v\u00e1lka, nekone\u010dn\u00fd konflikt. Kter\u00fd pak samoz\u0159ejm\u011b bude vy\u017eadovat \u201evelk\u00e9 mno\u017estv\u00ed voj\u00e1k\u016f\u201c, v\u010detn\u011b t\u011bch z Evropy.<\/span><\/p>\n<p><span dir=\"auto\">To m\u00e1 pro politickou t\u0159\u00eddu nepochybn\u00e9 v\u00fdhody. Zelenskyj u\u017e nemus\u00ed \u010delit volb\u00e1m, kter\u00e9 by stejn\u011b prohr\u00e1l. Von der Leyenov\u00e1, Merz a jim podobn\u00ed mohou za ni\u010div\u00e9 d\u016fsledky sv\u00e9 vlastn\u00ed politiky (azyl!, koronavirus!, zm\u011bna klimatu!) vinit Rusy. Opozici lze hanobit jako \u201ep\u0159\u00e1tele Ruska\u201c, cenzurovat, pron\u00e1sledovat a sankcionovat. A v neposledn\u00ed \u0159ad\u011b mohou do ukrajinsk\u00e9 pokladny nad\u00e1le proudit biliony dolar\u016f da\u0148ov\u00fdch poplatn\u00edk\u016f. Ve srovn\u00e1n\u00ed s finan\u010dn\u00edmi zdroji v\u00e1lky byla pl\u00e1novan\u00e1 pandemie pouhou mali\u010dkost\u00ed. Tak\u017ee vid\u00edte, v\u00e1lka nem\u016f\u017ee skon\u010dit. Proto\u017ee nesm\u00ed skon\u010dit. I kdyby to st\u00e1lo \u017eivoty bezpo\u010dtu voj\u00e1k\u016f, v\u010detn\u011b t\u011bch z Evropy.<\/span><\/p>\n<p><em><span dir=\"auto\">Koment\u00e1\u0159 <a href=\"https:\/\/report24.news\/truppen-in-die-ukraine-strack-zimmermann-dreht-an-der-eskalationsspirale\/\">Chrise Vebera<\/a><\/span><\/em><\/p>\n<p>&nbsp;<\/p>\n","protected":false},"excerpt":{"rendered":"<p>Politi\u010dka strany FDP Marie-Agnes Strack-Zimmermannov\u00e1 d\u00e1le vyhrotila r\u00e9torickou spir\u00e1lu sm\u011b\u0159uj\u00edc\u00ed k tot\u00e1ln\u00ed v\u00e1lce. Evropa si&#8230;<\/p>\n","protected":false},"author":2,"featured_media":105620,"comment_status":"closed","ping_status":"closed","sticky":false,"template":"","format":"standard","meta":[],"categories":[7],"tags":[80,1503,84,26],"_links":{"self":[{"href":"https:\/\/www.infokuryr.cz\/n\/wp-json\/wp\/v2\/posts\/105619"}],"collection":[{"href":"https:\/\/www.infokuryr.cz\/n\/wp-json\/wp\/v2\/posts"}],"about":[{"href":"https:\/\/www.infokuryr.cz\/n\/wp-json\/wp\/v2\/types\/post"}],"author":[{"embeddable":true,"href":"https:\/\/www.infokuryr.cz\/n\/wp-json\/wp\/v2\/users\/2"}],"replies":[{"embeddable":true,"href":"https:\/\/www.infokuryr.cz\/n\/wp-json\/wp\/v2\/comments?post=105619"}],"version-history":[{"count":0,"href":"https:\/\/www.infokuryr.cz\/n\/wp-json\/wp\/v2\/posts\/105619\/revisions"}],"wp:featuredmedia":[{"embeddable":true,"href":"https:\/\/www.infokuryr.cz\/n\/wp-json\/wp\/v2\/media\/105620"}],"wp:attachment":[{"href":"https:\/\/www.infokuryr.cz\/n\/wp-json\/wp\/v2\/media?parent=105619"}],"wp:term":[{"taxonomy":"category","embeddable":true,"href":"https:\/\/www.infokuryr.cz\/n\/wp-json\/wp\/v2\/categories?post=105619"},{"taxonomy":"post_tag","embeddable":true,"href":"https:\/\/www.infokuryr.cz\/n\/wp-json\/wp\/v2\/tags?post=105619"}],"curies":[{"name":"wp","href":"https:\/\/api.w.org\/{rel}","templated":true}]}}