{"id":105609,"date":"2026-05-01T00:14:16","date_gmt":"2026-04-30T22:14:16","guid":{"rendered":"https:\/\/www.infokuryr.cz\/n\/?p=105609"},"modified":"2026-04-30T12:36:38","modified_gmt":"2026-04-30T10:36:38","slug":"prolomeno-za-dve-minuty-evropska-komise-i-tak-protlacuje-aplikaci-pro-zranitelne-vekove-kategorie-do-konce-roku-2026","status":"publish","type":"post","link":"https:\/\/www.infokuryr.cz\/n\/2026\/05\/01\/prolomeno-za-dve-minuty-evropska-komise-i-tak-protlacuje-aplikaci-pro-zranitelne-vekove-kategorie-do-konce-roku-2026\/","title":{"rendered":"Prolomeno za dv\u011b minuty: Evropsk\u00e1 komise i tak protla\u010duje aplikaci pro zraniteln\u00e9 v\u011bkov\u00e9 kategorie do konce roku 2026"},"content":{"rendered":"<div id=\"fb-root\"><\/div>\n<div class=\"elementor-element elementor-element-1fb4c2c elementor-widget elementor-widget-theme-post-content\" data-id=\"1fb4c2c\" data-element_type=\"widget\" data-e-type=\"widget\" data-widget_type=\"theme-post-content.default\">\n<div class=\"elementor-widget-container\">\n<p><strong><span dir=\"auto\">EU prosazuje aplikaci pro ov\u011b\u0159ov\u00e1n\u00ed v\u011bku pro v\u0161echny \u010dlensk\u00e9 st\u00e1ty<\/span><\/strong><\/p>\n<p><span dir=\"auto\">Brusel chce, aby ka\u017ed\u00fd \u010dlensk\u00fd st\u00e1t spustil svou aplikaci pro ov\u011b\u0159ov\u00e1n\u00ed v\u011bku do konce roku \u2013 t\u0159i m\u011bs\u00edce pot\u00e9, co ji bezpe\u010dnostn\u00ed v\u00fdzkumn\u00edk prolomil za m\u00e9n\u011b ne\u017e dv\u011b minuty.<\/span><\/p>\n<p><span dir=\"auto\">Evropsk\u00e1 komise chce, aby ov\u011b\u0159ov\u00e1n\u00ed v\u011bku bylo zavedeno v ka\u017ed\u00e9m \u010dlensk\u00e9m st\u00e1t\u011b do konce roku 2026 a aby pou\u017e\u00edvaly vlastn\u00ed aplikaci. Doporu\u010den\u00ed\u00a0<\/span><a href=\"https:\/\/digital-strategy.ec.europa.eu\/en\/news\/commission-urges-member-states-rollout-eu-age-verification-app\" target=\"_blank\" rel=\"noreferrer noopener\" data-type=\"link\" data-id=\"https:\/\/digital-strategy.ec.europa.eu\/en\/news\/commission-urges-member-states-rollout-eu-age-verification-app\"><span dir=\"auto\">p\u0159ijat\u00e9<\/span><\/a><span dir=\"auto\">\u00a0ve st\u0159edu vyz\u00fdv\u00e1 vl\u00e1dy 27 \u010dlensk\u00fdch st\u00e1t\u016f bloku, aby urychlily zav\u00e1d\u011bn\u00ed aplikace EU pro ov\u011b\u0159ov\u00e1n\u00ed v\u011bku a zp\u0159\u00edstupnily ji ob\u010dan\u016fm do konce roku \u2013 a to navzdory obav\u00e1m, kter\u00e9 n\u011bkter\u00e1 hlavn\u00ed m\u011bsta vyj\u00e1d\u0159ila ohledn\u011b up\u0159ednost\u0148ov\u00e1n\u00ed bruselsk\u00e9ho kodexu p\u0159ed sv\u00fdm vlastn\u00edm.<\/span><\/p>\n<p><span dir=\"auto\">Tato iniciativa p\u0159ich\u00e1z\u00ed m\u011bs\u00edce pot\u00e9, co bezpe\u010dnostn\u00ed v\u00fdzkumn\u00edci rozebrali pr\u00e1v\u011b tu aplikaci, k jej\u00edmu\u017e zve\u0159ejn\u011bn\u00ed Komise nyn\u00ed nal\u00e9h\u00e1 na vl\u00e1dy. V dubnu konzultant Paul Moore obe\u0161el bezpe\u010dnostn\u00ed mechanismy aplikace za m\u00e9n\u011b ne\u017e dv\u011b minuty a prok\u00e1zal, \u017ee ovl\u00e1dac\u00ed prvky pro omezen\u00ed rychlosti p\u0159enosu dat jsou ulo\u017eeny v editovateln\u00e9m souboru, biometrick\u00e9 ov\u011b\u0159ov\u00e1n\u00ed lze deaktivovat jednoduchou zm\u011bnou konfigurace a citliv\u00e9 p\u0159ihla\u0161ovac\u00ed \u00fadaje jsou p\u0159\u00edstupn\u00e9 bez bezpe\u010dn\u00e9 hardwarov\u00e9 ochrany.<\/span><\/p>\n<p><span dir=\"auto\">Komise vy\u0159e\u0161ila nejz\u00e1va\u017en\u011bj\u0161\u00ed probl\u00e9my. Nyn\u00ed informuje vl\u00e1dy, \u017ee aplikace je p\u0159ipravena k produktivn\u00edmu pou\u017e\u00edv\u00e1n\u00ed.<\/span><\/p>\n<p><span dir=\"auto\">Henna Virkkunenov\u00e1, v\u00fdkonn\u00e1 m\u00edstop\u0159edsedkyn\u011b Komise pro technologickou suverenitu, bezpe\u010dnost a demokracii, ozna\u010dila toto doporu\u010den\u00ed za dal\u0161\u00ed krok k ochran\u011b nezletil\u00fdch osob online. \u201eEfektivn\u00ed a soukrom\u00ed p\u0159\u00edzniv\u00e9 ov\u011b\u0159ov\u00e1n\u00ed v\u011bku je dal\u0161\u00edm d\u00edlkem skl\u00e1da\u010dky, kterou dokon\u010dujeme v r\u00e1mci na\u0161\u00ed pr\u00e1ce na online prostoru, kde jsou na\u0161e d\u011bti v bezpe\u010d\u00ed a maj\u00ed mo\u017enost jej vyu\u017e\u00edvat pozitivn\u011b a zodpov\u011bdn\u011b, ani\u017e by byla poru\u0161ov\u00e1na pr\u00e1va dosp\u011bl\u00fdch,\u201c uvedla.<\/span><\/p>\n<p><span dir=\"auto\">Komise ve skute\u010dnosti buduje infrastrukturu pro identitu. \u010clensk\u00e9 st\u00e1ty maj\u00ed mo\u017enost vyvinout aplikaci jako samostatn\u00fd produkt nebo ji integrovat do Evropsk\u00e9 pen\u011b\u017eenky digit\u00e1ln\u00ed identity, co\u017e je \u0161ir\u0161\u00ed pl\u00e1n bloku na zaveden\u00ed st\u00e1tn\u00edch pr\u016fkaz\u016f toto\u017enosti do telefonu ka\u017ed\u00e9ho ob\u010dana. Oba p\u0159\u00edstupy vy\u017eaduj\u00ed propojen\u00ed va\u0161\u00ed skute\u010dn\u00e9 identity s telefonem, kter\u00fd si berete v\u0161ude s sebou, a oba stav\u00ed Komisi do centra pozornosti toho, jak Evropan\u00e9 prokazuj\u00ed svou identitu online.<\/span><\/p>\n<p><span dir=\"auto\">Proces ov\u011b\u0159en\u00ed vy\u017eaduje cestovn\u00ed pas nebo ob\u010dansk\u00fd pr\u016fkaz. Aplikace pot\u00e9 informuje platformy, pokud p\u0159ekro\u010d\u00edte v\u011bkovou hranici, ale p\u0159ihla\u0161ovac\u00ed \u00fadaje, kter\u00e9 pro toto posouzen\u00ed pou\u017e\u00edv\u00e1, jsou va\u0161e doklady toto\u017enosti vydan\u00e9 vl\u00e1dou.<\/span><\/p>\n<p><span dir=\"auto\">Krom\u011b doporu\u010den\u00ed pl\u00e1nuje Komise zav\u00e9st syst\u00e9m ov\u011b\u0159ov\u00e1n\u00ed v\u011bku v EU s form\u00e1ln\u00edmi po\u017eadavky pro v\u0161echny poskytovatele \u0159e\u0161en\u00ed pro ov\u011b\u0159ov\u00e1n\u00ed nebo potvrzov\u00e1n\u00ed v\u011bku a zve\u0159ejn\u00ed seznamy schv\u00e1len\u00fdch poskytovatel\u016f a produkt\u016f. Poskytovatel\u00e9 budou pot\u0159ebovat certifikaci. Pro zaveden\u00ed na n\u00e1rodn\u00ed \u00farovni bude vy\u017eadov\u00e1na akreditace.<\/span><\/p>\n<p><span dir=\"auto\">Virkkunen jasn\u011b uvedla, \u017ee c\u00edlem je konsolidace, nikoli konkurence mezi n\u00e1rodn\u00edmi p\u0159\u00edstupy. \u201eZavedu celoevropsk\u00fd koordina\u010dn\u00ed mechanismus,\u201c uvedla za\u010d\u00e1tkem tohoto m\u011bs\u00edce. \u201ePot\u0159ebujeme strukturovan\u00fd p\u0159\u00edstup k akreditaci n\u00e1rodn\u00edch \u0159e\u0161en\u00ed v EU. A zajistit, aby \u010dlensk\u00e9 st\u00e1ty mohly snadno z\u00edskat certifik\u00e1ty o ov\u011b\u0159en\u00ed v\u011bku v cel\u00e9 EU. A p\u0159edev\u0161\u00edm zajistit, abychom i nad\u00e1le vyv\u00edjeli jedno \u0159e\u0161en\u00ed pro EU, nikoli 27 r\u016fzn\u00fdch.\u201c<\/span><\/p>\n<p><span dir=\"auto\">Jedin\u00e9 \u0159e\u0161en\u00ed m\u016f\u017ee b\u00fdt efektivn\u00ed, ale je to tak\u00e9 jedin\u00fd bod, kde dohled, \u00faniky dat nebo roz\u0161i\u0159ov\u00e1n\u00ed politik mohou ovlivnit cel\u00fd blok.<\/span><\/p>\n<p><span dir=\"auto\">\u0160ifrov\u00e1n\u00ed za\u0159\u00edzen\u00ed, kter\u00e9 je uv\u00e1d\u011bno jako hlavn\u00ed oprava pro zabezpe\u010den\u00ed souboru \u201eSd\u00edlen\u00e9 preference\u201c, kter\u00fd umo\u017enil p\u016fvodn\u00ed \u0159e\u0161en\u00ed, se spol\u00e9h\u00e1 na t\u0159i z\u00e1vislosti, z nich\u017e v\u0161echny jsou zastaral\u00e9, poznamenal Moore.<\/span><\/p>\n<p><span dir=\"auto\">Jin\u00fdmi slovy, oprava byla postavena na knihovn\u00e1ch, kter\u00e9 samotn\u00fd Google p\u0159estal udr\u017eovat. To je z\u00e1klad, kter\u00fd Brusel nyn\u00ed \u010dlensk\u00fdm st\u00e1t\u016fm na\u0159izuje nasazovat v popula\u010dn\u00edm m\u011b\u0159\u00edtku.<\/span><\/p>\n<p><span dir=\"auto\">Jak\u00e1koli forma ov\u011b\u0159en\u00ed v\u011bku vy\u017eaduje propojen\u00ed skute\u010dn\u00e9 osoby s online akc\u00ed a toto propojen\u00ed mus\u00ed b\u00fdt n\u011bkde ulo\u017eeno. Centralizace tohoto propojen\u00ed v aplikaci schv\u00e1len\u00e9 Komis\u00ed, i kdy\u017e je navr\u017eena tak, aby se s platformami nesd\u00edlely \u017e\u00e1dn\u00e9 osobn\u00ed \u00fadaje, vytv\u00e1\u0159\u00ed jednotnou infrastrukturu, p\u0159es kterou miliony Evropan\u016f sm\u011bruj\u00ed svou identitu pro p\u0159\u00edstup k b\u011b\u017en\u00fdm webov\u00fdm str\u00e1nk\u00e1m.<\/span><\/p>\n<p><span dir=\"auto\">Platformy dost\u00e1vaj\u00ed odpov\u011b\u010f ano nebo ne. Aplikace, za\u0159\u00edzen\u00ed a certifika\u010dn\u00ed autorita, kter\u00e1 za n\u00edm stoj\u00ed, toho v\u011bd\u00ed v\u00edc.<\/span><\/p>\n<p><span dir=\"auto\">Ot\u00e1zkou je tak\u00e9, k \u010demu bude aplikace slou\u017eit, a\u017e bude existovat. Komise syst\u00e9m p\u0159edstavila jako zp\u016fsob, jak vynutit minim\u00e1ln\u00ed v\u011bkov\u00e9 limity na soci\u00e1ln\u00edch s\u00edt\u00edch, p\u0159i\u010dem\u017e zem\u011b jako \u0158ecko se chystaj\u00ed v p\u0159\u00ed\u0161t\u00edm roce vylou\u010dit osoby mlad\u0161\u00ed 15 let z hlavn\u00edch platforem.<\/span><\/p>\n<p><span dir=\"auto\">Jakmile jsou v\u0161ak koleje polo\u017eeny, stejn\u00e1 infrastruktura m\u016f\u017ee kontrolovat i dal\u0161\u00ed prahov\u00e9 hodnoty: zda jste dostate\u010dn\u011b sta\u0159\u00ed na p\u0159\u00edstup k \u0161ifrovan\u00fdm zpr\u00e1v\u00e1m, hazardn\u00edm hr\u00e1m nebo zpr\u00e1v\u00e1m, kter\u00e9 by budouc\u00ed vl\u00e1da mohla pova\u017eovat za v\u011bkov\u011b omezen\u00e9. Aplikace ov\u011b\u0159uje va\u0161e charakteristiky. Seznam charakteristik, kter\u00e9 stoj\u00ed za ov\u011b\u0159ov\u00e1n\u00ed, nekon\u010d\u00ed u \u201estar\u0161\u00ed 18 let\u201c.<\/span><\/p>\n<p><span dir=\"auto\">P\u0159edsedkyn\u011b Komise Ursula von der Leyenov\u00e1 vyu\u017eila spu\u0161t\u011bn\u00ed k vyv\u00edjen\u00ed tlaku na platformy. \u201eOnline platformy se mohou bez probl\u00e9m\u016f spolehnout na na\u0161i aplikaci pro ov\u011b\u0159ov\u00e1n\u00ed v\u011bku. Tak\u017ee u\u017e neexistuj\u00ed \u017e\u00e1dn\u00e9 v\u00fdmluvy,\u201c \u0159ekla.<\/span><\/p>\n<p><span dir=\"auto\">Z\u00e1kon o cenzu\u0159e v r\u00e1mci z\u00e1kona o digit\u00e1ln\u00edch slu\u017eb\u00e1ch ve skute\u010dnosti nevy\u017eaduje, aby platformy pou\u017e\u00edvaly aplikaci EU. Vy\u017eaduje od nich efektivn\u00ed ov\u011b\u0159ov\u00e1n\u00ed v\u011bku a ponech\u00e1v\u00e1 jim mo\u017enost pou\u017e\u00edvat vlastn\u00ed syst\u00e9my, pokud tyto syst\u00e9my funguj\u00ed. Tlak Komise si klade za c\u00edl, aby se jej\u00ed vlastn\u00ed produkt stal cestou nejmen\u0161\u00edho odporu, tedy mo\u017enost\u00ed, po kter\u00e9 by \u00fa\u0159edn\u00edk pro dodr\u017eov\u00e1n\u00ed p\u0159edpis\u016f s\u00e1hl jako prvn\u00ed.<\/span><\/p>\n<\/div>\n<\/div>\n<div class=\"elementor-element elementor-element-8c57238 quelle dc-has-condition dc-condition-empty elementor-widget elementor-widget-heading\" data-id=\"8c57238\" data-element_type=\"widget\" data-e-type=\"widget\" data-widget_type=\"heading.default\">\n<div class=\"elementor-widget-container\">\n<h3 class=\"elementor-heading-title elementor-size-default\"><span style=\"font-size: 10pt;\"><a href=\"https:\/\/reclaimthenet.org\/eu-pushes-age-verification-app-for-all-states\" target=\"_blank\" rel=\"nofollow noopener\"><span dir=\"auto\">Zdroj<\/span><\/a><\/span><\/h3>\n<p>&nbsp;<\/p>\n<\/div>\n<\/div>\n","protected":false},"excerpt":{"rendered":"<p>EU prosazuje aplikaci pro ov\u011b\u0159ov\u00e1n\u00ed v\u011bku pro v\u0161echny \u010dlensk\u00e9 st\u00e1ty Brusel chce, aby ka\u017ed\u00fd \u010dlensk\u00fd&#8230;<\/p>\n","protected":false},"author":2,"featured_media":105610,"comment_status":"closed","ping_status":"closed","sticky":false,"template":"","format":"standard","meta":[],"categories":[7],"tags":[41,647,4706],"_links":{"self":[{"href":"https:\/\/www.infokuryr.cz\/n\/wp-json\/wp\/v2\/posts\/105609"}],"collection":[{"href":"https:\/\/www.infokuryr.cz\/n\/wp-json\/wp\/v2\/posts"}],"about":[{"href":"https:\/\/www.infokuryr.cz\/n\/wp-json\/wp\/v2\/types\/post"}],"author":[{"embeddable":true,"href":"https:\/\/www.infokuryr.cz\/n\/wp-json\/wp\/v2\/users\/2"}],"replies":[{"embeddable":true,"href":"https:\/\/www.infokuryr.cz\/n\/wp-json\/wp\/v2\/comments?post=105609"}],"version-history":[{"count":0,"href":"https:\/\/www.infokuryr.cz\/n\/wp-json\/wp\/v2\/posts\/105609\/revisions"}],"wp:featuredmedia":[{"embeddable":true,"href":"https:\/\/www.infokuryr.cz\/n\/wp-json\/wp\/v2\/media\/105610"}],"wp:attachment":[{"href":"https:\/\/www.infokuryr.cz\/n\/wp-json\/wp\/v2\/media?parent=105609"}],"wp:term":[{"taxonomy":"category","embeddable":true,"href":"https:\/\/www.infokuryr.cz\/n\/wp-json\/wp\/v2\/categories?post=105609"},{"taxonomy":"post_tag","embeddable":true,"href":"https:\/\/www.infokuryr.cz\/n\/wp-json\/wp\/v2\/tags?post=105609"}],"curies":[{"name":"wp","href":"https:\/\/api.w.org\/{rel}","templated":true}]}}