{"id":105602,"date":"2026-04-30T05:53:52","date_gmt":"2026-04-30T03:53:52","guid":{"rendered":"https:\/\/www.infokuryr.cz\/n\/?p=105602"},"modified":"2026-04-30T05:53:52","modified_gmt":"2026-04-30T03:53:52","slug":"michael-svatos-nova-ruska-strategie-bohoduchovsky-kruh-smrti-251-km2%e2%80%b3-a-strategie-vylidnit-svedsko","status":"publish","type":"post","link":"https:\/\/www.infokuryr.cz\/n\/2026\/04\/30\/michael-svatos-nova-ruska-strategie-bohoduchovsky-kruh-smrti-251-km2%e2%80%b3-a-strategie-vylidnit-svedsko\/","title":{"rendered":"Michael Svato\u0161: Nov\u00e1 rusk\u00e1 strategie \u2013 \u201cBohoduchovsk\u00fd kruh smrti\u201d \u2013 251 km2\u2033, a strategie \u201cvylidnit \u0160v\u00e9dsko\u201d"},"content":{"rendered":"<div id=\"fb-root\"><\/div>\n<p>V\u010dera Vladim\u00edr Putin zatelefonoval Donaldu Trumpovi, a mimo vyj\u00e1d\u0159en\u00ed sv\u00e9 up\u0159\u00edmn\u00e9 radosti, \u017ee americk\u00fd prezident zase \u0161\u0165astn\u011b p\u0159e\u017eil dal\u0161\u00ed pokus o atent\u00e1t,\u00a0<a href=\"https:\/\/www.kp.ru\/daily\/277779.5\/5242984\/\">mu sd\u011blil<\/a>, \u017ee \u201c<em>c\u00edl\u016f Speci\u00e1ln\u00ed vojensk\u00e9 operace proti Ukrajin\u011b bude dosa\u017eeno<\/em>\u201c, a \u017ee \u201c<em>metody kyjevsk\u00e9ho re\u017eimu se st\u00e1vaj\u00ed st\u00e1le nebezpe\u010dn\u011bj\u0161\u00edmi<\/em>\u201c, a \u017ee \u201c<em>ukrajinsk\u00e1 vl\u00e1da se uchyluje k otev\u0159en\u00e9mu teroru a \u00fato\u010d\u00ed na civiln\u00ed c\u00edle na rusk\u00e9m \u00fazem\u00ed<\/em>\u201c. D\u00e1le se pr\u00fd oba st\u00e1tn\u00edci podle ofici\u00e1ln\u00ed rusk\u00e9 verze rozhovoru shodli, \u017ee \u201c<em>Ukrajina u\u017e v\u00e1lku fakticky prohr\u00e1la<\/em>\u201c, a \u017ee \u201c<em>Kyjev se sna\u017e\u00ed s podporou Evropsk\u00e9 Unie v\u00e1lku zbyte\u010dn\u011b protahovat<\/em>\u201c. A Putin k tomu su\u0161e poznamenal, \u201c<em>\u017ee by nejrad\u011bji ukon\u010dil v\u00e1lku diplomaticky, ale to by musel Zelenskyj v\u0161echny jeho n\u00e1vrhy p\u0159ijmout.<\/em>\u201c. A Trump poznamenal, \u017ee vyhl\u00e1sit p\u0159\u00edm\u011b\u0159\u00ed u p\u0159\u00edle\u017eitosti oslav dne spole\u010dn\u00e9ho V\u00edt\u011bzstv\u00ed obou mocnost\u00ed nad n\u011bmeck\u00fdm nacismem, (a ukrajinsk\u00fdm banderismem), jak navrhuje Putin, \u201c<em>aktivn\u011b podporuje<\/em>\u201c.<\/p>\n<p>Vladim\u00edr Putin tak v\u010dera v podstat\u011b jen potvrdil, jak vyj\u00e1d\u0159il p\u0159ed p\u00e1r dny Sergej Lavrov, \u017ee \u201c<em>Ukrajina odevzd\u00e1 v\u0161echna \u00fazem\u00ed, kter\u00e9 Rusov\u00e9 po\u017eaduj\u00ed<\/em>\u201c, a \u017ee \u201c<em>zbytek Ukrajiny p\u0159ijme takov\u00e9 podm\u00ednky, aby z\u016fstal ve sf\u00e9\u0159e rusk\u00e9 civilizace<\/em>\u201c. Na c\u00edlech Putinovy SVO se tak ani za 1526 dn\u016f boj\u016f p\u0159es usilovnou snahu Bruselu absolutn\u011b nic nezm\u011bnilo. A bude zaj\u00edmav\u00e9 pod\u00edvat se, jak asi Rusov\u00e9 hodlaj\u00ed sv\u00fdch c\u00edl\u016f dos\u00e1hnout, kdy\u017e Zelenskyj navrhovanou kapitulaci nepodep\u00ed\u0161e.<\/p>\n<h3>(1) Bohoduchovsk\u00fd kruh smrti (plocha 251 kilometr\u016f \u010dtvere\u010dn\u00edch) a strategie \u201cvylidnit \u0160v\u00e9dsko\u201d!<\/h3>\n<div id=\"attachment_24926\" class=\"wp-caption aligncenter\" style=\"width: 1002px;\"><img decoding=\"async\" loading=\"lazy\" class=\" wp-image-24926\" src=\"https:\/\/www.michalapetr.com\/wp-content\/uploads\/2026\/04\/photo_2026-04-29_20-21-15.png\" sizes=\"(max-width: 2560px) 100vw, 2560px\" srcset=\"https:\/\/www.michalapetr.com\/wp-content\/uploads\/2026\/04\/photo_2026-04-29_20-21-15.png 2560w, https:\/\/www.michalapetr.com\/wp-content\/uploads\/2026\/04\/photo_2026-04-29_20-21-15-300x202.png 300w, https:\/\/www.michalapetr.com\/wp-content\/uploads\/2026\/04\/photo_2026-04-29_20-21-15-1030x692.png 1030w, https:\/\/www.michalapetr.com\/wp-content\/uploads\/2026\/04\/photo_2026-04-29_20-21-15-768x516.png 768w, https:\/\/www.michalapetr.com\/wp-content\/uploads\/2026\/04\/photo_2026-04-29_20-21-15-1536x1032.png 1536w, https:\/\/www.michalapetr.com\/wp-content\/uploads\/2026\/04\/photo_2026-04-29_20-21-15-2048x1376.png 2048w, https:\/\/www.michalapetr.com\/wp-content\/uploads\/2026\/04\/photo_2026-04-29_20-21-15-1500x1008.png 1500w, https:\/\/www.michalapetr.com\/wp-content\/uploads\/2026\/04\/photo_2026-04-29_20-21-15-705x474.png 705w, https:\/\/www.michalapetr.com\/wp-content\/uploads\/2026\/04\/photo_2026-04-29_20-21-15-450x302.png 450w\" alt=\"\" width=\"1002\" height=\"673\" aria-describedby=\"caption-attachment-24926\" \/><\/p>\n<p id=\"caption-attachment-24926\" class=\"wp-caption-text\" style=\"text-align: justify;\">Bohoduchovsk\u00fd kruh smrti m\u00e1 pr\u016fm\u011br 40km, plochu 251km2, a nach\u00e1z\u00ed se z\u00e1padn\u011b od ukrajinsk\u00e9ho m\u011bsta Charkov. V jeho centru le\u017e\u00ed mal\u00e9 bezv\u00fdznamn\u00e9 m\u011bste\u010dko Bohoduchov, (ikona dronu ve \u017elut\u00e9m kruhu), a na n\u011bj u\u017e n\u011bkolik dn\u00ed \u00fato\u010d\u00ed p\u0159es 50 rusk\u00fdch dron\u016f \u201c\u0160\u00e1hid\u201d denn\u011b. Cel\u00fd prostor kruhu u\u017e je tak\u0159ka zbaven v\u0161\u00ed civilizace. Rusk\u00e9 drony u\u017e v n\u011bm vyp\u00e1lily v\u0161echny benz\u00ednov\u00e9 pumpy, bankovn\u00ed pobo\u010dky, obchody i trafostanice. Pro\u010d? V\u00edce v anal\u00fdze.<\/p>\n<\/div>\n<p>M\u011bsto\u00a0<a href=\"https:\/\/cs.wikipedia.org\/wiki\/Bohoduchiv\">Bohoduchov<\/a>\u00a0(15 000 obyvatel)\u00a0<a href=\"https:\/\/2day.kh.ua\/ua\/kharkow\/bohodukhiv-u-vohni-navishcho-rosiyany-pochaly-znyshchuvaty-misto\">za\u017eilo tento t\u00fdden zu\u0159ivou smr\u0161\u0165 rusk\u00fdch dron\u016f<\/a>, kter\u00e9 ni\u010dily v\u0161e, v\u010detn\u011b soukrom\u00fdch dom\u016f. M\u011bsto le\u017e\u00ed na p\u016fl cesty mezi Charkovem a m\u011bstem Sumy. Ve m\u011bst\u011b vypukla v d\u016fsledk\u016f t\u011bchto \u00fatok\u016f panika, a Kyjevsk\u00e1 brann\u00e1 moc proto vyz\u00fdvala tamn\u00ed ob\u010dany, aby nezve\u0159ej\u0148ovali n\u00e1sledky rusk\u00fdch \u00fatok\u016f na m\u011bsto na soci\u00e1ln\u00edch s\u00edt\u00edch, a sna\u017eila se je uklidnit tvrzen\u00edmi, \u017ee Rusov\u00e9 \u017e\u00e1dn\u00fd \u00fatok na m\u011bsto nechystaj\u00ed.<\/p>\n<p>Opak bude z\u0159ejm\u011b pravdou. Rusk\u00e9 pozemn\u00ed \u00fatoky na podobn\u00e1 m\u011bsta Charkovsk\u00e9 oblasti \u2013 Vol\u010dansk, (u\u017e kompletn\u011b srovn\u00e1n se zem\u00ed a \u201cosvobozen), i na Kupjansk, (t\u00e9m\u011b\u0159 srovn\u00e1n se zem\u00ed, a nedlouho p\u0159ed \u201cosvobozen\u00edm\u201d), za\u010daly p\u0159esn\u011b podobnou smr\u0161t\u00ed dron\u016f a bomb. Co sou\u010dasn\u00fd \u00fatok na Bohoduchov odli\u0161uje od \u00fatok\u016f na Vol\u010dansk i Kupjansk, je masivn\u00ed metodick\u00e9 ni\u010den\u00ed v\u0161ech benz\u00ednov\u00fdch pump, obchod\u016f, trafostanic, sklad\u016f, podnik\u016f a dom\u016f v kruhu 40km okolo m\u011bsta.<\/p>\n<p>Krom vyvol\u00e1n\u00ed paniky a \u00fat\u011bku obyvatelstva se Rusov\u00e9 sna\u017e\u00ed celou oblast v kruhu zbavit v\u0161eho, co by potenci\u00e1ln\u00ed ukrajinsk\u00fdm obr\u00e1nc\u016fm kruhu mohlo poskytnout pohonn\u00e9 hmoty, potraviny, elekt\u0159inu, vodu, nebo \u00fakryty. Rusk\u00e1 snaha je zjevn\u011b zam\u011b\u0159ena na zamezen\u00ed ve\u0161ker\u00fdch logistick\u00fdch z\u00e1sobovac\u00edch operac\u00ed Ukrajinc\u016f v prostoru tohoto kruhu mezi m\u011bsty Charkov a Sumy. Z\u00e1rove\u0148 Rusov\u00e9 c\u00edl\u00ed na rozvrat ve\u0161ker\u00e9ho zem\u011bd\u011blstv\u00ed v oblasti.<\/p>\n<p>Tuto novou ruskou v\u00e1le\u010dnou taktiku uplat\u0148ovanou nyn\u00ed v Bohoduchovsk\u00e9m kruhu m\u016f\u017eeme p\u0159irovnat k taktice sp\u00e1len\u00e9 zem\u011b praktikovan\u00e9 ustupuj\u00edc\u00edmi nacistick\u00fdmi vojsky za II. sv\u011btov\u00e9 v\u00e1lky. Zat\u00edmco c\u00edlem nacist\u016f bylo zbavit Spojence mo\u017enost\u00ed na osvobozen\u00e9m \u00fazem\u00ed rychle vybudovat sklady, pou\u017e\u00edvat cesty a \u017eeleznice, a pokra\u010dovat tak v pron\u00e1sledov\u00e1n\u00ed ustupuj\u00edc\u00edho Wehrmachtu, tak c\u00edlem nov\u00e9 rusk\u00e9 taktiky sp\u00e1len\u00e9 zem\u011b je zbavit ukrajinsk\u00e9 obr\u00e1nce mo\u017enosti v\u00e9st v tomto sp\u00e1len\u00e9m prostoru obrann\u00e9 operace, a to vyp\u00e1len\u00edm v\u0161\u00ed k tomu pot\u0159ebn\u00e9 infrastruktury. Ukrajinsk\u00e1 arm\u00e1da trp\u00ed na frontov\u00e9 linii hlady, a nedostatkem elekt\u0159iny i pohonn\u00fdch hmot. Hladov\u00ed ukrajin\u0161t\u00ed voj\u00e1ci jsou, jak p\u0159iznala tento t\u00fdden Kyjevsk\u00e1 soldateska, realita boji\u0161t\u011b ovl\u00e1dan\u00e9ho drony. Prov\u00e9st v prostoru budouc\u00ed \u00fato\u010dn\u00e9 operace pomoc\u00ed dron\u016f \u00fato\u010dn\u00edkovu operaci sp\u00e1len\u00e1 zem\u011b je tak vysoce logick\u00e9, a zcela zapad\u00e1 do metodick\u00fdch postup\u016f gener\u00e1la Gerasimova. Vedlej\u0161\u00ed efekt \u2013 zni\u010den\u00ed v\u0161\u00ed ekonomiky na prostoru 251km2, nen\u00ed tak\u00e9 zanedbateln\u00fd.<\/p>\n<div id=\"attachment_24933\" class=\"wp-caption aligncenter\" style=\"width: 1009px;\"><img decoding=\"async\" loading=\"lazy\" class=\" wp-image-24933\" src=\"https:\/\/www.michalapetr.com\/wp-content\/uploads\/2026\/04\/photo_2026-04-28_21-40-15.png\" sizes=\"(max-width: 2560px) 100vw, 2560px\" srcset=\"https:\/\/www.michalapetr.com\/wp-content\/uploads\/2026\/04\/photo_2026-04-28_21-40-15.png 2560w, https:\/\/www.michalapetr.com\/wp-content\/uploads\/2026\/04\/photo_2026-04-28_21-40-15-300x202.png 300w, https:\/\/www.michalapetr.com\/wp-content\/uploads\/2026\/04\/photo_2026-04-28_21-40-15-1030x692.png 1030w, https:\/\/www.michalapetr.com\/wp-content\/uploads\/2026\/04\/photo_2026-04-28_21-40-15-768x516.png 768w, https:\/\/www.michalapetr.com\/wp-content\/uploads\/2026\/04\/photo_2026-04-28_21-40-15-1536x1032.png 1536w, https:\/\/www.michalapetr.com\/wp-content\/uploads\/2026\/04\/photo_2026-04-28_21-40-15-2048x1376.png 2048w, https:\/\/www.michalapetr.com\/wp-content\/uploads\/2026\/04\/photo_2026-04-28_21-40-15-1500x1008.png 1500w, https:\/\/www.michalapetr.com\/wp-content\/uploads\/2026\/04\/photo_2026-04-28_21-40-15-705x474.png 705w, https:\/\/www.michalapetr.com\/wp-content\/uploads\/2026\/04\/photo_2026-04-28_21-40-15-450x302.png 450w\" alt=\"\" width=\"1009\" height=\"678\" aria-describedby=\"caption-attachment-24933\" \/><\/p>\n<p id=\"caption-attachment-24933\" class=\"wp-caption-text\" style=\"text-align: justify;\">Obdobnou operaci jako proti Bohoduchovsk\u00e9mu kruhu prov\u00e1d\u011bj\u00ed Rusov\u00e9 u\u017e del\u0161\u00ed dobu i proti prostoru ji\u017en\u011b od Vol\u010danska, (\u017elut\u00fd kruh), i proti prostoru z\u00e1padn\u011b od Kupjanska. V obou t\u011bchto prostorech trp\u00ed ukrajin\u0161t\u00ed voj\u00e1ci hlady, a nemaj\u00ed \u010d\u00edm bojovat, proto\u017ee rusk\u00e9 drony cel\u00e9 jejich obrann\u00e9 p\u00e1smo izolovaly od v\u0161eho z\u00e1sobov\u00e1n\u00ed, a jedin\u00e9 z\u00e1sobovan\u00ed je tak mo\u017en\u00e9 drony, a to ov\u0161em zdaleka nesta\u010d\u00ed.<\/p>\n<\/div>\n<p>Pokud Zelenskyj nekapituluje, bude ho muset Putin ke kapitulaci n\u011bjak p\u0159inutit, nebo slevit ze sv\u00fdch podm\u00ednek. Odmysl\u00edme-li si jadern\u00e9 \u00fadery, je vp\u00e1d do prostoru Bohoduchovsk\u00e9ho kruhu, kter\u00fd se nach\u00e1z\u00ed m\u00edrn\u011b severoz\u00e1padn\u011b od Charkova, se sou\u010dasn\u00fdm \u00fatokem z osvobozen\u00e9ho m\u011bsta Vol\u010dansk, kter\u00e9 se nach\u00e1z\u00ed m\u00edrn\u011b severov\u00fdchodn\u011b od Charkova, vysoce logick\u00fd, proto\u017ee uzav\u00edr\u00e1 pomoc\u00ed dron\u016f celou logistiku i z\u00e1sobov\u00e1n\u00ed energiemi milionov\u00e9m Charkovu. Nav\u00edc Charkov je star\u00e9 rusk\u00e9 \u00fazem\u00ed, a to nemus\u00ed b\u00fdt ned\u016fle\u017eit\u00e9.<\/p>\n<div id=\"attachment_24935\" class=\"wp-caption aligncenter\" style=\"width: 695px;\"><img decoding=\"async\" loading=\"lazy\" class=\" wp-image-24935\" src=\"https:\/\/www.michalapetr.com\/wp-content\/uploads\/2026\/04\/125342025_tass_53211912.jpg\" sizes=\"(max-width: 800px) 100vw, 800px\" srcset=\"https:\/\/www.michalapetr.com\/wp-content\/uploads\/2026\/04\/125342025_tass_53211912.jpg 800w, https:\/\/www.michalapetr.com\/wp-content\/uploads\/2026\/04\/125342025_tass_53211912-300x169.jpg 300w, https:\/\/www.michalapetr.com\/wp-content\/uploads\/2026\/04\/125342025_tass_53211912-768x432.jpg 768w, https:\/\/www.michalapetr.com\/wp-content\/uploads\/2026\/04\/125342025_tass_53211912-705x397.jpg 705w, https:\/\/www.michalapetr.com\/wp-content\/uploads\/2026\/04\/125342025_tass_53211912-450x253.jpg 450w\" alt=\"\" width=\"695\" height=\"391\" aria-describedby=\"caption-attachment-24935\" \/><\/p>\n<p id=\"caption-attachment-24935\" class=\"wp-caption-text\" style=\"text-align: justify;\">Vladim\u00edr Putin p\u0159ipomn\u011bl, \u017ee v\u00e1lka Petra I proti \u0160v\u00e9dsku za \u201cnavr\u00e1cen\u00ed rusk\u00fdch \u00fazem\u00ed Rusku\u201d trvala 21 let, a \u017ee nyn\u00ed se historie opakuje a Rusko vede op\u011bt v\u00e1lku \u201cza navr\u00e1cen\u00ed rusk\u00fdch \u00fazem\u00ed Rusku\u201d. V\u00edce v anal\u00fdze.<\/p>\n<\/div>\n<p>Tzv. \u201cSevern\u00ed v\u00e1lka\u201d v letech 1700 a\u017e 1721, na n\u00ed\u017e se Putin tak r\u00e1d odkazuje, m\u011bla v letech 1720 a\u017e 1721 pr\u016fb\u011bh n\u00e1padn\u011b podobn\u00fd sou\u010dasn\u00e9 v\u00e1lce na Ukrajin\u011b. Po slavn\u00e9 velk\u00e9 por\u00e1\u017ece \u0160v\u00e9d\u016f a Ukrajinc\u016f v bitv\u011b u Poltavy 8. \u010dervence 1709 Petr I postupn\u011b \u0160v\u00e9dy vytla\u010dil z Finska, Estonska, Loty\u0161ska, Litvy, a ze severon\u011bmeck\u00e9ho pob\u0159e\u017e\u00ed, v\u00e1lka byla defacto rozhodnut\u00e1, le\u010d \u0160v\u00e9dov\u00e9 st\u00e1le odm\u00edtali v\u0161echny rusk\u00e9 m\u00edrov\u00e9 n\u00e1vrhy, a spol\u00e9hali se na z\u00e1chranu od Velk\u00e9 Brit\u00e1nie, s n\u00ed\u017e 9. listopadu 1719 uzav\u0159eli spojeneckou smlouvu. Britsk\u00e9 lo\u010fstvo u\u017e dokonce vplulo do Baltsk\u00e9ho mo\u0159e, a za\u010dalo v\u00fdhru\u017en\u011b man\u00e9vrovat proti rusk\u00e9mu lo\u010fstvu, kdykoli hrozilo zni\u010den\u00ed \u0161v\u00e9dsk\u00e9ho lo\u010fstva. Hrozilo, \u017ee se k t\u00e9to nov\u00e9 protirusk\u00e9 koalici \u0160v\u00e9dsko, Hannover a Brit\u00e1nie p\u0159id\u00e1 i Francie, a dal\u0161\u00ed severon\u011bmeck\u00e9 zem\u011b. Britsk\u00e1 diplomacie \u00fasp\u011b\u0161n\u011b \u201cp\u0159esv\u011bd\u010dila\u201d dosavadn\u00ed spojence Ruska ve v\u00e1lce proti \u0160v\u00e9dsku, aby se \u0160v\u00e9dskem uzav\u0159ely separ\u00e1tn\u00ed m\u00edr \u2013 7. ledna separ\u00e1tn\u00ed m\u00edr uzav\u0159elo Sasko a Polsko, 1.\u00fanora Prusko odm\u011bnou za Pomo\u0159ansko, a 14. \u010dervence D\u00e1nsko za \u00faplatu, mali\u010dk\u00e9 \u00fazem\u00ed ve \u0160lesvicko-Hol\u0161t\u00fdnsku, a hlavn\u011b za povolen\u00ed vyb\u00edrat cla od \u0161v\u00e9dsk\u00fdch lod\u00ed proplouvaj\u00edc\u00edch pr\u016flivem mezi D\u00e1nskem a \u0160v\u00e9dskem.<\/p>\n<div id=\"attachment_24937\" class=\"wp-caption aligncenter\" style=\"width: 415px;\"><img decoding=\"async\" loading=\"lazy\" class=\" wp-image-24937\" src=\"https:\/\/www.michalapetr.com\/wp-content\/uploads\/2026\/04\/Apraxin.jpg\" sizes=\"(max-width: 339px) 100vw, 339px\" srcset=\"https:\/\/www.michalapetr.com\/wp-content\/uploads\/2026\/04\/Apraxin.jpg 339w, https:\/\/www.michalapetr.com\/wp-content\/uploads\/2026\/04\/Apraxin-221x300.jpg 221w\" alt=\"\" width=\"415\" height=\"563\" aria-describedby=\"caption-attachment-24937\" \/><\/p>\n<p id=\"caption-attachment-24937\" class=\"wp-caption-text\" style=\"text-align: justify;\">Fjodor Apraskin, gener\u00e1l Petra I, a hlavn\u00ed strat\u00e9g \u0161okuj\u00edc\u00ed por\u00e1\u017eky protirusk\u00e9 koalice \u0160v\u00e9dska a Velk\u00e9 Brit\u00e1nie v roce 1721.<\/p>\n<\/div>\n<p>Petr I v roce 1720, v reakci na pokus Velk\u00e9 Brit\u00e1nie zachr\u00e1nit \u0160v\u00e9dsko p\u0159ed nevyhnutelnou por\u00e1\u017ekou v Severn\u00ed v\u00e1lce, a vytvo\u0159it novou z\u00e1padn\u00ed protiruskou v\u00e1le\u010dnou alianci, kter\u00e1 by prodlou\u017eila v\u00e1lku proti Rusku, na\u0159\u00eddil sv\u00fdm gener\u00e1l\u016fm\u00a0<a href=\"https:\/\/ru.wikipedia.org\/wiki\/%D0%90%D0%BF%D1%80%D0%B0%D0%BA%D1%81%D0%B8%D0%BD,_%D0%A4%D1%91%D0%B4%D0%BE%D1%80_%D0%9C%D0%B0%D1%82%D0%B2%D0%B5%D0%B5%D0%B2%D0%B8%D1%87\">Fjodoru Apraskinu<\/a>\u00a0a Ivanu von Mengden, aby okam\u017eit\u011b vyp\u00e1lili do z\u00e1klad\u016f v\u0161echna \u0161v\u00e9dsk\u00e1 p\u0159\u00edstavn\u00ed m\u011bsta, a cel\u00e9 \u0161v\u00e9dsk\u00e9 pob\u0159e\u017e\u00ed d\u016fkladn\u011b zpusto\u0161ili a vylidnili. Jak na\u0159\u00eddil, tak se i stalo. (<a href=\"https:\/\/sv.wikipedia.org\/wiki\/Ryssh%C3%A4rjningarna\">Podrobn\u011b zde<\/a>.) A za rok 10. z\u00e1\u0159\u00ed 1721 u\u017e \u0160v\u00e9dsko podepsalo tzv.\u00a0<a href=\"https:\/\/ru.wikipedia.org\/wiki\/%D0%9D%D0%B8%D1%88%D1%82%D0%B0%D0%B4%D1%82%D1%81%D0%BA%D0%B8%D0%B9_%D0%BC%D0%B8%D1%80%D0%BD%D1%8B%D0%B9_%D0%B4%D0%BE%D0%B3%D0%BE%D0%B2%D0%BE%D1%80\">Nystadskou smlouvu<\/a>, a v n\u00ed Rusku odevzdalo Ingrii, Estonsko, Loty\u0161ssko, i \u010d\u00e1sti \u00fazem\u00ed na sever od Petrohradu.<\/p>\n<p>Tato\u00a0<a href=\"https:\/\/ru.wikipedia.org\/wiki\/%D0%A1%D0%B5%D0%B2%D0%B5%D1%80%D0%BD%D0%B0%D1%8F_%D0%B2%D0%BE%D0%B9%D0%BD%D0%B0\">Severn\u00ed v\u00e1lka<\/a>\u00a0trvala 21 let. A Petr I v jej\u00edm konci na hrozbu nov\u00e9 v\u00e1le\u010dn\u00e9 aliance proti Rusku zareagoval mimo\u0159\u00e1dn\u011b chladnokrevn\u011b a brut\u00e1ln\u011b. Vladim\u00edr Putin v\u010dera potvrdil Donaldu Trumpovi, \u017ee c\u00edle v\u00e1lky proti Ukrajin\u011b se nezm\u011bnily, a Zelenskyj je bu\u010f podep\u00ed\u0161e dobrovoln\u011b, a nebo bude k jejich podpisu donucen ruskou arm\u00e1dou. A nen\u00ed tak od v\u011bci na z\u00e1v\u011br\u00a0<a href=\"https:\/\/www.bbc.com\/russian\/news-61749842\">citovat Vladim\u00edra Putina<\/a>:<\/p>\n<p><em>\u201cSkute\u010dnost, \u017ee se (nyn\u00ed) mus\u00edme br\u00e1nit, a bojovat za to, (co je na\u0161e), je z\u0159ejm\u00e1 v\u011bc. Pr\u00e1v\u011b jsem byl na v\u00fdstav\u011b v\u011bnovan\u00e9 350. v\u00fdro\u010d\u00ed Petra Velik\u00e9ho. T\u00e9m\u011b\u0159 nic se (za tu dobu) nezm\u011bnilo. \u00da\u017easn\u00e9! Petr Velik\u00fd vedl severn\u00ed v\u00e1lku 21 let. Zd\u00e1 se, \u017ee bojoval se \u0160v\u00e9dskem, a n\u011bco si vzal\u2026 Nic si nevzal! Vr\u00e1til to! Ano, to je pravda! Tam, kde byl zalo\u017een Petrohrad \u2013 kdy\u017e zalo\u017eil nov\u00e9 hlavn\u00ed m\u011bsto \u2013 ani jedna evropsk\u00e1 zem\u011b neuznala toto \u00fazem\u00ed za rusk\u00e9, v\u0161echny ho uznaly za \u0161v\u00e9dsk\u00e9. Ale od nepam\u011bti tam \u017eili Slovan\u00e9 po boku ugrofinsk\u00fdch n\u00e1rod\u016f, a toto \u00fazem\u00ed bylo pod kontrolou rusk\u00e9ho st\u00e1tu. Tot\u00e9\u017e plat\u00ed i z\u00e1padn\u00edm sm\u011brem. To se t\u00fdk\u00e1 i Narvy (dnes Estonsko) \u2013 jeho prvn\u00ed ta\u017een\u00ed. Pro\u010d tam \u0161el? Vr\u00e1til ji. A opevnil ji. To ud\u011blal.\u201d<\/em><\/p>\n<h3>(2) Z\u00e1v\u011br<\/h3>\n<p>Vladim\u00edr Putin v\u010dera potvrdil, \u017ee c\u00edl\u016f Speci\u00e1ln\u00ed vojensk\u00e9 operace proti Ukrajin\u011b bude dosa\u017eeno, bu\u010f diplomaticky nebo vojensky, ale bude.<\/p>\n<p>Vladim\u00edr Putin v\u00e1lku proti Ukrajin\u011b r\u00e1d p\u0159irovn\u00e1v\u00e1 k Severn\u00ed v\u00e1lce Petra Velik\u00e9ho proti \u0160v\u00e9dsku. A tato v\u00e1lka skon\u010dila brut\u00e1ln\u00edm uplatn\u011bn\u00edm taktiky \u201csp\u00e1len\u00e9 zem\u011b\u201d proti \u0161v\u00e9dsk\u00e9mu pob\u0159e\u017e\u00ed, a to v dob\u011b, kdy tato v\u00e1lka u\u017e byla definitivn\u011b rozhodnuta v rusk\u00fd prosp\u011bch, ale \u0160v\u00e9dsko se st\u00e1le je\u0161t\u011b zdr\u00e1halo p\u0159ijmout pom\u011brn\u011b velkorys\u00fd m\u00edr, proto\u017ee doufalo, \u017ee Velk\u00e1 Brit\u00e1nie vytvo\u0159\u00ed novou protiruskou v\u00e1le\u010dnou alianci, a ta vstoup\u00ed do v\u00e1lky, a Rusko v n\u00ed poraz\u00ed, a za\u017eene zp\u011bt, a donut\u00ed zaplatit reparace.<\/p>\n<p>Nyn\u00ed Rusko vytv\u00e1\u0159\u00ed \u201cBohoduchovsk\u00fd kruh smrti\u201d, a hroz\u00ed dal\u0161\u00ed eskalac\u00ed \u201ctaktiky sp\u00e1len\u00e9 zem\u011b\u201d, pokud bude Evropa d\u00e1le podporovat Ukrajinu v jejich \u201cteroristick\u00fdch\u201d \u00fatoc\u00edch proti Rusku, a jeho civiln\u00edmu obyvatelstvu.<\/p>\n<p>V\u00e1lka tedy bude eskalovat, pokud Zelenskyj nekapituluje. Severn\u00ed v\u00e1lka v letech 1700 \u2013 1721 uk\u00e1zala, \u017ee na ka\u017edou dal\u0161\u00ed eskalaci Rusko, pokud m\u00e1 r\u00e1zn\u00e9ho v\u016fdce, reaguje agresivn\u011bji.<\/p>\n<p><em>Dal\u0161\u00ed anal\u00fdza zase z\u00edtra. Biorytmy den-noc se mi kone\u010dn\u011b daly zase dohromady, d\u011bkuji za pochopen\u00ed.<\/em><\/p>\n<p><a href=\"https:\/\/www.michalapetr.com\/map-2590-nova-ruska-strategie-bohoduchovsky-kruh-smrti-251-km2-a-strategie-vylidnit-svedsko-analyza\/\">Michael Svato\u0161<\/a><\/p>\n<p><img decoding=\"async\" loading=\"lazy\" class=\"alignnone size-full wp-image-27204\" src=\"http:\/\/www.infokuryr.cz\/n\/wp-content\/uploads\/2023\/05\/Michael_Svatos.png\" alt=\"\" width=\"180\" height=\"180\" srcset=\"https:\/\/www.infokuryr.cz\/n\/wp-content\/uploads\/2023\/05\/Michael_Svatos.png 180w, https:\/\/www.infokuryr.cz\/n\/wp-content\/uploads\/2023\/05\/Michael_Svatos-150x150.png 150w\" sizes=\"(max-width: 180px) 100vw, 180px\" \/><\/p>\n<p>&nbsp;<\/p>\n","protected":false},"excerpt":{"rendered":"<p>V\u010dera Vladim\u00edr Putin zatelefonoval Donaldu Trumpovi, a mimo vyj\u00e1d\u0159en\u00ed sv\u00e9 up\u0159\u00edmn\u00e9 radosti, \u017ee americk\u00fd prezident&#8230;<\/p>\n","protected":false},"author":2,"featured_media":74261,"comment_status":"closed","ping_status":"closed","sticky":false,"template":"","format":"standard","meta":[],"categories":[6],"tags":[1042,102,22,1894,26],"_links":{"self":[{"href":"https:\/\/www.infokuryr.cz\/n\/wp-json\/wp\/v2\/posts\/105602"}],"collection":[{"href":"https:\/\/www.infokuryr.cz\/n\/wp-json\/wp\/v2\/posts"}],"about":[{"href":"https:\/\/www.infokuryr.cz\/n\/wp-json\/wp\/v2\/types\/post"}],"author":[{"embeddable":true,"href":"https:\/\/www.infokuryr.cz\/n\/wp-json\/wp\/v2\/users\/2"}],"replies":[{"embeddable":true,"href":"https:\/\/www.infokuryr.cz\/n\/wp-json\/wp\/v2\/comments?post=105602"}],"version-history":[{"count":0,"href":"https:\/\/www.infokuryr.cz\/n\/wp-json\/wp\/v2\/posts\/105602\/revisions"}],"wp:featuredmedia":[{"embeddable":true,"href":"https:\/\/www.infokuryr.cz\/n\/wp-json\/wp\/v2\/media\/74261"}],"wp:attachment":[{"href":"https:\/\/www.infokuryr.cz\/n\/wp-json\/wp\/v2\/media?parent=105602"}],"wp:term":[{"taxonomy":"category","embeddable":true,"href":"https:\/\/www.infokuryr.cz\/n\/wp-json\/wp\/v2\/categories?post=105602"},{"taxonomy":"post_tag","embeddable":true,"href":"https:\/\/www.infokuryr.cz\/n\/wp-json\/wp\/v2\/tags?post=105602"}],"curies":[{"name":"wp","href":"https:\/\/api.w.org\/{rel}","templated":true}]}}