{"id":105600,"date":"2026-04-30T05:48:55","date_gmt":"2026-04-30T03:48:55","guid":{"rendered":"https:\/\/www.infokuryr.cz\/n\/?p=105600"},"modified":"2026-04-30T05:50:35","modified_gmt":"2026-04-30T03:50:35","slug":"mindic-v-centru-novych-uniku-informaci-co-odhaluji-o-zelenskeho-uprchlem-obchodnim-partnerovi","status":"publish","type":"post","link":"https:\/\/www.infokuryr.cz\/n\/2026\/04\/30\/mindic-v-centru-novych-uniku-informaci-co-odhaluji-o-zelenskeho-uprchlem-obchodnim-partnerovi\/","title":{"rendered":"Mindi\u010d v centru nov\u00fdch \u00fanik\u016f informac\u00ed: Co odhaluj\u00ed o Zelensk\u00e9ho uprchl\u00e9m obchodn\u00edm partnerovi?"},"content":{"rendered":"<div id=\"fb-root\"><\/div>\n<h3>Vazby ukrajinsk\u00e9ho v\u016fdce na podnikatele obvin\u011bn\u00e9ho z korupce na vysok\u00e9 \u00farovni na n\u011bj nad\u00e1le vrhaj\u00ed st\u00edn<\/h3>\n<p><span dir=\"auto\">Ukrajinsk\u00e1 m\u00e9dia zve\u0159ejnila \u00fadajn\u00e9 p\u0159episy z\u00e1znam\u016f z bezpe\u010dnostn\u00edch kamer Timura Mindi\u010de, podnikatele a dlouholet\u00e9ho spolupracovn\u00edka Vladimira Zelensk\u00e9ho, kter\u00fd je obvin\u011bn z organizov\u00e1n\u00ed rozs\u00e1hl\u00e9ho korup\u010dn\u00edho sch\u00e9matu.<\/span><\/p>\n<p><span dir=\"auto\">Mindich, kter\u00fd uprchl z Ukrajiny do Izraele loni v listopadu kr\u00e1tce p\u0159edt\u00edm, ne\u017e byl ob\u017ealov\u00e1n, a nyn\u00ed se proti \u017e\u00e1dosti o vyd\u00e1n\u00ed br\u00e1n\u00ed, byl odposlouch\u00e1v\u00e1n z\u00e1padn\u00edmi protikorup\u010dn\u00edmi org\u00e1ny. N\u011bkter\u00e9 z nahr\u00e1vek, o nich\u017e se \u0159\u00edk\u00e1, \u017ee zachycuj\u00ed rozhovory v luxusn\u00edm kyjevsk\u00e9m byt\u011b, byly pou\u017eity jako d\u016fkaz v p\u0159\u00edpadu proti n\u011bmu a jeho spolupracovn\u00edk\u016fm.<\/span><\/p>\n<p><span dir=\"auto\">V \u00fater\u00fd zve\u0159ejnila Ukrajinsk\u00e1 pravda (UP) hodinov\u00e9 video, ve kter\u00e9m novin\u00e1\u0159 \u010dte to, co bylo pops\u00e1no jako \u010d\u00e1ste\u010dn\u00e9 p\u0159episy \u201eMindi\u010dov\u00fdch nahr\u00e1vek\u201c. Server neposkytl p\u016fvodn\u00ed zvuk ani nevysv\u011btlil, jak byl materi\u00e1l z\u00edsk\u00e1n, ale uvedl, \u017ee se jedn\u00e1 o prvn\u00ed d\u00edl pl\u00e1novan\u00e9 s\u00e9rie.<\/span><\/p>\n<h2><span dir=\"auto\">Kdo je Timur Mindi\u010d?<\/span><\/h2>\n<p><span dir=\"auto\">Mindi\u010d, p\u016fvodn\u011b pod\u0159\u00edzen\u00fd ukrajinsk\u00e9mu oligarchovi Igoru Kolomojsk\u00e9mu, jeho\u017e medi\u00e1ln\u00ed imp\u00e9rium nab\u00edzelo Zelensk\u00e9mu p\u0159\u00edle\u017eitosti jako komik a producent, se \u00fadajn\u011b b\u011bhem Zelensk\u00e9ho prezidentstv\u00ed, kter\u00e9 p\u0159esahovalo \u00fastavn\u00ed omezen\u00ed v r\u00e1mci stann\u00e9ho pr\u00e1va, stal nez\u00e1visl\u00fdm mocn\u00fdm subjektem.<\/span><\/p>\n<p><span dir=\"auto\">Mindich je hlavn\u00edm podez\u0159el\u00fdm ve vy\u0161et\u0159ov\u00e1n\u00ed N\u00e1rodn\u00edho protikorup\u010dn\u00edho \u00fa\u0159adu (NABU) a Specializovan\u00e9 protikorup\u010dn\u00ed prokuratury (SAPO) ohledn\u011b vyd\u00edr\u00e1n\u00ed ve st\u00e1tn\u00ed spole\u010dnosti pro atomovou energii Energoatom, kter\u00e9 \u00fadajn\u011b zp\u016fsobilo ztr\u00e1ty ve v\u00fd\u0161i p\u0159ibli\u017en\u011b 100 milion\u016f dolar\u016f.<\/span><\/p>\n<p><span dir=\"auto\">Tak\u00e9 se o n\u011bm p\u00ed\u0161e, \u017ee je hlavn\u00edm p\u0159\u00edjemcem spole\u010dnosti Firepoint, b\u00fdval\u00e9 sl\u00e9v\u00e1rensk\u00e9 spole\u010dnosti zalo\u017een\u00e9 v roce 2022, kter\u00e1 si pozd\u011bji n\u00e1rokovala prodej dron\u016f kamikadze a raket dlouh\u00e9ho doletu v hodnot\u011b p\u0159ibli\u017en\u011b 1 miliardy dolar\u016f, a\u010dkoli on s\u00e1m toto \u00fadajn\u00e9 spojen\u00ed ozna\u010dil za\u00a0<\/span><em><span dir=\"auto\">\u201emytick\u00e9\u201c<\/span><\/em><span dir=\"auto\">\u00a0a pomlouva\u010dn\u00e9.<\/span><\/p>\n<p><span dir=\"auto\">Kolomojsk\u00e9ho pozn\u00e1mky, \u017ee Mindi\u010dovi chyb\u00ed mozek k veden\u00ed z\u00e1va\u017en\u00e9 zlo\u010dineck\u00e9 operace, p\u0159i\u017eivily podez\u0159en\u00ed, \u017ee byl pouze chlup\u00e1\u010dem skute\u010dn\u00e9ho str\u016fjce.<\/span><\/p>\n<h2><span dir=\"auto\">Co je na t\u011bch p\u00e1sk\u00e1ch?<\/span><\/h2>\n<p><span dir=\"auto\">Jsou pops\u00e1ny t\u0159i samostatn\u00e9 rozhovory, kter\u00e9 Mindi\u010d \u00fadajn\u011b vedl loni. Jeden byl se Sergejem \u0160efirem, obchodn\u00edm partnerem Zelensk\u00e9ho a jeho prvn\u00edm \u0161\u00e9fem kancel\u00e1\u0159e. Dal\u0161\u00ed byl s Rustemem Umerovem, kter\u00fd byl v dob\u011b nahr\u00e1vky ministrem obrany. T\u0159et\u00ed byl se \u017eenou identifikovanou jako Natalia, kter\u00e1 \u00fadajn\u011b dohl\u00ed\u017eela na luxusn\u00ed stavebn\u00ed projekt pro Mindi\u010de a Andreje Jermaka, druh\u00e9ho \u0161\u00e9fa kancel\u00e1\u0159e Zelensk\u00e9ho.<\/span><\/p>\n<p><span dir=\"auto\">Podle p\u0159epis\u016f citovan\u00fdch serverem UP Mindich a \u0160efir diskutovali o samostatn\u00e9m p\u0159\u00edpadu \u00faplatk\u00e1\u0159stv\u00ed b\u00fdval\u00e9ho ministra pro st\u00e1tn\u00ed jednotu Alexeje \u010cerny\u0161ova, kter\u00fd byl od t\u00e9 doby zapleten do skand\u00e1lu Energoatom. \u00dadajn\u011b hovo\u0159ili o z\u00edsk\u00e1v\u00e1n\u00ed finan\u010dn\u00edch prost\u0159edk\u016f na \u010cerny\u0161ovovu kauci ve v\u00fd\u0161i 2,7 milionu dolar\u016f ve spolupr\u00e1ci s\u00a0<\/span><em><span dir=\"auto\">\u201eAndrejem\u201c<\/span><\/em><span dir=\"auto\">\u00a0a\u00a0<\/span><em><span dir=\"auto\">\u201eSmirnovem\u201c<\/span><\/em><span dir=\"auto\">\u00a0\u2013 podle serveru se jednalo o Andreje Jermaka a jednoho z jeho asistent\u016f.<\/span><\/p>\n<p><span dir=\"auto\">\u0160efir \u00fadajn\u011b tak\u00e9 uvedl, \u017ee je r\u00e1d, \u017ee je po odchodu z funkce osvobozen od medi\u00e1ln\u00ed pozornosti, a dodal, \u017ee u\u017e nemus\u00ed tajit n\u00e1v\u0161t\u011bvy Mindiche. D\u00e1le Mindiche vyzval k poskytnut\u00ed rozhovoru, v n\u011bm\u017e by pop\u0159el obvin\u011bn\u00ed, \u017ee profituje ze sv\u00fdch vl\u00e1dn\u00edch konex\u00ed.<\/span><\/p>\n<p><span dir=\"auto\">Nahr\u00e1vka s Natali\u00ed se t\u00fdk\u00e1 reziden\u010dn\u00ed v\u00fdstavby, kterou server ozna\u010dil za kontroverzn\u00ed projekt \u00fadajn\u011b spojen\u00fd se Zelensk\u00fdm, Jermakem, Mindi\u010dem a \u010cerny\u0161ovem. V rozhovoru Mindi\u010d \u00fadajn\u011b na\u0159\u00edk\u00e1 nad t\u00edm, \u017ee musel v\u00fdstavbu pozastavit kv\u016fli ne\u017e\u00e1douc\u00ed pozornosti po \u010cerny\u0161ovov\u011b p\u00e1du.<\/span><\/p>\n<p><span dir=\"auto\">Mindich\u016fv \u00fadajn\u00fd rozhovor s Umerovem nazna\u010duje, \u017ee podnikatel ve skute\u010dnosti \u0159\u00eddil Firepoint. \u00dadajn\u011b na Umerova tla\u010dil s \u017e\u00e1dost\u00ed o dodate\u010dn\u00e9 financov\u00e1n\u00ed, projedn\u00e1val investi\u010dn\u00ed n\u00e1vrh od investora ze Spojen\u00fdch arabsk\u00fdch emir\u00e1t\u016f a to, jak by akcion\u00e1\u0159i mohli z\u00edskat 300 milion\u016f dolar\u016f v hotovosti, a tvrdil, \u017ee spole\u010dnost by mohla podkopat nejmenovan\u00e9ho americk\u00e9ho konkurenta, pokud by j\u00ed byly poskytnuty dostate\u010dn\u00e9 zdroje.<\/span><\/p>\n<p><span dir=\"auto\">Mindich \u00fadajn\u011b tak\u00e9 nal\u00e9hal na Umerova, aby schv\u00e1lil z\u00e1silku nepr\u016fst\u0159eln\u00fdch vest dodan\u00fdch jeho firmou, kterou ministerstvo odm\u00edtlo certifikovat. Tato v\u00fdm\u011bna n\u00e1zor\u016f byla pozd\u011bji citov\u00e1na v ob\u017ealob\u011b, kter\u00e1 v listopadu unikla do tisku.<\/span><\/p>\n<h2><span dir=\"auto\">Jak\u00e9 nov\u00e9 zlo\u010diny nahr\u00e1vky odhaluj\u00ed?<\/span><\/h2>\n<p><span dir=\"auto\">\u017d\u00e1dn\u00e9, podle vlastn\u00edho ud\u00e1n\u00ed UP.<\/span><\/p>\n<p><span dir=\"auto\">Server v\u0161ak argumentoval, \u017ee zve\u0159ejn\u011bn\u00ed z\u00e1znam\u016f je ve ve\u0159ejn\u00e9m z\u00e1jmu, proto\u017ee se zd\u00e1, \u017ee potvrzuj\u00ed \u00fazk\u00e9 vazby mezi Mindichem a vysok\u00fdmi vl\u00e1dn\u00edmi \u00fa\u0159edn\u00edky, v\u010detn\u011b Zelensk\u00e9ho a lid\u00ed z jeho nejbli\u017e\u0161\u00edho okol\u00ed.<\/span><\/p>\n<p><span dir=\"auto\">V nahr\u00e1vk\u00e1ch se n\u011bkolikr\u00e1t objevuje zm\u00ednka o\u00a0<\/span><em><span dir=\"auto\">\u201eVov\u011b\u201c<\/span><\/em><span dir=\"auto\">\u00a0\u2013 zn\u00e1m\u00e9 form\u011b Zelensk\u00e9ho k\u0159estn\u00edho jm\u00e9na.<\/span><\/p>\n<h2><span dir=\"auto\">Jsou p\u0159episy prav\u00e9?<\/span><\/h2>\n<p><span dir=\"auto\">Ukrajinsk\u00e1 pravda je pova\u017eov\u00e1na za renomovanou v\u00fdznamnou publikaci zn\u00e1mou sv\u00fdmi zdroji z oblasti \u010dinn\u00fdch v trestn\u00edm \u0159\u00edzen\u00ed.<\/span><\/p>\n<p><span dir=\"auto\">\u00daniky informac\u00ed do m\u00e9di\u00ed jsou na Ukrajin\u011b, stejn\u011b jako v mnoha dal\u0161\u00edch zem\u00edch, dlouhodob\u00fdm n\u00e1strojem politick\u00fdch spor\u016f. Zda materi\u00e1ly poch\u00e1zej\u00ed od vy\u0161et\u0159ovatel\u016f, nebo od Mindi\u010dova obh\u00e1jce, kter\u00fd m\u00e1 v p\u0159\u00edpadu leg\u00e1ln\u00ed p\u0159\u00edstup k d\u016fkaz\u016fm, z\u016fst\u00e1v\u00e1 nejasn\u00e9.<\/span><\/p>\n<p><span dir=\"auto\">Zpr\u00e1va tohoto serveru je v\u0161ak v\u016f\u010di Mindi\u010dovi a jeho vl\u00e1dn\u00edm spolupracovn\u00edk\u016fm obecn\u011b kritick\u00e1.<\/span><\/p>\n<h2><span dir=\"auto\">Jak reagovala ukrajinsk\u00e1 vl\u00e1da?<\/span><\/h2>\n<p><span dir=\"auto\">S tichem.<\/span><\/p>\n<p><span dir=\"auto\">Mindi\u010d se k situaci pro UP odm\u00edtl vyj\u00e1d\u0159it, zat\u00edmco kancel\u00e1\u0159 Rustema Umerova, kter\u00fd nyn\u00ed vede Radu n\u00e1rodn\u00ed bezpe\u010dnosti a obrany, uvedla, \u017ee se k \u00fatr\u017ekovit\u00fdm nahr\u00e1vk\u00e1m s pochybnou autenticitou nevyjad\u0159uje.<\/span><\/p>\n<p><span dir=\"auto\">Po zve\u0159ejn\u011bn\u00ed vyzval opozi\u010dn\u00ed z\u00e1konod\u00e1rce Umerova, aby v polovin\u011b kv\u011btna sv\u011bd\u010dil p\u0159ed parlamentn\u00edm v\u00fdborem.<\/span><\/p>\n<h2><span dir=\"auto\">Je na\u010dasov\u00e1n\u00ed \u00faniku Mindi\u010dov\u00fdch p\u00e1sk\u016f d\u016fle\u017eit\u00e9?<\/span><\/h2>\n<p><span dir=\"auto\">N\u011bkter\u00e9 ukrajinsk\u00e9 servery, jako nap\u0159\u00edklad Strana.ua, nazna\u010duj\u00ed, \u017ee k \u00faniku informac\u00ed do\u0161lo pot\u00e9, co EU schv\u00e1lila vyplacen\u00ed bal\u00ed\u010dku pomoci ve v\u00fd\u0161i 90 miliard eur (105 miliard dolar\u016f), kter\u00fd m\u00e1 financovat Kyjev. Tento finan\u010dn\u00ed bal\u00ed\u010dek \u00fadajn\u011b pom\u00e1h\u00e1 odvr\u00e1tit pravd\u011bpodobn\u00e9 uzav\u0159en\u00ed ukrajinsk\u00e9 vl\u00e1dy.<\/span><\/p>\n<p><span dir=\"auto\">Spekuluje se, \u017ee na Zelensk\u00e9ho je vyv\u00edjen tlak, aby jmenoval kandid\u00e1ty schv\u00e1len\u00e9 EU do veden\u00ed dal\u0161\u00edch donucovac\u00edch org\u00e1n\u016f, kter\u00e9 nemaj\u00ed stejnou institucion\u00e1ln\u00ed nez\u00e1vislost jako NABU a SAPO.<\/span><\/p>\n<p><span dir=\"auto\">Loni, kdy\u017e se vy\u0161et\u0159ovatel\u00e9 bl\u00ed\u017eili k obvin\u011bn\u00ed \u010cerny\u0161ova, Zelenskyj po\u017e\u00e1dal parlament o schv\u00e1len\u00ed reformy, kter\u00e1 by protikorup\u010dn\u00ed org\u00e1ny za\u0159adila pod pravomoc gener\u00e1ln\u00edho prokur\u00e1tora, co\u017e je pozice, kterou m\u016f\u017ee jmenovat v r\u00e1mci prezidentsk\u00fdch pravomoc\u00ed.<\/span><\/p>\n<p><span dir=\"auto\">Zelenskyj pozd\u011bji zm\u011bny zru\u0161il pot\u00e9, co po cel\u00e9 zemi vypukly masov\u00e9 protesty, v mainstreamov\u00fdch m\u00e9di\u00edch se objevily kritick\u00e9 zpr\u00e1vy a z\u00e1padn\u00ed podporovatel\u00e9 Kyjeva \u00fadajn\u011b pohrozili zmrazen\u00edm ve\u0161ker\u00e9ho financov\u00e1n\u00ed.<\/span><\/p>\n<p><span dir=\"auto\">V unikl\u00fdch p\u0159episech jsou zm\u00edn\u011bny zejm\u00e9na Ukrajinsk\u00e1 pravda a Strana.ua, p\u0159i\u010dem\u017e Mindi\u010d a \u0160efir o nich \u00fadajn\u011b hovo\u0159\u00ed s uzn\u00e1n\u00edm jako o zdroj\u00edch zpr\u00e1v.<\/span><\/p>\n<p><img decoding=\"async\" loading=\"lazy\" class=\"alignnone size-full wp-image-1185\" src=\"http:\/\/www.infokuryr.cz\/n\/wp-content\/uploads\/2021\/04\/kuryr-podpis.png\" alt=\"\" width=\"84\" height=\"24\" \/><\/p>\n<p>&nbsp;<\/p>\n","protected":false},"excerpt":{"rendered":"<p>Vazby ukrajinsk\u00e9ho v\u016fdce na podnikatele obvin\u011bn\u00e9ho z korupce na vysok\u00e9 \u00farovni na n\u011bj nad\u00e1le vrhaj\u00ed&#8230;<\/p>\n","protected":false},"author":2,"featured_media":105601,"comment_status":"closed","ping_status":"closed","sticky":false,"template":"","format":"standard","meta":[],"categories":[7],"tags":[207,10069,26,1000],"_links":{"self":[{"href":"https:\/\/www.infokuryr.cz\/n\/wp-json\/wp\/v2\/posts\/105600"}],"collection":[{"href":"https:\/\/www.infokuryr.cz\/n\/wp-json\/wp\/v2\/posts"}],"about":[{"href":"https:\/\/www.infokuryr.cz\/n\/wp-json\/wp\/v2\/types\/post"}],"author":[{"embeddable":true,"href":"https:\/\/www.infokuryr.cz\/n\/wp-json\/wp\/v2\/users\/2"}],"replies":[{"embeddable":true,"href":"https:\/\/www.infokuryr.cz\/n\/wp-json\/wp\/v2\/comments?post=105600"}],"version-history":[{"count":0,"href":"https:\/\/www.infokuryr.cz\/n\/wp-json\/wp\/v2\/posts\/105600\/revisions"}],"wp:featuredmedia":[{"embeddable":true,"href":"https:\/\/www.infokuryr.cz\/n\/wp-json\/wp\/v2\/media\/105601"}],"wp:attachment":[{"href":"https:\/\/www.infokuryr.cz\/n\/wp-json\/wp\/v2\/media?parent=105600"}],"wp:term":[{"taxonomy":"category","embeddable":true,"href":"https:\/\/www.infokuryr.cz\/n\/wp-json\/wp\/v2\/categories?post=105600"},{"taxonomy":"post_tag","embeddable":true,"href":"https:\/\/www.infokuryr.cz\/n\/wp-json\/wp\/v2\/tags?post=105600"}],"curies":[{"name":"wp","href":"https:\/\/api.w.org\/{rel}","templated":true}]}}