{"id":105599,"date":"2026-04-30T05:46:00","date_gmt":"2026-04-30T03:46:00","guid":{"rendered":"https:\/\/www.infokuryr.cz\/n\/?p=105599"},"modified":"2026-04-30T05:46:00","modified_gmt":"2026-04-30T03:46:00","slug":"putin-a-trump-si-zatelefonovali-uvedl-poradce-kremlu","status":"publish","type":"post","link":"https:\/\/www.infokuryr.cz\/n\/2026\/04\/30\/putin-a-trump-si-zatelefonovali-uvedl-poradce-kremlu\/","title":{"rendered":"Putin a Trump si zatelefonovali, uvedl poradce Kremlu"},"content":{"rendered":"<div id=\"fb-root\"><\/div>\n<h3>Oba prezidenti podle Jurije U\u0161akova diskutovali o konfliktu na Ukrajin\u011b a eskalaci na Bl\u00edzk\u00e9m v\u00fdchod\u011b<\/h3>\n<p><span dir=\"auto\">Rusk\u00fd prezident Vladimir Putin ve st\u0159edu telefonicky hovo\u0159il se sv\u00fdm americk\u00fdm prot\u011bj\u0161kem Donaldem Trumpem, b\u011bhem kter\u00e9ho oba diskutovali o t\u00e9matech v\u010detn\u011b konfliktu na Ukrajin\u011b a krize v Persk\u00e9m z\u00e1livu, uvedl poradce Kremlu Jurij U\u0161akov.<\/span><\/p>\n<p><span dir=\"auto\">B\u011bhem rozhovoru Putin vyj\u00e1d\u0159il Trumpovi podporu ve sv\u011btle posledn\u00edho pokusu o atent\u00e1t na americk\u00e9ho prezidenta, k n\u011bmu\u017e do\u0161lo v sobotu na ve\u010de\u0159i korespondent\u016f B\u00edl\u00e9ho domu. Rusk\u00fd v\u016fdce\u00a0incident\u00a0<\/span><em><span dir=\"auto\">\u201ed\u016frazn\u011b odsoudil\u201c a zd\u016fraznil, \u017ee\u00a0<\/span><\/em><em><span dir=\"auto\">\u201epolitick\u00e9 n\u00e1sil\u00ed je v jak\u00e9koli form\u011b nep\u0159ijateln\u00e9,\u201c<\/span><\/em><span dir=\"auto\">\u00a0\u0159ekl U\u0161akov novin\u00e1\u0159\u016fm.<\/span><\/p>\n<p><span dir=\"auto\">Rusk\u00fd prezident podpo\u0159il Trumpovo rozhodnut\u00ed prodlou\u017eit p\u0159\u00edm\u011b\u0159\u00ed s \u00cdr\u00e1nem a varoval p\u0159ed obnoven\u00edm nep\u0159\u00e1telsk\u00fdch akc\u00ed mezi americko-izraelskou stranou a Teher\u00e1nem. Moskva je p\u0159ipravena v patov\u00e9 situaci zprost\u0159edkovat a udr\u017euje kontakt se v\u0161emi stranami, uvedl Putin, uvedl U\u0161akov.<\/span><\/p>\n<p><em><span dir=\"auto\">\u201eZ\u00e1rove\u0148 rusk\u00fd prezident zd\u016fraznil nevyhnuteln\u00e9, extr\u00e9mn\u011b hrozn\u00e9 d\u016fsledky nejen pro \u00cdr\u00e1n a jeho sousedy, ale pro cel\u00e9 mezin\u00e1rodn\u00ed spole\u010denstv\u00ed, pokud by se USA a Izrael znovu uch\u00fdlily k pou\u017eit\u00ed s\u00edly. A samoz\u0159ejm\u011b, pozemn\u00ed operace na \u00edr\u00e1nsk\u00e9m \u00fazem\u00ed je pova\u017eov\u00e1na za zcela nep\u0159ijatelnou a nebezpe\u010dnou mo\u017enost,\u201c<\/span><\/em><span dir=\"auto\">\u00a0uvedl asistent.<\/span><\/p>\n<p><span dir=\"auto\">Putin a Trump tak\u00e9 rozs\u00e1hle diskutovali o ukrajinsk\u00e9m konfliktu a snah\u00e1ch o ukon\u010den\u00ed nep\u0159\u00e1telsk\u00fdch akc\u00ed, uvedl U\u0161akov. Oba prezidenti\u00a0<\/span><em><span dir=\"auto\">\u201evyj\u00e1d\u0159ili v podstat\u011b podobn\u00e1 hodnocen\u00ed chov\u00e1n\u00ed kyjevsk\u00e9ho re\u017eimu veden\u00e9ho [Vladimirem] Zelensk\u00fdm\u201c,<\/span><\/em><span dir=\"auto\">\u00a0kter\u00fd byl\u00a0<\/span><em><span dir=\"auto\">\u201epodn\u011bcov\u00e1n a podporov\u00e1n Evropany\u201c<\/span><\/em><span dir=\"auto\">\u00a0k prodlou\u017een\u00ed konfliktu za ka\u017edou cenu, dodal \u00fa\u0159edn\u00edk.<\/span><\/p>\n<p><em><span dir=\"auto\">\u201eAmerick\u00fd prezident zd\u016fraznil d\u016fle\u017eitost rychl\u00e9ho ukon\u010den\u00ed nep\u0159\u00e1telsk\u00fdch akc\u00ed a svou p\u0159ipravenost tomu v\u0161emo\u017en\u011b napom\u00e1hat. Jeho z\u00e1stupci budou pokra\u010dovat v kontaktech s Moskvou i Kyjevem,\u201c<\/span><\/em><span dir=\"auto\">\u00a0dodal U\u0161akov.<\/span><\/p>\n<p><span dir=\"auto\">B\u011bhem rozhovoru, kter\u00fd trval p\u0159es 90 minut a byl iniciov\u00e1n ruskou stranou, americk\u00fd v\u016fdce ocenil ned\u00e1vn\u00e9 velikono\u010dn\u00ed p\u0159\u00edm\u011b\u0159\u00ed vyhl\u00e1\u0161en\u00e9 Moskvou. Putin zase navrhl vyhl\u00e1sit do\u010dasn\u00e9 p\u0159\u00edm\u011b\u0159\u00ed s Kyjevem b\u011bhem nadch\u00e1zej\u00edc\u00edch oslav Dne v\u00edt\u011bzstv\u00ed, uvedl U\u0161akov.<\/span><\/p>\n<p><em><span dir=\"auto\">\u201eTrump tuto iniciativu aktivn\u011b podpo\u0159il a poznamenal, \u017ee sv\u00e1tek p\u0159ipom\u00edn\u00e1 na\u0161e spole\u010dn\u00e9 v\u00edt\u011bzstv\u00ed nad nacismem ve druh\u00e9 sv\u011btov\u00e9 v\u00e1lce,\u201c<\/span><\/em><span dir=\"auto\">\u00a0dodal.<\/span><\/p>\n<p><span dir=\"auto\">V rozhovoru s novin\u00e1\u0159i v B\u00edl\u00e9m dom\u011b Trump uvedl, \u017ee s Putinem\u00a0m\u011bl\u00a0<\/span><em><span dir=\"auto\">\u201evelmi dobr\u00fd rozhovor\u201c ,\u00a0<\/span><\/em><em><span dir=\"auto\">\u201ev\u011bt\u0161inou o Ukrajin\u011b\u201c.<\/span><\/em><\/p>\n<p><em><span dir=\"auto\">\u201eMysl\u00edm, \u017ee s \u0159e\u0161en\u00edm p\u0159ijdeme relativn\u011b rychle, douf\u00e1m. Mysl\u00edm, \u017ee [Putin by] \u0159e\u0161en\u00ed r\u00e1d vid\u011bl, to v\u00e1m m\u016f\u017eu \u0159\u00edct, a to je dobr\u00e9,\u201c<\/span><\/em><span dir=\"auto\">\u00a0\u0159ekl americk\u00fd prezident.<\/span><\/p>\n<p><img decoding=\"async\" loading=\"lazy\" class=\"alignnone size-full wp-image-1185\" src=\"http:\/\/www.infokuryr.cz\/n\/wp-content\/uploads\/2021\/04\/kuryr-podpis.png\" alt=\"\" width=\"84\" height=\"24\" \/><\/p>\n<p>&nbsp;<\/p>\n","protected":false},"excerpt":{"rendered":"<p>Oba prezidenti podle Jurije U\u0161akova diskutovali o konfliktu na Ukrajin\u011b a eskalaci na Bl\u00edzk\u00e9m v\u00fdchod\u011b&#8230;<\/p>\n","protected":false},"author":2,"featured_media":85870,"comment_status":"closed","ping_status":"closed","sticky":false,"template":"","format":"standard","meta":[],"categories":[7],"tags":[102,5519,452],"_links":{"self":[{"href":"https:\/\/www.infokuryr.cz\/n\/wp-json\/wp\/v2\/posts\/105599"}],"collection":[{"href":"https:\/\/www.infokuryr.cz\/n\/wp-json\/wp\/v2\/posts"}],"about":[{"href":"https:\/\/www.infokuryr.cz\/n\/wp-json\/wp\/v2\/types\/post"}],"author":[{"embeddable":true,"href":"https:\/\/www.infokuryr.cz\/n\/wp-json\/wp\/v2\/users\/2"}],"replies":[{"embeddable":true,"href":"https:\/\/www.infokuryr.cz\/n\/wp-json\/wp\/v2\/comments?post=105599"}],"version-history":[{"count":0,"href":"https:\/\/www.infokuryr.cz\/n\/wp-json\/wp\/v2\/posts\/105599\/revisions"}],"wp:featuredmedia":[{"embeddable":true,"href":"https:\/\/www.infokuryr.cz\/n\/wp-json\/wp\/v2\/media\/85870"}],"wp:attachment":[{"href":"https:\/\/www.infokuryr.cz\/n\/wp-json\/wp\/v2\/media?parent=105599"}],"wp:term":[{"taxonomy":"category","embeddable":true,"href":"https:\/\/www.infokuryr.cz\/n\/wp-json\/wp\/v2\/categories?post=105599"},{"taxonomy":"post_tag","embeddable":true,"href":"https:\/\/www.infokuryr.cz\/n\/wp-json\/wp\/v2\/tags?post=105599"}],"curies":[{"name":"wp","href":"https:\/\/api.w.org\/{rel}","templated":true}]}}