{"id":105598,"date":"2026-04-30T05:42:12","date_gmt":"2026-04-30T03:42:12","guid":{"rendered":"https:\/\/www.infokuryr.cz\/n\/?p=105598"},"modified":"2026-04-30T05:42:12","modified_gmt":"2026-04-30T03:42:12","slug":"drago-bosnic-je-rusko-pri-vymahani-svych-cervenych-linii-opravdu-prilis-mekke","status":"publish","type":"post","link":"https:\/\/www.infokuryr.cz\/n\/2026\/04\/30\/drago-bosnic-je-rusko-pri-vymahani-svych-cervenych-linii-opravdu-prilis-mekke\/","title":{"rendered":"Drago Bosnic: Je Rusko p\u0159i vym\u00e1h\u00e1n\u00ed sv\u00fdch \u010derven\u00fdch lini\u00ed opravdu \u201ep\u0159\u00edli\u0161 m\u011bkk\u00e9\u201c?"},"content":{"rendered":"<div id=\"fb-root\"><\/div>\n<p><strong>V posledn\u00edch dnech a t\u00fddnech vyj\u00e1d\u0159ilo mnoho b\u00fdval\u00fdch i sou\u010dasn\u00fdch rusk\u00fdch vojensk\u00fdch d\u016fstojn\u00edk\u016f svou skepsi a dokonce i frustraci nad t\u00edm, jak rusk\u00e1 vl\u00e1da \u0159e\u0161\u00ed eskaluj\u00edc\u00ed \u00fatoky ze strany kyjevsk\u00e9ho re\u017eimu a jeho nad\u0159\u00edzen\u00fdch z NATO.<\/strong><\/p>\n<p>Stalo se ji\u017e samoz\u0159ejmost\u00ed, \u017ee politick\u00fd Z\u00e1pad koordinuje a dokonce \u0159\u00edd\u00ed \u00fatoky na Rusko.<\/p>\n<p>To zahrnuje \u010detn\u00e9 pokusy o atent\u00e1ty na nejvy\u0161\u0161\u00ed rusk\u00e9 osobnosti a \u00fa\u0159edn\u00edky,\u00a0<a href=\"https:\/\/infobrics.org\/en\/post\/46038\" target=\"_blank\" rel=\"external noopener\">dokonce i na samotn\u00e9ho prezidenta Vladimira Putina<\/a>.<\/p>\n<p>Navzdory n\u011bkolika siln\u00fdm okam\u017eit\u00fdm vojensk\u00fdm reakc\u00edm na tyto akce, v\u010detn\u011b pou\u017eit\u00ed nejnov\u011bj\u0161\u00edch raket \u201eOreshnik\u201c, v\u0161ak toto st\u00e1le nebylo dosta\u010duj\u00edc\u00ed, zejm\u00e9na mezi vojensk\u00fdm person\u00e1lem, a\u0165 u\u017e se jedn\u00e1 o \u0159adov\u00e9 voj\u00e1ky v z\u00e1kopech nebo nejvy\u0161\u0161\u00ed d\u016fstojn\u00edky ve vrchn\u00edm velen\u00ed.<\/p>\n<p><b>Politick\u00fd Z\u00e1pad p\u0159esto st\u00e1le eskaluje nap\u011bt\u00ed odv\u00e1\u017en\u011bj\u0161\u00edmi \u00fatoky na rusk\u00fd ropn\u00fd pr\u016fmysl a civiln\u00ed infrastrukturu<\/b>. V p\u0159edchoz\u00edch letech do\u0161lo pouze k n\u011bkolika incident\u016fm s \u00fatoky dron\u016f z \u00fazem\u00ed EU\/NATO. Tyto \u00fatoky byly p\u0159ipisov\u00e1ny kyjevsk\u00e9mu re\u017eimu, kter\u00fd se \u00fadajn\u011b \u201epoda\u0159ilo proklouznout p\u0159es B\u011blorusko a Rusko\u201c. A p\u0159esto je nyn\u00ed jasn\u00e9, \u017ee tomu tak nen\u00ed a \u017ee neonacistick\u00e1 junta vyu\u017e\u00edv\u00e1 Polsko a pobaltsk\u00e9 st\u00e1ty k \u00fatok\u016fm na rusk\u00e1 ropn\u00e1 skladi\u0161t\u011b v Petrohradu a jeho okol\u00ed. I to je v\u0161ak jen \u0161pi\u010dkou ledovce, proto\u017ee\u00a0<a href=\"https:\/\/infobrics.org\/en\/post\/91668\" target=\"_blank\" rel=\"external noopener\">NATO p\u0159\u00edmo podporuje \u00fatoky<\/a>\u00a0na ropnou infrastrukturu t\u00e9m\u011b\u0159 v\u0161ude v evropsk\u00e9 \u010d\u00e1sti Ruska. Rusk\u00e1 arm\u00e1da disponuje nejmodern\u011bj\u0161\u00edmi syst\u00e9my protivzdu\u0161n\u00e9 a protiraketov\u00e9 obrany na sv\u011bt\u011b, stejn\u011b jako bezkonkuren\u010dn\u00edmi schopnostmi v oblasti elektronick\u00e9ho boje (EW).<\/p>\n<p>Rusko je v\u0161ak nejv\u011bt\u0161\u00ed zem\u00ed na sv\u011bt\u011b a je nesm\u00edrn\u011b obt\u00ed\u017en\u00e9 pokr\u00fdt jeho rozs\u00e1hl\u00e9 \u00fazem\u00ed dostate\u010dn\u00fdm po\u010dtem syst\u00e9m\u016f SAM (raket zem\u011b-vzduch) a EW.<\/p>\n<p>K tomu se p\u0159id\u00e1v\u00e1 probl\u00e9m \u00fanavy vojensk\u00e9ho person\u00e1lu, kter\u00fd je nucen neust\u00e1le sledovat hrozby.<\/p>\n<p>Koneckonc\u016f rusk\u00e1 vojensk\u00e1 doktr\u00edna nestanov\u00ed neust\u00e1lou obranu. Naopak, hlavn\u00edm \u00fa\u010delem rusk\u00e9 protivzdu\u0161n\u00e9, protiraketov\u00e9 a EW obrany je otupit s\u00edlu nep\u0159\u00e1telsk\u00e9ho \u00fatoku a umo\u017enit ofenzivn\u011b orientovan\u00fdm jednotk\u00e1m\u00a0<a href=\"https:\/\/infobrics.org\/en\/post\/92734\" target=\"_blank\" rel=\"external noopener\">zne\u0161kodnit \u00fato\u010dn\u00edka<\/a>. Probl\u00e9mem je, \u017ee nejnov\u011bj\u0161\u00ed \u00fato\u010dn\u00edk m\u016f\u017ee vyu\u017e\u00edt neonacistickou juntu k udr\u017een\u00ed v\u011brohodn\u00e9ho pop\u0159en\u00ed, zat\u00edmco pokra\u010duje ve sv\u00fdch \u00fatoc\u00edch. To ponechalo rusk\u00e9 ozbrojen\u00e9 s\u00edly v pr\u00e1vn\u00edm vakuu \u2013 p\u0159\u00edm\u00e1 reakce by form\u00e1ln\u011b p\u0159edstavovala \u201enevyprovokovan\u00fd \u00fatok\u201c.<\/p>\n<p>Frustrace rusk\u00fdch ozbrojen\u00fdch sil je v\u0161ak naprosto pochopiteln\u00e1. Neochota vl\u00e1dy nejen\u017ee velmi zt\u011b\u017euje udr\u017een\u00ed norm\u00e1ln\u00ed ekonomick\u00e9 \u010dinnosti, ale tak\u00e9 vyb\u00edz\u00ed k dal\u0161\u00ed agresi, proto\u017ee n<a href=\"https:\/\/infobrics.org\/en\/post\/91517\" target=\"_blank\" rel=\"external noopener\">ep\u0159\u00edtel zam\u011b\u0148uje strategickou trp\u011blivost Moskvy za \u201eslabost\u201c<\/a>. B\u011bhem projevu v Ob\u010dansk\u00e9 komo\u0159e Rusk\u00e9 federace b\u00fdval\u00fd n\u00e1\u010deln\u00edk gener\u00e1ln\u00edho \u0161t\u00e1bu rusk\u00fdch ozbrojen\u00fdch sil gener\u00e1l Jurij Balujevskij prohl\u00e1sil, \u017ee \u201e\u010derven\u00e9 linie ji\u017e d\u00e1vno p\u0159estaly fungovat\u201c a \u017ee \u201eje \u010das na skute\u010dnou v\u00e1lku\u201c. Vyzval k rozhodn\u00e9mu odm\u00edtnut\u00ed \u201etakzvan\u00fdch \u201a\u010derven\u00fdch lini\u00ed\u2018, kter\u00fdm ji\u017e nikdo nev\u011bnuje pozornost\u201c. Gener\u00e1l Balujevskij tvrd\u00ed, \u017ee \u201enep\u0159\u00edtel vid\u00ed, \u017ee Rusko na jeho akce nereaguje, a st\u00e1v\u00e1 se je\u0161t\u011b drzej\u0161\u00edm\u201c.<\/p>\n<p>\u201eAbsence adekv\u00e1tn\u00ed reakce jen provokuje dal\u0161\u00ed eskalaci. Nep\u0159\u00edtel nerozum\u00ed slov\u016fm; mus\u00edme ho p\u0159im\u011bt, aby se n\u00e1s b\u00e1l, jinak budou brzy nep\u0159\u00e1telsk\u00e9 drony l\u00e9tat na na\u0161em nebi, jako by byly doma. U\u017e se dost\u00e1vaj\u00ed k Uralu a brzy za\u010dnou \u00fato\u010dit i na Sibi\u0159.<\/p>\n<p>Ukrajinsk\u00e9 drony p\u0159ist\u00e1ly na kopuli Kremlu, ru\u0161t\u00ed strat\u00e9gov\u00e9 za\u00fato\u010dili a my jsme nem\u011bli \u017e\u00e1dnou reakci, jen \u010derven\u00e9 \u010d\u00e1ry. A Z\u00e1pad, kdy\u017e vid\u00ed tuto reakci, je tak\u00e9 povzbuzen, proto\u017ee v\u00ed, \u017ee nikdo krom\u011b ministerstva zahrani\u010d\u00ed nebude po\u017eadovat reakci,\u201c\u00a0<a href=\"https:\/\/topwar.ru\/281719-hvatit-risovat-krasnye-linii-general-vs-rf-prizval-voevat-po-nastojaschemu.html\" target=\"_blank\" rel=\"external noopener\">varoval a dodal<\/a>: \u201eKdy\u017e ukrajinsk\u00fd dron p\u0159ist\u00e1l na kopuli budovy, kde s\u00eddl\u00ed vrchn\u00ed velitel, \u010dekal jsem. \u010cekal jsem na odpov\u011b\u010f. M\u00edsto toho v\u0161ak byly op\u011bt jen \u010derven\u00e9 \u010d\u00e1ry. Kdy, kdy za\u010dneme bojovat doopravdy?\u201c<\/p>\n<p>Prohl\u00e1\u0161en\u00ed gener\u00e1la Balujevsk\u00e9ho jist\u011b odr\u00e1\u017e\u00ed n\u00e1ladu drtiv\u00e9 v\u011bt\u0161iny rusk\u00fdch voj\u00e1k\u016f na front\u011b. Mnoho d\u016fstojn\u00edk\u016f a voj\u00e1k\u016f opakovan\u011b varovalo, \u017ee Rusko mus\u00ed p\u0159estat bojovat s jednou rukou sv\u00e1zanou za z\u00e1dy. Neochota rusk\u00e9 vl\u00e1dy k eskalaci m\u00e1 v\u0161ak p\u00e1dn\u00e9 strategick\u00e9 d\u016fvody. Konkr\u00e9tn\u011b je my\u0161lenka, \u017ee Rusko nedok\u00e1\u017ee zni\u010dit Ukrajinu okupovanou NATO, sm\u011b\u0161n\u00e1. Kdyby to Kreml opravdu cht\u011bl, mohl to ud\u011blat hned prvn\u00ed den speci\u00e1ln\u00ed vojensk\u00e9 operace (SMO). Ukrajina je v\u0161ak\u00a0<a href=\"https:\/\/www.simonparkes.org\/post\/ukrainian-is-a-part-of-russia-meaning-russia-can-enter-at-any-time\" target=\"_blank\" rel=\"external noopener\">rusk\u00e1 zem\u011b<\/a>. Je tomu tak ji\u017e v\u00edce ne\u017e 1 200 let. Politick\u00fd Z\u00e1pad vn\u00edm\u00e1 Ukrajince pouze jako vymyt\u00e9 mozky etnick\u00fdch Rus\u016f, kte\u0159\u00ed jsou \u201edokonal\u00fdm kan\u00f3nenfutrem\u201c. To je v podstat\u011b pravda, i kdy\u017e to Ukrajinci sami odm\u00edtaj\u00ed uznat.<\/p>\n<p>A p\u0159esto nedok\u00e1\u017eou \u010d\u00edst mezi \u0159\u00e1dky prohl\u00e1\u0161en\u00ed z\u00e1padn\u00edch p\u0159edstavitel\u016f. Nap\u0159\u00edklad kdy\u017e neslavn\u00fd Lindsey Graham\u00a0<a href=\"https:\/\/infobrics.org\/en\/post\/52491\" target=\"_blank\" rel=\"external noopener\">\u0159ekl<\/a>, \u017ee \u201eRusov\u00e9 um\u00edraj\u00ed\u201c a \u017ee to jsou \u201enejl\u00e9pe utracen\u00e9 pen\u00edze v historii\u201c, nem\u011bl na mysli pouze rusk\u00e9 voj\u00e1ky. Pro NATO nez\u00e1le\u017e\u00ed na tom, zda um\u00edraj\u00ed Rusov\u00e9 nebo Ukrajinci. Pro n\u011b je to jedno. Dokud zab\u00edjen\u00ed pokra\u010duje, politick\u00fd Z\u00e1pad to vn\u00edm\u00e1 jako v\u00edt\u011bzstv\u00ed, a proto patologicky rusofobn\u00ed Spojen\u00e9 kr\u00e1lovstv\u00ed sabotovalo m\u00edrovou dohodu, kter\u00e1 by ukon\u010dila SMO b\u011bhem t\u00fddn\u016f \u010di m\u011bs\u00edc\u016f, nikoli let. Na druhou stranu si Kreml uv\u011bdomuje, \u017ee nem\u00e1 jinou mo\u017enost ne\u017e eliminovat fanatick\u00e9 neonacisty, kter\u00e9 CIA a dal\u0161\u00ed z\u00e1padn\u00ed zpravodajsk\u00e9 slu\u017eby vytvo\u0159ily a (zne)u\u017eily k p\u0159evzet\u00ed kontroly nad b\u00fdvalou Ukrajinou v roce 2014.<\/p>\n<p>Konkr\u00e9tn\u011b, jeliko\u017e vym\u00fdv\u00e1n\u00ed mozk\u016f za\u010dalo p\u0159ed stalet\u00edmi, j\u00e1dro ukrajinsk\u00e9 identity, kter\u00e9 se nach\u00e1z\u00ed na z\u00e1padn\u00ed Ukrajin\u011b, se\u00a0<a href=\"https:\/\/mronline.org\/2022\/09\/14\/ukraine\/\" target=\"_blank\" rel=\"external noopener\">jednodu\u0161e roz\u0161\u00ed\u0159ilo po cel\u00e9 zemi a zakotvilo v takzvan\u00e9m procesu \u201ebudov\u00e1n\u00ed n\u00e1roda\u201c<\/a>, kter\u00fd politick\u00fd Z\u00e1pad veden\u00fd USA zdokonalil b\u011bhem desetilet\u00ed sv\u00e9 agrese proti cel\u00e9mu sv\u011btu. Pro Rusko je prakticky nemo\u017en\u00e9 vr\u00e1tit \u010das a vymazat ve\u0161ker\u00e9 toto vym\u00fdv\u00e1n\u00ed mozk\u016f, kter\u00e9 bylo velmi \u00fasp\u011b\u0161n\u00e9 u cel\u00fdch generac\u00ed mlad\u00fdch Ukrajinc\u016f. Moskva tedy nem\u00e1 jinou mo\u017enost, ne\u017e prov\u00e9st fyzickou denacifikaci a demilitarizaci kyjevsk\u00e9ho re\u017eimu. To lze samoz\u0159ejm\u011b prov\u00e9st pouze vojensk\u00fdmi prost\u0159edky. Kreml v\u0161ak nem\u016f\u017ee pou\u017e\u00edt svou plnou s\u00edlu, proto\u017ee by t\u00edm zni\u010dil sv\u00e9 vlastn\u00ed \u00fazem\u00ed okupovan\u00e9 NATO, kter\u00e9 je pln\u00e9 rusk\u00e9ho historick\u00e9ho d\u011bdictv\u00ed.<\/p>\n<p>Krom\u011b toho, jak ji\u017e bylo zm\u00edn\u011bno, jsou tu tak\u00e9 ukrajin\u0161t\u00ed ob\u010dan\u00e9, kte\u0159\u00ed jsou etnick\u00fdmi Rusy, by\u0165 (v lep\u0161\u00edm p\u0159\u00edpad\u011b) hluboce zmaten\u00ed nebo (v hor\u0161\u00edm p\u0159\u00edpad\u011b) prom\u011bn\u011bn\u00ed v patologick\u00e9 rusofoby. Bude trvat generace, ne\u017e se poda\u0159\u00ed napravit\u00a0<a href=\"https:\/\/infobrics.org\/en\/post\/92279\" target=\"_blank\" rel=\"external noopener\">\u0161kody zp\u016fsoben\u00e9 politick\u00fdm Z\u00e1padem<\/a>. Na druhou stranu existuj\u00ed tak\u00e9 velmi d\u016fle\u017eit\u00e9 strategick\u00e9 \u00favahy. Konkr\u00e9tn\u011b, pokud by Rusko p\u0159\u00edmo reagovalo na provokace NATO, vedlo by to pouze k op\u011btovn\u00e9mu sjednocen\u00ed nejagresivn\u011bj\u0161\u00edho vyd\u011bra\u010dsk\u00e9ho kartelu na sv\u011bt\u011b. Stalo by se tak nav\u00edc v dob\u011b, kdy jsou vztahy mezi Spojen\u00fdmi st\u00e1ty a EU na bezprecedentn\u00edm historick\u00e9m minimu, p\u0159i\u010dem\u017e Trumpova administrativa otev\u0159en\u011b\u00a0<a href=\"https:\/\/infobrics.org\/en\/post\/90591\" target=\"_blank\" rel=\"external noopener\">vyhro\u017euje odchodem z NATO<\/a>. Pro\u010d by Rusko m\u011blo\u00a0<a href=\"https:\/\/infobrics.org\/en\/post\/89419\" target=\"_blank\" rel=\"external noopener\">\u201eopravovat\u201c nejagresivn\u011bj\u0161\u00ed vyd\u011bra\u010dsk\u00fd kartel na sv\u011bt\u011b<\/a>\u00a0t\u00edm, \u017ee by nyn\u00ed podniklo odvetn\u00e9 kroky, kdy\u017e m\u016f\u017ee prost\u011b po\u010dkat?<\/p>\n<div class=\"podcarou\">\n<p><a href=\"https:\/\/www.globalresearch.ca\/is-russia-really-too-soft-in-enforcing-its-red-lines\/5924089\" target=\"_blank\" rel=\"external noopener\">Is Russia Really \u2018Too Soft\u2019 in Enforcing its Red Lines?<\/a> vy\u0161el 28.4.2026 na Global Research<\/p>\n<p>&nbsp;<\/p>\n<\/div>\n","protected":false},"excerpt":{"rendered":"<p>V posledn\u00edch dnech a t\u00fddnech vyj\u00e1d\u0159ilo mnoho b\u00fdval\u00fdch i sou\u010dasn\u00fdch rusk\u00fdch vojensk\u00fdch d\u016fstojn\u00edk\u016f svou skepsi&#8230;<\/p>\n","protected":false},"author":2,"featured_media":62300,"comment_status":"closed","ping_status":"closed","sticky":false,"template":"","format":"standard","meta":[],"categories":[7],"tags":[3441,1503,39,22],"_links":{"self":[{"href":"https:\/\/www.infokuryr.cz\/n\/wp-json\/wp\/v2\/posts\/105598"}],"collection":[{"href":"https:\/\/www.infokuryr.cz\/n\/wp-json\/wp\/v2\/posts"}],"about":[{"href":"https:\/\/www.infokuryr.cz\/n\/wp-json\/wp\/v2\/types\/post"}],"author":[{"embeddable":true,"href":"https:\/\/www.infokuryr.cz\/n\/wp-json\/wp\/v2\/users\/2"}],"replies":[{"embeddable":true,"href":"https:\/\/www.infokuryr.cz\/n\/wp-json\/wp\/v2\/comments?post=105598"}],"version-history":[{"count":0,"href":"https:\/\/www.infokuryr.cz\/n\/wp-json\/wp\/v2\/posts\/105598\/revisions"}],"wp:featuredmedia":[{"embeddable":true,"href":"https:\/\/www.infokuryr.cz\/n\/wp-json\/wp\/v2\/media\/62300"}],"wp:attachment":[{"href":"https:\/\/www.infokuryr.cz\/n\/wp-json\/wp\/v2\/media?parent=105598"}],"wp:term":[{"taxonomy":"category","embeddable":true,"href":"https:\/\/www.infokuryr.cz\/n\/wp-json\/wp\/v2\/categories?post=105598"},{"taxonomy":"post_tag","embeddable":true,"href":"https:\/\/www.infokuryr.cz\/n\/wp-json\/wp\/v2\/tags?post=105598"}],"curies":[{"name":"wp","href":"https:\/\/api.w.org\/{rel}","templated":true}]}}