{"id":105595,"date":"2026-04-30T05:33:46","date_gmt":"2026-04-30T03:33:46","guid":{"rendered":"https:\/\/www.infokuryr.cz\/n\/?p=105595"},"modified":"2026-04-30T05:33:46","modified_gmt":"2026-04-30T03:33:46","slug":"sen-wef-se-rozplynul-coop-vyrazuje-hmyzi-krmivo-ze-sveho-sortimentu","status":"publish","type":"post","link":"https:\/\/www.infokuryr.cz\/n\/2026\/04\/30\/sen-wef-se-rozplynul-coop-vyrazuje-hmyzi-krmivo-ze-sveho-sortimentu\/","title":{"rendered":"Sen WEF se rozplynul: Coop vy\u0159azuje hmyz\u00ed krmivo ze sv\u00e9ho sortimentu"},"content":{"rendered":"<div id=\"fb-root\"><\/div>\n<div class=\"elementor-element elementor-element-ce0c00d articlestyle elementor-widget elementor-widget-theme-post-content\" data-id=\"ce0c00d\" data-element_type=\"widget\" data-e-type=\"widget\" data-widget_type=\"theme-post-content.default\">\n<div class=\"elementor-widget-container\">\n<p><strong><span dir=\"auto\">Je nepravd\u011bpodobn\u00e9, \u017ee by se \u00fadajn\u00e1 \u201ezelen\u00e1\u201c potravinov\u00e1 revoluce ve \u0160v\u00fdcarsku rozb\u011bhla, proto\u017ee pr\u016fm\u011brn\u00fd spot\u0159ebitel toto nechutn\u00e9 j\u00eddlo odm\u00edt\u00e1. \u0160v\u00fdcarsk\u00fd maloobchodn\u00ed gigant Coop, kter\u00fd po Migrosu nyn\u00ed tak\u00e9 zak\u00e1zal ve\u0161ker\u00e9 hmyz\u00ed produkty ze sv\u00fdch reg\u00e1l\u016f kv\u016fli katastrof\u00e1ln\u00edm prodejn\u00edm \u010d\u00edsl\u016fm. Elit\u00e1\u0159sk\u00e1 agenda na odebr\u00e1n\u00ed masa a jeho nahrazen\u00ed lezouc\u00edmi tvory tak op\u011bt selhala.<\/span><\/strong><\/p>\n<p><span dir=\"auto\">Byl to vrcholn\u00fd mokr\u00fd sen klimatick\u00e9 lobby a glob\u00e1ln\u00edch elit: pr\u016fm\u011brn\u00fd ob\u010dan by se m\u011bl vzd\u00e1t sv\u00e9ho milovan\u00e9ho \u0159\u00edzku, lahodn\u00fdch klob\u00e1s nebo tradi\u010dn\u00ed ned\u011bln\u00ed pe\u010den\u011b a m\u00edsto toho se dusit mou\u010dn\u00fdmi \u010dervy, kobylkami a cvr\u010dky \u2013 to v\u0161e \u00fadajn\u011b na \u201eochranu klimatu\u201c. P\u0159irozen\u00fd reflex znechucen\u00ed lid\u00ed v\u0161ak evidentn\u011b v\u00edt\u011bz\u00ed nad levicov\u00fdm\/zelen\u00fdm pokusem o p\u0159ev\u00fdchovu.<\/span><\/p>\n<figure class=\"wp-block-embed is-type-rich is-provider-twitter wp-block-embed-twitter\">\n<div class=\"wp-block-embed__wrapper\">\n<div class=\"twitter-tweet twitter-tweet-rendered\"><iframe id=\"twitter-widget-0\" class=\"\" title=\"X Post\" src=\"https:\/\/platform.twitter.com\/embed\/Tweet.html?dnt=true&amp;embedId=twitter-widget-0&amp;features=eyJ0ZndfdGltZWxpbmVfbGlzdCI6eyJidWNrZXQiOltdLCJ2ZXJzaW9uIjpudWxsfSwidGZ3X2ZvbGxvd2VyX2NvdW50X3N1bnNldCI6eyJidWNrZXQiOnRydWUsInZlcnNpb24iOm51bGx9LCJ0ZndfdHdlZXRfZWRpdF9iYWNrZW5kIjp7ImJ1Y2tldCI6Im9uIiwidmVyc2lvbiI6bnVsbH0sInRmd19yZWZzcmNfc2Vzc2lvbiI6eyJidWNrZXQiOiJvbiIsInZlcnNpb24iOm51bGx9LCJ0ZndfZm9zbnJfc29mdF9pbnRlcnZlbnRpb25zX2VuYWJsZWQiOnsiYnVja2V0Ijoib24iLCJ2ZXJzaW9uIjpudWxsfSwidGZ3X21peGVkX21lZGlhXzE1ODk3Ijp7ImJ1Y2tldCI6InRyZWF0bWVudCIsInZlcnNpb24iOm51bGx9LCJ0ZndfZXhwZXJpbWVudHNfY29va2llX2V4cGlyYXRpb24iOnsiYnVja2V0IjoxMjA5NjAwLCJ2ZXJzaW9uIjpudWxsfSwidGZ3X3Nob3dfYmlyZHdhdGNoX3Bpdm90c19lbmFibGVkIjp7ImJ1Y2tldCI6Im9uIiwidmVyc2lvbiI6bnVsbH0sInRmd19kdXBsaWNhdGVfc2NyaWJlc190b19zZXR0aW5ncyI6eyJidWNrZXQiOiJvbiIsInZlcnNpb24iOm51bGx9LCJ0ZndfdXNlX3Byb2ZpbGVfaW1hZ2Vfc2hhcGVfZW5hYmxlZCI6eyJidWNrZXQiOiJvbiIsInZlcnNpb24iOm51bGx9LCJ0ZndfdmlkZW9faGxzX2R5bmFtaWNfbWFuaWZlc3RzXzE1MDgyIjp7ImJ1Y2tldCI6InRydWVfYml0cmF0ZSIsInZlcnNpb24iOm51bGx9LCJ0ZndfbGVnYWN5X3RpbWVsaW5lX3N1bnNldCI6eyJidWNrZXQiOnRydWUsInZlcnNpb24iOm51bGx9LCJ0ZndfdHdlZXRfZWRpdF9mcm9udGVuZCI6eyJidWNrZXQiOiJvbiIsInZlcnNpb24iOm51bGx9fQ%3D%3D&amp;frame=false&amp;hideCard=false&amp;hideThread=false&amp;id=1011156803307081735&amp;lang=cs&amp;origin=https%3A%2F%2Freport24.news%2Fwef-traum-geplatzt-coop-wirft-insekten-frass-aus-dem-sortiment%2F&amp;sessionId=a26e2dcb9b68d68a85e85c17f5419870420d5fb8&amp;theme=light&amp;widgetsVersion=2615f7e52b7e0%3A1702314776716&amp;width=550px\" frameborder=\"0\" scrolling=\"no\" allowfullscreen=\"allowfullscreen\" data-tweet-id=\"1011156803307081735\" data-mce-fragment=\"1\"><\/iframe><\/div>\n<\/div>\n<\/figure>\n<p><span dir=\"auto\">Co bylo v roce 2017 ve \u0160v\u00fdcarsku oslavov\u00e1no startupy a mainstreamov\u00fdmi m\u00e9dii jako obrovsk\u00e1 potravinov\u00e1 revoluce a \u201esuperpotravina budoucnosti\u201c (viz tak\u00e9 v\u00fd\u0161e uveden\u00fd tweet), nyn\u00ed \u010del\u00ed sv\u00e9mu z\u00e1niku. \u0160v\u00fdcarsk\u00fd gigant supermarket\u016f Coop\u00a0<\/span><a href=\"https:\/\/www.blick.ch\/wirtschaft\/coop-sortiert-insekten-produkte-aus-von-wegen-superfood-der-ekelreflex-ist-staerker-als-die-neugier-id21898834.html\"><span dir=\"auto\">se zbavuje trhu<\/span><\/a><span dir=\"auto\">\u00a0. Pot\u00e9, co jeho konkurent Migros, kter\u00fd dokonce po\u0159\u00e1dal absurdn\u00ed \u201ekurzy va\u0159en\u00ed s hmyzem\u201c, v roce 2022 v naprost\u00e9 frustraci st\u00e1hl toto nechutn\u00e9 j\u00eddlo ze sv\u00fdch reg\u00e1l\u016f, musel nyn\u00ed kapitulovat i Coop.<\/span><\/p>\n<p><span dir=\"auto\">Po burgerech z mou\u010dn\u00fdch \u010derv\u016f, sva\u010dink\u00e1ch z kobylek a kriketov\u00fdch ty\u010dinek prost\u011b nen\u00ed popt\u00e1vka. Zpo\u010d\u00e1tku si je kupovala jen mal\u00e1 m\u011bstsk\u00e1 skupina eko-nad\u0161enc\u016f, ale i ti, zd\u00e1 se, ztratili chu\u0165 k j\u00eddlu. Nyn\u00ed Coop zb\u00fdvaj\u00edc\u00ed z\u00e1soby doprod\u00e1v\u00e1 za naprosto miziv\u00e9 ceny. Pro zb\u00fdvaj\u00edc\u00ed \u0161v\u00fdcarsk\u00e9 v\u00fdrobce, kte\u0159\u00ed museli ned\u00e1vno hromadn\u011b dov\u00e1\u017eet \u010dervy z EU, je to posledn\u00ed r\u00e1na.<\/span><\/p>\n<figure class=\"wp-block-embed is-type-rich is-provider-twitter wp-block-embed-twitter\">\n<div class=\"wp-block-embed__wrapper\">\n<div class=\"twitter-tweet twitter-tweet-rendered\"><iframe id=\"twitter-widget-1\" class=\"\" title=\"X Post\" src=\"https:\/\/platform.twitter.com\/embed\/Tweet.html?dnt=true&amp;embedId=twitter-widget-1&amp;features=eyJ0ZndfdGltZWxpbmVfbGlzdCI6eyJidWNrZXQiOltdLCJ2ZXJzaW9uIjpudWxsfSwidGZ3X2ZvbGxvd2VyX2NvdW50X3N1bnNldCI6eyJidWNrZXQiOnRydWUsInZlcnNpb24iOm51bGx9LCJ0ZndfdHdlZXRfZWRpdF9iYWNrZW5kIjp7ImJ1Y2tldCI6Im9uIiwidmVyc2lvbiI6bnVsbH0sInRmd19yZWZzcmNfc2Vzc2lvbiI6eyJidWNrZXQiOiJvbiIsInZlcnNpb24iOm51bGx9LCJ0ZndfZm9zbnJfc29mdF9pbnRlcnZlbnRpb25zX2VuYWJsZWQiOnsiYnVja2V0Ijoib24iLCJ2ZXJzaW9uIjpudWxsfSwidGZ3X21peGVkX21lZGlhXzE1ODk3Ijp7ImJ1Y2tldCI6InRyZWF0bWVudCIsInZlcnNpb24iOm51bGx9LCJ0ZndfZXhwZXJpbWVudHNfY29va2llX2V4cGlyYXRpb24iOnsiYnVja2V0IjoxMjA5NjAwLCJ2ZXJzaW9uIjpudWxsfSwidGZ3X3Nob3dfYmlyZHdhdGNoX3Bpdm90c19lbmFibGVkIjp7ImJ1Y2tldCI6Im9uIiwidmVyc2lvbiI6bnVsbH0sInRmd19kdXBsaWNhdGVfc2NyaWJlc190b19zZXR0aW5ncyI6eyJidWNrZXQiOiJvbiIsInZlcnNpb24iOm51bGx9LCJ0ZndfdXNlX3Byb2ZpbGVfaW1hZ2Vfc2hhcGVfZW5hYmxlZCI6eyJidWNrZXQiOiJvbiIsInZlcnNpb24iOm51bGx9LCJ0ZndfdmlkZW9faGxzX2R5bmFtaWNfbWFuaWZlc3RzXzE1MDgyIjp7ImJ1Y2tldCI6InRydWVfYml0cmF0ZSIsInZlcnNpb24iOm51bGx9LCJ0ZndfbGVnYWN5X3RpbWVsaW5lX3N1bnNldCI6eyJidWNrZXQiOnRydWUsInZlcnNpb24iOm51bGx9LCJ0ZndfdHdlZXRfZWRpdF9mcm9udGVuZCI6eyJidWNrZXQiOiJvbiIsInZlcnNpb24iOm51bGx9fQ%3D%3D&amp;frame=false&amp;hideCard=false&amp;hideThread=false&amp;id=2048180426930315649&amp;lang=cs&amp;origin=https%3A%2F%2Freport24.news%2Fwef-traum-geplatzt-coop-wirft-insekten-frass-aus-dem-sortiment%2F&amp;sessionId=a26e2dcb9b68d68a85e85c17f5419870420d5fb8&amp;theme=light&amp;widgetsVersion=2615f7e52b7e0%3A1702314776716&amp;width=550px\" frameborder=\"0\" scrolling=\"no\" allowfullscreen=\"allowfullscreen\" data-tweet-id=\"2048180426930315649\" data-mce-fragment=\"1\"><\/iframe><\/div>\n<\/div>\n<\/figure>\n<p><span dir=\"auto\">Zat\u00edmco Sv\u011btov\u00e9 ekonomick\u00e9 f\u00f3rum (WEF) a miliard\u00e1\u0159 Bill Gates ne\u00fanavn\u011b propaguj\u00ed potraviny z hmyzu pro oby\u010dejn\u00e9 lidi, \u0159adov\u00ed \u010dlenov\u00e9 \u0159ad zjevn\u011b nemaj\u00ed z\u00e1jem je j\u00edst. Zat\u00edmco oby\u010dejn\u00ed lid\u00e9 jsou bombardov\u00e1ni klimatick\u00fdm alarmismem, skute\u010dn\u00e9 maso se m\u00e1 st\u00e1t drah\u00fdm luxusn\u00edm zbo\u017e\u00edm pro glob\u00e1ln\u00ed elitu. Takzvan\u00e1 \u201eudr\u017eitelnost\u201c se t\u00fdk\u00e1 pouze mas.<\/span><\/p>\n<p><img decoding=\"async\" loading=\"lazy\" class=\"alignnone size-full wp-image-1185\" src=\"http:\/\/www.infokuryr.cz\/n\/wp-content\/uploads\/2021\/04\/kuryr-podpis.png\" alt=\"\" width=\"84\" height=\"24\" \/><\/p>\n<p>&nbsp;<\/p>\n<\/div>\n<\/div>\n<div class=\"elementor-element elementor-element-e340648 elementor-widget-divider--view-line elementor-widget elementor-widget-divider\" data-id=\"e340648\" data-element_type=\"widget\" data-e-type=\"widget\" data-widget_type=\"divider.default\">\n<div class=\"elementor-widget-container\">\n<div class=\"elementor-divider\"><\/div>\n<\/div>\n<\/div>\n","protected":false},"excerpt":{"rendered":"<p>Je nepravd\u011bpodobn\u00e9, \u017ee by se \u00fadajn\u00e1 \u201ezelen\u00e1\u201c potravinov\u00e1 revoluce ve \u0160v\u00fdcarsku rozb\u011bhla, proto\u017ee pr\u016fm\u011brn\u00fd spot\u0159ebitel&#8230;<\/p>\n","protected":false},"author":2,"featured_media":105596,"comment_status":"closed","ping_status":"closed","sticky":false,"template":"","format":"standard","meta":[],"categories":[7],"tags":[2555,1503,2310,613],"_links":{"self":[{"href":"https:\/\/www.infokuryr.cz\/n\/wp-json\/wp\/v2\/posts\/105595"}],"collection":[{"href":"https:\/\/www.infokuryr.cz\/n\/wp-json\/wp\/v2\/posts"}],"about":[{"href":"https:\/\/www.infokuryr.cz\/n\/wp-json\/wp\/v2\/types\/post"}],"author":[{"embeddable":true,"href":"https:\/\/www.infokuryr.cz\/n\/wp-json\/wp\/v2\/users\/2"}],"replies":[{"embeddable":true,"href":"https:\/\/www.infokuryr.cz\/n\/wp-json\/wp\/v2\/comments?post=105595"}],"version-history":[{"count":0,"href":"https:\/\/www.infokuryr.cz\/n\/wp-json\/wp\/v2\/posts\/105595\/revisions"}],"wp:featuredmedia":[{"embeddable":true,"href":"https:\/\/www.infokuryr.cz\/n\/wp-json\/wp\/v2\/media\/105596"}],"wp:attachment":[{"href":"https:\/\/www.infokuryr.cz\/n\/wp-json\/wp\/v2\/media?parent=105595"}],"wp:term":[{"taxonomy":"category","embeddable":true,"href":"https:\/\/www.infokuryr.cz\/n\/wp-json\/wp\/v2\/categories?post=105595"},{"taxonomy":"post_tag","embeddable":true,"href":"https:\/\/www.infokuryr.cz\/n\/wp-json\/wp\/v2\/tags?post=105595"}],"curies":[{"name":"wp","href":"https:\/\/api.w.org\/{rel}","templated":true}]}}