{"id":105594,"date":"2026-04-30T05:27:18","date_gmt":"2026-04-30T03:27:18","guid":{"rendered":"https:\/\/www.infokuryr.cz\/n\/?p=105594"},"modified":"2026-04-30T05:31:47","modified_gmt":"2026-04-30T03:31:47","slug":"sus-scrofa-reporyjus-z-basy-do-strany","status":"publish","type":"post","link":"https:\/\/www.infokuryr.cz\/n\/2026\/04\/30\/sus-scrofa-reporyjus-z-basy-do-strany\/","title":{"rendered":"Sus scrofa \u0159eporyjus: Z basy do strany"},"content":{"rendered":"<div id=\"fb-root\"><\/div>\n<p><strong>ODS si k 30 let\u016fm sv\u00e9 existence nad\u011blila skute\u010dn\u011b zvl\u00e1\u0161tn\u00ed d\u00e1rek. Do sv\u00fdch \u0159ad znovup\u0159ijala prase z \u0158eporyj.<\/strong><\/p>\n<p>Pamatuji kdysi d\u00e1vno doby, kdy ODS jako politick\u00e1 strana m\u011bla obrovsk\u00fd dopad na spole\u010dnost a p\u0159edstavovala s\u00edlu, kter\u00e1 doslova ud\u00e1vala budoucnost. Bylo to v dob\u00e1ch V\u00e1clava Klause. Mohli jste si b\u00fdt jisti, \u017ee v lok\u00e1ln\u00ed ODS najdete lidi, kte\u0159\u00ed maj\u00ed vliv. \u0158ada z nich m\u011bla nejen vliv, ale tak\u00e9 autoritu. Byla to presti\u017en\u00ed z\u00e1le\u017eitost. Kdo n\u011bco znamenal, ten tam byl a kdo tam byl, ten n\u011bco znamenal. M\u011blo to r\u016fzn\u00e9 negativn\u00ed vedlej\u0161\u00ed efekty, ale n\u011bjakou dobu to tak fungovalo. ODS uj\u00ed\u017ed\u011bla v\u0161em stran\u00e1m o parn\u00edk. Nic v\u011bak neroste do nebe a tak p\u0159i\u0161el se\u0161up, jak to za podobn\u00fdch situac\u00ed b\u00fdv\u00e1.<\/p>\n<p>Odchodem Klause byl nastartov\u00e1n proces postupn\u00e9ho vyprazd\u0148ov\u00e1n\u00ed ODS. S Fialou byl tento proces zavr\u0161en. Dno bylo nalezeno a sou\u010dasn\u00fd p\u0159edseda Spejbl se ho \u00fasp\u011b\u0161n\u011b dr\u017e\u00ed. \u010c\u00edm pr\u00e1zdn\u011bj\u0161\u00ed byla osoba ve veden\u00ed strany, t\u00edm pr\u00e1zdn\u011bj\u0161\u00ed byla cel\u00e1 strana a te\u010f je zcela vypr\u00e1zdn\u011bn\u00e1. I poslankyn\u011b \u010cernochov\u00e1 se\u00a0<a href=\"https:\/\/www.idnes.cz\/zpravy\/domaci\/jana-cernochova-kolonoskopie-vysetreni-prevence-ods-byvala-ministryne-obrany.A260312_171442_domaci_syko\/foto\/nahledy\">vypr\u00e1zdnila<\/a>. Dnes je ODS na kurzu do margin\u00e1lity, v pr\u016fzkumech kon\u010d\u00ed i za n\u011b\u010d\u00edm tak jako Starostov\u00e9, co\u017e je n\u011bco jako korup\u010dn\u00ed \u00faderka organizovan\u00e1 pouze za \u00fa\u010delem vys\u00e1v\u00e1n\u00ed rozpo\u010dt\u016f.<\/p>\n<p>Kdy\u017e te\u010f naraz\u00edm na n\u011bjak\u00e9ho \u010dlena ODS, kter\u00fd se neboj\u00ed to p\u0159iznat, tak se bu\u010f jedn\u00e1 o idealistu, kter\u00fd douf\u00e1, \u017ee se n\u011bco stane. \u017de se to n\u011bjak oprav\u00ed, \u017ee zase p\u0159ijde n\u011bkdo jako Klaus. Nebo se jedn\u00e1 o nostalgick\u00e9ho boomera, kter\u00fd se n\u011bjak zapomn\u011bl odhl\u00e1sit, proto\u017ee hluboce v n\u011bm \u017eije \u00e9tos prosperity a svobody, kter\u00fd strana m\u011bla n\u011bkdy na konci devades\u00e1tek a nechce tuto kapitolu v sob\u011b uzav\u0159\u00edt. Vlastn\u011b je m\u00e1m r\u00e1d. Blb\u00fd je, \u017ee te\u010f jsou Novotn\u00fdho spolustran\u00edky. Jak\u00fd to je?<\/p>\n<p>Nicm\u00e9n\u011b proces vypr\u00e1zdn\u011bn\u00ed nyn\u00ed kon\u010d\u00ed, proto\u017ee ODS se zase za\u010d\u00edn\u00e1 plnit. Za\u010d\u00edn\u00e1 se plnit spole\u010densk\u00fdm odpadem. 8. 4. 2026 v 17 hodin toti\u017e roz\u0161\u00ed\u0159il jej\u00ed \u0159ady exstarosta \u0158eporyj Pavel Novotn\u00fd pot\u00e9, co se vr\u00e1til z basy.<\/p>\n<p>\u010clenstv\u00ed ve stran\u011b Novotn\u00fd pozastavil loni v\u00a0kv\u011btnu po odsouzen\u00ed ke t\u0159em m\u011bs\u00edc\u016fm v\u011bzen\u00ed za v\u00fdtr\u017enictv\u00ed, podn\u011bcov\u00e1n\u00ed k\u00a0trestn\u00e9mu \u010dinu a\u00a0nebezpe\u010dn\u00e9 pron\u00e1sledov\u00e1n\u00ed.<\/p>\n<p>S\u00e1m Novotn\u00fd to komentoval tak, \u017ee se stran\u011b vr\u00e1til ztracen\u00fd syn.<\/p>\n<p>\u0160koda, \u017ee se stran\u011b tak\u00e9 nevr\u00e1til ztracen\u00fd rozum.<\/p>\n<p>Novotn\u00fdho pokl\u00e1d\u00e1m za jednu z nejodporn\u011bj\u0161\u00edch osob na \u010desk\u00e9 politick\u00e9 sc\u00e9n\u011b. T\u011b\u017eko hled\u00e1 sob\u011b rovn\u00e9ho. Kdy\u017e vezmeme lege artis politiky a ponech\u00e1me stranou t\u0159eba Pir\u00e1ty, co\u017e pokl\u00e1d\u00e1m sp\u00ed\u0161e za diagn\u00f3zu ne\u017e vyj\u00e1d\u0159en\u00ed postoje, a ponech\u00e1m stranou lidovce, kde jde \u010dasto o to u\u017eivit politika\u0159en\u00edm rodinu, konkurovat m\u016f\u017ee snad jen Danu\u0161e Nerudov\u00e1, kter\u00e1 je tot\u00e1ln\u011b blb\u00e1, europoslanec Niedermayer pro naprostou odcizenost \u010desk\u00fdm z\u00e1jm\u016fm a agent P\u00e1vek pro bezp\u00e1te\u0159nost. Srovn\u00e1n\u00ed se hled\u00e1 skute\u010dn\u011b t\u011b\u017eko, proto\u017ee Novotn\u00fd je k zblit\u00ed odli\u0161n\u00fdm zp\u016fsobem. Danu\u0161e, Niedermayer a P\u00e1vek jsou nestraviteln\u00ed pro jejich postoje, ale maj\u00ed je\u0161t\u011b p\u0159ijateln\u00e9 vystupov\u00e1n\u00ed. T\u0159eba je\u0161t\u011b p\u0159ijdou k rozumu a budou z nich slu\u0161n\u00ed lid\u00e9. To Novotn\u00fdmu nehroz\u00ed.<\/p>\n<p>Z jedin\u00e9ho osobn\u00edho setk\u00e1n\u00ed s panem Novotn\u00fdm z ODS jsem si odnesl ten poznatek, \u017ee live je je\u0161t\u011b odporn\u011bj\u0161\u00ed ne\u017e v m\u00e9di\u00edch. M\u00e9dia \u010dasto lidem k\u0159ivd\u00ed, u Novotn\u00fdho je to opa\u010dn\u011b. P\u0159idalo se k tomu v\u0161emu, \u017ee kdy\u017e mluv\u00ed, neust\u00e1le \u0159ve jako pavi\u00e1n a z jeho reakc\u00ed jsem m\u011bl dojem, \u017ee n\u011bco bere a kvalita nebo d\u00e1vkov\u00e1n\u00ed t\u00e9 substance tak \u00fapln\u011b nesed\u00ed.<\/p>\n<p>Panu Cavalimu rozum\u00edm.<\/p>\n<p>Za nejv\u011bt\u0161\u00ed hajlajty \u0159eporyjsk\u00e9ho cara bych ozna\u010dil tyto body:<\/p>\n<p>1. F\u00edzlov\u00e1n\u00ed a pr\u00e1sk\u00e1n\u00ed obyvatel \u0158eporyj, kte\u0159\u00ed podle pr\u00e1vn\u00edho n\u00e1zoru pana Novotn\u00fdho d\u011blali n\u011bco domn\u011ble nez\u00e1konn\u00e9ho. Tento syst\u00e9m neust\u00e1le vylep\u0161oval a u\u010dinil ho vir\u00e1ln\u00edm, nap\u0159\u00edklad nechal vys\u00edlat jako slow TV \u017eelezni\u010dn\u00ed p\u0159ejezd a nab\u00e1dal sv\u00e9 spoluob\u010dany, aby stream sledovali a ud\u00e1vali sv\u00e9 sousedy, kte\u0159\u00ed p\u0159ech\u00e1z\u00ed \u017eelezni\u010dn\u00ed tra\u0165. Tuto praxi ukon\u010dil po n\u011bjak\u00e9 dob\u011b\u00a0<a href=\"https:\/\/uoou.gov.cz\/cinnost\/ochrana-osobnich-udaju\/ukoncene-kontroly\/kontroly-za-rok-2020\/kontrolni-cinnost-v-oblasti-ochrany-osobnich-udaju-2020\/provozovatel-televiznihointernetoveho-vysilani-uoou-0081120#:~:text=kamery%20zab%C3%ADraj%C3%ADc%C3%AD%20prostor%20%C5%BEelezni%C4%8Dn%C3%ADho%20p%C5%99ejezdu%20v%20m%C4%9Bstsk%C3%A9,v%20re%C3%A1ln%C3%A9m%20%C4%8Dase%20na%20webov%C3%BDch%20str%C3%A1nk%C3%A1ch%20www.mall.tv\">\u00daOO\u00da<\/a>.<\/p>\n<p>PM do \u0158eporyj: Jsem r\u00e1d, \u017ee jsem mohl pomoci ukon\u010dit tento udava\u010dsk\u00fd broadcasting a d\u011bkuji cel\u00e9mu t\u00fdmu. Nebylo to snadn\u00e9, ale bylo to dobr\u00e9. R\u00e1d budu s v\u00e1mi op\u011bt pracovat a jsem r\u00e1d, \u017ee ne v\u0161ichni obyvatel\u00e9 \u0158eporyj nejsou natolik zka\u017een\u00ed jako ti omezen\u00ed jedinci, co si ho zvolili starostou.<\/p>\n<p>2. Podpora covidismu.\u00a0<a href=\"https:\/\/dfens-cz.com\/reporyje-papers\/\">Pojedn\u00e1no zde<\/a>. Kauza uk\u00e1zala na chabou Novotn\u00fdho intuici, kdy s\u00e1zel na zoufalce jako Jaroslav Flegr v dob\u011b, kdy u\u017e i vl\u00e1dn\u00edm \u00fa\u0159edn\u00edk\u016fm bylo jasn\u00e9, \u017ee jsou to \u0161arlat\u00e1ni a v\u011b\u0159it se jim ned\u00e1.<\/p>\n<p>3. \u00datok na Annu Julii Slov\u00e1\u010dkovou, kter\u00e1 v t\u00e9 dob\u011b byla v\u00e1\u017en\u011b onkologicky nemocn\u00e1. \u0158eporyjsk\u00e9 prase tehdy nachrochtalo na Twitter toto: \u201e\u201eD\u00e1v\u00e1m mu pokoj asi rok a p\u016fl, co v\u00edm, \u017ee mu zem\u0159e dcera. Ani\u010dka bohu\u017eel nem\u00e1 \u017e\u00e1dnou \u0161anci. Tohle ale p\u0159ehnal.\u201c V\u011bta se prim\u00e1rn\u011b t\u00fdkala Felixe Slov\u00e1\u010dka, kter\u00fd se nechal zv\u011b\u010dnit s p\u016fvabn\u00fdmi hosteskami na n\u011bjak\u00e9 akci Sta\u010dilo.<\/p>\n<p>V tomto p\u0159\u00edpad\u011b vy\u0161la najevo Novotn\u00fdho nejen politick\u00e1 zkurvenost, ale inherentn\u00ed lidsk\u00e1 zkurvenost, kterou nevyvolala politick\u00e1 funkce, ale samo narozen\u00ed. Ano, Anna Julie Slov\u00e1\u010dkov\u00e1 byla v t\u00e9 dob\u011b v\u00e1\u017en\u011b nemocn\u00e1 a jej\u00ed vyhl\u00eddky skute\u010dn\u011b nebyly dobr\u00e9, ale tohle jde p\u0159es v\u0161echny mo\u017en\u00e9 meze. I natolik slizk\u00e1 osoba jako Martin Kolovratn\u00edk z ANO cht\u011bl tehdy prase zml\u00e1tit, a to u\u017e je co \u0159\u00edct.<\/p>\n<p>Byl jsem zhnusen\u00fd. Sice jsem um\u011bleckou dr\u00e1hu sle\u010dny Slov\u00e1\u010dkov\u00e9 nijak zvl\u00e1\u0161\u0165 nesledoval, ale ur\u010dit\u011b to byla talentovan\u00e1 a kr\u00e1sn\u00e1 d\u00edvka, kter\u00e1 m\u011bla kari\u00e9ru p\u0159ed sebou. Novotn\u00fd je odporn\u00fd opruz z \u0158eporyj, ze kter\u00e9ho u\u017e nikdy nic pozitivn\u00edho nevyjde, proto\u017ee zbytek \u017eivota str\u00e1v\u00ed olizov\u00e1n\u00edm prdeli lid\u00ed, kte\u0159\u00ed jsou mocn\u011bj\u0161\u00ed a chyt\u0159ej\u0161\u00ed ne\u017e on. Ch\u00e1pal jsem to jako st\u0159et dvou sv\u011bt\u016f, z nich\u017e, jako obvykle, ten hor\u0161\u00ed vyhr\u00e1l. Kdy\u017e pak Anna Julie Slov\u00e1\u010dkov\u00e1 zem\u0159ela, vn\u00edmal jsem to skoro jako osudovou k\u0159ivdu. Pane Bo\u017ee, co to d\u011bl\u00e1\u0161, kam se pod\u011bla spravedlnost! Ani\u010dku jsi n\u00e1m sebral a tohle prase n\u00e1m tu nechal!<\/p>\n<p>Blahop\u0159eju ODS k t\u00e9to skv\u011bl\u00e9 akvizici. Tohle v\u00e1s ur\u010dit\u011b n\u011bkam posune.<\/p>\n<p>V\u00edte, tohle se d\u00e1 \u0159e\u0161it. V norm\u00e1ln\u00edm sv\u011bt\u011b, mimo tu va\u0161\u00ed Kupko-Fialo-bublinu, se podobn\u00e9 v\u011bci \u0159e\u0161\u00ed na denn\u00ed b\u00e1zi. Z\u00e1kazn\u00edk chce z\u00edskat n\u011bco, co si nezaplatil, dodavatel nechce dodat n\u011bco, za co jste zaplatili vy, zam\u011bstnanec chce pov\u00fd\u0161it, ale nem\u00e1 na to, \u00fa\u0159edn\u00edk chce vybrat pokutu za p\u0159estupek a nem\u00e1 d\u016fkazy. N\u011bkdy prost\u011b lidem mus\u00edte vysv\u011btlit, \u017ee nedostanou to, co cht\u011bj\u00ed, ve va\u0161em i jejich vlastn\u00edm z\u00e1jmu. Jsou na to r\u016fzn\u00e9 postupy a nejlep\u0161\u00ed, nikoli nejsnaz\u0161\u00ed, je vz\u00edt si doty\u010dn\u00e9ho stranou, prost\u011b a jednodu\u0161e mu vysv\u011btlit, pro\u010d to nep\u016fjde a co mus\u00ed ud\u011blat, aby to \u0161lo. Kdy\u017e to ud\u011bl\u00e1te \u0161ikovn\u011b, profituj\u00ed na tom ob\u011b strany, u\u017e jen t\u0159eba t\u00edm, \u017ee za\u010dne sm\u011b\u0159ovat sv\u00e9 \u00fasil\u00ed jin\u00fdm sm\u011brem. V p\u0159\u00edpad\u011b pana Novotn\u00fdho ta v\u011bta mohla zn\u00edt: \u201ePod\u00edvej, vep\u0159i, my ti d\u011bkujeme, ale my u\u017e t\u011b zp\u011bt nevezmeme, proto\u017ee jsi n\u00e1m d\u011blal ostudu a kazil pov\u011bst. Zkus to n\u011bkde jinde, kde jim to nevad\u00ed\u201c.<\/p>\n<p>Ale jak vidno, ODS u\u017e je na tom jak smrtka. Bere v\u0161echno.<\/p>\n<p><a href=\"https:\/\/dfens-cz.com\/sus-scrofa-reporyjus\/\">D-FENS<\/a><\/p>\n<p>&nbsp;<\/p>\n","protected":false},"excerpt":{"rendered":"<p>ODS si k 30 let\u016fm sv\u00e9 existence nad\u011blila skute\u010dn\u011b zvl\u00e1\u0161tn\u00ed d\u00e1rek. Do sv\u00fdch \u0159ad znovup\u0159ijala&#8230;<\/p>\n","protected":false},"author":2,"featured_media":27398,"comment_status":"closed","ping_status":"closed","sticky":false,"template":"","format":"standard","meta":[],"categories":[6],"tags":[1503,4567,192],"_links":{"self":[{"href":"https:\/\/www.infokuryr.cz\/n\/wp-json\/wp\/v2\/posts\/105594"}],"collection":[{"href":"https:\/\/www.infokuryr.cz\/n\/wp-json\/wp\/v2\/posts"}],"about":[{"href":"https:\/\/www.infokuryr.cz\/n\/wp-json\/wp\/v2\/types\/post"}],"author":[{"embeddable":true,"href":"https:\/\/www.infokuryr.cz\/n\/wp-json\/wp\/v2\/users\/2"}],"replies":[{"embeddable":true,"href":"https:\/\/www.infokuryr.cz\/n\/wp-json\/wp\/v2\/comments?post=105594"}],"version-history":[{"count":0,"href":"https:\/\/www.infokuryr.cz\/n\/wp-json\/wp\/v2\/posts\/105594\/revisions"}],"wp:featuredmedia":[{"embeddable":true,"href":"https:\/\/www.infokuryr.cz\/n\/wp-json\/wp\/v2\/media\/27398"}],"wp:attachment":[{"href":"https:\/\/www.infokuryr.cz\/n\/wp-json\/wp\/v2\/media?parent=105594"}],"wp:term":[{"taxonomy":"category","embeddable":true,"href":"https:\/\/www.infokuryr.cz\/n\/wp-json\/wp\/v2\/categories?post=105594"},{"taxonomy":"post_tag","embeddable":true,"href":"https:\/\/www.infokuryr.cz\/n\/wp-json\/wp\/v2\/tags?post=105594"}],"curies":[{"name":"wp","href":"https:\/\/api.w.org\/{rel}","templated":true}]}}