{"id":105587,"date":"2026-04-30T00:25:35","date_gmt":"2026-04-29T22:25:35","guid":{"rendered":"https:\/\/www.infokuryr.cz\/n\/?p=105587"},"modified":"2026-04-29T18:49:08","modified_gmt":"2026-04-29T16:49:08","slug":"petr-sak-zavislost","status":"publish","type":"post","link":"https:\/\/www.infokuryr.cz\/n\/2026\/04\/30\/petr-sak-zavislost\/","title":{"rendered":"Petr Sak: Z\u00e1vislost"},"content":{"rendered":"<div id=\"fb-root\"><\/div>\n<p>Henry Kissinger, by\u0165 byl v n\u011bkolika z\u00e1padoevropsk\u00fdch zem\u00edch trestn\u011b st\u00edh\u00e1n jako v\u00e1le\u010dn\u00fd zlo\u010dinec, byl geni\u00e1ln\u00ed politolog a politik, podobn\u011b jako nacistick\u00fd v\u00e1le\u010dn\u00fd zlo\u010dinec Albert Speer. H. Kissinger v posledn\u00edch letech sv\u00e9ho dlouh\u00e9ho \u017eivota upozor\u0148oval na skute\u010dnost, \u017ee p\u0159edn\u00edmi politiky a st\u00e1tn\u00edky se st\u00e1vaj\u00ed jedinci ni\u017e\u0161\u00ed kvality. Tuto sn\u00ed\u017eenou kvalitu m\u016f\u017eeme pozorovat v n\u011bkolika oblastech; ni\u017e\u0161\u00ed inteligence, ni\u017e\u0161\u00ed vzd\u011blanost, ni\u017e\u0161\u00ed politick\u00e1 kompetence a zku\u0161enost, ni\u017e\u0161\u00ed mravn\u00ed a duchovn\u00ed \u00farove\u0148 se sklonem k deprivantovi a psychopatovi. Ponechme nyn\u00ed stranou ot\u00e1zku p\u0159\u00ed\u010diny tohoto trendu a kdo tyto loutky nasazuje do politick\u00e9ho divad\u00e9lka.<\/p>\n<p>Sn\u00ed\u017een\u00e1 inteligence a\u00a0vzd\u011blanost politik\u016f se prom\u00edt\u00e1 do politiky, kter\u00e1 po\u0161kozuje z\u00e1jmy zem\u00ed, kter\u00fdm maj\u00ed politici slou\u017eit. Ilustrujme to na pojmu z\u00e1vislost a\u00a0jej\u00ed sni\u017eov\u00e1n\u00ed, kter\u00e9 evrop\u0161t\u00ed politici evidentn\u011b nech\u00e1pou. Evrop\u0161t\u00ed politici se sna\u017e\u00ed sni\u017eovat z\u00e1vislost evropsk\u00fdch zem\u00ed na ropn\u00fdch zdroj\u00edch. Pokud existuje pouze jeden zdroj ropy, potom existuje stoprocentn\u00ed z\u00e1vislost. Cestou ke sn\u00ed\u017een\u00ed z\u00e1vislosti je diverzifikace zdroj\u016f. Logika je jasn\u00e1, zvy\u0161ov\u00e1n\u00ed po\u010dtu zdroj\u016f zvy\u0161uje diverzifikaci a\u00a0sni\u017euje z\u00e1vislost na ka\u017ed\u00e9m z\u00a0u\u017e\u00edvan\u00fdch zdroj\u016f.\u00a0 Sni\u017eov\u00e1n\u00ed po\u010dtu zdroj\u016f sni\u017euje diverzifikaci a\u00a0zvy\u0161uje z\u00e1vislost na ka\u017ed\u00e9m z\u00a0u\u017e\u00edvan\u00fdch zdroj\u016f.<\/p>\n<p>Krokem, kter\u00fd m\u011bl sn\u00ed\u017eit z\u00e1vislost Evropy na rop\u011b, bylo zru\u0161en\u00ed dod\u00e1vek rusk\u00e9 ropy, v\u010detn\u011b teroristick\u00e9 sabot\u00e1\u017ee \u201enord streamu\u201c. \u00a0T\u00edm se automaticky sn\u00ed\u017eila diverzifikace zdroj\u016f a\u00a0zv\u00fd\u0161ila z\u00e1vislost na zb\u00fdvaj\u00edc\u00edch ropn\u00fdch zdroj\u00edch. Zvl\u00e1\u0161t\u011b trumpovsk\u00e9 zdroje americk\u00e9 ropy (a\u00a0zkapaln\u011bn\u00e9ho plynu) jsou nejist\u00e9 a\u00a0ze v\u0161ech zdroj\u016f je ropa dra\u017e\u0161\u00ed ne\u017e byla rusk\u00e1 ropa. P\u0159itom si nevybavuji, \u017ee by rusk\u00e1 ropa byla zdrojem vyd\u00edr\u00e1n\u00ed na rozd\u00edl od Ukrajiny. Chybn\u00e1 a\u017e likvida\u010dn\u00ed ropn\u00e1 politika Evropsk\u00e9 komise a\u00a0evropsk\u00fdch st\u00e1tn\u00edk\u016f se dramaticky ukazuje v\u00a0sou\u010dasn\u00e9 energetick\u00e9 krizi zp\u016fsoben\u00e9 americkou a\u00a0izraelskou agres\u00ed v\u016f\u010di Ir\u00e1nu.<\/p>\n<p>Evrop\u0161t\u00ed politici prov\u00e1d\u011bj\u00ed ropnou politiku, kter\u00e1 je proti z\u00e1jm\u016fm evropsk\u00fdch n\u00e1rod\u016f. V\u00a0norm\u00e1ln\u00edm sv\u011bt\u011b by byl takov\u00fd politik souzen za vlastizradu. V\u00a0na\u0161em sv\u011bt\u011b jsou Evropan\u00e9 silov\u011b indoktrinov\u00e1ni ztoto\u017enit se s\u00a0touto politikou.<\/p>\n<p>Tak\u00e9 se ukazuje, \u017ee evrop\u0161t\u00ed politici neum\u011bj\u00ed propojit dv\u011b politick\u00e9 oblasti, dv\u011b politiky. Zat\u00edmco brut\u00e1ln\u00ed zelenou politikou likviduj\u00ed evropsk\u00fd pr\u016fmysl a\u00a0ekonomiku, nevad\u00ed jim naprosto ekologicky nep\u0159ijateln\u00e9 vozen\u00ed ropy a\u00a0zkapaln\u011bn\u00e9ho plynu p\u0159es p\u016fl zem\u011bkoule, zat\u00edmco ekologicky \u0161etrn\u011bj\u0161\u00ed dovoz rusk\u00e9 ropy a\u00a0plynu zlikvidovali.<\/p>\n<p>Je\u0161t\u011b daleko hor\u0161\u00ed je v\u00e1le\u010dn\u00e1 politika evropsk\u00fdch politik\u016f, kterou nelze nazvat jinak ne\u017e \u0161\u00edlenou. Sv\u016fj d\u00edl odpov\u011bdnosti za sou\u010dasnou situaci nese M. S. Gorba\u010dov svou rozhoduj\u00edc\u00ed \u00fa\u010dast\u00ed na spojen\u00edm NDR a\u00a0NSR. Po\u00a02.\u00a0sv\u011btov\u00e9 v\u00e1lce m\u011blo N\u011bmecko limity ve zbrojen\u00ed a\u00a0z\u00e1kaz zahrani\u010dn\u00edch vojensk\u00fdch intervenc\u00ed. Po\u00a0Adolfu Hitlerovi poprv\u00e9 n\u011bmeck\u00fd ministr zahrani\u010d\u00ed a\u00a0vicekancl\u00e9\u0159 Jo\u017eka Fischer, radik\u00e1ln\u00ed levicov\u00fd student z\u00a0roku 1968, op\u011bt bombardoval B\u011blehrad a\u00a0nastartoval tradi\u010dn\u00ed n\u011bmeckou militaristickou politiku. V\u00a0sou\u010dasnosti jsou v\u00a0N\u011bmecku ve vysok\u00fdch st\u00e1tn\u00edch a\u00a0politick\u00fdch funkc\u00edch potomci v\u00fdznamn\u00fdch nacist\u016f a\u00a0s\u00a0nimi se vrac\u00ed budov\u00e1n\u00ed nejv\u011bt\u0161\u00ed arm\u00e1dy v\u00a0Evrop\u011b a\u00a0nacistick\u00e1 politika Drang nach Osten.<\/p>\n<p>Z\u00e1m\u011brn\u011b vyvolanou, \u017eivenou a udr\u017eovanou n\u00e1stupn\u00ed frontou pro novou sv\u011btovou v\u00e1lku se stala v\u00e1lka na Ukrajin\u011b. Vladim\u00edr Zelenskyj nevyhr\u00e1l prezidentsk\u00e9 volby pro sv\u00e9 hran\u00ed penisem na klav\u00edr, ale proto\u017ee sliboval m\u00edrov\u00e9 \u0159e\u0161en\u00ed v\u00e1lky ukrajinsk\u00fdch banderovc\u016f v\u016f\u010di Donbasu, p\u0159i kter\u00e9 zahynulo ke 14 tis\u00edc\u016fm ob\u010dan\u016f Ukrajiny. O m\u00edrov\u00e9 \u0159e\u0161en\u00ed se sna\u017eily Minsk\u00e9 dohody, jejich\u017e pln\u011bn\u00ed ukrajinsk\u00e1 strana jen p\u0159edst\u00edrala, aby z\u00edskala \u010das na zbrojen\u00ed, jak prozradila n\u011bmeck\u00e1 kancl\u00e9\u0159ka Angela Merklov\u00e1 a francouzsk\u00fd prezident Francois Hollande. Po rozpadu SSSR byla podeps\u00e1na dohoda, kter\u00e1 pro Ukrajinu garantovala neutralitu a vylu\u010dovala \u010dlenstv\u00ed Ukrajiny v NATO. \u017d\u00e1dost V. Zelensk\u00e9ho o p\u0159ijet\u00ed do NATO byla pod\u00e1na s v\u011bdom\u00edm vyvol\u00e1n\u00ed v\u00e1lky s Ruskem, to byl c\u00edl, a z\u0159ejm\u011b nejen V. Zelensk\u00e9ho, ale p\u0159edev\u0161\u00edm jeho mentor\u016f.<\/p>\n<p>V\u00fdznamnou funkc\u00ed v\u00e1lky na Ukrajin\u011b, tak jako v\u0161ech v\u00e1lek, je p\u0159esm\u011brov\u00e1n\u00ed toku pen\u011bz ze st\u00e1tn\u00edho rozpo\u010dtu a\u00a0z\u00a0dluh\u016f do v\u00e1lky a\u00a0zbrojn\u00edho pr\u016fmyslu a\u00a0odtud politik\u016fm. Proto zve\u0159ejn\u011bn\u00e9 zlat\u00e9 z\u00e1chody, nemovitosti za stamiliony a\u00a0kump\u00e1ni V. Zelensk\u00e9ho uprchl\u00ed do Izraele nech\u00e1vaj\u00ed z\u00e1padn\u00ed politiky v\u00a0klidu a\u00a0ani v\u00a0nejmen\u0161\u00edm to nenaru\u0161uje pos\u00edl\u00e1n\u00ed dal\u0161\u00edch stamiliard dolar\u016f \u010di\u00a0euro na Ukrajinu. T\u0159e\u0161ni\u010dkou na dortu je arogantn\u00ed chov\u00e1n\u00ed V. Zelensk\u00e9ho k\u00a0zahrani\u010dn\u00edm politik\u016fm. Tak se ke sv\u00fdm spojenc\u016f, nechoval ani Adolf Hitler.\u00a0 P\u0159\u00ed\u010diny tohoto chov\u00e1n\u00ed se m\u016f\u017eeme jen dohadovat; drogy, z\u00e1jmy siln\u00e9ho mentora v\u00a0pozad\u00ed, zdeformovan\u00ed osobnosti v\u00a0d\u016fsledk\u016f stresu a\u00a0dal\u0161\u00edch n\u00e1ro\u010dn\u00fdch situac\u00ed.<\/p>\n<p>V\u00e1lka na Ukrajin\u011b pl\u00ed\u017eiv\u011b sm\u011b\u0159uj\u00edc\u00ed ke sv\u011btov\u00e9 v\u00e1lce op\u011bt ukazuje jak kv\u016fli n\u011b\u010demu tak pofidern\u00edmu a\u00a0pochybn\u00e9mu jako jsou pen\u00edze um\u00edraj\u00ed statis\u00edce lid\u00ed, je ni\u010dena infrastruktura, propad\u00e1 se \u017eivotn\u00ed \u00farove\u0148 a\u00a0kvalita \u017eivota lid\u00ed Evrop\u011b. P\u0159\u00ed\u010dina je jednoduch\u00e1, nemoudrost, n\u00edzk\u00e1 inteligence a\u00a0\u201enena\u017eranost\u201c politik\u016f a\u00a0jin\u00fdch \u00fa\u010dastn\u00edk\u016f.<\/p>\n<p>V\u00a0minulosti m\u00e1 generace nech\u00e1pala jak mohly generace 1.\u00a0a\u00a02.\u00a0sv\u011btov\u00e9 v\u00e1lky nalet\u011bt propagand\u011b, zvl\u00e1\u0161t\u011b nacistick\u00e9 propagand\u011b Adolfa Hitlera. V\u00a0sou\u010dasnosti to autenticky pozoruji na \u010desk\u00e9 populaci. Petr Pavel pat\u0159\u00ed k\u00a0nejv\u011bt\u0161\u00edm evropsk\u00fdm v\u00e1le\u010dn\u00fdm \u0161tv\u00e1\u010d\u016fm a\u00a0k\u00a0tomu je\u0161t\u011b chce zlikvidovat \u010desk\u00fd st\u00e1t a\u00a0n\u00e1sledn\u011b \u010desk\u00fd n\u00e1rod. Je p\u0159\u00edmo\u010da\u0159ej\u0161\u00ed ne\u017e byli politici v\u00a0\u201eProtektor\u00e1tu \u010cechy a\u00a0Morava\u201c a\u00a0je tak\u00e9 v\u011bt\u0161\u00edm vlastizr\u00e1dcem. P\u0159esto m\u00e1 podporu v\u00edce ne\u017e poloviny populace a\u00a0nejsp\u00ed\u0161e bude zvolen prezidentem i\u00a0pro druh\u00e9 funk\u010dn\u00ed obdob\u00ed. Pro\u010d m\u00e1 preference velk\u00e9 \u010d\u00e1sti \u010desk\u00e9 populace? Neexistuje jedin\u00e1 motivace.<\/p>\n<p>\u2013 Velkou skupinu tvo\u0159\u00ed b\u00fdval\u00ed komunist\u00e9-sou\u010dasn\u00ed antikomunist\u00e9, kte\u0159\u00ed si nakradli majetky a\u00a0v\u00a0d\u016fsledku kr\u00e1de\u017ee a\u00a0antikomunistick\u00e9 n\u00e1lady se ve spole\u010dnosti c\u00edtili vzhledem ke sv\u00e9 minulosti ve spole\u010dnosti nejist\u011b. Komunistick\u00fd funkcion\u00e1\u0159 a\u00a0rozv\u011bd\u010d\u00edk ve funkci prezidenta jim vrac\u00ed spole\u010denskou jistotu a\u00a0soci\u00e1ln\u00ed status.<\/p>\n<p>\u2013 \u00a0Velk\u00e1 \u010d\u00e1st st\u0159edn\u00ed a\u00a0mlad\u00e9 generace prost\u0159ednictv\u00edm \u0161kolsk\u00e9ho syst\u00e9mu a\u00a0m\u00e9di\u00ed nerozvinula schopnost kritick\u00e9 anal\u00fdzy a\u00a0tvorby vlastn\u00edho n\u00e1zoru. P\u0159ej\u00edmaj\u00ed mainstreamov\u00e9 n\u00e1zory.<\/p>\n<p>\u2013 \u010c\u00e1st \u017eensk\u00e9 populace preferuje Petra Pavla, proto\u017ee ho pova\u017euj\u00ed za hezk\u00e9ho mu\u017esk\u00e9ho a\u00a0nevol\u00ed hlavou.<\/p>\n<p>\u2013 Malou, ale v\u00fdznamnou skupinu tvo\u0159\u00ed jedinci, kte\u0159\u00ed jsou zkorumpovan\u00ed p\u0159\u00edmo \u010di\u00a0nep\u0159\u00edmo (neziskovky, um\u011blci, novin\u00e1\u0159i), co\u017e odhalila americk\u00e1 organizace USAID.<\/p>\n<p>\u2013 Zna\u010dnou \u010d\u00e1st tvo\u0159\u00ed tak\u00e9 konformist\u00e9, kte\u0159\u00ed se ve \u201esme\u010dce\u201c c\u00edt\u00ed bezpe\u010dn\u011b, pokud zast\u00e1vaj\u00ed v\u011bt\u0161inov\u00fd n\u00e1zor. Tak\u00e9 to pom\u00e1h\u00e1 jej\u00edch zam\u011bstnanosti.<\/p>\n<p>V\u0161echny tyto skupiny si budou pochvalovat likvidaci \u010desk\u00e9ho st\u00e1tu a\u00a0sm\u011b\u0159ov\u00e1n\u00ed \u010desk\u00e9ho n\u00e1roda k\u00a0z\u00e1niku a\u00a0je\u0161t\u011b to mohou pova\u017eovat za pokrok nebo p\u0159\u00ednos. Velk\u00e1 \u010d\u00e1st p\u0159edev\u0161\u00edm mlad\u00e9 a\u00a0st\u0159edn\u00ed generace toti\u017e neum\u00ed rozli\u0161it zm\u011bnu a\u00a0pokrok.<\/p>\n<p>V\u00a0sou\u010dasnosti o\u00a0stavu \u010desk\u00e9 spole\u010dnosti vypov\u00edd\u00e1 chystan\u00fd sjezd sudeton\u011bmeck\u00e9ho landsman\u0161aftu v\u00a0Brn\u011b. Podobn\u011b jako lakmusov\u00fd pap\u00edrek prozrad\u00ed Ph\u00a0l\u00e1tky, chystan\u00fd sjezd odkr\u00fdv\u00e1 obsazen\u00ed mocensk\u00fdch pozic ve st\u00e1t\u011b vlastizr\u00e1dn\u00fdmi silami. Co bychom obt\u00ed\u017en\u011b odkr\u00fdvali, m\u00e1me n\u00e1hle naserv\u00edrovan\u00e9 p\u0159ed sebou. P\u0159in\u00e1\u0161\u00ed to v\u0161ak dal\u0161\u00ed ot\u00e1zky. Jak lze dos\u00e1hnout pozitivn\u00ed zm\u011bny, kdy\u017e spole\u010dnost ovl\u00e1daj\u00ed vlastizr\u00e1dci?<\/p>\n<p>Dopad nevzd\u011blan\u00fdch moder\u00e1tor\u016f a\u00a0n\u00edzk\u00e9 kvality politik\u016f i\u00a0druh\u00e9 ligy m\u016f\u017eeme pozorovat v\u00a0televizn\u00edch debat\u00e1ch. \u010c\u00e1ste\u010dn\u011b c\u00edlen\u011b, \u010d\u00e1ste\u010dn\u011b v\u00a0d\u016fsledku vzd\u011blanostn\u00edho a\u00a0intelektu\u00e1ln\u00edho deficitu se jejich v\u00fdroky m\u00edjej\u00ed s\u00a0realitou a\u00a0v\u00a0debat\u00e1ch jimi prokl\u00e1dan\u00e9 fr\u00e1ze a\u00a0nepodlo\u017een\u00e9 v\u00fdroky p\u0159ipom\u00ednaj\u00ed skupinovou terapii na l\u016f\u017ekov\u00e9m odd\u011blen\u00ed psychiatrie \u010di\u00a0ment\u00e1ln\u011b retardovan\u00fdch.<\/p>\n<p>Synergi\u00ed p\u016fsoben\u00ed kvality m\u00e9di\u00ed a\u00a0t\u011bchto politik\u016f doch\u00e1z\u00ed k\u00a0absolutn\u00ed banalizaci \u010desk\u00e9 politiky, odv\u00e1d\u011bj\u00edc\u00ed pozornost od z\u00e1sadn\u00edch spole\u010densk\u00fdch probl\u00e9m\u016f a\u00a0t\u00e9mat k\u00a0t\u00e9mat\u016fm vytv\u00e1\u0159en\u00e9 fiktivn\u00ed reality. Jednou je od velk\u00e9ho t\u0159esku nejv\u011bt\u0161\u00ed ud\u00e1lost\u00ed, \u017ee Petr Pavel by nem\u011bl jet na summit NATO, n\u00e1sledn\u011b m\u00e9dia p\u0159esv\u011bd\u010duj\u00ed v\u0161echny \u010desk\u00e9 hlup\u00e1ky, \u017ee pokud bude \u010cT a\u00a0\u010cRo dost\u00e1vat pen\u00edze od st\u00e1tu, a\u00a0ne p\u0159\u00edmo z\u00a0poplatk\u016f ob\u010dan\u016f, tak p\u0159estane b\u00fdt nez\u00e1visl\u00e1 a\u00a0demokracie se zhrout\u00ed (Ani jedno v\u0161ak neexistuje). Pak p\u0159ijde na \u0159\u00e1du skand\u00e1l s\u00a0letadlem pro cestu M. Vystr\u010dila na Tchaj-wan.<\/p>\n<p>Politici po\u00a0n\u011bkolika letech v\u00a0exkluzivn\u00ed bublin\u011b ztr\u00e1cej\u00ed smysl pro slu\u0161nost a\u00a0um\u011b\u0159enost. Mohli by si uv\u011bdomit, \u017ee existuj\u00ed st\u00e1ty a\u00a0politici, kte\u0159\u00ed i\u00a0na ofici\u00e1ln\u00ed st\u00e1tn\u00ed n\u00e1v\u0161t\u011bvy l\u00e9taj\u00ed norm\u00e1ln\u00ed leteckou linkou. Politici touto kauzou na sebe prozradili v\u00edce ne\u017e cht\u011bli, proto\u017ee ji\u017e ztratili soudnost. V\u0161echny tyto ud\u00e1losti maj\u00ed \u010dasov\u00fd rozm\u011br n\u011bkolika hodin, av\u0161ak p\u00e9\u010d\u00ed \u010desk\u00fdch m\u00e9di\u00ed se t\u00fdden a\u00a0v\u00edce nemluv\u00ed o\u00a0ni\u010dem jin\u00e9m. Pro nevzd\u011blan\u00e9 novin\u00e1\u0159e je to tak\u00e9 pohodln\u011bj\u0161\u00ed, proto\u017ee tato t\u00e9mata nevy\u017eaduj\u00ed ani inteligenci, ani vzd\u011blanost.<\/p>\n<p>Propad kvality politik\u016f nen\u00ed nahodil\u00fd, ale jedn\u00e1 se o\u00a0syst\u00e9movou z\u00e1le\u017eitost. Proto v\u00fdjimka \u010di\u00a0ob\u010dasn\u00e9 vhodn\u00e9 chov\u00e1n\u00ed nem\u011bn\u00ed podstatn\u00fdm zp\u016fsobem situaci. Jedin\u00fdm \u0159e\u0161en\u00edm by byla zm\u011bna syst\u00e9mu, kter\u00e1 by generovala kvalitn\u00ed politiky se z\u00e1jmem o\u00a0spole\u010dnost. Ov\u0161em pokud ve spole\u010dnosti existuj\u00ed skupinky a\u00a0jedinci se z\u00e1jmem o\u00a0zm\u011bnu, nemaj\u00ed s\u00edlu zm\u011bnu prosadit.<\/p>\n<p><em><strong>Petr Sak<\/strong>, autor je sociolog a\u00a0vysoko\u0161kolsk\u00fd pedagog<\/em><\/p>\n<p><img decoding=\"async\" loading=\"lazy\" class=\"alignnone size-full wp-image-35212\" src=\"http:\/\/www.infokuryr.cz\/n\/wp-content\/uploads\/2023\/08\/Petr-Sak.jpg\" alt=\"\" width=\"180\" height=\"180\" srcset=\"https:\/\/www.infokuryr.cz\/n\/wp-content\/uploads\/2023\/08\/Petr-Sak.jpg 180w, https:\/\/www.infokuryr.cz\/n\/wp-content\/uploads\/2023\/08\/Petr-Sak-150x150.jpg 150w\" sizes=\"(max-width: 180px) 100vw, 180px\" \/><\/p>\n<p>____________<\/p>\n<p>Upozor\u0148uji na knihu\u00a0<strong>Sak, P.<a href=\"https:\/\/www.zakazanevzdelani.cz\/titul\/Clovek-a-realita-Spolecnost-moc-a-spiritualita-ve-21-stoleti\/\">\u00a0\u010clov\u011bk a\u00a0realita<\/a><\/strong>. Spole\u010dnost, moc a spiritualita v 21. stolet\u00ed.<\/p>\n<p>&nbsp;<\/p>\n","protected":false},"excerpt":{"rendered":"<p>Henry Kissinger, by\u0165 byl v n\u011bkolika z\u00e1padoevropsk\u00fdch zem\u00edch trestn\u011b st\u00edh\u00e1n jako v\u00e1le\u010dn\u00fd zlo\u010dinec, byl geni\u00e1ln\u00ed&#8230;<\/p>\n","protected":false},"author":2,"featured_media":91182,"comment_status":"closed","ping_status":"closed","sticky":false,"template":"","format":"standard","meta":[],"categories":[6],"tags":[1042,35,122],"_links":{"self":[{"href":"https:\/\/www.infokuryr.cz\/n\/wp-json\/wp\/v2\/posts\/105587"}],"collection":[{"href":"https:\/\/www.infokuryr.cz\/n\/wp-json\/wp\/v2\/posts"}],"about":[{"href":"https:\/\/www.infokuryr.cz\/n\/wp-json\/wp\/v2\/types\/post"}],"author":[{"embeddable":true,"href":"https:\/\/www.infokuryr.cz\/n\/wp-json\/wp\/v2\/users\/2"}],"replies":[{"embeddable":true,"href":"https:\/\/www.infokuryr.cz\/n\/wp-json\/wp\/v2\/comments?post=105587"}],"version-history":[{"count":0,"href":"https:\/\/www.infokuryr.cz\/n\/wp-json\/wp\/v2\/posts\/105587\/revisions"}],"wp:featuredmedia":[{"embeddable":true,"href":"https:\/\/www.infokuryr.cz\/n\/wp-json\/wp\/v2\/media\/91182"}],"wp:attachment":[{"href":"https:\/\/www.infokuryr.cz\/n\/wp-json\/wp\/v2\/media?parent=105587"}],"wp:term":[{"taxonomy":"category","embeddable":true,"href":"https:\/\/www.infokuryr.cz\/n\/wp-json\/wp\/v2\/categories?post=105587"},{"taxonomy":"post_tag","embeddable":true,"href":"https:\/\/www.infokuryr.cz\/n\/wp-json\/wp\/v2\/tags?post=105587"}],"curies":[{"name":"wp","href":"https:\/\/api.w.org\/{rel}","templated":true}]}}