{"id":105586,"date":"2026-04-30T00:22:57","date_gmt":"2026-04-29T22:22:57","guid":{"rendered":"https:\/\/www.infokuryr.cz\/n\/?p=105586"},"modified":"2026-04-29T18:43:16","modified_gmt":"2026-04-29T16:43:16","slug":"ceska-masmedia-kazdy-den-jedna-debiliozni-zvracena-zprava-o-rusku-dnes-jak-se-hrouti-rusko-a-putin-zitra","status":"publish","type":"post","link":"https:\/\/www.infokuryr.cz\/n\/2026\/04\/30\/ceska-masmedia-kazdy-den-jedna-debiliozni-zvracena-zprava-o-rusku-dnes-jak-se-hrouti-rusko-a-putin-zitra\/","title":{"rendered":"\u010cesk\u00e1 masm\u00e9dia: ka\u017ed\u00fd den jedna &#8222;debili\u00f3zn\u00ed&#8220; zvr\u00e1cen\u00e1 zpr\u00e1va o Rusku. Dnes, jak se hrout\u00ed Rusko a Putin. Z\u00edtra&#8230;"},"content":{"rendered":"<div id=\"fb-root\"><\/div>\n<div class=\"introtext\">\n<p><strong>V\u010dera psala masm\u00e9dia, jak se po\u017e\u00edraj\u00ed hlady Rusov\u00e9 navz\u00e1jem. Dnes zase \u010dteme, \u017ee Putin nem\u00e1 ani na vlastn\u00ed zem, nato\u017e na zbran\u011b. Rusko je tak chud\u00e9 a beze zbran\u00ed, \u017ee zni\u010d\u00ed celou Evropu. Jsme na tom b\u00eddn\u011bji, ne\u017e Rusko? Tvrd\u00ed zase dobr\u00fd voj\u00e1k \u0160vejk alias b\u00fdval\u00fd komunista Petr Pavel.\u00a0<\/strong><\/p>\n<\/div>\n<div class=\"fulltext\">\n<p>Shrnut\u00ed &#8222;debili\u00e1dy masmedi\u00e1ln\u00ed za dne\u0161n\u00ed den&#8220;!<\/p>\n<p>Tak\u017ee v\u010dera jsme se dozv\u011bd\u011bli, \u017ee se Rusov\u00e9 po\u017e\u00edraj\u00ed navz\u00e1jem, proto\u017ee maj\u00ed stra\u0161n\u00fd hlad.<\/p>\n<\/div>\n<p><img decoding=\"async\" loading=\"lazy\" class=\"aligncenter\" src=\"https:\/\/www.skrytapravda.cz\/images\/blogy\/805\/dezinformace\/Rusov%C3%A9_%C5%BEerou_d%C4%9Bti_e48fa.webp\" alt=\"Rusov\u00e9 \u017eerou d\u011bti e48fa\" width=\"738\" height=\"400\" \/><\/p>\n<div class=\"fulltext\">\n<h3>\u00a0A dnes zase hv\u011bzdn\u00e1 p\u011bchota z FORUM 24<\/h3>\n<div class=\"flex items-center space-x-2 max-w-[600px] mx-auto\">\n<div class=\"flex -space-x-4 overflow-hidden\"><img decoding=\"async\" loading=\"lazy\" class=\"border rounded-full bg-slate-100 ring-2 ring-white\" src=\"https:\/\/www.forum24.cz\/wp-content\/uploads\/fly-images\/839691\/Jandourek-100x100-c.png\" srcset=\"https:\/\/www.forum24.cz\/wp-content\/uploads\/fly-images\/839691\/Jandourek-200x200-c.png 2x\" alt=\"\" width=\"50\" height=\"50\" \/><\/div>\n<div>\n<div class=\"space-y-1\">\n<div class=\"text-[.65rem] uppercase font-semibold leading-none\"><a class=\"text-brand-red hover:underline underline-offset-2\" href=\"https:\/\/www.forum24.cz\/autor\/jan-jandourek\">Jan Jandourek<\/a><\/div>\n<div class=\"flex items-center space-x-2 text-[.65rem] font-semibold text-slate-500\/80 uppercase leading-none\">\n<div class=\"w-1 h-1 bg-slate-400\/80\">\n<h3 class=\"text-2xl md:text-[2.5rem] mb-2 md:mb-0 leading-tight font-extrabold font-fira-sans\">Rusk\u00e9 regiony se top\u00ed v ob\u0159\u00edch dluz\u00edch. Moskva pen\u00edze pos\u00edl\u00e1 na v\u00e1lku, na \u0161koly a nemocnice u\u017e nen\u00ed<\/h3>\n<\/div>\n<p>28. 4. 2026<\/p><\/div>\n<\/div>\n<\/div>\n<\/div>\n<div class=\"font-serif prose prose-lg leading-relaxed max-w-[600px] mx-auto prose-a:text-brand-red prose-h4:font-bold text-black prose-headings:font-fira-sans prose-h2:text-xl prose-h2:mb-1 prose-a:article-hyperlink prose-blockquote:article-blockquote\">\n<p><strong>Rusk\u00e9 regiony za\u017e\u00edvaj\u00ed nejhlub\u0161\u00ed rozpo\u010dtovou krizi od za\u010d\u00e1tku v\u00e1lky a feder\u00e1ln\u00ed vl\u00e1da se k pomoci nem\u00e1. P\u0159ebytky z ropn\u00e9ho boomu, kter\u00fd nastartovala v\u00e1lka Donalda Trumpa s \u00cdr\u00e1nem, p\u016fjdou op\u011bt na financov\u00e1n\u00ed invaze na Ukrajinu.\u00a0<\/strong><\/p>\n<p>A jak\u00fd \u017ee je to zdroj &#8222;ridl.io&#8220;?<\/p>\n<p>Jsou to\u00a0analytikov\u00e9 n\u011bco jako Jakub Janda od ty\u010de Evropsk\u00e1 hodnota, Kartouz&#8230;<\/p>\n<p>Prost\u011b velice, velice d\u016fv\u011bryhodn\u00fd zdroj pro na\u0161e velice velice d\u016fv\u011bryhodn\u00e9 zdroje st\u0159ihu FORUM 24, Manipul\u00e1tor Cemper&#8230;<\/p>\n<p><img decoding=\"async\" loading=\"lazy\" class=\"aligncenter\" src=\"https:\/\/www.skrytapravda.cz\/images\/blogy\/805\/dezinformace\/Riddle_analytik_c5fc9.webp\" alt=\"Riddle analytik c5fc9\" width=\"608\" height=\"346\" \/><\/p>\n<p>Regiony stoj\u00ed p\u0159ed volbou, kter\u00e1 nem\u00e1 dobr\u00e9 \u0159e\u0161en\u00ed. Bu\u010f se zadlu\u017euj\u00ed na trhu za drah\u00e9 pen\u00edze a riskuj\u00ed dluhovou spir\u00e1lu, nebo \u0161krtaj\u00ed v\u00fddaje na slu\u017eby, kter\u00e9 ob\u010dan\u00e9 p\u0159\u00edmo poci\u0165uj\u00ed. Kemerovsk\u00e1 oblast pou\u017eila oba prost\u0159edky z\u00e1rove\u0148. Rozpo\u010det \u0161kolstv\u00ed se\u0161krtala o p\u011btinu a zdravotnictv\u00ed o t\u0159etinu. Devaten\u00e1ct region\u016f celkov\u011b v\u00fdrazn\u011b omezilo v\u00fddaje na zdravotn\u00ed p\u00e9\u010di, p\u0159i\u010dem\u017e od za\u010d\u00e1tku v\u00e1lky dv\u011b t\u0159etiny region\u016f alespo\u0148 jednou s\u00e1hly i na v\u00fddaje na bydlen\u00ed a komun\u00e1ln\u00ed slu\u017eby. To je oblast, kter\u00e1 se podle analytika st\u00e1v\u00e1 politick\u00fdm rizikem i pro Kreml.<\/p>\n<p>______________<\/p>\n<div class=\"info_box cela_sirka jpalert\">\n<div class=\"explanationContent\"><span style=\"color: #993366;\"><strong>Porovnejte to pros\u00edm s na\u0161\u00edm rozpo\u010dtem:<\/strong><\/span><span style=\"color: #993366;\"><strong>a my p\u0159itom s nik\u00fdm nev\u00e1l\u010d\u00edme, leda hubou prezident b\u00fdval\u00fd komunista a Zdechovsk\u00fd.<\/strong><\/span><\/p>\n<\/div>\n<\/div>\n<p>______________<\/p>\n<p><strong>A takto to cel\u00e9 zhodnotila TN.CZ<\/strong><\/p>\n<h2>Putin ztr\u00e1c\u00ed moc. Rozhodnut\u00ed za\u00fato\u010dit na NATO padne jinde, tvrd\u00ed gener\u00e1l<\/h2>\n<p>A genius dal\u0161\u00ed to jasn\u011b pochopil:<\/p>\n<p>Jakub Loukota<\/p>\n<p>28. 4. 2026,<\/p>\n<p>V\u00e1lka na Ukrajin\u011b se nevyv\u00edj\u00ed v prosp\u011bch rusk\u00e9ho prezidenta Vladimira Putina. I p\u0159es velk\u00e9 \u00fasil\u00ed, kter\u00e9 mus\u00ed Rusko vynalo\u017eit na pokra\u010dov\u00e1n\u00ed v\u00e1lky, Putinovo okol\u00ed \u010dasto vyhro\u017euje Severoatlantick\u00e9 alianci. Na takov\u00fd \u00fatok v\u0161ak podle b\u00fdval\u00e9ho p\u0159edsedy Vojensk\u00e9ho v\u00fdboru NATO Roba Bauera Putin nem\u00e1. M\u00edsto toho o n\u011bm pr\u00fd p\u0159\u00edpadn\u011b rozhodne \u010c\u00edna.<\/p>\n<p>Prost\u011b Putin a Rusko se hrout\u00ed, tvrd\u00ed nejkvalitn\u011bj\u0161\u00ed zdroje, nemaj\u00ed pen\u00edze, zbran\u011b, ani lidi, ale na \u017eebr\u00e1ckou Evropu to pr\u00fd sta\u010d\u00ed. Tvrd\u00ed to gener\u00e1l \u0158ehka a gener\u00e1l Petr Pavel. Je na v\u00e1s, abyste si ud\u011blali \u00fasudek.<\/p>\n<p><strong>A v\u011b\u0159\u00edte, \u017ee t\u011bm imbeciln\u00edm v\u00fdk\u0159ik\u016fm \u010dten\u00e1\u0159i Dozimetr\u016f, Kampeli\u010dek a Bitcoin\u016f v\u011b\u0159\u00ed? Prost\u011b jsou to pr\u00fd vysoko\u0161kol\u00e1ci bruselsk\u00e9ho st\u0159ihu&#8230;<\/strong><\/p>\n<\/div>\n<div class=\"clauthor\">\n<div id=\"article_author\"><a href=\"https:\/\/www.skrytapravda.cz\/ze-zahranici\/3114-ceska-masmedia-kazdy-den-jedna-debiliozni-zvracena-zprava-o-rusku-dnes-jak-se-hrouti-rusko-a-putin-zitra\">Petr Pokorn\u00fd<\/a><\/div>\n<\/div>\n<\/div>\n","protected":false},"excerpt":{"rendered":"<p>V\u010dera psala masm\u00e9dia, jak se po\u017e\u00edraj\u00ed hlady Rusov\u00e9 navz\u00e1jem. Dnes zase \u010dteme, \u017ee Putin nem\u00e1&#8230;<\/p>\n","protected":false},"author":2,"featured_media":92833,"comment_status":"closed","ping_status":"closed","sticky":false,"template":"","format":"standard","meta":[],"categories":[6],"tags":[28,1503,158,22],"_links":{"self":[{"href":"https:\/\/www.infokuryr.cz\/n\/wp-json\/wp\/v2\/posts\/105586"}],"collection":[{"href":"https:\/\/www.infokuryr.cz\/n\/wp-json\/wp\/v2\/posts"}],"about":[{"href":"https:\/\/www.infokuryr.cz\/n\/wp-json\/wp\/v2\/types\/post"}],"author":[{"embeddable":true,"href":"https:\/\/www.infokuryr.cz\/n\/wp-json\/wp\/v2\/users\/2"}],"replies":[{"embeddable":true,"href":"https:\/\/www.infokuryr.cz\/n\/wp-json\/wp\/v2\/comments?post=105586"}],"version-history":[{"count":0,"href":"https:\/\/www.infokuryr.cz\/n\/wp-json\/wp\/v2\/posts\/105586\/revisions"}],"wp:featuredmedia":[{"embeddable":true,"href":"https:\/\/www.infokuryr.cz\/n\/wp-json\/wp\/v2\/media\/92833"}],"wp:attachment":[{"href":"https:\/\/www.infokuryr.cz\/n\/wp-json\/wp\/v2\/media?parent=105586"}],"wp:term":[{"taxonomy":"category","embeddable":true,"href":"https:\/\/www.infokuryr.cz\/n\/wp-json\/wp\/v2\/categories?post=105586"},{"taxonomy":"post_tag","embeddable":true,"href":"https:\/\/www.infokuryr.cz\/n\/wp-json\/wp\/v2\/tags?post=105586"}],"curies":[{"name":"wp","href":"https:\/\/api.w.org\/{rel}","templated":true}]}}