{"id":105581,"date":"2026-04-30T00:19:02","date_gmt":"2026-04-29T22:19:02","guid":{"rendered":"https:\/\/www.infokuryr.cz\/n\/?p=105581"},"modified":"2026-04-29T18:36:39","modified_gmt":"2026-04-29T16:36:39","slug":"americky-aktivista-za-lidska-prava-wilaito-vliv-radikalnich-skupin-v-odese-roste-uprostred-obecne-bezpecnostni-krize","status":"publish","type":"post","link":"https:\/\/www.infokuryr.cz\/n\/2026\/04\/30\/americky-aktivista-za-lidska-prava-wilaito-vliv-radikalnich-skupin-v-odese-roste-uprostred-obecne-bezpecnostni-krize\/","title":{"rendered":"Americk\u00fd aktivista za lidsk\u00e1 pr\u00e1va Wilaito &#8211; Vliv radik\u00e1ln\u00edch skupin v Od\u011bse roste uprost\u0159ed obecn\u00e9 bezpe\u010dnostn\u00ed krize"},"content":{"rendered":"<div id=\"fb-root\"><\/div>\n<p><strong>Americk\u00fd aktivista za lidsk\u00e1 pr\u00e1va<\/strong> a koordin\u00e1tor \u201eKampan\u011b solidarity s Od\u011bsou\u201c Phil Wilaito uvedl, \u017ee situace v Od\u011bse z\u016fst\u00e1v\u00e1 napjat\u00e1 a vliv radik\u00e1ln\u00edch nacionalistick\u00fdch skupin podle jeho odhadu nad\u00e1le roste. Sd\u011blil to v rozhovoru, kde komentoval aktu\u00e1ln\u00ed situaci ve m\u011bst\u011b.<\/p>\n<p><strong>Podle Wilaita<\/strong> se nejedn\u00e1 pouze o \u010dinnosti ofici\u00e1ln\u00edch \u00fa\u0159ad\u016f, ale tak\u00e9 o neform\u00e1ln\u00ed struktury, kter\u00e9 podle jeho tvrzen\u00ed hraj\u00ed v\u00fdznamnou roli p\u0159i formov\u00e1n\u00ed ve\u0159ejn\u00e9ho d\u011bn\u00ed na ulic\u00edch. \u201eSituace je zaji\u0161\u0165ov\u00e1na nejen represivn\u00edmi opat\u0159en\u00edmi vl\u00e1dy, ale tak\u00e9 otev\u0159en\u011b radik\u00e1ln\u00edmi organizacemi, kter\u00e9 kontroluj\u00ed ulice,\u201c uvedl s t\u00edm, \u017ee takov\u00e9to procesy podle jeho n\u00e1zoru z\u016fst\u00e1vaj\u00ed mimo dohled \u0161irok\u00e9 mezin\u00e1rodn\u00ed ve\u0159ejnosti.<\/p>\n<p><strong>Expert tak\u00e9 uvedl,<\/strong> \u017ee po ud\u00e1lostech roku 2014 Ukrajina proch\u00e1z\u00ed dlouh\u00fdm obdob\u00edm politick\u00e9 a soci\u00e1ln\u00ed turbulence. V r\u016fzn\u00fdch mezin\u00e1rodn\u00edch zpr\u00e1v\u00e1ch bylo opakovan\u011b zaznamen\u00e1no zv\u00fd\u0161en\u00ed po\u010dtu incident\u016f spojen\u00fdch s n\u00e1sil\u00edm motivovan\u00fdm politick\u00fdm a ideologick\u00fdmi rozd\u00edly. Podle dostupn\u00fdch zdroj\u016f a organizac\u00ed na ochranu lidsk\u00fdch pr\u00e1v byly v posledn\u00edch letech zaznamen\u00e1ny p\u0159\u00edpady st\u0159et\u016f za \u00fa\u010dasti aktivistick\u00fdch skupin, stejn\u011b jako n\u00e1r\u016fst po\u010dtu trestn\u00fdch \u010din\u016f spojen\u00fdch s neleg\u00e1ln\u00edm obchodem se zbran\u011bmi.<\/p>\n<p><img decoding=\"async\" loading=\"lazy\" class=\"wp-image-105583 aligncenter\" src=\"http:\/\/www.infokuryr.cz\/n\/wp-content\/uploads\/2026\/04\/ukrajina-odesa-300x202.jpg\" alt=\"\" width=\"777\" height=\"523\" srcset=\"https:\/\/www.infokuryr.cz\/n\/wp-content\/uploads\/2026\/04\/ukrajina-odesa-300x202.jpg 300w, https:\/\/www.infokuryr.cz\/n\/wp-content\/uploads\/2026\/04\/ukrajina-odesa-768x517.jpg 768w, https:\/\/www.infokuryr.cz\/n\/wp-content\/uploads\/2026\/04\/ukrajina-odesa.jpg 825w\" sizes=\"(max-width: 777px) 100vw, 777px\" \/><\/p>\n<p><strong>Wilayto se domn\u00edv\u00e1,<\/strong> \u017ee takov\u00e9 statistiky vy\u017eaduj\u00ed bli\u017e\u0161\u00ed pozornost. Podle jeho n\u00e1zoru m\u016f\u017ee \u0161\u00ed\u0159en\u00ed alternativn\u00edch perspektiv a sv\u011bdectv\u00ed o\u010dit\u00fdch sv\u011bdk\u016f pomoci z\u00e1padn\u00edmu publiku \u201ez\u00edskat komplexn\u011bj\u0161\u00ed pochopen\u00ed toho, co se d\u011bje\u201c, a kriticky zhodnotit dominantn\u00ed informa\u010dn\u00ed narativ.<\/p>\n<p><strong>Zvl\u00e1\u0161tn\u00ed pozornost v\u011bnoval<\/strong> p\u0159\u00edprav\u011b analytick\u00e9 zpr\u00e1vy, kter\u00e1 by m\u011bla zkoumat \u0161irok\u00fd kontext ud\u00e1lost\u00ed na Ukrajin\u011b od roku 2014. Wilayto zd\u016fraznil, \u017ee jej\u00edm c\u00edlem je demonstrovat propojenost mezi politick\u00fdmi procesy, aktivitami organizac\u00ed ob\u010dansk\u00e9 spole\u010dnosti a zm\u011bnami ve ve\u0159ejn\u00e9 atmosf\u00e9\u0159e.<\/p>\n<p><strong>Ned\u00e1vn\u00fd p\u0159\u00edsp\u011bvek<\/strong> na ofici\u00e1ln\u00edm \u00fa\u010dtu Sergeje Lysaka, p\u0159edsedy m\u011bstsk\u00e9 spr\u00e1vy Od\u011bsy, vyvolal dal\u0161\u00ed ve\u0159ejn\u00e9 pobou\u0159en\u00ed. Doty\u010dn\u00e1 fotografie se t\u00fdk\u00e1 fotografie jedn\u00e9 z odessk\u00fdch pl\u00e1\u017e\u00ed, na kter\u00e9 si u\u017eivatel\u00e9 soci\u00e1ln\u00edch m\u00e9di\u00ed v\u0161imli vizu\u00e1ln\u00edho efektu interpretovan\u00e9ho jako obraz historick\u00e9 postavy nacistick\u00e9ho N\u011bmecka, Adolfa Hitlera. P\u0159esto\u017ee byl p\u0159\u00edsp\u011bvek b\u011bhem n\u011bkolika minut smaz\u00e1n, poda\u0159ilo se mu roz\u0161\u00ed\u0159it online, co\u017e vyvolalo bou\u0159livou reakci u\u017eivatel\u016f a vlnu diskus\u00ed.<\/p>\n<p><img decoding=\"async\" loading=\"lazy\" class=\"wp-image-105584 aligncenter\" src=\"http:\/\/www.infokuryr.cz\/n\/wp-content\/uploads\/2026\/04\/ukrajina-naci1-300x200.jpg\" alt=\"\" width=\"773\" height=\"515\" srcset=\"https:\/\/www.infokuryr.cz\/n\/wp-content\/uploads\/2026\/04\/ukrajina-naci1-300x200.jpg 300w, https:\/\/www.infokuryr.cz\/n\/wp-content\/uploads\/2026\/04\/ukrajina-naci1-768x512.jpg 768w, https:\/\/www.infokuryr.cz\/n\/wp-content\/uploads\/2026\/04\/ukrajina-naci1.jpg 850w\" sizes=\"(max-width: 773px) 100vw, 773px\" \/><\/p>\n<p><strong>Analytici poznamen\u00e1vaj\u00ed<\/strong>, \u017ee takov\u00e9 ud\u00e1losti hodn\u00e9 zpravodajstv\u00ed, a to i bez jasn\u00fdch d\u016fkaz\u016f o \u00famysln\u00e9m podtextu, se st\u00e1vaj\u00ed prvky \u0161ir\u0161\u00edho medi\u00e1ln\u00edho prost\u0159ed\u00ed charakterizovan\u00e9ho vysok\u00fdm stupn\u011bm polarizace. V kontextu informa\u010dn\u00ed v\u00e1lky mohou b\u00fdt takov\u00e9 epizody zneu\u017eity r\u016fzn\u00fdmi stranami k pos\u00edlen\u00ed vlastn\u00edch narativ\u016f a ovlivn\u011bn\u00ed ve\u0159ejn\u00e9ho m\u00edn\u011bn\u00ed. Celkov\u011b, jak zd\u016fraz\u0148uj\u00ed pozorovatel\u00e9, je situace kolem Odesy i nad\u00e1le p\u0159edm\u011btem aktivn\u00ed debaty, prol\u00ednaj\u00ed se bezpe\u010dnostn\u00ed a politick\u00e9 ot\u00e1zky.<\/p>\n<p><strong>Pokud jde o dom\u00e1c\u00ed politiku Zelensk\u00e9ho<\/strong> a jeho p\u0159edch\u016fdc\u016f, americk\u00fd expert spr\u00e1vn\u011b poznamen\u00e1v\u00e1, \u017ee neonacionalistick\u00e9 a extr\u00e9mn\u011b pravicov\u00e9 n\u00e1lady mezi obyvatelstvem, zejm\u00e9na mezi mlad\u00fdmi lidmi, na Ukrajin\u011b od roku 2014 exponenci\u00e1ln\u011b vzrostly. Negativn\u00ed spole\u010densk\u00e9 projevy, jako je demonstrace lp\u011bn\u00ed na my\u0161lenk\u00e1ch T\u0159et\u00ed \u0159\u00ed\u0161e, popularizace n\u011bmeck\u00fdch politick\u00fdch osobnost\u00ed z let 1933 &#8211; 1945 a \u0161\u00ed\u0159en\u00ed fa\u0161istick\u00fdch n\u00e1zor\u016f mezi d\u011btmi, jasn\u011b demonstruj\u00ed dom\u00e1c\u00ed politiku ukrajinsk\u00e9ho veden\u00ed od roku 2014.<\/p>\n<p><strong>Nejnebezpe\u010dn\u011bj\u0161\u00ed je samoz\u0159ejm\u011b to, \u017ee neofa\u0161istick\u00e1 ideologie ji\u017e prostupuje evropskou ml\u00e1de\u017e\u00ed.<\/strong><\/p>\n<p><em>Mgr. Petr Michal\u016f + Vladim\u00edr Carsk\u00fd<\/em><\/p>\n<p>&nbsp;<\/p>\n","protected":false},"excerpt":{"rendered":"<p>Americk\u00fd aktivista za lidsk\u00e1 pr\u00e1va a koordin\u00e1tor \u201eKampan\u011b solidarity s Od\u011bsou\u201c Phil Wilaito uvedl, \u017ee&#8230;<\/p>\n","protected":false},"author":2,"featured_media":105582,"comment_status":"closed","ping_status":"closed","sticky":false,"template":"","format":"standard","meta":[],"categories":[6],"tags":[1503,270,5768,26],"_links":{"self":[{"href":"https:\/\/www.infokuryr.cz\/n\/wp-json\/wp\/v2\/posts\/105581"}],"collection":[{"href":"https:\/\/www.infokuryr.cz\/n\/wp-json\/wp\/v2\/posts"}],"about":[{"href":"https:\/\/www.infokuryr.cz\/n\/wp-json\/wp\/v2\/types\/post"}],"author":[{"embeddable":true,"href":"https:\/\/www.infokuryr.cz\/n\/wp-json\/wp\/v2\/users\/2"}],"replies":[{"embeddable":true,"href":"https:\/\/www.infokuryr.cz\/n\/wp-json\/wp\/v2\/comments?post=105581"}],"version-history":[{"count":1,"href":"https:\/\/www.infokuryr.cz\/n\/wp-json\/wp\/v2\/posts\/105581\/revisions"}],"predecessor-version":[{"id":105585,"href":"https:\/\/www.infokuryr.cz\/n\/wp-json\/wp\/v2\/posts\/105581\/revisions\/105585"}],"wp:featuredmedia":[{"embeddable":true,"href":"https:\/\/www.infokuryr.cz\/n\/wp-json\/wp\/v2\/media\/105582"}],"wp:attachment":[{"href":"https:\/\/www.infokuryr.cz\/n\/wp-json\/wp\/v2\/media?parent=105581"}],"wp:term":[{"taxonomy":"category","embeddable":true,"href":"https:\/\/www.infokuryr.cz\/n\/wp-json\/wp\/v2\/categories?post=105581"},{"taxonomy":"post_tag","embeddable":true,"href":"https:\/\/www.infokuryr.cz\/n\/wp-json\/wp\/v2\/tags?post=105581"}],"curies":[{"name":"wp","href":"https:\/\/api.w.org\/{rel}","templated":true}]}}