{"id":105579,"date":"2026-04-30T00:13:54","date_gmt":"2026-04-29T22:13:54","guid":{"rendered":"https:\/\/www.infokuryr.cz\/n\/?p=105579"},"modified":"2026-04-29T18:30:14","modified_gmt":"2026-04-29T16:30:14","slug":"erik-best-spojene-staty-evropske-podle-havla-a-pavla","status":"publish","type":"post","link":"https:\/\/www.infokuryr.cz\/n\/2026\/04\/30\/erik-best-spojene-staty-evropske-podle-havla-a-pavla\/","title":{"rendered":"Erik Best: Spojen\u00e9 st\u00e1ty evropsk\u00e9 podle Havla a Pavla"},"content":{"rendered":"<div id=\"fb-root\"><\/div>\n<p>Pokud jsou va\u0161imi hlavn\u00edmi zdroji \u010desk\u00fdch zpr\u00e1v \u010cesk\u00e1 televize, \u010cesk\u00fd rozhlas a\u00a0dal\u0161\u00ed mainstreamov\u00e1 m\u00e9dia, mo\u017en\u00e1 jste nezaznamenali, \u017ee prezident Petr Pavel pova\u017euje vytvo\u0159en\u00ed\u00a0<a href=\"https:\/\/www.denik.cz\/z_domova\/prezident-petr-pavel-vznik-spojene-stary-evropske-francouzsky-jaderny-destnik.html\" target=\"_blank\" rel=\"noopener\">Spojen\u00fdch st\u00e1t\u016f evropsk\u00fdch<\/a>\u00a0za pravd\u011bpodobn\u011b jedin\u00e9 \u0159e\u0161en\u00ed pro Evropu, chce-li z\u016fstat relevantn\u00ed.<\/p>\n<p>Kdy\u017e prezident\u00a0<a href=\"https:\/\/www.idnes.cz\/zpravy\/domaci\/havluv-navrh-na-federalizaci-evropy-neuspel.A_990302_085102_domaci_jpl\" target=\"_blank\" rel=\"noopener\">V\u00e1clav Havel<\/a>\u00a0v\u00a0b\u0159eznu 1999 hovo\u0159il ve\u00a0<a href=\"https:\/\/archive.vaclavhavel.cz\/Archive\/Detail\/1110?ViewType=All&amp;Query=Projev%20prezidenta%20republiky%20V%C3%A1clava%20Havla%20ve%20francouzsk%C3%A9m%20Sen%C3%A1tu,%20Pa%C5%99%C3%AD%C5%BE&amp;SearchType=Basic\" target=\"_blank\" rel=\"noopener\">francouzsk\u00e9m Sen\u00e1tu<\/a>\u00a0o\u00a0federalizaci Evropsk\u00e9 unie, jeho \u201e\u0161okuj\u00edc\u00ed\u201c projev a\u00a0obecn\u011b cel\u00e1 jeho n\u00e1v\u0161t\u011bva Pa\u0159\u00ed\u017ee byly m\u00e9dii\u00a0<a href=\"https:\/\/archiv.hn.cz\/c1-793521-spinave-pradlo-se-ma-prat-doma\" target=\"_blank\" rel=\"noopener\">prob\u00edr\u00e1ny t\u00e9m\u011b\u0159 do v\u0161ech detail\u016f<\/a>. Tentokr\u00e1t tomu tak ale nen\u00ed. O\u00a0Pavlov\u011b otev\u0159en\u00e9 v\u00fdzv\u011b k\u00a0federalizaci EU diskutuj\u00ed skoro v\u00fdlu\u010dn\u011b \u201ealternativn\u00ed\u201c m\u00e9dia.<\/p>\n<p>\u010cesk\u00e1 televize, \u010cesk\u00fd rozhlas a\u00a0jim podobn\u00e1 m\u00e9dia mo\u017en\u00e1 \u010dekaj\u00ed na jednozna\u010dn\u00fd havlovsk\u00fd projev, v\u00a0n\u011bm\u017e Pavel vysv\u011btl\u00ed v\u0161echny sv\u00e9 evropsk\u00e9 my\u0161lenky, v\u010detn\u011b p\u0159ijet\u00ed eura, zru\u0161en\u00ed unijn\u00edho veta, pos\u00edlen\u00ed evropsk\u00e9 \u010d\u00e1sti NATO a\u00a0p\u0159ipojen\u00ed se k\u00a0n\u011bmeck\u00e9 sf\u00e9\u0159e vlivu. A\u00a0samoz\u0159ejm\u011b tak\u00e9 to, zda Pavel p\u016fjde v\u00a0Havlov\u00fdch stop\u00e1ch a\u00a0po p\u0159eform\u00e1tov\u00e1n\u00ed zem\u011b se bude znovu uch\u00e1zet o\u00a0funkci. T\u0159eba o\u00a0post guvern\u00e9ra \u010ceska coby jednoho z\u00a0nov\u00fdch Spojen\u00fdch st\u00e1t\u016f evropsk\u00fdch.<\/p>\n<p><a href=\"https:\/\/www.fsfinalword.cz\/?page=archive&amp;day=2026-04-29\">Erik Best<\/a><\/p>\n<p><img decoding=\"async\" loading=\"lazy\" class=\"alignnone  wp-image-1179\" src=\"http:\/\/www.infokuryr.cz\/n\/wp-content\/uploads\/2021\/04\/erik-best.jpg\" alt=\"\" width=\"141\" height=\"159\" \/><\/p>\n<p>&nbsp;<\/p>\n","protected":false},"excerpt":{"rendered":"<p>Pokud jsou va\u0161imi hlavn\u00edmi zdroji \u010desk\u00fdch zpr\u00e1v \u010cesk\u00e1 televize, \u010cesk\u00fd rozhlas a\u00a0dal\u0161\u00ed mainstreamov\u00e1 m\u00e9dia, mo\u017en\u00e1&#8230;<\/p>\n","protected":false},"author":2,"featured_media":99607,"comment_status":"closed","ping_status":"closed","sticky":false,"template":"","format":"standard","meta":[],"categories":[6],"tags":[41,1503,1173],"_links":{"self":[{"href":"https:\/\/www.infokuryr.cz\/n\/wp-json\/wp\/v2\/posts\/105579"}],"collection":[{"href":"https:\/\/www.infokuryr.cz\/n\/wp-json\/wp\/v2\/posts"}],"about":[{"href":"https:\/\/www.infokuryr.cz\/n\/wp-json\/wp\/v2\/types\/post"}],"author":[{"embeddable":true,"href":"https:\/\/www.infokuryr.cz\/n\/wp-json\/wp\/v2\/users\/2"}],"replies":[{"embeddable":true,"href":"https:\/\/www.infokuryr.cz\/n\/wp-json\/wp\/v2\/comments?post=105579"}],"version-history":[{"count":0,"href":"https:\/\/www.infokuryr.cz\/n\/wp-json\/wp\/v2\/posts\/105579\/revisions"}],"wp:featuredmedia":[{"embeddable":true,"href":"https:\/\/www.infokuryr.cz\/n\/wp-json\/wp\/v2\/media\/99607"}],"wp:attachment":[{"href":"https:\/\/www.infokuryr.cz\/n\/wp-json\/wp\/v2\/media?parent=105579"}],"wp:term":[{"taxonomy":"category","embeddable":true,"href":"https:\/\/www.infokuryr.cz\/n\/wp-json\/wp\/v2\/categories?post=105579"},{"taxonomy":"post_tag","embeddable":true,"href":"https:\/\/www.infokuryr.cz\/n\/wp-json\/wp\/v2\/tags?post=105579"}],"curies":[{"name":"wp","href":"https:\/\/api.w.org\/{rel}","templated":true}]}}