{"id":105575,"date":"2026-04-30T00:24:44","date_gmt":"2026-04-29T22:24:44","guid":{"rendered":"https:\/\/www.infokuryr.cz\/n\/?p=105575"},"modified":"2026-04-29T18:23:14","modified_gmt":"2026-04-29T16:23:14","slug":"vlada-proti-lidu-politicka-valecna-manie-se-setkava-s-odporem","status":"publish","type":"post","link":"https:\/\/www.infokuryr.cz\/n\/2026\/04\/30\/vlada-proti-lidu-politicka-valecna-manie-se-setkava-s-odporem\/","title":{"rendered":"Vl\u00e1da proti lidu: Politick\u00e1 v\u00e1le\u010dn\u00e1 m\u00e1nie se setk\u00e1v\u00e1 s odporem"},"content":{"rendered":"<div id=\"fb-root\"><\/div>\n<p><strong><span dir=\"auto\">N\u011bmecko se m\u00e1 st\u00e1t \u201ev\u00e1le\u010dn\u011b p\u0159ipraven\u00fdm\u201c. Vojensk\u00e1 slu\u017eba se m\u00e1 st\u00e1t stravitelnou pro lidsk\u00e9 d\u011blov\u00e9 krmivo, zpo\u010d\u00e1tku prost\u0159ednictv\u00edm pob\u00eddek; pokud bude nedostatek \u201edobrovoln\u00edk\u016f\u201c, m\u016f\u017ee b\u00fdt zavedena brann\u00e1 povinnost. Mezit\u00edm znovuzbrojov\u00e1n\u00ed pohlcuje miliardy, kter\u00e9 jsou nal\u00e9hav\u011b pot\u0159ebn\u00e9 jinde v N\u011bmecku. Ji\u017e se formuje protihnut\u00ed proti t\u011bmto politick\u00fdm machinac\u00edm: po\u010det odp\u00edra\u010d\u016f vojensk\u00e9 slu\u017eby roste. Z\u00e1jmy \u00fa\u0159ad\u016f a z\u00e1jmy lidu (a skute\u010dn\u00e9ho panovn\u00edka) se st\u00e1le v\u00edce st\u0159et\u00e1vaj\u00ed.<\/span><\/strong><\/p>\n<p><span dir=\"auto\">Zat\u00edmco politick\u00e1 t\u0159\u00edda stup\u0148uje svou r\u00e9toriku a vnucuje do b\u011b\u017en\u00e9ho jazyka pojmy jako p\u0159ipravenost a vytrvalost, rostouc\u00ed \u010d\u00e1st populace reaguje jasn\u00fdm sign\u00e1lem odm\u00edtnut\u00ed.\u00a0\u00a0<\/span><a href=\"https:\/\/www.tagesschau.de\/inland\/gesellschaft\/kriegsdienstverweigerer-zahl-steigt-100.html\" target=\"_blank\" rel=\"noreferrer noopener\"><span dir=\"auto\">\u201e\u010c\u00edsla\u201c<\/span><\/a><span dir=\"auto\">\u00a0\u00a0mluv\u00ed sama za sebe a nelze je ji\u017e nad\u00e1le zavrhovat jako okrajov\u00fd jev. V prvn\u00edm \u010dtvrtlet\u00ed roku 2026 ji\u017e 2 656 lid\u00ed po\u017e\u00e1dalo o odep\u0159en\u00ed vojensk\u00e9 slu\u017eby z d\u016fvodu sv\u011bdom\u00ed a tento trend \u017eene celkov\u00fd po\u010det za rok 2026 na nejvy\u0161\u0161\u00ed \u00farove\u0148 od pozastaven\u00ed brann\u00e9 povinnosti v roce 2011. Za cel\u00fd rok 2024 bylo pod\u00e1no 2 998 \u017e\u00e1dost\u00ed a v roce 2025 se jejich po\u010det vy\u0161plhal na 3 867. Nen\u00ed to n\u00e1hoda, ale sp\u00ed\u0161e p\u0159\u00edm\u00e1 reakce na napjatou bezpe\u010dnostn\u00ed situaci a nov\u00fd z\u00e1kon o vojensk\u00e9 slu\u017eb\u011b, kter\u00fd vstoupil v platnost 1. ledna 2026. Zavazuje mlad\u00e9 mu\u017ee narozen\u00e9 v roce 2008 a pozd\u011bji podstoupit povinnou brannou povinnost k n\u00e1boru dobrovoln\u00edk\u016f pro Bundeswehr (n\u011bmeck\u00e9 ozbrojen\u00e9 s\u00edly). Pokud ozbrojen\u00e9 s\u00edly nespln\u00ed sv\u00e9 c\u00edle, m\u016f\u017ee Bundestag (n\u011bmeck\u00fd parlament) zav\u00e9st syst\u00e9m brann\u00e9 povinnosti na z\u00e1klad\u011b pot\u0159eby. Mlad\u00ed lid\u00e9 p\u0159esn\u011b c\u00edt\u00ed, kam tato logika vede: k n\u00e1tlaku, k z\u00e1kop\u016fm, k smrti.<\/span><\/p>\n<p><span dir=\"auto\">Z\u00e1rove\u0148 s\u00edl\u00ed i protich\u016fdn\u00e9 hnut\u00ed: v roce 2024 odvolalo sv\u00e9 odm\u00edtnut\u00ed 781 lid\u00ed a v prvn\u00edm \u010dtvrtlet\u00ed roku 2026 233. Zn\u00e1mka nejistoty, nikoli p\u0159esv\u011bd\u010den\u00ed.<\/span><\/p>\n<h3 id=\"h-pistorius-und-das-projekt-der-kalkulierten-verfugbarkeit\" class=\"wp-block-heading\"><span dir=\"auto\">Pistorius a projekt vypo\u010d\u00edtan\u00e9 dostupnosti<\/span><\/h3>\n<p><span dir=\"auto\">Spou\u0161t\u011b\u010dem tohoto v\u00fdvoje nen\u00ed n\u00e1hoda, ale sp\u00ed\u0161e v\u00fdsledek politick\u00e9ho z\u00e1m\u011bru.\u00a0 Ministr obrany Boris Pistorius vytvo\u0159il\u00a0<\/span><a href=\"https:\/\/www.recht.bund.de\/bgbl\/1\/2025\/370\/VO.html\" target=\"_blank\" rel=\"noreferrer noopener\"><span dir=\"auto\">\u201eZ\u00e1kon o modernizaci vojensk\u00e9 slu\u017eby\u201c,\u00a0<\/span><\/a><span dir=\"auto\">\u00a0kter\u00fd vstoupil v platnost 1. ledna 2026 , syst\u00e9m, kter\u00fd prohla\u0161uje dobrovolnost, ale z\u00e1rove\u0148 uplat\u0148uje n\u00e1tlak. Jeho j\u00e1drem je povinn\u00e1 brann\u00e1 zkou\u0161ka pro mu\u017ee narozen\u00e9 v roce 2008 a pozd\u011bji. Ofici\u00e1ln\u011b to slou\u017e\u00ed k n\u00e1boru dobrovoln\u00edk\u016f, ale ve skute\u010dnosti to zav\u00e1d\u00ed systematick\u00fd proces registrace.<\/span><\/p>\n<p><span dir=\"auto\">C\u00edl je ambici\u00f3zn\u00ed: nejm\u00e9n\u011b 260 000 aktivn\u00edch voj\u00e1k\u016f, dopln\u011bn\u00fdch z\u00e1lo\u017en\u00edmi silami, kter\u00e9 by dohromady m\u011bly dos\u00e1hnout a\u017e 460 000 mu\u017e\u016f. \u010c\u00e1sti vojensk\u00e9ho establi\u0161mentu pova\u017euj\u00ed i \u200b\u200btoto za nedostate\u010dn\u00e9 a po\u017eaduj\u00ed p\u0159es 300 000 aktivn\u00edch voj\u00e1k\u016f. Spolkov\u00fd z\u00e1kon\u00edk uv\u00e1d\u00ed n\u00e1sleduj\u00edc\u00ed:<\/span><\/p>\n<p><em><span dir=\"auto\">\u201eOdd\u00edl 91 R\u016fst aktivn\u00edho vojensk\u00e9ho person\u00e1lu a z\u00e1loh (1) Do roku 2035 se maj\u00ed ozbrojen\u00e9 s\u00edly zv\u00fd\u0161it na 460 000 voj\u00e1k\u016f, z nich\u017e a\u017e 260 000 jsou aktivn\u00ed voj\u00e1ci a nejm\u00e9n\u011b 200 000 jsou z\u00e1lo\u017en\u00edci, aby byly spln\u011bny c\u00edle NATO v oblasti schopnost\u00ed. Toto je zalo\u017eeno na n\u00e1sleduj\u00edc\u00edm pl\u00e1nu r\u016fstu:\u201c<\/span><\/em><\/p>\n<blockquote class=\"wp-block-quote is-layout-flow wp-block-quote-is-layout-flow\">\n<figure class=\"wp-block-image\"><img decoding=\"async\" loading=\"lazy\" class=\"wp-image-60527 aligncenter\" src=\"https:\/\/haintz.media\/wp-content\/uploads\/2026\/04\/Bildschirmfoto-2026-04-27-um-10.25.28-1024x410.avif\" alt=\"\" width=\"797\" height=\"319\" \/><\/figure>\n<\/blockquote>\n<p><span dir=\"auto\">Tato \u010d\u00edsla nejsou abstraktn\u00edmi pl\u00e1novac\u00edmi hodnotami; odr\u00e1\u017eej\u00ed strategickou zm\u011bnu uspo\u0159\u00e1d\u00e1n\u00ed. Ministr obrany\u00a0\u00a0<\/span><a href=\"https:\/\/www.ardmediathek.de\/video\/mdr-aktuell-19-30-uhr\/bundeswehr-soll-staerkste-armee-europas-werden\/mdr\/Y3JpZDovL21kci5kZS9iZWl0cmFnL2Ntcy8yM2MyNzFmYi1jYTNlLTQ1NDMtYmQ5ZC1lZTA2MmE0YTNiMGU\" target=\"_blank\" rel=\"noreferrer noopener\"><span dir=\"auto\">Boris Pistorius<\/span><\/a><span dir=\"auto\">\u00a0\u00a0nast\u00ednil strategick\u00fd sm\u011br ozbrojen\u00fdch sil pro nadch\u00e1zej\u00edc\u00ed roky. Do roku 2039 se m\u00e1 Bundeswehr rozvinout v nejsiln\u011bj\u0161\u00ed konven\u010dn\u00ed arm\u00e1du v Evrop\u011b, co\u017e je projekt, kter\u00fd vy\u017eaduje zna\u010dn\u00e9 finan\u010dn\u00ed zdroje v \u0159\u00e1du miliard.<\/span><\/p>\n<h3 id=\"h-die-infrastruktur-des-zugriffs-und-lockmittel-statt-uberzeugung\" class=\"wp-block-heading\"><span dir=\"auto\">Infrastruktura p\u0159\u00edstupu a l\u00e1kadel m\u00edsto p\u0159esv\u011bd\u010dov\u00e1n\u00ed<\/span><\/h3>\n<p><span dir=\"auto\">Nov\u00fd syst\u00e9m hluboce ovliv\u0148uje \u017eivoty mlad\u00fdch lid\u00ed. Od roku 2026 jsou ka\u017edoro\u010dn\u011b kontaktov\u00e1ny statis\u00edce lid\u00ed; jen kohorta z roku 2008 zahrnuje p\u0159ibli\u017en\u011b 650 000 osob. Datab\u00e1ze jde daleko za hranice pouh\u00fdch kontaktn\u00edch informac\u00ed. Vy\u017eaduje se uveden\u00ed vzd\u011bl\u00e1n\u00ed, fyzick\u00fdch vlastnost\u00ed, \u00farovn\u011b fyzick\u00e9 zdatnosti a dokonce i subjektivn\u00edho posouzen\u00ed vlastn\u00ed ochoty slou\u017eit. Ti, kte\u0159\u00ed dotazn\u00edk ignoruj\u00ed, riskuj\u00ed pokutu. D\u0159\u00edve dostupn\u00e1 mo\u017enost vzn\u00e9st n\u00e1mitku proti p\u0159enosu \u00fadaj\u016f byla zru\u0161ena.\u00a0\u00a0<\/span><a href=\"https:\/\/dfg-vk.de\/der-neue-kriegsdienst-von-pistorius\/\" target=\"_blank\" rel=\"noreferrer noopener\"><span dir=\"auto\">N\u011bmeck\u00e1 m\u00edrov\u00e1 spole\u010dnost \u2013 Sjednocen\u00ed odp\u016frci<\/span><\/a><span dir=\"auto\">\u00a0vojensk\u00e9 slu\u017eby \u00a0vn\u00edm\u00e1 cel\u00fd projekt tak, jak\u00fd je: povinn\u00e1 vojensk\u00e1 slu\u017eba maskovan\u00e1 jako modernizace.<\/span><\/p>\n<p><em><span dir=\"auto\">Brann\u00e1 povinnost, kter\u00e1 by se p\u0159esn\u011bji m\u011bla naz\u00fdvat povinnou vojenskou slu\u017ebou, je [\u2026] d\u016fle\u017eit\u00fdm n\u00e1strojem. Pokud jde o person\u00e1l, jde o pouh\u00e9 po\u010dty, zalo\u017een\u00e9 na mottu \u201e\u010d\u00edm v\u00edce voj\u00e1k\u016f, t\u00edm siln\u011bj\u0161\u00ed arm\u00e1da\u201c. Ve vojensk\u00e9m smyslu jde o \u201er\u016fst a vytrvalost\u201c \u2013 v jednoduch\u00e9 angli\u010dtin\u011b to znamen\u00e1: v\u011bt\u0161ina voj\u00e1k\u016f, a to budou ti, kte\u0159\u00ed budou nuceni k brann\u00e9 povinnosti, jsou pouh\u00fdm d\u011blov\u00fdm masem. Koneckonc\u016f, NATO o\u010dek\u00e1v\u00e1, \u017ee ka\u017ed\u00fd den zem\u0159e na jeho stran\u011b 5 000 voj\u00e1k\u016f ve v\u00e1lce, kterou pohrozilo Rusku. [\u2026] Prost\u0159ednictv\u00edm registrace a brann\u00e9 povinnosti se v\u0161ichni mlad\u00ed mu\u017ei stanou sou\u010d\u00e1st\u00ed v\u00e1le\u010dn\u00fdch p\u0159\u00edprav a obdr\u017e\u00ed zpr\u00e1vu: \u201eVy v\u0161ichni jste potenci\u00e1ln\u00ed voj\u00e1ci. Pokud v\u00e1s chceme, dostaneme v\u00e1s!\u201c<\/span><\/em><\/p>\n<p><span dir=\"auto\">Tato struktura nen\u00ed byrokratickou n\u00e1hodou, ale systematick\u00fdm p\u0159edb\u011b\u017en\u00fdm krokem k mo\u017en\u00e9 aktivaci brann\u00e9 povinnosti na z\u00e1klad\u011b pot\u0159eby. Pokud se nenajde po\u017eadovan\u00fd po\u010det dobrovoln\u00edk\u016f, m\u016f\u017ee o tom Bundestag kdykoli rozhodnout.<\/span><\/p>\n<p><a href=\"https:\/\/www.tagesschau.de\/inland\/wehrdienst-einigung-100.html\" target=\"_blank\" rel=\"noreferrer noopener\"><span dir=\"auto\">Pistorius se<\/span><\/a><span dir=\"auto\">\u00a0\u00a0zpo\u010d\u00e1tku sna\u017e\u00ed zatraktivnit vojenskou slu\u017ebu pomoc\u00ed finan\u010dn\u00edch p\u0159\u00edsp\u011bvk\u016f a benefit\u016f. Ti, kte\u0159\u00ed se dobrovoln\u011b p\u0159ihl\u00e1s\u00ed na \u0161est a\u017e dvan\u00e1ct m\u011bs\u00edc\u016f, dost\u00e1vaj\u00ed m\u011bs\u00ed\u010dn\u011b 2 600 eur hrub\u00e9ho. Po dobu minim\u00e1ln\u011b dvan\u00e1cti m\u011bs\u00edc\u016f jsou poskytov\u00e1ny dotace a\u017e do v\u00fd\u0161e 3 500 eur na \u0159idi\u010dsk\u00fd pr\u016fkaz skupiny B a a\u017e 5 000 eur na \u0159idi\u010dsk\u00fd pr\u016fkaz skupiny C nebo C1. V cen\u011b je zahrnuta bezplatn\u00e1 cesta vlakem v uniform\u011b a po dvan\u00e1cti m\u011bs\u00edc\u00edch slu\u017eby je mo\u017en\u00fd p\u0159estup do st\u00e1l\u00e9 slu\u017eby jako do\u010dasn\u00ed voj\u00e1ci. Prvn\u00edch \u0161est m\u011bs\u00edc\u016f je pova\u017eov\u00e1no za zku\u0161ebn\u00ed dobu. V posledn\u00edch letech bylo\u00a0\u00a0<\/span><a href=\"https:\/\/www.zdfheute.de\/politik\/deutschland\/bundeswehr-bewerbungen-anstieg-frauen-100.html\" target=\"_blank\" rel=\"noreferrer noopener\"><span dir=\"auto\">\u201ero\u010dn\u011b pod\u00e1no p\u0159es 50 000 \u017e\u00e1dost\u00ed<\/span><\/a><span dir=\"auto\">\u00a0\u201c, ale pouze kolem 20 000 rekrut\u016f. V\u011bt\u0161ina z nich neprojde l\u00e9ka\u0159skou prohl\u00eddkou, zkou\u0161kou zp\u016fsobilosti nebo bezpe\u010dnostn\u00ed prov\u011brkou. Jsou pova\u017eov\u00e1ni za fyzicky, psychicky nebo mor\u00e1ln\u011b nezp\u016fsobil\u00e9 pro Bundeswehr (n\u011bmeck\u00e9 ozbrojen\u00e9 s\u00edly). T\u011bch p\u00e1r, kter\u00e9 Pistorius skute\u010dn\u011b chce, bu\u010f po slu\u017eb\u011b netou\u017e\u00ed, nebo up\u0159ednost\u0148uj\u00ed sv\u00e9 sv\u011bdom\u00ed p\u0159ed pen\u011bzi. Zbytek je prost\u011b ur\u010den k zapln\u011bn\u00ed \u0159ad.<\/span><\/p>\n<h3 id=\"h-kanonen-statt-butter\" class=\"wp-block-heading\"><span dir=\"auto\">Zbran\u011b m\u00edsto m\u00e1sla<\/span><\/h3>\n<p><span dir=\"auto\">Zat\u00edmco Pistorius zav\u00e1d\u00ed donucovac\u00ed opat\u0159en\u00ed v r\u00e1mci zem\u011b,\u00a0\u00a0<\/span><a href=\"https:\/\/www.tagesschau.de\/ausland\/europa\/sipri-militaerausgaben-gestiegen-100.html\" target=\"_blank\" rel=\"noreferrer noopener\"><span dir=\"auto\">\u201evojensk\u00e9 v\u00fddaje po cel\u00e9m sv\u011bt\u011b prudce rostou<\/span><\/a><span dir=\"auto\">\u00a0\u201c. Stockholmsk\u00fd mezin\u00e1rodn\u00ed institut pro v\u00fdzkum m\u00edru\u00a0\u00a0<\/span><a href=\"https:\/\/www.sipri.org\/media\/press-release\/2026\/global-arms-flows-jump-nearly-10-cent-european-demand-soars\" target=\"_blank\" rel=\"noreferrer noopener\"><span dir=\"auto\">(SIPRI)<\/span><\/a><span dir=\"auto\">\u00a0\u00a0zaznamenal v roce 2025 nov\u00fd rekordn\u00ed po\u010det p\u0159ibli\u017en\u011b 2,9 bilionu USD, co\u017e je jeden\u00e1ct\u00fd rok r\u016fstu v \u0159ad\u011b. Zpr\u00e1va uv\u00e1d\u00ed:<\/span><\/p>\n<p><em><span dir=\"auto\">\u201eObjem hlavn\u00edch zbran\u00ed p\u0159eveden\u00fdch mezi st\u00e1ty se mezi lety 2016\u20132020 a 2021\u201325 zv\u00fd\u0161il o 9,2 procenta. Evropsk\u00e9 st\u00e1ty v\u00edce ne\u017e ztrojn\u00e1sobily sv\u016fj dovoz zbran\u00ed, \u010d\u00edm\u017e se staly nejv\u011bt\u0161\u00edm p\u0159\u00edjemcem. [&#8230;] Evropsk\u00e9 st\u00e1ty obdr\u017eely 33 procent celosv\u011btov\u00e9ho dovozu zbran\u00ed, p\u0159i\u010dem\u017e dovoz do regionu se mezi lety 2016\u20132020 a 2021\u201325 zv\u00fd\u0161il o 210 procent.\u201c<\/span><\/em><\/p>\n<p><span dir=\"auto\">USA, \u010c\u00edna a Rusko se na tomto objemu pod\u00edlej\u00ed v\u00edce ne\u017e polovinou. V Evrop\u011b se v\u00fddaje zv\u00fd\u0161ily o 14 procent, p\u0159i\u010dem\u017e N\u011bmecko zaznamenalo n\u00e1r\u016fst o podstatn\u00fdch 24 procent a posunulo se na \u010dtvrt\u00e9 m\u00edsto ve sv\u011btov\u00e9m \u017eeb\u0159\u00ed\u010dku. Do roku 2024 zem\u011b ji\u017e utratily 2,718 bilionu americk\u00fdch dolar\u016f, co\u017e p\u0159edstavuje n\u00e1r\u016fst o 9,4 procenta a nejvy\u0161\u0161\u00ed n\u00e1r\u016fst od studen\u00e9 v\u00e1lky. N\u011bmecko v t\u00e9 dob\u011b t\u011b\u017eilo ze sv\u00e9ho speci\u00e1ln\u00edho fondu ve v\u00fd\u0161i 100 miliard dolar\u016f a p\u0159edb\u011bhlo mnoho sv\u00fdch evropsk\u00fdch partner\u016f. Rusko zv\u00fd\u0161ilo sv\u00e9 v\u00fddaje o v\u00edce ne\u017e 30 procent, zat\u00edmco n\u00e1r\u016fst Ukrajiny \u010dinil pouze dv\u011b procenta. V\u00fdzkumn\u00edk SIPRI\u00a0\u00a0<\/span><a href=\"http:\/\/scarazzato\/\" target=\"_blank\" rel=\"noreferrer noopener\"><span dir=\"auto\">Lorenzo Scarazzato vysv\u011btlil<\/span><\/a><span dir=\"auto\">\u00a0\u00a0:<\/span><\/p>\n<p><em><span dir=\"auto\">\u201eUSA, \u010c\u00edna a Rusko se pod\u00edlely zhruba 50 procenty celosv\u011btov\u00fdch vojensk\u00fdch v\u00fddaj\u016f.\u201c<\/span><\/em><\/p>\n<p><span dir=\"auto\">Hromad\u011bn\u00ed zbran\u00ed stoj\u00ed miliardy, kter\u00e9 jsou zoufale pot\u0159ebn\u00e9 pro vzd\u011bl\u00e1v\u00e1n\u00ed, zdravotnictv\u00ed nebo dom\u00e1c\u00ed infrastrukturu. Evropsk\u00e9 zem\u011b tisknou pen\u00edze pro obrann\u00e9 \u00fa\u010dely a zvy\u0161uj\u00ed inflaci.<\/span><\/p>\n<h3 id=\"h-steuergeldvergeudung-in-reinform\" class=\"wp-block-heading\"><span dir=\"auto\">Naprost\u00e9 pl\u00fdtv\u00e1n\u00ed pen\u011bzi da\u0148ov\u00fdch poplatn\u00edk\u016f.<\/span><\/h3>\n<p><span dir=\"auto\">Zat\u00edmco Pistorius bl\u00e1bol\u00ed o \u201ebojov\u00e9 p\u0159ipravenosti\u201c a o \u201enejsiln\u011bj\u0161\u00ed konven\u010dn\u00ed arm\u00e1d\u011b v Evrop\u011b\u201c, miliardy pen\u011bz da\u0148ov\u00fdch poplatn\u00edk\u016f se pl\u00fdtvaj\u00ed v ot\u0159esn\u00e9 neschopnosti. Bundestag ned\u00e1vno\u00a0 zastavil\u00a0<\/span><a href=\"https:\/\/www.bild.de\/politik\/inland\/diese-preisexplosion-ist-eine-frechheit-bundestag-stoppt-naechstes-pistorius-projekt-69ecfca2e5056f185e2350d8\" target=\"_blank\" rel=\"noreferrer noopener\"><span dir=\"auto\">\u201edal\u0161\u00ed megaprojekt\u201c\u00a0<\/span><\/a><span dir=\"auto\">\u00a0ministerstva obrany : po\u0159\u00edzen\u00ed 902 dal\u0161\u00edch kontejner\u016f na naftu od spole\u010dnosti Alfons Haar Maschinenbau GmbH za 262,67 milionu eur. P\u0159ed p\u011bti lety st\u00e1l jeden kontejner 142 000 eur; te\u010f je to najednou 291 000 eur \u2013 v\u00edce ne\u017e dvojn\u00e1sobek ceny, i kdy\u017e v\u011bt\u0161\u00ed mno\u017estv\u00ed m\u011blo v\u00e9st ke slev\u00e1m. Na voln\u00e9m trhu stoj\u00ed srovnateln\u00e9 kontejnery kolem 60 000 eur. Jedin\u00fd rozd\u00edl je v nouzov\u00e9m gener\u00e1toru pro \u010derpadlo. Rozpo\u010dtov\u00ed \u00fa\u0159edn\u00edci po\u017eaduj\u00ed nov\u00e1 jedn\u00e1n\u00ed a p\u0159evod autorsk\u00fdch pr\u00e1v zp\u011bt na Bundeswehr, aby se umo\u017enila budouc\u00ed konkurence. Na dotaz den\u00edku BILD spole\u010dnost uvedla:<\/span><\/p>\n<p><em><span dir=\"auto\">\u201eTento cenov\u00fd n\u00e1r\u016fst je nehor\u00e1zn\u00fd. Zvl\u00e1\u0161\u0165 kdy\u017e je b\u011b\u017en\u00e9, \u017ee jednotkov\u00e1 cena s vy\u0161\u0161\u00edm mno\u017estv\u00edm objedn\u00e1vky kles\u00e1.\u201c<\/span><\/em><\/p>\n<p><span dir=\"auto\">D\u00e1le: Je d\u016fle\u017eit\u00e9 zav\u00e9st kontrolu schopnost\u00ed, kter\u00e1 umo\u017en\u00ed ka\u017edoro\u010dn\u00ed p\u0159ezkoum\u00e1n\u00ed, zda se ministrovi skute\u010dn\u011b da\u0159\u00ed zajistit, aby byl Bundeswehr schopen se br\u00e1nit, a zda investovan\u00e9 miliardy skute\u010dn\u011b vedou ke zv\u00fd\u0161en\u00ed schopnost\u00ed.<\/span><\/p>\n<p><span dir=\"auto\">Zat\u00edmco se naho\u0159e p\u0159ev\u00e1d\u011bj\u00ed miliardy a buduj\u00ed struktury, dole se formuje tich\u00e9 protihnut\u00ed. Po\u010det odp\u00edra\u010d\u016f vojensk\u00e9 slu\u017eby z d\u016fvodu sv\u011bdom\u00ed roste ne navzdory politick\u00e9mu v\u00fdvoji, ale pr\u00e1v\u011b d\u00edky n\u011bmu. Mnoho mlad\u00fdch lid\u00ed se v\u011bdom\u011b prohla\u0161uje d\u00e1vno p\u0159edt\u00edm, ne\u017e by mohli b\u00fdt skute\u010dn\u011b odvedeni.<\/span><\/p>\n<h3 id=\"h-eine-gesellschaft-im-spannungszustand\" class=\"wp-block-heading\"><span dir=\"auto\">Spole\u010dnost ve stavu nap\u011bt\u00ed<\/span><\/h3>\n<p><span dir=\"auto\">Odm\u00edt\u00e1n\u00ed vojensk\u00e9 slu\u017eby z d\u016fvodu sv\u011bdom\u00ed nab\u00fdv\u00e1 na v\u00fdznamu, proto\u017ee je posledn\u00edm nezciziteln\u00fdm z\u00e1kladn\u00edm pr\u00e1vem, kter\u00e9 je ud\u011bleno pouze po pod\u00e1n\u00ed \u017e\u00e1dosti, posouzen\u00ed a schv\u00e1len\u00ed.\u00a0\u00a0\u00a0Je zakotveno\u00a0<\/span><a href=\"http:\/\/niemand%20darf%20gegen%20sein%20gewissen%20zum%20kriegsdienst\/\"><span dir=\"auto\">v Z\u00e1kladn\u00edm z\u00e1kon\u011b :<\/span><\/a><\/p>\n<p><em><span dir=\"auto\">\u201eNikdo nesm\u00ed b\u00fdt proti sv\u00e9mu sv\u011bdom\u00ed nucen vykon\u00e1vat vojenskou slu\u017ebu se zbran\u00ed.\u201c<\/span><\/em><\/p>\n<p><span dir=\"auto\">Pr\u00e1v\u011b v tom v\u0161ak spo\u010d\u00edv\u00e1 pr\u00e1vn\u00ed a politick\u00e1 nerovnov\u00e1ha: Z\u00e1kladn\u00ed pr\u00e1vo, kter\u00e9 se neuplat\u0148uje okam\u017eit\u011b, ale mus\u00ed b\u00fdt nejprve aktivov\u00e1no ur\u010dit\u00fdm postupem, ve skute\u010dnosti z\u016fst\u00e1v\u00e1 p\u0159edm\u011btem v\u00fdhrady. \u017d\u00e1dost, p\u0159ezkum, schv\u00e1len\u00ed \u2013 byrokratick\u00fd filtr p\u0159ed t\u00edm, co by ve skute\u010dnosti m\u011blo b\u00fdt bezpodm\u00edne\u010dn\u00fdm pr\u00e1vem.<\/span><\/p>\n<p><span dir=\"auto\">Tento v\u00fdvoj nen\u00ed izolovan\u00fd. Je zakotven v hlubok\u00e9m posunu politick\u00fdch, ekonomick\u00fdch a soci\u00e1ln\u00edch priorit. Sou\u010d\u00e1st\u00ed je znovuzbrojov\u00e1n\u00ed, rostouc\u00ed v\u00fddaje na obranu, nov\u00e9 modely n\u00e1boru a rostouc\u00ed skepticismus v\u016f\u010di vojensk\u00fdm z\u00e1vazk\u016fm. Zat\u00edmco se politi\u010dt\u00ed v\u016fdci zam\u011b\u0159uj\u00ed na \u0161k\u00e1lovatelnost, efektivitu a kontrolovateln\u00e9 struktury, na individu\u00e1ln\u00ed \u00farovni se formuje protich\u016fdn\u00e9 hnut\u00ed: odstup, odm\u00edt\u00e1n\u00ed a v\u011bdom\u00e9 odm\u00edt\u00e1n\u00ed.<\/span><\/p>\n<p><span dir=\"auto\">Tyto dynamiky neprob\u00edhaj\u00ed paraleln\u011b, ale vz\u00e1jemn\u011b se st\u0159et\u00e1vaj\u00ed.<\/span><\/p>\n<p><span dir=\"auto\">Neobjevuje se rovnov\u00e1ha, ale stup\u0148uj\u00edc\u00ed se antagonismus mezi st\u00e1tn\u00edmi intervencemi a osobn\u00edm sv\u011bdom\u00edm. Tento konflikt nelze vy\u0159e\u0161it dal\u0161\u00edmi miliardami, konsolidac\u00ed organizac\u00ed ani zv\u00fd\u0161en\u00fdm tlakem; ve sv\u00e9 podstat\u011b se dot\u00fdk\u00e1 ot\u00e1zky, jak odoln\u00fd je skute\u010dn\u011b vztah mezi jednotlivcem a st\u00e1tem.<\/span><\/p>\n<p><em><span dir=\"auto\">\u010cl\u00e1nek Janine Beichtov\u00e9 se poprv\u00e9 objevil na <\/span><a href=\"https:\/\/haintz.media\/artikel\/deutschland\/der-stille-aufstand-gegen-den-kriegswahn\/\"><span dir=\"auto\">Haintz.Media<\/span><\/a><span dir=\"auto\">\u00a0<\/span><\/em><\/p>\n<p>&nbsp;<\/p>\n","protected":false},"excerpt":{"rendered":"<p>N\u011bmecko se m\u00e1 st\u00e1t \u201ev\u00e1le\u010dn\u011b p\u0159ipraven\u00fdm\u201c. Vojensk\u00e1 slu\u017eba se m\u00e1 st\u00e1t stravitelnou pro lidsk\u00e9 d\u011blov\u00e9&#8230;<\/p>\n","protected":false},"author":2,"featured_media":105576,"comment_status":"closed","ping_status":"closed","sticky":false,"template":"","format":"standard","meta":[],"categories":[7],"tags":[80,1503,84,321],"_links":{"self":[{"href":"https:\/\/www.infokuryr.cz\/n\/wp-json\/wp\/v2\/posts\/105575"}],"collection":[{"href":"https:\/\/www.infokuryr.cz\/n\/wp-json\/wp\/v2\/posts"}],"about":[{"href":"https:\/\/www.infokuryr.cz\/n\/wp-json\/wp\/v2\/types\/post"}],"author":[{"embeddable":true,"href":"https:\/\/www.infokuryr.cz\/n\/wp-json\/wp\/v2\/users\/2"}],"replies":[{"embeddable":true,"href":"https:\/\/www.infokuryr.cz\/n\/wp-json\/wp\/v2\/comments?post=105575"}],"version-history":[{"count":0,"href":"https:\/\/www.infokuryr.cz\/n\/wp-json\/wp\/v2\/posts\/105575\/revisions"}],"wp:featuredmedia":[{"embeddable":true,"href":"https:\/\/www.infokuryr.cz\/n\/wp-json\/wp\/v2\/media\/105576"}],"wp:attachment":[{"href":"https:\/\/www.infokuryr.cz\/n\/wp-json\/wp\/v2\/media?parent=105575"}],"wp:term":[{"taxonomy":"category","embeddable":true,"href":"https:\/\/www.infokuryr.cz\/n\/wp-json\/wp\/v2\/categories?post=105575"},{"taxonomy":"post_tag","embeddable":true,"href":"https:\/\/www.infokuryr.cz\/n\/wp-json\/wp\/v2\/tags?post=105575"}],"curies":[{"name":"wp","href":"https:\/\/api.w.org\/{rel}","templated":true}]}}