{"id":105571,"date":"2026-04-30T00:21:00","date_gmt":"2026-04-29T22:21:00","guid":{"rendered":"https:\/\/www.infokuryr.cz\/n\/?p=105571"},"modified":"2026-04-29T18:14:21","modified_gmt":"2026-04-29T16:14:21","slug":"aplikace-pro-overovani-veku-v-eu-byla-hacknuta-za-mene-nez-dve-minuty-a-je-to-cim-dal-horsi","status":"publish","type":"post","link":"https:\/\/www.infokuryr.cz\/n\/2026\/04\/30\/aplikace-pro-overovani-veku-v-eu-byla-hacknuta-za-mene-nez-dve-minuty-a-je-to-cim-dal-horsi\/","title":{"rendered":"Aplikace pro ov\u011b\u0159ov\u00e1n\u00ed v\u011bku v EU byla hacknuta za m\u00e9n\u011b ne\u017e dv\u011b minuty\u2026 a je to \u010d\u00edm d\u00e1l hor\u0161\u00ed!"},"content":{"rendered":"<div id=\"fb-root\"><\/div>\n<div class=\"elementor-element elementor-element-1fb4c2c elementor-widget elementor-widget-theme-post-content\" data-id=\"1fb4c2c\" data-element_type=\"widget\" data-e-type=\"widget\" data-widget_type=\"theme-post-content.default\">\n<div class=\"elementor-widget-container\">\n<p><span dir=\"auto\">Zde je ot\u00e1zka: Jak dlouho by trvalo bezpe\u010dnostn\u00edmu konzultantovi hacknout novou, \u201etechnicky sofistikovanou\u201c aplikaci EU pro ov\u011b\u0159ov\u00e1n\u00ed v\u011bku?<\/span><\/p>\n<p><span dir=\"auto\">A tady je odpov\u011b\u010f: m\u00e9n\u011b ne\u017e dv\u011b minuty.<\/span><\/p>\n<p><span dir=\"auto\">P\u0159\u00edb\u011bh o nov\u00e9 elegantn\u00ed aplikaci EU pro ov\u011b\u0159ov\u00e1n\u00ed v\u011bku a o zjevn\u00fdch technick\u00fdch nedostatc\u00edch, kter\u00e9 okam\u017eit\u011b u\u010dinily jej\u00ed tvrzen\u00ed o \u201etechnick\u00e9 sofistikovanosti\u201c absurdn\u00edmi, je nepochybn\u011b dostate\u010dn\u011b pozoruhodn\u00fd.<\/span><\/p>\n<p><span dir=\"auto\">Ale tohle nen\u00ed jen z\u00e1bavn\u00fd p\u0159\u00edb\u011bh o technokratick\u00e9 neschopnosti EU. Je to vlastn\u011b p\u0159\u00edpadov\u00e1 studie kybernetick\u00fdch \u00fatok\u016f pod fale\u0161nou vlajkou. A tento p\u0159\u00edb\u011bh n\u00e1m \u0159\u00edk\u00e1 n\u011bco d\u016fle\u017eit\u00e9ho o nadch\u00e1zej\u00edc\u00ed digit\u00e1ln\u00ed dystopii.<\/span><\/p>\n<p><span dir=\"auto\">Chcete zn\u00e1t podrobnosti? Pak \u010dt\u011bte d\u00e1l!<\/span><\/p>\n<h3 class=\"has-medium-font-size\"><strong><span dir=\"auto\">\u201eZ\u00e1bavn\u00fd p\u0159\u00edb\u011bh\u201c o pozoruhodn\u00e9m selh\u00e1n\u00ed aplikace v EU<\/span><\/strong><\/h3>\n<p><span dir=\"auto\">Jak v\u00ed ka\u017ed\u00fd, kdo sleduje zpr\u00e1vy, vl\u00e1dy po cel\u00e9m sv\u011bt\u011b usiluj\u00ed o vynucen\u00ed po\u017eadavk\u016f na ov\u011b\u0159ov\u00e1n\u00ed v\u011bku pro str\u00e1nky soci\u00e1ln\u00edch m\u00e9di\u00ed ve jm\u00e9nu \u201eochrany d\u011bt\u00ed\u201c p\u0159ed \u201eonline nebezpe\u010d\u00edm\u201c. Zaveden\u00ed z\u00e1kazu soci\u00e1ln\u00edch m\u00e9di\u00ed v Austr\u00e1lii v lo\u0148sk\u00e9m roce \u2013 nov\u00fd z\u00e1kon, kter\u00fd \u201ezakazuje v\u0161em u\u017eivatel\u016fm mlad\u0161\u00edm 16 let m\u00edt \u00fa\u010dty na hlavn\u00edch platform\u00e1ch v\u010detn\u011b TikToku, Snapchatu, YouTube, Redditu, Instagramu, Facebooku, Kicku, Twitchi, Threads a X\u201c \u2013 bylo prvn\u00edm a nejv\u00fdrazn\u011bj\u0161\u00edm p\u0159\u00edkladem tohoto trendu. Od t\u00e9 doby za\u010daly podobn\u00e9 pr\u00e1vn\u00ed p\u0159edpisy navrhovat nebo p\u0159ij\u00edmat Braz\u00edlie, Kanada, Turecko, Norsko, Japonsko, \u0158ecko, n\u011bkolik st\u00e1t\u016f USA a st\u00e1le v\u00edce dal\u0161\u00edch vl\u00e1d.<\/span><\/p>\n<p><span dir=\"auto\">Aby vl\u00e1dy zavedly \u201e\u0159e\u0161en\u00ed\u201c tohoto \u201eprobl\u00e9mu\u201c s ov\u011b\u0159ov\u00e1n\u00edm v\u011bku u\u017eivatel\u016f soci\u00e1ln\u00edch m\u00e9di\u00ed, sna\u017e\u00ed se vstoupit na trh s aplikacemi pro ov\u011b\u0159ov\u00e1n\u00ed v\u011bku. Nap\u0159\u00edklad EU sl\u00edbila \u201en\u00e1vrh pro online ov\u011b\u0159ov\u00e1n\u00ed v\u011bku\u201c v \u010dervenci 2025, kdy v\u00fdkonn\u00e1 m\u00edstop\u0159edsedkyn\u011b Evropsk\u00e9 komise Henna Virkkunen ozn\u00e1mila, \u017ee Komise spolupracuje s \u010dlensk\u00fdmi st\u00e1ty na v\u00fdvoji \u201espole\u010dn\u00e9ho p\u0159\u00edstupu\u201c k \u201eharmonizovan\u00e9 metod\u011b ov\u011b\u0159ov\u00e1n\u00ed v\u011bku v cel\u00e9 EU\u201c.<\/span><\/p>\n<p><span dir=\"auto\">Toto \u201e\u0159e\u0161en\u00ed\u201c kone\u010dn\u011b p\u0159i\u0161lo minul\u00fd m\u011bs\u00edc v podob\u011b nov\u00e9 aplikace EU Age Verification Wallet, kterou s velkou sl\u00e1vou p\u0159edstavila p\u0159edsedkyn\u011b Evropsk\u00e9 komise Ursula von der Leyenov\u00e1 na tiskov\u00e9 konferenci 15. dubna.<\/span><\/p>\n<figure class=\"wp-block-embed aligncenter is-type-video is-provider-youtube wp-block-embed-youtube wp-embed-aspect-16-9 wp-has-aspect-ratio\">\n<div class=\"wp-block-embed__wrapper\"><iframe loading=\"lazy\" title=\"Ursula von der Leyen p\u0159edstavuje aplikaci pro ov\u011b\u0159ov\u00e1n\u00ed v\u011bku EU\" src=\"https:\/\/www.youtube.com\/embed\/4VRRriyDKKk?feature=oembed\" width=\"800\" height=\"450\" frameborder=\"0\" allowfullscreen=\"allowfullscreen\" data-mce-fragment=\"1\"><\/iframe><\/div>\n<\/figure>\n<p><span dir=\"auto\">Jedin\u00fd probl\u00e9m? A\u010dkoli von der Leyen ujistila, \u017ee aplikace je \u201etechnicky p\u0159ipraven\u00e1 a brzy bude k dispozici ob\u010dan\u016fm\u201c, bezpe\u010dnostn\u00ed v\u00fdzkumn\u00edk Paul Moore pot\u0159eboval k jej\u00edmu prolomen\u00ed pouh\u00e9 dv\u011b minuty.<\/span><\/p>\n<p><span dir=\"auto\">Ve skute\u010dnosti, jak d\u00e1le vysv\u011btlil, je bezpe\u010dnostn\u00ed architektura t\u00e9to aplikace tak nedokonal\u00e1, \u017ee j\u00ed t\u00e9m\u011b\u0159 chyb\u00ed d\u016fv\u011bryhodnost. Podle Moora m\u00e1 aplikace n\u00e1sleduj\u00edc\u00ed nedostatky:<\/span><\/p>\n<ul>\n<li><span dir=\"auto\">ukl\u00e1d\u00e1 zdrojov\u00fd obraz pou\u017eit\u00fd ke sb\u011bru ov\u011b\u0159ovac\u00edch dat v ne\u0161ifrovan\u00e9 podob\u011b na pevn\u00fd disk a tato data \u0159\u00e1dn\u011b neodstran\u00ed;<\/span><\/li>\n<li><span dir=\"auto\">pou\u017e\u00edv\u00e1 \u201einkrement\u00e1ln\u00ed \u010d\u00edslo ve stejn\u00e9m konfigura\u010dn\u00edm souboru\u201c k omezen\u00ed rychlosti, co\u017e znamen\u00e1, \u017ee \u00fato\u010dn\u00edci mohou jednodu\u0161e resetovat \u010d\u00edslo zp\u011bt na \u201e0\u201c a zkusit to znovu;<\/span><\/li>\n<li><span dir=\"auto\">PIN zaregistrovan\u00fd u\u017eivatelem nen\u00ed propojen s trezorem obsahuj\u00edc\u00edm identifika\u010dn\u00ed \u00fadaje, co\u017e znamen\u00e1, \u017ee \u201e\u00fato\u010dn\u00edk m\u016f\u017ee jednodu\u0161e odstranit hodnoty PinEnc\/PinIV \u200b\u200bze souboru shared_prefs a restartovat aplikaci\u201c; a<\/span><\/li>\n<li><span dir=\"auto\">Syst\u00e9m omezuje po\u010det ov\u011b\u0159en\u00ed v\u011bku dostupn\u00fdch pro u\u017eivatele a z\u00e1rove\u0148 nastavuje \u201edatum platnosti\u201c pro jeho doklad o v\u011bku.<\/span><\/li>\n<\/ul>\n<p><span dir=\"auto\">Pro ty, kte\u0159\u00ed nejsou obezn\u00e1meni s technick\u00fdm \u017eargonem: Jedn\u00e1 se o\u00a0<\/span><strong><span dir=\"auto\">velmi z\u00e1va\u017en\u00e9 chyby<\/span><\/strong><span dir=\"auto\">\u00a0, kter\u00e9 \u010din\u00ed aplikaci\u00a0<\/span><strong><span dir=\"auto\">neuv\u011b\u0159iteln\u011b zranitelnou v\u016f\u010di \u00fatok\u016fm<\/span><\/strong><span dir=\"auto\">\u00a0a\u00a0<\/span><strong><span dir=\"auto\">vystavuj\u00ed soukrom\u00e1 data u\u017eivatel\u016f<\/span><\/strong><span dir=\"auto\">\u00a0, v\u010detn\u011b sken\u016f pas\u016f a biometrick\u00fdch sn\u00edmk\u016f.<\/span><\/p>\n<p><span dir=\"auto\">Nen\u00ed divu, \u017ee techni\u010dt\u00ed novin\u00e1\u0159i z Wired a TechPolicy.press, stejn\u011b jako mainstreamov\u00ed papou\u0161ci z Politico a\u00a0<\/span><em><span dir=\"auto\">The Independent<\/span><\/em><span dir=\"auto\">\u00a0, maj\u00ed tendenci skand\u00e1l vykreslovat jako \u201ejejda\u201c p\u0159\u00edb\u011bh zd\u016fraz\u0148uj\u00edc\u00ed neschopnost jinak dob\u0159e m\u00edn\u011bn\u00fdch technokrat\u016f. Nap\u0159\u00edklad Politico ve sv\u00e9m \u010dl\u00e1nku na toto t\u00e9ma p\u00ed\u0161e: \u201eZ tohoto p\u0159\u00edb\u011bhu se st\u00e1v\u00e1 PR katastrofa pro Brusel.\u201c<\/span><\/p>\n<p><span dir=\"auto\">Ale ne! Nemysl\u00ed snad n\u011bkdo na PR odd\u011blen\u00ed Evropsk\u00e9 komise?!<\/span><\/p>\n<p><span dir=\"auto\">Ve zjevn\u00e9 snaze odvr\u00e1tit tuto \u201ePR katastrofu\u201c vydali \u00fa\u0159edn\u00edci EU minul\u00fd t\u00fdden \u201e\u00a0<\/span><a href=\"https:\/\/ageverification.dev\/releases\/#release-notes_1\"><span dir=\"auto\">opravu chyby<\/span><\/a><span dir=\"auto\">\u00a0\u201c, kter\u00e1 m\u011bla \u0159e\u0161it zjevn\u00e9 bezpe\u010dnostn\u00ed zranitelnosti aplikace.<\/span><\/p>\n<p><span dir=\"auto\">&#8230;Ale jak Paul Moore okam\u017eit\u011b poznamenal, tato \u201eoprava\u201c byla stejn\u011b z\u00e1sadn\u011b chybn\u00e1 jako p\u016fvodn\u00ed verze. Konkr\u00e9tn\u011b byrokrat\u00e9 EU:<\/span><\/p>\n<ul>\n<li><span dir=\"auto\">Probl\u00e9m se \u0161ifrov\u00e1n\u00edm dat v za\u0159\u00edzen\u00ed byl \u201eopraven\u201c\u2026 zaveden\u00edm t\u0159\u00ed zastaral\u00fdch z\u00e1vislost\u00ed;<\/span><\/li>\n<li><span dir=\"auto\">Probl\u00e9m se \u010dten\u00edm pas\u016f byl \u201evy\u0159e\u0161en\u201c zaveden\u00edm mechanismu pro maz\u00e1n\u00ed pasov\u00fdch fotografi\u00ed, kdy\u017e ji\u017e nejsou pot\u0159eba&#8230; ale zapomn\u011bli tyto fotografie za\u0161ifrovat;<\/span><\/li>\n<li><span dir=\"auto\">Probl\u00e9m s ukl\u00e1d\u00e1n\u00edm PIN k\u00f3du byl \u201evy\u0159e\u0161en\u201c p\u0159id\u00e1n\u00edm hodnoty salt a hashov\u00e1n\u00edm PIN k\u00f3du\u2026 pomoc\u00ed zastaral\u00e9ho standardu zalo\u017een\u00e9ho na nep\u0159ijateln\u011b mal\u00e9m po\u010dtu iterac\u00ed.<\/span><\/li>\n<\/ul>\n<p><span dir=\"auto\">Pro ty, kte\u0159\u00ed nejsou obezn\u00e1meni s bezpe\u010dnostn\u00edm \u017eargonem: Tohle je \u0161patn\u00e9. Ve skute\u010dnosti, jak zd\u016fraz\u0148uje Moore, to nen\u00ed nic v\u00edc ne\u017e \u201ebezpe\u010dnostn\u00ed divadlo\u201c. Tyto opravy maj\u00ed zn\u00edt p\u016fsobiv\u011b, ale ve skute\u010dnosti ne\u0159e\u0161\u00ed z\u00e1kladn\u00ed bezpe\u010dnostn\u00ed nedostatky aplikace.<\/span><\/p>\n<p><span dir=\"auto\">V tomto bod\u011b bychom mohli b\u00fdt v poku\u0161en\u00ed p\u0159idat se k establi\u0161mentov\u00fdm podl\u00e9za\u010d\u016fm, kte\u0159\u00ed vehementn\u011b kritizuj\u00ed technick\u00fd t\u00fdm Evropsk\u00e9 komise za jeho neschopnost. Pokud ale s kritikou t\u00e9to aplikace skon\u010d\u00edme zde, riskujeme, \u017ee se dostaneme do zr\u00e1dn\u00e9 pasti.<\/span><\/p>\n<p><span dir=\"auto\">Jak se uk\u00e1zalo, za t\u00edmto katastrof\u00e1ln\u00edm spu\u0161t\u011bn\u00edm aplikace se skr\u00fdv\u00e1 je\u0161t\u011b temn\u011bj\u0161\u00ed teorie: Tyto bezpe\u010dnostn\u00ed \u201echyby\u201c v\u016fbec nejsou chybami\u2026<\/span><\/p>\n<h3 class=\"has-medium-font-size\"><strong><span dir=\"auto\">Ne zrovna z\u00e1bavn\u00e1 teorie, \u017ee se nejednalo o \u201echybu\u201c<\/span><\/strong><\/h3>\n<p><span dir=\"auto\">Kdy\u017e se setkaj\u00ed s katastrof\u00e1ln\u00edm selh\u00e1n\u00edm zaveden\u00e9 instituce, mainstreamov\u00ed \u201eskeptici\u201c \u2013 ti lid\u00e9, kte\u0159\u00ed maj\u00ed na zdech plak\u00e1ty Michaela Shermera a v prohl\u00ed\u017ee\u010di si ulo\u017eili do z\u00e1lo\u017eek Snopes.com \u2013 r\u00e1di cituj\u00ed pravidlo zn\u00e1m\u00e9 jako Hanlonova b\u0159itva. Jak v\u00e1m \u0159ekne ka\u017ed\u00fd sebe\u00factyhodn\u00fd ov\u011b\u0159ovatel fakt\u016f, toto p\u0159\u00edslov\u00ed \u0159\u00edk\u00e1: \u201eNikdy nep\u0159ipisujte zlomyslnosti to, co lze adekv\u00e1tn\u011b vysv\u011btlit hloupost\u00ed.\u201c<\/span><\/p>\n<p><span dir=\"auto\">Ale co by se m\u011blo d\u011blat v p\u0159\u00edpad\u011b, jako byl p\u0159\u00edpad katastrofy s aplikac\u00ed EU? Koneckonc\u016f, jak zd\u016fraznili Moore a dal\u0161\u00ed, nejde jen o program\u00e1torskou chybu nezku\u0161en\u00e9ho program\u00e1tora. Sp\u00ed\u0161e byla tato aplikace navr\u017eena se z\u00e1sadn\u00edmi bezpe\u010dnostn\u00edmi chybami zakotven\u00fdmi v jej\u00ed digit\u00e1ln\u00ed DNA. Je to jen p\u0159\u00edpad \u201ejak\u00e9koli\u201c neschopnosti?<\/span><\/p>\n<p><span dir=\"auto\">Nap\u0159\u00edklad Pavel Durov tomu nev\u011b\u0159\u00ed. Mo\u017en\u00e1 ho zn\u00e1te jako spoluzakladatele a gener\u00e1ln\u00edho \u0159editele Telegramu, platformy pro soci\u00e1ln\u00ed m\u00e9dia a instant messaging. Mo\u017en\u00e1 si tak\u00e9 vzpomenete, \u017ee Durov byl v roce 2024 zat\u010den francouzsk\u00fdmi \u00fa\u0159ady, proto\u017ee nebyly spokojeny s absenc\u00ed cenzury v Telegramu. A jak si dok\u00e1\u017eete p\u0159edstavit, m\u00e1 na toto zaveden\u00ed aplikace EU velmi odli\u0161n\u00fd n\u00e1zor ne\u017e mainstreamov\u00fd tisk.<\/span><\/p>\n<p><span dir=\"auto\">\u201eNesm\u011bjte se byrokrat\u016fm EU p\u0159\u00edli\u0161 rychle,\u201c napsal ned\u00e1vno Durov v p\u0159\u00edsp\u011bvku na Telegramu k tomuto t\u00e9matu. \u201eJejich aplikace pro ov\u011b\u0159ov\u00e1n\u00ed v\u011bku byla hacknuteln\u00e1 od z\u00e1kladu \u2013 d\u016fv\u011b\u0159ovala za\u0159\u00edzen\u00ed (co\u017e znamenalo okam\u017eit\u00fd konec hry).\u201c<\/span><\/p>\n<p><span dir=\"auto\">Pot\u00e9 spekuluje o skute\u010dn\u00fdch z\u00e1m\u011brech tohoto \u00fadajn\u00e9ho \u201eselh\u00e1n\u00ed\u201c.<\/span><\/p>\n<p><em><span dir=\"auto\">Pokud EU\u00a0<\/span>\ud83e\udd21<span dir=\"auto\">nevedou klauni, toto je jej\u00ed skute\u010dn\u00fd pl\u00e1n:<\/span><\/em><\/p>\n<p><em><span dir=\"auto\">Krok 1 \u2013 Zave\u010fte aplikaci \u201e\u0161etrnou k soukrom\u00ed\u201c, ale hacknutelnou.<\/span><\/em><\/p>\n<p><em><span dir=\"auto\">Krok 2 \u2013 Nechte si to zkontrolovat (*JSTE ZDE*).<\/span><\/em><\/p>\n<p><em><span dir=\"auto\">Krok 3 \u2013 Odeberte nastaven\u00ed soukrom\u00ed, abyste aplikaci \u201eopravili\u201c.<\/span><\/em><\/p>\n<p><em><span dir=\"auto\">V\u00fdsledkem je sledovac\u00ed n\u00e1stroj, kter\u00fd se prod\u00e1v\u00e1 jako \u201e\u0161etrn\u00fd k soukrom\u00ed\u201c.<\/span><\/em><\/p>\n<p><em><span dir=\"auto\">\u00da\u0159edn\u00edci EU pot\u0159ebovali z\u00e1minku, aby mohli potichu prom\u011bnit svou aplikaci pro ov\u011b\u0159ov\u00e1n\u00ed v\u011bku, kter\u00e1 je \u201ev souladu s pravidly soukrom\u00ed\u201c, v mechanismus sledov\u00e1n\u00ed v\u0161ech Evropan\u016f, kte\u0159\u00ed pou\u017e\u00edvaj\u00ed soci\u00e1ln\u00ed m\u00e9dia. Dne\u0161n\u00ed \u201ep\u0159ekvapiv\u00fd hack\u201c jim tuto z\u00e1minku pr\u00e1v\u011b poskytl.<\/span><\/em><\/p>\n<p><span dir=\"auto\">Jin\u00fdmi slovy, Durov teoretizuje, \u017ee zaveden\u00ed t\u00e9to aplikace bylo ve skute\u010dnosti jakousi virtu\u00e1ln\u00ed akc\u00ed \u201epod fale\u0161nou vlajkou\u201c. \u00da\u0159edn\u00edci EU necht\u011bj\u00ed vyv\u00edjet aplikaci, kter\u00e1 by\u00a0<\/span><em><span dir=\"auto\">skute\u010dn\u011b<\/span><\/em><span dir=\"auto\">\u00a0respektovala soukrom\u00ed u\u017eivatel\u016f, nebo takovou, kter\u00e1 by u\u017eivatel\u016fm\u00a0<\/span><em><span dir=\"auto\">skute\u010dn\u011b<\/span><\/em><span dir=\"auto\">\u00a0pom\u00e1hala udr\u017eovat si kontrolu nad jejich identitou a daty. M\u00edsto toho cht\u011bj\u00ed do ka\u017ed\u00e9ho telefonu nainstalovat sledovac\u00ed aplikaci ve stylu \u201eVelk\u00e9ho bratra\u201c, aby shrom\u00e1\u017edila co nejv\u00edce dat.<\/span><\/p>\n<p><span dir=\"auto\">Tito mazan\u00ed technokrat\u00e9 ale v\u011bd\u011bli, \u017ee kdyby takovou dot\u011brnou aplikaci spustili hned, ve\u0159ejnost by ji okam\u017eit\u011b odm\u00edtla. M\u00edsto toho tedy vydali \u0161patn\u011b napsanou a snadno hacknutelnou aplikaci, aby demonstrovali, \u017ee jejich tvrzen\u00ed o respektov\u00e1n\u00ed soukrom\u00ed u\u017eivatel\u016f ve skute\u010dnosti lidi ohro\u017euje. Te\u010f u\u017e jen zb\u00fdv\u00e1 nab\u00eddnout sv\u00e9 (p\u0159edem napl\u00e1novan\u00e9) \u201e\u0159e\u0161en\u00ed\u201c \u2013 aplikaci optimalizovanou pro zabezpe\u010den\u00ed, ale s velk\u00fdm mno\u017estv\u00edm sledovac\u00edch funkc\u00ed \u2013 a sledovat, jak se o n\u011bj ve\u0159ejnost bude do\u017eadovat.<\/span><\/p>\n<p><span dir=\"auto\">Je t\u0159eba uznat z\u00e1sluhy byrokrat\u016fm EU: pokud je to skute\u010dn\u011b jejich pl\u00e1n, je dostate\u010dn\u011b z\u00e1ke\u0159n\u00fd, aby oklamal v\u011bt\u0161inu ve\u0159ejnosti. Jakoukoli p\u0159edstavu, \u017ee aplikace byla\u00a0<\/span><em><span dir=\"auto\">z\u00e1m\u011brn\u011b<\/span><\/em><span dir=\"auto\">\u00a0navr\u017eena tak, aby se dala hacknout, mohou vyvr\u00e1tit p\u0159edst\u00edran\u00ed skeptici, kte\u0159\u00ed na\u0159\u00edkaj\u00ed nad \u201eHanlonovou b\u0159itvou\u201c, a mainstreamov\u00e1 m\u00e9dia, kter\u00e1 se tohoto p\u0159\u00edb\u011bhu chop\u00ed jako p\u0159\u00edkladu \u201eneschopnosti\u201c vl\u00e1dy.<\/span><\/p>\n<p><span dir=\"auto\">V tomto p\u0159\u00edpad\u011b bychom mo\u017en\u00e1 mohli Hanlonov\u011b b\u0159itv\u011b \u010delit vlastn\u00ed formulac\u00ed. \u0158\u00edkejme tomu \u201eCorbett\u016fv \u0159ez\u00e1k\u201c: \u201eNikdy nep\u0159ipisujte hloupost tomu, co se nejl\u00e9pe vysv\u011btluje \u00famyslnou sabot\u00e1\u017e\u00ed.\u201c<\/span><\/p>\n<p><em><span dir=\"auto\">Ale i kdyby \u201eCorbett\u016fv \u0159ez\u00e1k\u201c skute\u010dn\u011b<\/span><\/em><span dir=\"auto\">\u00a0vysv\u011btloval neuv\u011b\u0159iteln\u011b \u0161patnou bezpe\u010dnostn\u00ed architekturu aplikace\u00a0, z\u016fst\u00e1v\u00e1 pom\u011brn\u011b velk\u00e1 ot\u00e1zka: Pro\u010d jsou vl\u00e1dy po cel\u00e9m sv\u011bt\u011b najednou\u00a0<\/span><em><span dir=\"auto\">tak posedl\u00e9<\/span><\/em><span dir=\"auto\">\u00a0ov\u011b\u0159ov\u00e1n\u00edm v\u011bku? Pro\u010d se chovaj\u00ed, jako by znalost v\u011bku u\u017eivatel\u016f internetu byla tak nal\u00e9hav\u00fdm probl\u00e9mem?<\/span><\/p>\n<h3 class=\"wp-block-heading has-medium-font-size\"><strong><span dir=\"auto\">Od kontroly v\u011bku po kontroly toto\u017enosti<\/span><\/strong><\/h3>\n<p><em><span dir=\"auto\">\u010c\u00e1st technokratick\u00e9 agendy, kter\u00e1 se zab\u00fdv\u00e1 \u201eov\u011b\u0159ov\u00e1n\u00edm v\u011bku\u201c, je samoz\u0159ejm\u011b odv\u00e1d\u011bc\u00ed taktikou. Vl\u00e1dy se nestaraj\u00ed<\/span><\/em><span dir=\"auto\">\u00a0o\u00a0bezpe\u010dnost d\u011bt\u00ed \u2013 viz o\u010dkov\u00e1n\u00ed proti COVIDu a blok\u00e1tory puberty jako dva ned\u00e1vn\u00e9 p\u0159\u00edklady \u2013 a z obavy o teenagery na TikToku se p\u0159\u00edli\u0161\u00a0<\/span><em><span dir=\"auto\">nevynasna\u017e\u00ed<\/span><\/em><span dir=\"auto\">\u00a0ov\u011b\u0159ovat v\u011bk v\u0161ech online.<\/span><\/p>\n<p><span dir=\"auto\">Sp\u00ed\u0161e jde o kontrolu. Kone\u010dn\u00fdm c\u00edlem \u2013 jak by nyn\u00ed m\u011bli v\u011bd\u011bt oddan\u00ed Corbettovi report\u00e9\u0159i \u2013 je dokonal\u00e1 technokratick\u00e1 kontroln\u00ed s\u00ed\u0165. Tato kontroln\u00ed s\u00ed\u0165 bude zahrnovat nejen tot\u00e1ln\u00ed dohled nad v\u0161emi ob\u010dany v re\u00e1ln\u00e9m \u010dase \u2013 v\u010detn\u011b jejich p\u0159esn\u00e9 polohy a pohybu, jejich interakc\u00ed, jejich aktivit a z\u00e1znam\u016f jejich rozhovor\u016f \u2013 ale tak\u00e9 kontrolu jejich transakc\u00ed prost\u0159ednictv\u00edm n\u011bjak\u00e9 formy digit\u00e1ln\u00ed m\u011bny.<\/span><\/p>\n<p><span dir=\"auto\">Tato \u0159\u00eddic\u00ed s\u00ed\u0165 je v\u0161ak zalo\u017eena na digit\u00e1ln\u00edm identifik\u00e1toru. Aby mohli aspiruj\u00edc\u00ed kontrolo\u0159i lidstva provozovat a implementovat takov\u00fd syst\u00e9m, mus\u00ed m\u00edt v\u0161echny ve sv\u00e9 digit\u00e1ln\u00ed datab\u00e1zi a propojit jejich za\u0159\u00edzen\u00ed a v\u0161echny jejich digit\u00e1ln\u00ed aktivity s jedn\u00edm jedine\u010dn\u00fdm identifik\u00e1torem.<\/span><\/p>\n<p><span dir=\"auto\">B\u011bhem \u00e9ry COVIDu byl tento tlak na digit\u00e1ln\u00ed identifikaci prezentov\u00e1n jako nezbytn\u00e1 sou\u010d\u00e1st st\u00e1tu biologick\u00e9 bezpe\u010dnosti. \u201eNechce\u0161 p\u0159ece zab\u00edt babi\u010dku, \u017ee ne? Pak bys m\u011bl rad\u011bji nechat sledovat sv\u016fj pohyb prost\u0159ednictv\u00edm na\u0161ich aplikac\u00ed pro sledov\u00e1n\u00ed kontakt\u016f a rad\u011bji bys m\u011bl dodr\u017eovat na\u0161e kontroly digit\u00e1ln\u00edch o\u010dkovac\u00edch certifik\u00e1t\u016f!\u201c<\/span><\/p>\n<p><span dir=\"auto\">Je samoz\u0159ejm\u00e9 (ale stejn\u011b to \u0159eknu): To byla le\u017e. Nebo p\u0159esn\u011bji \u0159e\u010deno, byla to pohodln\u00e1 v\u00fdmluva \u2013 z\u00e1minka k ospravedln\u011bn\u00ed budov\u00e1n\u00ed rozs\u00e1hl\u00e9 digit\u00e1ln\u00ed infrastruktury, kter\u00e1 propojuje pohyb a interakce lid\u00ed s jedine\u010dn\u00fdm digit\u00e1ln\u00edm identifik\u00e1torem.<\/span><\/p>\n<p><span dir=\"auto\">Te\u010f, kdy\u017e je \u201epodvodn\u00e1 demie\u201c za n\u00e1mi, technokrat\u00e9 hledaj\u00ed dal\u0161\u00ed zp\u016fsob, jak tuto agendu prodat d\u016fv\u011b\u0159iv\u00e9 ve\u0159ejnosti. A tak se uchyluj\u00ed ke stejn\u00e9mu star\u00e9mu refr\u00e9nu: \u201eNemysl\u00ed nikdo na d\u011bti?\u201c Koneckonc\u016f chcete chr\u00e1nit d\u011bti p\u0159ed online pachateli, \u017ee?<\/span><\/p>\n<p><span dir=\"auto\">Vzhledem k v\u00fd\u0161e uveden\u00e9mu nyn\u00ed m\u016f\u017eeme rozpoznat rychl\u00fd pokrok sm\u011brem k paradigmatu ov\u011b\u0159ov\u00e1n\u00ed v\u011bku jako to, \u010d\u00edm je: maskou pro agendu digit\u00e1ln\u00ed identity. Ale nev\u011b\u0159te mi. V\u011b\u0159te Andymu Yenovi.<\/span><\/p>\n<p><span dir=\"auto\">Pro ty, kte\u0159\u00ed to nev\u011bd\u00ed: Andy Yen je gener\u00e1ln\u00edm \u0159editelem spole\u010dnosti Proton AG, \u0161v\u00fdcarsk\u00e9 technologick\u00e9 spole\u010dnosti, kter\u00e1 stoj\u00ed za internetov\u00fdmi slu\u017ebami zam\u011b\u0159en\u00fdmi na soukrom\u00ed, jako je ProtonMail. Minul\u00fd t\u00fdden zve\u0159ejnil blogov\u00fd p\u0159\u00edsp\u011bvek s n\u00e1zvem \u201eMus\u00edme zabr\u00e1nit tomu, aby ov\u011b\u0159ov\u00e1n\u00ed v\u011bku zni\u010dilo online anonymitu\u201c, ve kter\u00e9m nasti\u0148uje cestu od ov\u011b\u0159ov\u00e1n\u00ed v\u011bku k digit\u00e1ln\u00ed identifikaci a diskutuje o souvisej\u00edc\u00ed hrozb\u011b pro online soukrom\u00ed.<\/span><\/p>\n<p><em><span dir=\"auto\">Soukrom\u00ed dat na internetu bylo v\u017edy k\u0159ehk\u00e9. Ale s ov\u011b\u0159ov\u00e1n\u00edm v\u011bku jsme na pokraji toho, abychom museli po\u017eadovat identifikaci od ka\u017ed\u00e9 osoby, kter\u00e1 se p\u0159ipoj\u00ed k internetu \u2013 z jak\u00e9hokoli d\u016fvodu, a\u0165 u\u017e je leg\u00e1ln\u00ed \u010di nikoli, a\u0165 u\u017e je plnolet\u00e1 \u010di nikoli. A to by n\u00e1s v\u0161echny m\u011blo d\u011bsit.<\/span><\/em><\/p>\n<p><em><span dir=\"auto\">I kdy\u017e \u017e\u00e1dn\u00e1 spole\u010dnost nem\u016f\u017ee jednodu\u0161e ignorovat z\u00e1kony ve sv\u00e9 jurisdikci, velk\u00e9 technologick\u00e9 spole\u010dnosti prok\u00e1zaly ochotu intenzivn\u011b spolupracovat s vl\u00e1dami. Ka\u017ed\u00fd rok vyhov\u00ed stovk\u00e1m tis\u00edc \u017e\u00e1dost\u00ed vl\u00e1d o data, z nich\u017e mnoh\u00e9 nikdy nejsou soudcem p\u0159ezkoum\u00e1ny, a toto \u010d\u00edslo neust\u00e1le roste.<\/span><\/em><\/p>\n<p><em><span dir=\"auto\">Nav\u00edc je zn\u00e1mo, \u017ee podl\u00e9haj\u00ed vl\u00e1dn\u00edmu tlaku a zakazuj\u00ed aplikace. Pokud bude ka\u017ed\u00fd \u00fa\u010det Apple ve Spojen\u00e9m kr\u00e1lovstv\u00ed v\u00e1z\u00e1n na vl\u00e1dou vydan\u00fd pr\u016fkaz toto\u017enosti, jak dlouho bude trvat, ne\u017e tot\u00e9\u017e budou o\u010dek\u00e1vat i v\u0161echny ostatn\u00ed zem\u011b? Jakmile pou\u017eijete tyto shrom\u00e1\u017ed\u011bn\u00e9 pr\u016fkazy toto\u017enosti k blokov\u00e1n\u00ed p\u0159\u00edstupu na z\u00e1klad\u011b v\u011bku, je to jen mal\u00fd krok k blokov\u00e1n\u00ed p\u0159\u00edstupu na z\u00e1klad\u011b n\u00e1rodnosti nebo jin\u00fdch faktor\u016f.<\/span><\/em><\/p>\n<p><em><span dir=\"auto\">Jak dlouho to bude trvat, ne\u017e \u010c\u00edna bude po\u017eadovat jm\u00e9na v\u0161ech, kte\u0159\u00ed si st\u00e1hli konkr\u00e9tn\u00ed aplikaci? Jak dlouho to bude trvat, ne\u017e budou technologick\u00fdm gigant\u016fm zasl\u00e1ny seznamy \u201ene\u017e\u00e1douc\u00edch osob\u201c s pokyny, aby je zcela zablokovali na internetu? Je to opravdu cesta, kterou jsme p\u0159ipraveni se vydat?<\/span><\/em><\/p>\n<p><span dir=\"auto\">Bohu\u017eel, odpov\u011b\u010f na Yenovu posledn\u00ed ot\u00e1zku by klidn\u011b mohla b\u00fdt \u201eano\u201c.<\/span><\/p>\n<p><span dir=\"auto\">Ve skute\u010dnosti, pokud jim bude p\u0159edlo\u017een v\u011brohodn\u00fd argument \u2013\u00a0<\/span><em><span dir=\"auto\">\u200b\u200bexperti z EU prost\u011b nejsou schopni naprogramovat aplikaci, kter\u00e1 by spl\u0148ovala po\u017eadavky na ochranu osobn\u00edch \u00fadaj\u016f!<\/span><\/em><span dir=\"auto\">\u00a0\u2013 a v\u011brohodn\u00fd motiv \u2013\u00a0<\/span><em><span dir=\"auto\">mus\u00edme chr\u00e1nit d\u011bti!<\/span><\/em><span dir=\"auto\">\u00a0\u2013 v\u011bt\u0161ina lid\u00ed se\u00a0<\/span><em><span dir=\"auto\">na n\u00e1vnadu chytne<\/span><\/em><span dir=\"auto\">\u00a0a p\u0159ipoj\u00ed se k agend\u011b ov\u011b\u0159ov\u00e1n\u00ed v\u011bku. Jakmile si tyto dob\u0159e m\u00edn\u011bn\u00e9, ale a\u017e p\u0159\u00edli\u0161 d\u016fv\u011b\u0159iv\u00e9 ob\u011bti uv\u011bdom\u00ed, \u017ee se v\u016fbec nejedn\u00e1 o ov\u011b\u0159ov\u00e1n\u00ed v\u011bku, ale sp\u00ed\u0161e o vytvo\u0159en\u00ed digit\u00e1ln\u00ed s\u00edt\u011b, bude u\u017e p\u0159\u00edli\u0161 pozd\u011b. U\u017e budou chyceny ve sp\u00e1rech digit\u00e1ln\u00edho giganta.<\/span><\/p>\n<p><span dir=\"auto\">Skute\u010dn\u00e1 ot\u00e1zka tedy zn\u00ed: Co bychom s t\u00edmto probl\u00e9mem m\u011bli d\u011blat? Jak v\u00edte, m\u00e1m sv\u00e9 vlastn\u00ed n\u00e1pady, v\u010detn\u011b bojkotu gigant\u016f soci\u00e1ln\u00edch m\u00e9di\u00ed, podpory rozvoje alternativ k soci\u00e1ln\u00edm m\u00e9di\u00edm a dokonce i \u00fapln\u00e9ho odklonu od digit\u00e1ln\u00edho sv\u011bta. Jsem p\u0159irozen\u011b zv\u011bdav\u00fd na va\u0161e vlastn\u00ed n\u00e1zory na to, co hodl\u00e1te d\u011blat, zat\u00edmco se n\u00e1m kolem krku utahuje smy\u010dka digit\u00e1ln\u00ed identity, a \u010dlenov\u00e9 Corbett Report jsou zv\u00e1ni, aby se p\u0159ihl\u00e1sili a pod\u011blili se o sv\u00e9 my\u0161lenky v sekci koment\u00e1\u0159\u016f n\u00ed\u017ee.<\/span><\/p>\n<p><span dir=\"auto\">Ale m\u00edsto toho, abychom se ut\u00e1p\u011bli v bez\u00fat\u011b\u0161nosti a chmurnosti, zam\u011b\u0159me se na pozitivn\u00ed poznatky z dne\u0161n\u00edho vy\u0161et\u0159ov\u00e1n\u00ed. A\u017e se p\u0159\u00ed\u0161t\u011b n\u011bjak\u00fd samozvan\u00fd \u201eskeptik\u201c, naklon\u011bn\u00fd establishmentu, pokus\u00ed vysv\u011btlit opakuj\u00edc\u00ed se \u201eselh\u00e1n\u00ed\u201c Hanlonovou b\u0159itvou, m\u016f\u017eete nyn\u00ed pou\u017e\u00edt Corbettovy \u0159eza\u010dky k vy\u0159\u00edznut\u00ed jazyka a str\u010den\u00ed ho zp\u011bt do krku.<\/span><\/p>\n<p><span dir=\"auto\">&#8230;V p\u0159enesen\u00e9m smyslu, samoz\u0159ejm\u011b.<\/span><\/p>\n<p><strong><em><span dir=\"auto\">Od Jamese Corbetta<\/span><\/em><\/strong><\/p>\n<\/div>\n<\/div>\n<div class=\"elementor-element elementor-element-8c57238 quelle dc-has-condition dc-condition-empty elementor-widget elementor-widget-heading\" data-id=\"8c57238\" data-element_type=\"widget\" data-e-type=\"widget\" data-widget_type=\"heading.default\">\n<div class=\"elementor-widget-container\">\n<h3 class=\"elementor-heading-title elementor-size-default\"><span style=\"font-size: 10pt;\"><a href=\"https:\/\/corbettreport.substack.com\/p\/eu-age-verification-app-hacked-in?utm_source=post-email-title&amp;publication_id=725827&amp;post_id=195513094&amp;utm_campaign=email-post-title&amp;isFreemail=true&amp;r=pf6gr&amp;triedRedirect=true&amp;utm_medium=email\" target=\"_blank\" rel=\"nofollow noopener\"><span dir=\"auto\">Zdroj<\/span><\/a><\/span><\/h3>\n<p>&nbsp;<\/p>\n<\/div>\n<\/div>\n","protected":false},"excerpt":{"rendered":"<p>Zde je ot\u00e1zka: Jak dlouho by trvalo bezpe\u010dnostn\u00edmu konzultantovi hacknout novou, \u201etechnicky sofistikovanou\u201c aplikaci EU&#8230;<\/p>\n","protected":false},"author":2,"featured_media":2705,"comment_status":"closed","ping_status":"closed","sticky":false,"template":"","format":"standard","meta":[],"categories":[7],"tags":[3490,41,1956,1503],"_links":{"self":[{"href":"https:\/\/www.infokuryr.cz\/n\/wp-json\/wp\/v2\/posts\/105571"}],"collection":[{"href":"https:\/\/www.infokuryr.cz\/n\/wp-json\/wp\/v2\/posts"}],"about":[{"href":"https:\/\/www.infokuryr.cz\/n\/wp-json\/wp\/v2\/types\/post"}],"author":[{"embeddable":true,"href":"https:\/\/www.infokuryr.cz\/n\/wp-json\/wp\/v2\/users\/2"}],"replies":[{"embeddable":true,"href":"https:\/\/www.infokuryr.cz\/n\/wp-json\/wp\/v2\/comments?post=105571"}],"version-history":[{"count":0,"href":"https:\/\/www.infokuryr.cz\/n\/wp-json\/wp\/v2\/posts\/105571\/revisions"}],"wp:featuredmedia":[{"embeddable":true,"href":"https:\/\/www.infokuryr.cz\/n\/wp-json\/wp\/v2\/media\/2705"}],"wp:attachment":[{"href":"https:\/\/www.infokuryr.cz\/n\/wp-json\/wp\/v2\/media?parent=105571"}],"wp:term":[{"taxonomy":"category","embeddable":true,"href":"https:\/\/www.infokuryr.cz\/n\/wp-json\/wp\/v2\/categories?post=105571"},{"taxonomy":"post_tag","embeddable":true,"href":"https:\/\/www.infokuryr.cz\/n\/wp-json\/wp\/v2\/tags?post=105571"}],"curies":[{"name":"wp","href":"https:\/\/api.w.org\/{rel}","templated":true}]}}