{"id":105566,"date":"2026-04-30T00:17:26","date_gmt":"2026-04-29T22:17:26","guid":{"rendered":"https:\/\/www.infokuryr.cz\/n\/?p=105566"},"modified":"2026-04-29T18:02:12","modified_gmt":"2026-04-29T16:02:12","slug":"martin-armstrong-rusko-slibilo-teheranu-podporu","status":"publish","type":"post","link":"https:\/\/www.infokuryr.cz\/n\/2026\/04\/30\/martin-armstrong-rusko-slibilo-teheranu-podporu\/","title":{"rendered":"Martin Armstrong: Rusko sl\u00edbilo Teher\u00e1nu podporu"},"content":{"rendered":"<div id=\"fb-root\"><\/div>\n<div class=\"elementor-element elementor-element-1fb4c2c elementor-widget elementor-widget-theme-post-content\" data-id=\"1fb4c2c\" data-element_type=\"widget\" data-e-type=\"widget\" data-widget_type=\"theme-post-content.default\">\n<div class=\"elementor-widget-container\">\n<p><span dir=\"auto\">Setk\u00e1n\u00ed Vladimira Putina a Abb\u00e1se Arag\u010d\u00edho je prezentov\u00e1no jako diplomatick\u00e9 gesto, ale jeho obsah odhaluje n\u011bco mnohem v\u00fdznamn\u011bj\u0161\u00edho: Moskva nyn\u00ed otev\u0159en\u011b sl\u00edbila svou podporu Teher\u00e1nu, zat\u00edmco jedn\u00e1n\u00ed se Spojen\u00fdmi st\u00e1ty nad\u00e1le selh\u00e1vaj\u00ed. Rusko znovu potvrdilo svou strategickou podporu a dokonce se postavilo do role prost\u0159edn\u00edka a z\u00e1rove\u0148 pos\u00edlilo sv\u00e9 spojenectv\u00ed s \u00cdr\u00e1nem prost\u0159ednictv\u00edm vojensk\u00e9, ekonomick\u00e9 a jadern\u00e9 spolupr\u00e1ce, \u010d\u00edm\u017e dalo jasn\u011b najevo, \u017ee tento vztah nen\u00ed do\u010dasn\u00fd, ale struktur\u00e1ln\u00ed.<\/span><\/p>\n<div class=\"twitter-tweet twitter-tweet-rendered\"><iframe id=\"twitter-widget-0\" class=\"\" title=\"X Post\" src=\"https:\/\/platform.twitter.com\/embed\/Tweet.html?dnt=false&amp;embedId=twitter-widget-0&amp;features=eyJ0ZndfdGltZWxpbmVfbGlzdCI6eyJidWNrZXQiOltdLCJ2ZXJzaW9uIjpudWxsfSwidGZ3X2ZvbGxvd2VyX2NvdW50X3N1bnNldCI6eyJidWNrZXQiOnRydWUsInZlcnNpb24iOm51bGx9LCJ0ZndfdHdlZXRfZWRpdF9iYWNrZW5kIjp7ImJ1Y2tldCI6Im9uIiwidmVyc2lvbiI6bnVsbH0sInRmd19yZWZzcmNfc2Vzc2lvbiI6eyJidWNrZXQiOiJvbiIsInZlcnNpb24iOm51bGx9LCJ0ZndfZm9zbnJfc29mdF9pbnRlcnZlbnRpb25zX2VuYWJsZWQiOnsiYnVja2V0Ijoib24iLCJ2ZXJzaW9uIjpudWxsfSwidGZ3X21peGVkX21lZGlhXzE1ODk3Ijp7ImJ1Y2tldCI6InRyZWF0bWVudCIsInZlcnNpb24iOm51bGx9LCJ0ZndfZXhwZXJpbWVudHNfY29va2llX2V4cGlyYXRpb24iOnsiYnVja2V0IjoxMjA5NjAwLCJ2ZXJzaW9uIjpudWxsfSwidGZ3X3Nob3dfYmlyZHdhdGNoX3Bpdm90c19lbmFibGVkIjp7ImJ1Y2tldCI6Im9uIiwidmVyc2lvbiI6bnVsbH0sInRmd19kdXBsaWNhdGVfc2NyaWJlc190b19zZXR0aW5ncyI6eyJidWNrZXQiOiJvbiIsInZlcnNpb24iOm51bGx9LCJ0ZndfdXNlX3Byb2ZpbGVfaW1hZ2Vfc2hhcGVfZW5hYmxlZCI6eyJidWNrZXQiOiJvbiIsInZlcnNpb24iOm51bGx9LCJ0ZndfdmlkZW9faGxzX2R5bmFtaWNfbWFuaWZlc3RzXzE1MDgyIjp7ImJ1Y2tldCI6InRydWVfYml0cmF0ZSIsInZlcnNpb24iOm51bGx9LCJ0ZndfbGVnYWN5X3RpbWVsaW5lX3N1bnNldCI6eyJidWNrZXQiOnRydWUsInZlcnNpb24iOm51bGx9LCJ0ZndfdHdlZXRfZWRpdF9mcm9udGVuZCI6eyJidWNrZXQiOiJvbiIsInZlcnNpb24iOm51bGx9fQ%3D%3D&amp;frame=false&amp;hideCard=false&amp;hideThread=false&amp;id=2048617153377579498&amp;lang=cs&amp;origin=https%3A%2F%2Funcutnews.ch%2Frussland-sagt-teheran-unterstutzung-zu-video%2F&amp;sessionId=9d4efee7aa85f9fcc5868553611685a90457965f&amp;theme=light&amp;widgetsVersion=2615f7e52b7e0%3A1702314776716&amp;width=550px\" frameborder=\"0\" scrolling=\"no\" allowfullscreen=\"allowfullscreen\" data-tweet-id=\"2048617153377579498\" data-mce-fragment=\"1\"><\/iframe><\/div>\n<p><span dir=\"auto\">D\u016fle\u017eit\u00fd zde nen\u00ed jazyk m\u00edru, ale srovn\u00e1n\u00ed sil, proto\u017ee kdy\u017e se hlavn\u00ed akt\u00e9\u0159i za\u010dnou koordinovat na t\u00e9to \u00farovni b\u011bhem aktivn\u00edho konfliktu, historie ukazuje, \u017ee situace se ji\u017e posunula za hranice vyjedn\u00e1v\u00e1n\u00ed. Rusko a \u00cdr\u00e1n prohlubuj\u00ed sv\u00e9 vztahy ji\u017e l\u00e9ta prost\u0159ednictv\u00edm sank\u010dn\u00edho tlaku, energetick\u00e9 spolupr\u00e1ce a vojensk\u00e9 v\u00fdm\u011bny, v\u010detn\u011b zpravodajsk\u00e9 spolupr\u00e1ce a podpory zbrojen\u00ed, a toto posledn\u00ed setk\u00e1n\u00ed potvrzuje, \u017ee aliance se nyn\u00ed formalizuje v re\u00e1ln\u00e9m \u010dase, zat\u00edmco se geopolitick\u00e1 propast prohlubuje.<\/span><\/p>\n<p><span dir=\"auto\">Zhroucen\u00ed rozhovor\u016f se Spojen\u00fdmi st\u00e1ty bylo nevyhnuteln\u00e9, proto\u017ee ob\u011b strany po\u017eaduj\u00ed v\u00fdsledky, kter\u00e9 ani jedna nem\u016f\u017ee akceptovat, zejm\u00e9na pokud jde o jadernou politiku a region\u00e1ln\u00ed kontrolu. \u00cdr\u00e1n dal jasn\u011b najevo, \u017ee se obohacov\u00e1n\u00ed uranu nevzd\u00e1, zat\u00edmco Washington nad\u00e1le trv\u00e1 na \u00fapln\u00fdch \u00fastupc\u00edch a neponech\u00e1v\u00e1 \u017e\u00e1dnou realistickou st\u0159edn\u00ed cestu. Z\u00e1rove\u0148 nap\u011bt\u00ed kolem Hormuzsk\u00e9ho pr\u016flivu a trval\u00fd vojensk\u00fd tlak zaji\u0161\u0165uj\u00ed, \u017ee i do\u010dasn\u00e1 p\u0159\u00edm\u011b\u0159\u00ed z\u016fst\u00e1vaj\u00ed k\u0159ehk\u00e1 a do zna\u010dn\u00e9 m\u00edry symbolick\u00e1.<\/span><\/p>\n<p><span dir=\"auto\">P\u0159esn\u011b takov\u00fd typ prost\u0159ed\u00ed p\u0159edpov\u00eddal v\u00e1le\u010dn\u00fd model pro rok 2026, v n\u011bm\u017e se eskalace odehr\u00e1v\u00e1 s\u00e9ri\u00ed ne\u00fasp\u011b\u0161n\u00fdch jedn\u00e1n\u00ed, upev\u0148ov\u00e1n\u00edm alianc\u00ed a ekonomick\u00fdmi tlakov\u00fdmi body, sp\u00ed\u0161e ne\u017e jedinou rozhoduj\u00edc\u00ed ud\u00e1lost\u00ed.<\/span><\/p>\n<p><span dir=\"auto\">Putin d\u00e1v\u00e1 sv\u011btu sign\u00e1l, \u017ee se vyty\u010duj\u00ed hranice a jakmile tento proces za\u010dne, bude st\u00e1le obt\u00ed\u017en\u011bj\u0161\u00ed ho zvr\u00e1tit. Skute\u010dnost, \u017ee oba n\u00e1rody ji\u017e spolupracuj\u00ed na n\u011bkolika \u00farovn\u00edch, od energetiky a\u017e po vojenskou koordinaci, ukazuje, \u017ee se jedn\u00e1 o \u0161ir\u0161\u00ed p\u0159eskupen\u00ed a nikoli o reakci na jedin\u00fd konflikt.<\/span><\/p>\n<p><span dir=\"auto\">Z\u00e1sadn\u00ed chyba spo\u010d\u00edv\u00e1 v p\u0159edpokladu, \u017ee tento v\u00fdvoj lze kontrolovat prost\u0159ednictv\u00edm pokra\u010duj\u00edc\u00edch jedn\u00e1n\u00ed, proto\u017ee jakmile se aliance upevn\u00ed a ekonomick\u00e9 d\u016fsledky za\u010dnou pronikat do energetick\u00fdch trh\u016f a kapit\u00e1lov\u00fdch tok\u016f, cyklus nabere vlastn\u00ed dynamiku. Z tohoto d\u016fvodu v\u00e1le\u010dn\u00fd model tuto f\u00e1zi v\u017edy popisoval jako dobu rostouc\u00ed volatility, kdy se ud\u00e1losti zrychluj\u00ed a politi\u010dt\u00ed \u010dinitel\u00e9 ztr\u00e1cej\u00ed kontrolu nad v\u00fdsledkem.<\/span><\/p>\n<p><span dir=\"auto\">To, co zde vid\u00edme, nen\u00ed za\u010d\u00e1tek krize, ale pokra\u010dov\u00e1n\u00ed cyklu, kter\u00fd ji\u017e za\u010dal, a jakmile je tento posun uveden do pohybu, historie ukazuje, \u017ee se jen z\u0159\u00eddka vy\u0159e\u0161\u00ed s\u00e1m rychle nebo pokojn\u011b.<\/span><\/p>\n<p><strong><span dir=\"auto\">\u017dIV\u011a: Putin se setkal s \u00edr\u00e1nsk\u00fdm ministrem zahrani\u010d\u00ed Abb\u00e1sem Arag\u010d\u00edm \u2013 nad\u011bje na m\u00edr | AC1G<\/span><\/strong><\/p>\n<p><strong><span dir=\"auto\">Putin:<\/span><\/strong><br \/>\n<span dir=\"auto\">Jsme si velmi jisti, \u017ee spol\u00e9h\u00e1n\u00edm se na tuto v\u016fli br\u00e1nit nez\u00e1vislost va\u0161\u00ed zem\u011b lze tyto v\u00fdzvy p\u0159ekonat pod veden\u00edm nov\u00e9 nejvy\u0161\u0161\u00ed vl\u00e1dy.<\/span><br \/>\n<span dir=\"auto\">Z na\u0161\u00ed strany ud\u011bl\u00e1me v\u0161e, co je v na\u0161ich sil\u00e1ch, abychom slou\u017eili va\u0161im z\u00e1jm\u016fm a z\u00e1jm\u016fm v\u0161ech n\u00e1rod\u016f regionu, aby bylo co nejrychleji dosa\u017eeno m\u00edru.<\/span><br \/>\n<span dir=\"auto\">Dob\u0159e zn\u00e1te na\u0161i pozici a tak\u00e9 to, \u017ee m\u00edru bude dosa\u017eeno.<\/span><br \/>\n<span dir=\"auto\">My z na\u0161\u00ed strany vynalo\u017e\u00edme ve\u0161ker\u00e9 \u00fasil\u00ed, abychom zajistili, \u017ee budou p\u0159ijata ve\u0161ker\u00e1 vhodn\u00e1 opat\u0159en\u00ed a aby slou\u017eila z\u00e1jm\u016fm n\u00e1rod\u016f na\u0161ich dvou zem\u00ed, n\u00e1rod\u016f cel\u00e9ho regionu, a aby se m\u00edr upevnil.<\/span><\/p>\n<hr class=\"wp-block-separator has-alpha-channel-opacity\" \/>\n<p><strong><span dir=\"auto\">Araghchi:<\/span><\/strong><br \/>\n<span dir=\"auto\">D\u011bkuji mnohokr\u00e1t, pane prezidente. Jsem velmi r\u00e1d, \u017ee v\u00e1s op\u011bt vid\u00edm, tentokr\u00e1t v tomto kr\u00e1sn\u00e9m m\u011bst\u011b.<\/span><br \/>\n<span dir=\"auto\">D\u011bkuji v\u00e1m za v\u00e1\u0161 kondolen\u010dn\u00ed projev k mu\u010dednick\u00e9 smrti nejvy\u0161\u0161\u00edho v\u016fdce \u00cdr\u00e1nu a za va\u0161e blahop\u0159\u00e1n\u00ed k zvolen\u00ed nov\u00e9ho nejvy\u0161\u0161\u00edho v\u016fdce.<\/span><br \/>\n<span dir=\"auto\">Vyjad\u0159uji v\u00e1m nejv\u0159elej\u0161\u00ed pozdravy od nejvy\u0161\u0161\u00edho v\u016fdce a od prezidenta Dr. Peseschkiana.<\/span><br \/>\n<span dir=\"auto\">Byl jsem po\u017e\u00e1d\u00e1n, abych na t\u00e9to cest\u011b je\u0161t\u011b jednou zd\u016fraznil, \u017ee z na\u0161eho pohledu jsou vztahy mezi \u00cdr\u00e1nskou isl\u00e1mskou republikou a Ruskou federac\u00ed strategick\u00fdm partnerstv\u00edm a budou se jako takov\u00e9 i nad\u00e1le rozv\u00edjet.<\/span><br \/>\n<span dir=\"auto\">Vztahy mezi \u00cdr\u00e1nem a Ruskem nejen\u017ee z\u016fstanou stejn\u011b siln\u00e9 jako dosud, ale stanou se je\u0161t\u011b siln\u011bj\u0161\u00edmi a komplexn\u011bj\u0161\u00edmi.<\/span><br \/>\n<span dir=\"auto\">Jak jste tak\u00e9 \u0159ekl, sv\u011bt nyn\u00ed uznal skute\u010dnou s\u00edlu \u00cdr\u00e1nu v jedn\u00e1n\u00ed s nejv\u011bt\u0161\u00ed mocnost\u00ed, americkou arm\u00e1dou.<\/span><br \/>\n<span dir=\"auto\">Uk\u00e1zalo se, \u017ee \u00cdr\u00e1nsk\u00e1 isl\u00e1msk\u00e1 republika je stabiln\u00ed a siln\u00fd syst\u00e9m, kter\u00fd se op\u00edr\u00e1 o sv\u016fj lid. Uk\u00e1zalo<\/span><br \/>\n<span dir=\"auto\">se tak\u00e9, \u017ee \u00cdr\u00e1nsk\u00e1 isl\u00e1msk\u00e1 republika m\u00e1 p\u0159\u00e1tele, jako je Rusko, kte\u0159\u00ed stoj\u00ed p\u0159i \u00cdr\u00e1nu a podporuj\u00ed ho v t\u011b\u017ek\u00fdch \u010dasech.<\/span><br \/>\n<span dir=\"auto\">Jsme velmi vd\u011b\u010dn\u00ed za va\u0161e postoje a va\u0161i podporu.<\/span><br \/>\n<span dir=\"auto\">B\u011bhem sv\u00e9 prvn\u00ed cesty do zahrani\u010d\u00ed v tomto semestru jsem se rozhodl p\u0159ijet do Ruska, abych prohloubil vztahy mezi na\u0161imi ob\u011bma zem\u011bmi a vysv\u011btlil nejnov\u011bj\u0161\u00ed v\u00fdvoj.<\/span><br \/>\n<span dir=\"auto\">Up\u0159\u00edmn\u011b v\u00e1m d\u011bkuji za p\u0159\u00edle\u017eitost, kterou jste mi dali. D\u011bkuji mnohokr\u00e1t.<\/span><\/p>\n<figure class=\"wp-block-embed is-type-video is-provider-youtube wp-block-embed-youtube wp-embed-aspect-16-9 wp-has-aspect-ratio\">\n<div class=\"wp-block-embed__wrapper\"><iframe loading=\"lazy\" title=\"\u017dIV\u011a: Putin se setkal s \u00edr\u00e1nsk\u00fdm ministrem zahrani\u010d\u00ed Abb\u00e1sem Arag\u010d\u00edm a douf\u00e1 v m\u00edr | AC1G\" src=\"https:\/\/www.youtube.com\/embed\/LpWtRV-CVgU?feature=oembed\" width=\"800\" height=\"450\" frameborder=\"0\" allowfullscreen=\"allowfullscreen\" data-mce-fragment=\"1\"><\/iframe><\/div>\n<\/figure>\n<\/div>\n<\/div>\n<div class=\"elementor-element elementor-element-8c57238 quelle dc-has-condition dc-condition-empty elementor-widget elementor-widget-heading\" data-id=\"8c57238\" data-element_type=\"widget\" data-e-type=\"widget\" data-widget_type=\"heading.default\">\n<div class=\"elementor-widget-container\">\n<h3 class=\"elementor-heading-title elementor-size-default\"><span style=\"font-size: 10pt;\"><a href=\"https:\/\/www.armstrongeconomics.com\/world-news\/war\/russia-pledges-to-support-tehran\/\" target=\"_blank\" rel=\"nofollow noopener\"><span dir=\"auto\">Zdroj<\/span><\/a><\/span><\/h3>\n<p>&nbsp;<\/p>\n<\/div>\n<\/div>\n","protected":false},"excerpt":{"rendered":"<p>Setk\u00e1n\u00ed Vladimira Putina a Abb\u00e1se Arag\u010d\u00edho je prezentov\u00e1no jako diplomatick\u00e9 gesto, ale jeho obsah odhaluje&#8230;<\/p>\n","protected":false},"author":2,"featured_media":105567,"comment_status":"closed","ping_status":"closed","sticky":false,"template":"","format":"standard","meta":[],"categories":[7],"tags":[38,1503,1242,22],"_links":{"self":[{"href":"https:\/\/www.infokuryr.cz\/n\/wp-json\/wp\/v2\/posts\/105566"}],"collection":[{"href":"https:\/\/www.infokuryr.cz\/n\/wp-json\/wp\/v2\/posts"}],"about":[{"href":"https:\/\/www.infokuryr.cz\/n\/wp-json\/wp\/v2\/types\/post"}],"author":[{"embeddable":true,"href":"https:\/\/www.infokuryr.cz\/n\/wp-json\/wp\/v2\/users\/2"}],"replies":[{"embeddable":true,"href":"https:\/\/www.infokuryr.cz\/n\/wp-json\/wp\/v2\/comments?post=105566"}],"version-history":[{"count":0,"href":"https:\/\/www.infokuryr.cz\/n\/wp-json\/wp\/v2\/posts\/105566\/revisions"}],"wp:featuredmedia":[{"embeddable":true,"href":"https:\/\/www.infokuryr.cz\/n\/wp-json\/wp\/v2\/media\/105567"}],"wp:attachment":[{"href":"https:\/\/www.infokuryr.cz\/n\/wp-json\/wp\/v2\/media?parent=105566"}],"wp:term":[{"taxonomy":"category","embeddable":true,"href":"https:\/\/www.infokuryr.cz\/n\/wp-json\/wp\/v2\/categories?post=105566"},{"taxonomy":"post_tag","embeddable":true,"href":"https:\/\/www.infokuryr.cz\/n\/wp-json\/wp\/v2\/tags?post=105566"}],"curies":[{"name":"wp","href":"https:\/\/api.w.org\/{rel}","templated":true}]}}