{"id":105564,"date":"2026-04-30T00:15:42","date_gmt":"2026-04-29T22:15:42","guid":{"rendered":"https:\/\/www.infokuryr.cz\/n\/?p=105564"},"modified":"2026-04-29T17:59:41","modified_gmt":"2026-04-29T15:59:41","slug":"60denni-ultimatum-celi-nyni-trumpovi-konec-valky-s-iranem-nebo-ustavni-krizi","status":"publish","type":"post","link":"https:\/\/www.infokuryr.cz\/n\/2026\/04\/30\/60denni-ultimatum-celi-nyni-trumpovi-konec-valky-s-iranem-nebo-ustavni-krizi\/","title":{"rendered":"60denn\u00ed ultim\u00e1tum: \u010cel\u00ed nyn\u00ed Trumpovi konec v\u00e1lky s \u00cdr\u00e1nem \u2013 nebo \u00fastavn\u00ed krizi?"},"content":{"rendered":"<div id=\"fb-root\"><\/div>\n<div class=\"elementor-element elementor-element-1fb4c2c elementor-widget elementor-widget-theme-post-content\" data-id=\"1fb4c2c\" data-element_type=\"widget\" data-e-type=\"widget\" data-widget_type=\"theme-post-content.default\">\n<div class=\"elementor-widget-container\">\n<p><span dir=\"auto\">Z\u00e1kon ze 70. let se n\u00e1hle p\u0159esunul do centra mocensk\u00e9 politiky ve Washingtonu: Prezident Donald Trump je v konfliktu s \u00cdr\u00e1nem pod st\u00e1le v\u011bt\u0161\u00edm \u010dasov\u00fdm tlakem.<\/span><\/p>\n<p><span dir=\"auto\">Term\u00edn se bl\u00ed\u017e\u00ed \u2013 a mohl by zm\u011bnit cel\u00fd pr\u016fb\u011bh v\u00e1lky.<\/span><\/p>\n<h2 class=\"wp-block-heading\"><strong><span dir=\"auto\">Z\u00e1kon, kter\u00fd m\u00e1 omezit v\u00e1lku<\/span><\/strong><\/h2>\n<p><span dir=\"auto\">D\u016fraz je kladen na takzvan\u00fd z\u00e1kon o v\u00e1le\u010dn\u00fdch pravomoc\u00edch.<\/span><\/p>\n<p><span dir=\"auto\">Umo\u017e\u0148uje americk\u00e9mu prezidentovi prov\u00e1d\u011bt vojensk\u00e9 operace bez souhlasu Kongresu po dobu maxim\u00e1ln\u011b 60 dn\u016f. Pot\u00e9 mus\u00ed b\u00fdt operace ukon\u010dena nebo schv\u00e1lena Kongresem.<\/span><\/p>\n<p><span dir=\"auto\">Tato lh\u016fta se nyn\u00ed bl\u00ed\u017e\u00ed ke sv\u00e9mu rozhoduj\u00edc\u00edmu bodu. T\u00edm bude 1. kv\u011btna 2016.<\/span><\/p>\n<p><span dir=\"auto\">To vytv\u00e1\u0159\u00ed vz\u00e1cnou situaci: prob\u00edhaj\u00edc\u00ed v\u00e1lka nen\u00ed ur\u010dena pouze vojensk\u00fdm v\u00fdvojem, ale tak\u00e9 pr\u00e1vn\u00edm term\u00ednem.<\/span><\/p>\n<p><em><span dir=\"auto\">Debata o rezoluci o lh\u016ft\u011b pro ukon\u010den\u00ed v\u00e1le\u010dn\u00fdch pravomoc\u00ed pokra\u010duje: N\u011bkte\u0159\u00ed spojuj\u00ed 60 dn\u00ed se zah\u00e1jen\u00edm nep\u0159\u00e1telsk\u00fdch akc\u00ed 28. \u00fanora (29. dubna), jin\u00ed s ozn\u00e1men\u00edm 2. b\u0159ezna (podle v\u011bt\u0161iny pr\u00e1vn\u00edch anal\u00fdz 1. kv\u011btna). Trump o schv\u00e1len\u00ed nepo\u017e\u00e1dal, Kongres opakovan\u011b blokoval rezoluce, kter\u00e9 by vynutily sta\u017een\u00ed vojsk, a v\u00fdkonn\u00e1 moc ji\u017e dlouho vn\u00edm\u00e1 z\u00e1kon z roku 1973 jako omezen\u00ed pravomoci vrchn\u00edho velitele.<\/span><\/em><\/p>\n<div class=\"twitter-tweet twitter-tweet-rendered\"><iframe id=\"twitter-widget-0\" class=\"\" title=\"X Post\" src=\"https:\/\/platform.twitter.com\/embed\/Tweet.html?dnt=false&amp;embedId=twitter-widget-0&amp;features=eyJ0ZndfdGltZWxpbmVfbGlzdCI6eyJidWNrZXQiOltdLCJ2ZXJzaW9uIjpudWxsfSwidGZ3X2ZvbGxvd2VyX2NvdW50X3N1bnNldCI6eyJidWNrZXQiOnRydWUsInZlcnNpb24iOm51bGx9LCJ0ZndfdHdlZXRfZWRpdF9iYWNrZW5kIjp7ImJ1Y2tldCI6Im9uIiwidmVyc2lvbiI6bnVsbH0sInRmd19yZWZzcmNfc2Vzc2lvbiI6eyJidWNrZXQiOiJvbiIsInZlcnNpb24iOm51bGx9LCJ0ZndfZm9zbnJfc29mdF9pbnRlcnZlbnRpb25zX2VuYWJsZWQiOnsiYnVja2V0Ijoib24iLCJ2ZXJzaW9uIjpudWxsfSwidGZ3X21peGVkX21lZGlhXzE1ODk3Ijp7ImJ1Y2tldCI6InRyZWF0bWVudCIsInZlcnNpb24iOm51bGx9LCJ0ZndfZXhwZXJpbWVudHNfY29va2llX2V4cGlyYXRpb24iOnsiYnVja2V0IjoxMjA5NjAwLCJ2ZXJzaW9uIjpudWxsfSwidGZ3X3Nob3dfYmlyZHdhdGNoX3Bpdm90c19lbmFibGVkIjp7ImJ1Y2tldCI6Im9uIiwidmVyc2lvbiI6bnVsbH0sInRmd19kdXBsaWNhdGVfc2NyaWJlc190b19zZXR0aW5ncyI6eyJidWNrZXQiOiJvbiIsInZlcnNpb24iOm51bGx9LCJ0ZndfdXNlX3Byb2ZpbGVfaW1hZ2Vfc2hhcGVfZW5hYmxlZCI6eyJidWNrZXQiOiJvbiIsInZlcnNpb24iOm51bGx9LCJ0ZndfdmlkZW9faGxzX2R5bmFtaWNfbWFuaWZlc3RzXzE1MDgyIjp7ImJ1Y2tldCI6InRydWVfYml0cmF0ZSIsInZlcnNpb24iOm51bGx9LCJ0ZndfbGVnYWN5X3RpbWVsaW5lX3N1bnNldCI6eyJidWNrZXQiOnRydWUsInZlcnNpb24iOm51bGx9LCJ0ZndfdHdlZXRfZWRpdF9mcm9udGVuZCI6eyJidWNrZXQiOiJvbiIsInZlcnNpb24iOm51bGx9fQ%3D%3D&amp;frame=false&amp;hideCard=false&amp;hideThread=false&amp;id=2049029044889653252&amp;lang=cs&amp;origin=https%3A%2F%2Funcutnews.ch%2F60-tage-ultimatum-droht-trump-jetzt-das-ende-des-iran-kriegs-oder-eine-verfassungskrise%2F&amp;sessionId=910bb3ec096748a3e85b9cb1e7b75b18945213f7&amp;theme=light&amp;widgetsVersion=2615f7e52b7e0%3A1702314776716&amp;width=550px\" frameborder=\"0\" scrolling=\"no\" allowfullscreen=\"allowfullscreen\" data-tweet-id=\"2049029044889653252\" data-mce-fragment=\"1\"><\/iframe><\/div>\n<h2 class=\"wp-block-heading\"><strong><span dir=\"auto\">T\u0159i mo\u017enosti \u2013 ka\u017ed\u00e1 s politick\u00fdmi n\u00e1klady<\/span><\/strong><\/h2>\n<p><span dir=\"auto\">Trumpovi tak zb\u00fdvaj\u00ed t\u0159i mo\u017enosti:<\/span><\/p>\n<p><span dir=\"auto\">Mohl by ukon\u010dit nasazen\u00ed vojsk a st\u00e1t se tak zraniteln\u00fdm v\u016f\u010di dom\u00e1c\u00ed politick\u00e9 kritice.<\/span><br \/>\n<span dir=\"auto\">Mohl by se pokusit z\u00edskat souhlas Kongresu \u2013 s nejist\u00fdm v\u00fdsledkem.<\/span><br \/>\n<span dir=\"auto\">Nebo by se mohl pokusit roz\u0161\u00ed\u0159it \u010di obej\u00edt z\u00e1konn\u00e1 omezen\u00ed.<\/span><\/p>\n<p><span dir=\"auto\">\u017d\u00e1dn\u00e1 z t\u011bchto mo\u017enost\u00ed nen\u00ed bez rizika. Ka\u017ed\u00e9 rozhodnut\u00ed by m\u011blo okam\u017eit\u00e9 d\u016fsledky pro jeho politick\u00e9 postaven\u00ed a dynamiku konfliktu.<\/span><\/p>\n<h2 class=\"wp-block-heading\"><strong><span dir=\"auto\">Tlak p\u0159ich\u00e1z\u00ed z Washingtonu<\/span><\/strong><\/h2>\n<p><span dir=\"auto\">Zat\u00edmco se pozornost ve\u0159ejnosti soust\u0159ed\u00ed na geopolitickou situaci na Bl\u00edzk\u00e9m v\u00fdchod\u011b, skute\u010dn\u00fd tlak se p\u0159esouv\u00e1 sm\u011brem dovnit\u0159.<\/span><\/p>\n<p><span dir=\"auto\">Kongres znovu z\u00edsk\u00e1v\u00e1 vliv, zat\u00edmco v r\u00e1mci politick\u00fdch t\u00e1bor\u016f nen\u00ed patrn\u00fd jednotn\u00fd postoj. I v Trumpov\u011b vlastn\u00edm okruhu se n\u00e1zory na pokra\u010dov\u00e1n\u00ed v nasazen\u00ed voj\u00e1k\u016f li\u0161\u00ed.<\/span><\/p>\n<p><span dir=\"auto\">Z toho je jasn\u00e9: Rozhodnut\u00ed o dal\u0161\u00edm pr\u016fb\u011bhu ud\u00e1lost\u00ed nespo\u010d\u00edv\u00e1 jen ve vojensk\u00fdch z\u00e1le\u017eitostech, ale st\u00e1le v\u00edce v politick\u00e9 mocensk\u00e9 struktu\u0159e USA.<\/span><\/p>\n<h2 class=\"wp-block-heading\"><strong><span dir=\"auto\">V\u00e1lka bez rychl\u00e9ho \u0159e\u0161en\u00ed<\/span><\/strong><\/h2>\n<p><span dir=\"auto\">Konflikt s \u00cdr\u00e1nem se nerozvinul do rychl\u00e9ho vojensk\u00e9ho \u0159e\u0161en\u00ed. M\u00edsto toho rostou n\u00e1klady, rizika a politick\u00fd odpor.<\/span><\/p>\n<p><span dir=\"auto\">Pr\u00e1v\u011b v t\u00e9to f\u00e1zi vstupuje do hry z\u00e1konn\u00e9 omezen\u00ed. To d\u00e1le zvy\u0161uje tlak, proto\u017ee prodlou\u017een\u00ed nasazen\u00ed ji\u017e nen\u00ed mo\u017en\u00e9 pouze na z\u00e1klad\u011b rozhodnut\u00ed v\u00fdkonn\u00e9 moci.<\/span><\/p>\n<h2 class=\"wp-block-heading\"><strong><span dir=\"auto\">Riziko vnit\u0159n\u00ed eskalace<\/span><\/strong><\/h2>\n<p><span dir=\"auto\">Pokud by lh\u016fta uplynula bez jasn\u00e9ho politick\u00e9ho \u0159e\u0161en\u00ed a operace by p\u0159esto pokra\u010dovala, situace by se mohla vyhrotit.<\/span><\/p>\n<p><span dir=\"auto\">Takov\u00fd postup by vyvolal ot\u00e1zky ohledn\u011b d\u011blby moci a spustil by vnitropolitickou debatu. Hranice mezi strategi\u00ed zahrani\u010dn\u00ed politiky a \u00fastavn\u00ed kompetenc\u00ed by se stala \u00fast\u0159edn\u00ed.<\/span><\/p>\n<h2 class=\"wp-block-heading\"><strong><span dir=\"auto\">Z\u00e1v\u011br: Rozhodnut\u00ed pod \u010dasov\u00fdm tlakem<\/span><\/strong><\/h2>\n<p><span dir=\"auto\">\u0160edes\u00e1tidenn\u00ed ultim\u00e1tum p\u0159edstavuje kl\u00ed\u010dov\u00fd okam\u017eik.<\/span><\/p>\n<p><span dir=\"auto\">Nadch\u00e1zej\u00edc\u00ed dny uk\u00e1\u017eou, zda bude konflikt ukon\u010den, politicky legitimizov\u00e1n, nebo bude pokra\u010dovat. Z\u00e1rove\u0148 ur\u010d\u00ed, jak\u00fd bude v takov\u00e9 situaci man\u00e9vrovac\u00ed prostor americk\u00e9ho prezidenta.<\/span><\/p>\n<p><span dir=\"auto\">To ohro\u017euje nejen dal\u0161\u00ed pr\u016fb\u011bh \u00edr\u00e1nsk\u00e9ho konfliktu, ale tak\u00e9 ot\u00e1zku, jak stabiln\u00ed jsou institucion\u00e1ln\u00ed mechanismy v napjat\u00e9 geopolitick\u00e9 situaci.<\/span><\/p>\n<\/div>\n<\/div>\n<div class=\"elementor-element elementor-element-8c57238 quelle dc-has-condition dc-condition-empty elementor-widget elementor-widget-heading\" data-id=\"8c57238\" data-element_type=\"widget\" data-e-type=\"widget\" data-widget_type=\"heading.default\">\n<div class=\"elementor-widget-container\">\n<h3 class=\"elementor-heading-title elementor-size-default\"><span style=\"font-size: 10pt;\"><a href=\"https:\/\/english.aawsat.com\/world\/5265933-60-day-deadline-could-pressure-trump-ending-iran-war\" target=\"_blank\" rel=\"nofollow noopener\"><span dir=\"auto\">Zdroj<\/span><\/a><\/span><\/h3>\n<p>&nbsp;<\/p>\n<\/div>\n<\/div>\n","protected":false},"excerpt":{"rendered":"<p>Z\u00e1kon ze 70. let se n\u00e1hle p\u0159esunul do centra mocensk\u00e9 politiky ve Washingtonu: Prezident Donald&#8230;<\/p>\n","protected":false},"author":2,"featured_media":105565,"comment_status":"closed","ping_status":"closed","sticky":false,"template":"","format":"standard","meta":[],"categories":[7],"tags":[38,1503,452,40],"_links":{"self":[{"href":"https:\/\/www.infokuryr.cz\/n\/wp-json\/wp\/v2\/posts\/105564"}],"collection":[{"href":"https:\/\/www.infokuryr.cz\/n\/wp-json\/wp\/v2\/posts"}],"about":[{"href":"https:\/\/www.infokuryr.cz\/n\/wp-json\/wp\/v2\/types\/post"}],"author":[{"embeddable":true,"href":"https:\/\/www.infokuryr.cz\/n\/wp-json\/wp\/v2\/users\/2"}],"replies":[{"embeddable":true,"href":"https:\/\/www.infokuryr.cz\/n\/wp-json\/wp\/v2\/comments?post=105564"}],"version-history":[{"count":0,"href":"https:\/\/www.infokuryr.cz\/n\/wp-json\/wp\/v2\/posts\/105564\/revisions"}],"wp:featuredmedia":[{"embeddable":true,"href":"https:\/\/www.infokuryr.cz\/n\/wp-json\/wp\/v2\/media\/105565"}],"wp:attachment":[{"href":"https:\/\/www.infokuryr.cz\/n\/wp-json\/wp\/v2\/media?parent=105564"}],"wp:term":[{"taxonomy":"category","embeddable":true,"href":"https:\/\/www.infokuryr.cz\/n\/wp-json\/wp\/v2\/categories?post=105564"},{"taxonomy":"post_tag","embeddable":true,"href":"https:\/\/www.infokuryr.cz\/n\/wp-json\/wp\/v2\/tags?post=105564"}],"curies":[{"name":"wp","href":"https:\/\/api.w.org\/{rel}","templated":true}]}}