{"id":105554,"date":"2026-04-29T07:03:31","date_gmt":"2026-04-29T05:03:31","guid":{"rendered":"https:\/\/www.infokuryr.cz\/n\/?p=105554"},"modified":"2026-04-29T07:03:31","modified_gmt":"2026-04-29T05:03:31","slug":"michael-svatos-sok-eurokrati-pozaduji-okamzite-nadelit-1-1-miliardy-eur-na-ochranu-sveho-sidla","status":"publish","type":"post","link":"https:\/\/www.infokuryr.cz\/n\/2026\/04\/29\/michael-svatos-sok-eurokrati-pozaduji-okamzite-nadelit-1-1-miliardy-eur-na-ochranu-sveho-sidla\/","title":{"rendered":"Michael Svato\u0161: \u0160OK \u2013 Eurokrati po\u017eaduj\u00ed okam\u017eit\u011b nad\u011blit 1.1 miliardy EUR na ochranu sv\u00e9ho s\u00eddla&#8230;"},"content":{"rendered":"<div id=\"fb-root\"><\/div>\n<h3>\u0160OK \u2013 Eurokrati po\u017eaduj\u00ed okam\u017eit\u011b nad\u011blit 1.1 miliardy EUR na ochranu sv\u00e9ho s\u00eddla v Bruselu \u201cp\u0159ed \u00fa\u010dinkem v\u00fdbuchu\u201d! \u010cas p\u0159\u00edlet\u016f Ore\u0161nik\u016f nadch\u00e1z\u00ed!?<\/h3>\n<p>Andrej Babi\u0161 se chyst\u00e1 z vojensk\u00e9ho rozpo\u010dtu \u010cR zaplatit v\u00fdstavbu nov\u00e9 velk\u00e9 nemocnice na severn\u00edm okraji Prahy,\u00a0<a href=\"https:\/\/www.seznamzpravy.cz\/clanek\/domaci-zivot-v-cesku-babis-nova-nemocnice-v-praze-bude-vojenska-304859#dop_ab_variant=1673410&amp;dop_source_zone_name=zpravy.sznhp.box&amp;source=hp&amp;seq_no=4&amp;utm_campaign=abtest308_feed_filter_varA&amp;utm_medium=z-boxiku&amp;utm_source=www.seznam.cz\">a p\u0159i t\u00e9 p\u0159\u00edle\u017eitosti \u010cech\u016fm pr\u00e1sknul<\/a>, \u017ee Robert Fico u\u017e jednu takovou \u0161pi\u010dkovou vojenskou nemocnici pro civiln\u00ed pacienty, ale placenou z vojensk\u00e9ho rozpo\u010dtu SR stav\u00ed v Pre\u0161ov\u011b. A \u017ee jej\u00ed v\u00fdstavba bude Slovensko st\u00e1t 800 milion\u016f EUR, (19.5 miliardy CZK). A Babi\u0161 proto, pro svoji dal\u0161\u00ed inspiraci, jak smyslupln\u011b utr\u00e1cet povinn\u011b na\u0159\u00edzen\u00e9 miliardov\u00e9 NATO dan\u011b,\u00a0 hodl\u00e1 staveni\u0161t\u011b t\u00e9to Ficovy nemocnice v Pre\u0161ov\u011b letos v kv\u011btnu nav\u0161t\u00edvit.<\/p>\n<p>Co v\u0161ak je na t\u00e9to zd\u00e1nliv\u011b ban\u00e1ln\u00ed zpr\u00e1v\u011b nejv\u00edc \u0161okuj\u00edc\u00ed, je skute\u010dnost, \u017ee\u00a0<a href=\"https:\/\/vlada.gov.cz\/cz\/media-centrum\/aktualne\/premier-jednal-na-neformalnim-zasedani-evropske-rady-o-rozpoctu-eu-i-energetice--odmitl-snizeni-prostredku-pro-cesko-226572\/\">Andrej Babi\u0161 se ve dnech 23. a 24. dubna z\u00fa\u010dastnil v kypersk\u00e9 Nik\u00f3sii sletu nejvy\u0161\u0161\u00edch Eurokrat\u016f<\/a>, a tam se mimo jin\u00e9 i\u00a0<a href=\"https:\/\/www.politico.eu\/article\/giorgia-meloni-slams-eu-building-renovation\/\">projedn\u00e1vala rekonstrukce budovy EU v Bruselu za 1.1 miliardy EUR<\/a>, a toto srovn\u00e1n\u00ed celkov\u00e9 ceny za chystanou rekonstrukci 20 let star\u00e9 pr\u016fb\u011b\u017en\u011b renovovan\u00e9 budovy pro pouh\u00fdch 1200 Eurokrat\u016f, s cenou \u00fapln\u011b nov\u00e9 Ficovy nemocnice s kapacitou 1250 akutn\u00edch l\u016f\u017eek, mu zat\u00edm, ani jin\u00fdm \u010desk\u00fdm politik\u016fm, kupodivu v\u016fbec nevyrazilo dech!!!!<\/p>\n<p>A proto provedeme na\u0161e obl\u00edben\u00e9 srovn\u00e1n\u00ed obou staveb, abyste vid\u011bli a v\u011bd\u011bli, a mohli se tak ve volb\u00e1ch l\u00e9pe rozhodovat.<\/p>\n<p>Ficova nemocnice v Pre\u0161ov\u011b:<\/p>\n<div id=\"attachment_24906\" class=\"wp-caption aligncenter\" style=\"width: 820px;\"><img decoding=\"async\" loading=\"lazy\" class=\" wp-image-24906\" src=\"https:\/\/www.michalapetr.com\/wp-content\/uploads\/2026\/04\/projekt-novej-vojenskej-nemocnice-v-presove_01-galeria.jpeg\" sizes=\"(max-width: 1200px) 100vw, 1200px\" srcset=\"https:\/\/www.michalapetr.com\/wp-content\/uploads\/2026\/04\/projekt-novej-vojenskej-nemocnice-v-presove_01-galeria.jpeg 1200w, https:\/\/www.michalapetr.com\/wp-content\/uploads\/2026\/04\/projekt-novej-vojenskej-nemocnice-v-presove_01-galeria-300x202.jpeg 300w, https:\/\/www.michalapetr.com\/wp-content\/uploads\/2026\/04\/projekt-novej-vojenskej-nemocnice-v-presove_01-galeria-1030x692.jpeg 1030w, https:\/\/www.michalapetr.com\/wp-content\/uploads\/2026\/04\/projekt-novej-vojenskej-nemocnice-v-presove_01-galeria-768x516.jpeg 768w, https:\/\/www.michalapetr.com\/wp-content\/uploads\/2026\/04\/projekt-novej-vojenskej-nemocnice-v-presove_01-galeria-705x474.jpeg 705w, https:\/\/www.michalapetr.com\/wp-content\/uploads\/2026\/04\/projekt-novej-vojenskej-nemocnice-v-presove_01-galeria-450x302.jpeg 450w\" alt=\"\" width=\"820\" height=\"551\" aria-describedby=\"caption-attachment-24906\" \/><\/p>\n<p id=\"caption-attachment-24906\" class=\"wp-caption-text\" style=\"text-align: justify;\">Ficova nemocnice v Pre\u0161ov\u011b m\u00e1 ofici\u00e1ln\u011b st\u00e1t 600 milion\u016f EUR, (podle Babi\u0161e 800 milion\u016f EUR), a m\u00e1 b\u00fdt dokon\u010dena v roce 2027.\u00a0<a href=\"https:\/\/www.instagram.com\/p\/DPWjbwFjP7g\/\">Nemocnice bude m\u00edt<\/a>\u00a0t\u0159i podzemn\u00ed a 8 nadzemn\u00edch pater. Celkem 950 nebo a\u017e 1250 akutn\u00edch l\u016f\u017eek. 6 \u2013 CT po\u010d\u00edta\u010dov\u00e9 tomografy, 4 \u2013 MT magnetick\u00e9 rezonance, 169 specializovan\u00fdch ordinac\u00ed, sto 100 l\u016f\u017eek intenzivn\u00ed p\u00e9\u010de a JIP, a 50 samostatn\u00fdch opera\u010dn\u00edch s\u00e1l\u016f, a v budov\u011b m\u00e1 pracovat a\u017e 2800 zdravotn\u00edk\u016f, l\u00e9ka\u0159\u016f a dal\u0161\u00edch zam\u011bstnanc\u016f. Srovn\u00e1n\u00ed ceny cel\u00e9 nov\u00e9 Ficovy nemocnice s cenou chystan\u00e9 renovace pouh\u00e9 jedin\u00e9 bruselsk\u00e9 budovy pro 1200 a\u017e 2400 ni\u017e\u0161\u00edch pomocn\u00fdch Eurokrat\u016f (1.1 miliardy EUR) je tak dal\u0161\u00edm jasn\u00fdm d\u016fkazem, jak rozma\u0159ile se v Bruselu hospoda\u0159\u00ed se v\u0161emi miliardami \u017ed\u00edman\u00fdmi nejnov\u011bj\u0161\u00edmi poplatky \u201cGreen Deal\u201d a \u201cFor Ukraine\u201d ze v\u0161ech Evropan\u016f.<\/p>\n<\/div>\n<div id=\"attachment_24910\" class=\"wp-caption aligncenter\" style=\"width: 825px;\"><img decoding=\"async\" loading=\"lazy\" class=\" wp-image-24910\" src=\"https:\/\/www.michalapetr.com\/wp-content\/uploads\/2026\/04\/48c92e66-d03b-4794-a155-18c21576b916-22.jpg\" sizes=\"(max-width: 800px) 100vw, 800px\" srcset=\"https:\/\/www.michalapetr.com\/wp-content\/uploads\/2026\/04\/48c92e66-d03b-4794-a155-18c21576b916-22.jpg 800w, https:\/\/www.michalapetr.com\/wp-content\/uploads\/2026\/04\/48c92e66-d03b-4794-a155-18c21576b916-22-300x169.jpg 300w, https:\/\/www.michalapetr.com\/wp-content\/uploads\/2026\/04\/48c92e66-d03b-4794-a155-18c21576b916-22-768x432.jpg 768w, https:\/\/www.michalapetr.com\/wp-content\/uploads\/2026\/04\/48c92e66-d03b-4794-a155-18c21576b916-22-705x397.jpg 705w, https:\/\/www.michalapetr.com\/wp-content\/uploads\/2026\/04\/48c92e66-d03b-4794-a155-18c21576b916-22-450x253.jpg 450w\" alt=\"\" width=\"825\" height=\"464\" aria-describedby=\"caption-attachment-24910\" \/><\/p>\n<p id=\"caption-attachment-24910\" class=\"wp-caption-text\" style=\"text-align: justify;\">Tato budova \u201cJustus Lipsius\u201d, pouze v \u010derven\u00e9m hexagonu,\u00a0 dokon\u010den\u00e1 v roce 1995, m\u00e1 b\u00fdt podle nejnov\u011bj\u0161\u00edho p\u0159\u00e1n\u00ed Eurokrat\u016f renovov\u00e1na za 1.1 miliardy EUR, (800 milion\u016f EUR n\u00e1klady renovace, 300 milion\u016f EUR \u00faroky pro bank\u00e9\u0159e). Ofici\u00e1ln\u00edm d\u016fvodem nutnosti p\u0159estav\u011bt budovu je \u201c<a href=\"https:\/\/www.euractiv.com\/news\/exclusive-eu-plans-e1-billion-council-rebuild\/\">pot\u0159eba siln\u011bj\u0161\u00ed ochrany p\u0159ed \u00fa\u010dinky v\u00fdbuch\u016f, proto\u017ee se podm\u00ednky pro pr\u00e1ci Eurokrat\u016f od devades\u00e1t\u00fdch let, kdy byla budova postavena, v\u00fdrazn\u011b zhor\u0161ily<\/a>\u201c! Co k tomu dodat, \u017ee? Eurokrati se panicky boj\u00ed Ore\u0161nik\u016f, a imigrant\u016f-terorist\u016f! A co jejich voli\u010d \u2013 ti maj\u00ed jen platit!<\/p>\n<\/div>\n<p>A pro zaj\u00edmavost \u2013\u00a0<a href=\"https:\/\/www.europarl.europa.eu\/committees\/en\/budg\/home\/members\">\u010dlenkami v\u00fdboru Parlamentu EU pro rozpo\u010det<\/a>, kter\u00fd financov\u00e1n\u00ed budovy schvaluje, jsou Jana Nagyov\u00e1 (ANO), a Danu\u0161e Nerudov\u00e1 (STAN).<\/p>\n<p>A pro zaj\u00edmavost \u2013 EU nem\u00e1 pen\u00edze, ani aby si renovovala sv\u00e9 vlastn\u00ed kancel\u00e1\u0159e, a tak si mus\u00ed p\u016fj\u010dit 800 milion\u016f EUR na \u00farok 300 milion\u016f EUR. A z toho plyne, \u017ee za vyp\u016fj\u010den\u00ed 90 miliard EUR pro Kyjev bude EU muset akceptovat \u00farok skoro 34 miliard EUR. A je tak kr\u00e1sn\u011b vid\u011bt, jak se bank\u00e9\u0159\u016fm v\u00e1lka na Ukrajin\u011b vyplat\u00ed, stejn\u011b jak renovace kancel\u00e1\u0159\u00ed Eurokrat\u016f, aby u\u017e nebyly v ohro\u017een\u00ed v\u00fdbuch\u016f.<\/p>\n<p><a href=\"https:\/\/www.michalapetr.com\/map-2589-sok-eurokrati-pozaduji-okamzite-nadelit-1-1-miliardy-eur-na-ochranu-sveho-sidla-v-bruselu-pred-ucinkem-vybuchu-cas-priletu-oresniku-nadchazi-analyza\/\">Michael Svato\u0161<\/a><\/p>\n<p>&nbsp;<\/p>\n","protected":false},"excerpt":{"rendered":"<p>\u0160OK \u2013 Eurokrati po\u017eaduj\u00ed okam\u017eit\u011b nad\u011blit 1.1 miliardy EUR na ochranu sv\u00e9ho s\u00eddla v Bruselu&#8230;<\/p>\n","protected":false},"author":2,"featured_media":67328,"comment_status":"closed","ping_status":"closed","sticky":false,"template":"","format":"standard","meta":[],"categories":[7],"tags":[640,41,1165,90],"_links":{"self":[{"href":"https:\/\/www.infokuryr.cz\/n\/wp-json\/wp\/v2\/posts\/105554"}],"collection":[{"href":"https:\/\/www.infokuryr.cz\/n\/wp-json\/wp\/v2\/posts"}],"about":[{"href":"https:\/\/www.infokuryr.cz\/n\/wp-json\/wp\/v2\/types\/post"}],"author":[{"embeddable":true,"href":"https:\/\/www.infokuryr.cz\/n\/wp-json\/wp\/v2\/users\/2"}],"replies":[{"embeddable":true,"href":"https:\/\/www.infokuryr.cz\/n\/wp-json\/wp\/v2\/comments?post=105554"}],"version-history":[{"count":0,"href":"https:\/\/www.infokuryr.cz\/n\/wp-json\/wp\/v2\/posts\/105554\/revisions"}],"wp:featuredmedia":[{"embeddable":true,"href":"https:\/\/www.infokuryr.cz\/n\/wp-json\/wp\/v2\/media\/67328"}],"wp:attachment":[{"href":"https:\/\/www.infokuryr.cz\/n\/wp-json\/wp\/v2\/media?parent=105554"}],"wp:term":[{"taxonomy":"category","embeddable":true,"href":"https:\/\/www.infokuryr.cz\/n\/wp-json\/wp\/v2\/categories?post=105554"},{"taxonomy":"post_tag","embeddable":true,"href":"https:\/\/www.infokuryr.cz\/n\/wp-json\/wp\/v2\/tags?post=105554"}],"curies":[{"name":"wp","href":"https:\/\/api.w.org\/{rel}","templated":true}]}}